{"id":61956,"date":"2021-08-25T13:46:12","date_gmt":"2021-08-25T13:46:12","guid":{"rendered":"http:\/\/www.noticiasradioreflejos.com.ar\/2021\/?p=61956"},"modified":"2021-08-25T13:46:12","modified_gmt":"2021-08-25T13:46:12","slug":"ibercocinas-abrio-la-edicion-2021-del-fondo-iberoamericano-de-cocinas-para-el-desarrollo-sostenible","status":"publish","type":"post","link":"https:\/\/www.noticiasradioreflejos.com.ar\/2021\/ibercocinas-abrio-la-edicion-2021-del-fondo-iberoamericano-de-cocinas-para-el-desarrollo-sostenible\/","title":{"rendered":"IberCocinas: Abri\u00f3 la edici\u00f3n 2021 del Fondo Iberoamericano de Cocinas para el Desarrollo Sostenible"},"content":{"rendered":"<p>La convocatoria busca apoyar t\u00e9cnica y financieramente a iniciativas comunitarias vinculadas con las cadenas de valor de las cocinas tradicionales para potenciar su impacto o atender problemas locales derivados de la crisis por covid-19.<!--more--><\/p>\n<p>Cada una de las iniciativas seleccionadas recibir\u00e1 un apoyo econ\u00f3mico de US$ 2.000 (dos mil d\u00f3lares estadounidenses) para ser aplicados como capital abono y realizar los procesos necesarios para atender a problemas locales a trav\u00e9s de la iniciativa.<\/p>\n<h3>\u00bfQu\u00e9 es?<\/h3>\n<p>Convocatoria para participar de la\u00a0<strong>segunda edici\u00f3n del Fondo Iberoamericano de Cocinas<\/strong>\u00a0para el Desarrollo Sostenible, plataforma de cooperaci\u00f3n perteneciente a la\u00a0<strong>Secretar\u00eda General Iberoamericana (SEGIB).<\/strong><\/p>\n<p>Atendiendo a la crisis por covid-19 en el sector, esta plataforma se plantea como un mecanismo de cooperaci\u00f3n y financiamiento de iniciativas comunitarias vinculadas con la cadena de valor de las cocinas y su contribuci\u00f3n al desarrollo sostenible en los diversos territorios que conforman la regi\u00f3n Iberoamericana.<\/p>\n<p><strong>La Iniciativa Ibercocinas, integrada por Argentina, Colombia, Ecuador, M\u00e9xico y Per\u00fa se concibe como un instrumento de la SEGIB<\/strong>\u00a0que plantea resultados concretos que inciden directamente en el fortalecimiento de las pol\u00edticas p\u00fablicas sectoriales nacionales; en este caso, en aquellas que apuntan a la dimensi\u00f3n cultural de las cocinas.<\/p>\n<p>Mediante esta convocatoria se buscar\u00e1 reconocer la importancia del patrimonio cultural inmaterial y la creatividad de las cocinas como plataforma de resiliencia ante las crisis; potenciar la innovaci\u00f3n social; incidir en el liderazgo de las mujeres, j\u00f3venes, pueblos ind\u00edgenas y afrodescendientes, incluidos los adultos mayores, en la pr\u00e1ctica social de las cocinas y el potencial inclusivo de las pr\u00e1cticas culinarias como instrumentos de resoluci\u00f3n pac\u00edfica de conflictos, di\u00e1logo intercultural y cohesi\u00f3n social.<\/p>\n<p>Accede a las <strong>Bases y condiciones\u00a0<a href=\"https:\/\/www.ibercocinas.org\/wp-content\/uploads\/2021\/07\/Convocatoria-Fondo-IBERCOCINAS-2021.pdf\" target=\"_blank\" rel=\"noopener\">ac\u00e1<\/a>.<\/strong><\/p>\n","protected":false},"excerpt":{"rendered":"<p>La convocatoria busca apoyar t\u00e9cnica y financieramente a iniciativas comunitarias vinculadas con las cadenas de valor de las cocinas tradicionales para potenciar su impacto o atender problemas locales derivados de la crisis por covid-19.<\/p>\n","protected":false},"author":3,"featured_media":0,"comment_status":"closed","ping_status":"closed","sticky":false,"template":"","format":"standard","meta":{"footnotes":""},"categories":[36,24,26],"tags":[],"class_list":["post-61956","post","type-post","status-publish","format-standard","hentry","category-economia","category-politica","category-sociedad"],"yoast_head":"<!-- This site is optimized with the Yoast SEO plugin v25.9 - https:\/\/yoast.com\/wordpress\/plugins\/seo\/ -->\n<title>IberCocinas: Abri\u00f3 la edici\u00f3n 2021 del Fondo Iberoamericano de Cocinas para el Desarrollo Sostenible - Noticias Radio Reflejos<\/title>\n<meta name=\"robots\" content=\"index, follow, max-snippet:-1, max-image-preview:large, max-video-preview:-1\" \/>\n<link rel=\"canonical\" href=\"https:\/\/www.noticiasradioreflejos.com.ar\/2021\/ibercocinas-abrio-la-edicion-2021-del-fondo-iberoamericano-de-cocinas-para-el-desarrollo-sostenible\/\" \/>\n<meta property=\"og:locale\" content=\"es_ES\" \/>\n<meta property=\"og:type\" content=\"article\" \/>\n<meta property=\"og:title\" content=\"IberCocinas: Abri\u00f3 la edici\u00f3n 2021 del Fondo Iberoamericano de Cocinas para el Desarrollo Sostenible - Noticias Radio Reflejos\" \/>\n<meta property=\"og:description\" content=\"La convocatoria busca apoyar t\u00e9cnica y financieramente a iniciativas comunitarias vinculadas con las cadenas de valor de las cocinas tradicionales para potenciar su impacto o atender problemas locales derivados de la crisis por covid-19.\" \/>\n<meta property=\"og:url\" content=\"https:\/\/www.noticiasradioreflejos.com.ar\/2021\/ibercocinas-abrio-la-edicion-2021-del-fondo-iberoamericano-de-cocinas-para-el-desarrollo-sostenible\/\" \/>\n<meta property=\"og:site_name\" content=\"Noticias Radio Reflejos\" \/>\n<meta property=\"article:published_time\" content=\"2021-08-25T13:46:12+00:00\" \/>\n<meta property=\"og:image\" content=\"https:\/\/www.noticiasradioreflejos.com.ar\/2021\/wp-content\/uploads\/2021\/07\/logosol300x200.png\" \/>\n\t<meta property=\"og:image:width\" content=\"300\" \/>\n\t<meta property=\"og:image:height\" content=\"200\" \/>\n\t<meta property=\"og:image:type\" content=\"image\/png\" \/>\n<meta name=\"author\" content=\"Arnaldo Botto\" \/>\n<meta name=\"twitter:card\" content=\"summary_large_image\" \/>\n<script type=\"application\/ld+json\" class=\"yoast-schema-graph\">{\"@context\":\"https:\/\/schema.org\",\"@graph\":[{\"@type\":\"WebPage\",\"@id\":\"https:\/\/www.noticiasradioreflejos.com.ar\/2021\/ibercocinas-abrio-la-edicion-2021-del-fondo-iberoamericano-de-cocinas-para-el-desarrollo-sostenible\/\",\"url\":\"https:\/\/www.noticiasradioreflejos.com.ar\/2021\/ibercocinas-abrio-la-edicion-2021-del-fondo-iberoamericano-de-cocinas-para-el-desarrollo-sostenible\/\",\"name\":\"IberCocinas: Abri\u00f3 la edici\u00f3n 2021 del Fondo Iberoamericano de Cocinas para el Desarrollo Sostenible - Noticias Radio Reflejos\",\"isPartOf\":{\"@id\":\"https:\/\/www.noticiasradioreflejos.com.ar\/2021\/#website\"},\"datePublished\":\"2021-08-25T13:46:12+00:00\",\"author\":{\"@id\":\"https:\/\/www.noticiasradioreflejos.com.ar\/2021\/#\/schema\/person\/ad82545263dcc5ec0996818884fd5fb1\"},\"breadcrumb\":{\"@id\":\"https:\/\/www.noticiasradioreflejos.com.ar\/2021\/ibercocinas-abrio-la-edicion-2021-del-fondo-iberoamericano-de-cocinas-para-el-desarrollo-sostenible\/#breadcrumb\"},\"inLanguage\":\"es\",\"potentialAction\":[{\"@type\":\"ReadAction\",\"target\":[\"https:\/\/www.noticiasradioreflejos.com.ar\/2021\/ibercocinas-abrio-la-edicion-2021-del-fondo-iberoamericano-de-cocinas-para-el-desarrollo-sostenible\/\"]}]},{\"@type\":\"BreadcrumbList\",\"@id\":\"https:\/\/www.noticiasradioreflejos.com.ar\/2021\/ibercocinas-abrio-la-edicion-2021-del-fondo-iberoamericano-de-cocinas-para-el-desarrollo-sostenible\/#breadcrumb\",\"itemListElement\":[{\"@type\":\"ListItem\",\"position\":1,\"name\":\"Portada\",\"item\":\"https:\/\/www.noticiasradioreflejos.com.ar\/2021\/\"},{\"@type\":\"ListItem\",\"position\":2,\"name\":\"IberCocinas: Abri\u00f3 la edici\u00f3n 2021 del Fondo Iberoamericano de Cocinas para el Desarrollo Sostenible\"}]},{\"@type\":\"WebSite\",\"@id\":\"https:\/\/www.noticiasradioreflejos.com.ar\/2021\/#website\",\"url\":\"https:\/\/www.noticiasradioreflejos.com.ar\/2021\/\",\"name\":\"Noticias Radio Reflejos\",\"description\":\"Las noticias de mi comarca\",\"potentialAction\":[{\"@type\":\"SearchAction\",\"target\":{\"@type\":\"EntryPoint\",\"urlTemplate\":\"https:\/\/www.noticiasradioreflejos.com.ar\/2021\/?s={search_term_string}\"},\"query-input\":{\"@type\":\"PropertyValueSpecification\",\"valueRequired\":true,\"valueName\":\"search_term_string\"}}],\"inLanguage\":\"es\"},{\"@type\":\"Person\",\"@id\":\"https:\/\/www.noticiasradioreflejos.com.ar\/2021\/#\/schema\/person\/ad82545263dcc5ec0996818884fd5fb1\",\"name\":\"Arnaldo Botto\",\"image\":{\"@type\":\"ImageObject\",\"inLanguage\":\"es\",\"@id\":\"https:\/\/www.noticiasradioreflejos.com.ar\/2021\/#\/schema\/person\/image\/\",\"url\":\"https:\/\/secure.gravatar.com\/avatar\/55cb5e37c1efa326397366e6974cb338056df65cb50e7d64d1cf314e87504837?s=96&d=mm&r=g\",\"contentUrl\":\"https:\/\/secure.gravatar.com\/avatar\/55cb5e37c1efa326397366e6974cb338056df65cb50e7d64d1cf314e87504837?s=96&d=mm&r=g\",\"caption\":\"Arnaldo Botto\"},\"url\":\"https:\/\/www.noticiasradioreflejos.com.ar\/2021\/author\/arnaldo\/\"}]}<\/script>\n<!-- \/ Yoast SEO plugin. -->","yoast_head_json":{"title":"IberCocinas: Abri\u00f3 la edici\u00f3n 2021 del Fondo Iberoamericano de Cocinas para el Desarrollo Sostenible - Noticias Radio Reflejos","robots":{"index":"index","follow":"follow","max-snippet":"max-snippet:-1","max-image-preview":"max-image-preview:large","max-video-preview":"max-video-preview:-1"},"canonical":"https:\/\/www.noticiasradioreflejos.com.ar\/2021\/ibercocinas-abrio-la-edicion-2021-del-fondo-iberoamericano-de-cocinas-para-el-desarrollo-sostenible\/","og_locale":"es_ES","og_type":"article","og_title":"IberCocinas: Abri\u00f3 la edici\u00f3n 2021 del Fondo Iberoamericano de Cocinas para el Desarrollo Sostenible - Noticias Radio Reflejos","og_description":"La convocatoria busca apoyar t\u00e9cnica y financieramente a iniciativas comunitarias vinculadas con las cadenas de valor de las cocinas tradicionales para potenciar su impacto o atender problemas locales derivados de la crisis por covid-19.","og_url":"https:\/\/www.noticiasradioreflejos.com.ar\/2021\/ibercocinas-abrio-la-edicion-2021-del-fondo-iberoamericano-de-cocinas-para-el-desarrollo-sostenible\/","og_site_name":"Noticias Radio Reflejos","article_published_time":"2021-08-25T13:46:12+00:00","og_image":[{"width":300,"height":200,"url":"https:\/\/www.noticiasradioreflejos.com.ar\/2021\/wp-content\/uploads\/2021\/07\/logosol300x200.png","type":"image\/png"}],"author":"Arnaldo Botto","twitter_card":"summary_large_image","schema":{"@context":"https:\/\/schema.org","@graph":[{"@type":"WebPage","@id":"https:\/\/www.noticiasradioreflejos.com.ar\/2021\/ibercocinas-abrio-la-edicion-2021-del-fondo-iberoamericano-de-cocinas-para-el-desarrollo-sostenible\/","url":"https:\/\/www.noticiasradioreflejos.com.ar\/2021\/ibercocinas-abrio-la-edicion-2021-del-fondo-iberoamericano-de-cocinas-para-el-desarrollo-sostenible\/","name":"IberCocinas: Abri\u00f3 la edici\u00f3n 2021 del Fondo Iberoamericano de Cocinas para el Desarrollo Sostenible - Noticias Radio Reflejos","isPartOf":{"@id":"https:\/\/www.noticiasradioreflejos.com.ar\/2021\/#website"},"datePublished":"2021-08-25T13:46:12+00:00","author":{"@id":"https:\/\/www.noticiasradioreflejos.com.ar\/2021\/#\/schema\/person\/ad82545263dcc5ec0996818884fd5fb1"},"breadcrumb":{"@id":"https:\/\/www.noticiasradioreflejos.com.ar\/2021\/ibercocinas-abrio-la-edicion-2021-del-fondo-iberoamericano-de-cocinas-para-el-desarrollo-sostenible\/#breadcrumb"},"inLanguage":"es","potentialAction":[{"@type":"ReadAction","target":["https:\/\/www.noticiasradioreflejos.com.ar\/2021\/ibercocinas-abrio-la-edicion-2021-del-fondo-iberoamericano-de-cocinas-para-el-desarrollo-sostenible\/"]}]},{"@type":"BreadcrumbList","@id":"https:\/\/www.noticiasradioreflejos.com.ar\/2021\/ibercocinas-abrio-la-edicion-2021-del-fondo-iberoamericano-de-cocinas-para-el-desarrollo-sostenible\/#breadcrumb","itemListElement":[{"@type":"ListItem","position":1,"name":"Portada","item":"https:\/\/www.noticiasradioreflejos.com.ar\/2021\/"},{"@type":"ListItem","position":2,"name":"IberCocinas: Abri\u00f3 la edici\u00f3n 2021 del Fondo Iberoamericano de Cocinas para el Desarrollo Sostenible"}]},{"@type":"WebSite","@id":"https:\/\/www.noticiasradioreflejos.com.ar\/2021\/#website","url":"https:\/\/www.noticiasradioreflejos.com.ar\/2021\/","name":"Noticias Radio Reflejos","description":"Las noticias de mi comarca","potentialAction":[{"@type":"SearchAction","target":{"@type":"EntryPoint","urlTemplate":"https:\/\/www.noticiasradioreflejos.com.ar\/2021\/?s={search_term_string}"},"query-input":{"@type":"PropertyValueSpecification","valueRequired":true,"valueName":"search_term_string"}}],"inLanguage":"es"},{"@type":"Person","@id":"https:\/\/www.noticiasradioreflejos.com.ar\/2021\/#\/schema\/person\/ad82545263dcc5ec0996818884fd5fb1","name":"Arnaldo Botto","image":{"@type":"ImageObject","inLanguage":"es","@id":"https:\/\/www.noticiasradioreflejos.com.ar\/2021\/#\/schema\/person\/image\/","url":"https:\/\/secure.gravatar.com\/avatar\/55cb5e37c1efa326397366e6974cb338056df65cb50e7d64d1cf314e87504837?s=96&d=mm&r=g","contentUrl":"https:\/\/secure.gravatar.com\/avatar\/55cb5e37c1efa326397366e6974cb338056df65cb50e7d64d1cf314e87504837?s=96&d=mm&r=g","caption":"Arnaldo Botto"},"url":"https:\/\/www.noticiasradioreflejos.com.ar\/2021\/author\/arnaldo\/"}]}},"_links":{"self":[{"href":"https:\/\/www.noticiasradioreflejos.com.ar\/2021\/wp-json\/wp\/v2\/posts\/61956","targetHints":{"allow":["GET"]}}],"collection":[{"href":"https:\/\/www.noticiasradioreflejos.com.ar\/2021\/wp-json\/wp\/v2\/posts"}],"about":[{"href":"https:\/\/www.noticiasradioreflejos.com.ar\/2021\/wp-json\/wp\/v2\/types\/post"}],"author":[{"embeddable":true,"href":"https:\/\/www.noticiasradioreflejos.com.ar\/2021\/wp-json\/wp\/v2\/users\/3"}],"replies":[{"embeddable":true,"href":"https:\/\/www.noticiasradioreflejos.com.ar\/2021\/wp-json\/wp\/v2\/comments?post=61956"}],"version-history":[{"count":1,"href":"https:\/\/www.noticiasradioreflejos.com.ar\/2021\/wp-json\/wp\/v2\/posts\/61956\/revisions"}],"predecessor-version":[{"id":61958,"href":"https:\/\/www.noticiasradioreflejos.com.ar\/2021\/wp-json\/wp\/v2\/posts\/61956\/revisions\/61958"}],"wp:attachment":[{"href":"https:\/\/www.noticiasradioreflejos.com.ar\/2021\/wp-json\/wp\/v2\/media?parent=61956"}],"wp:term":[{"taxonomy":"category","embeddable":true,"href":"https:\/\/www.noticiasradioreflejos.com.ar\/2021\/wp-json\/wp\/v2\/categories?post=61956"},{"taxonomy":"post_tag","embeddable":true,"href":"https:\/\/www.noticiasradioreflejos.com.ar\/2021\/wp-json\/wp\/v2\/tags?post=61956"}],"curies":[{"name":"wp","href":"https:\/\/api.w.org\/{rel}","templated":true}]}}