{"id":61954,"date":"2021-08-25T13:17:40","date_gmt":"2021-08-25T13:17:40","guid":{"rendered":"http:\/\/www.noticiasradioreflejos.com.ar\/2021\/?p=61954"},"modified":"2021-08-25T13:17:40","modified_gmt":"2021-08-25T13:17:40","slug":"pigue-aparecio-muerto-un-medico-que-habia-sido-acusado-de-abusar-a-una-menor","status":"publish","type":"post","link":"https:\/\/www.noticiasradioreflejos.com.ar\/2021\/pigue-aparecio-muerto-un-medico-que-habia-sido-acusado-de-abusar-a-una-menor\/","title":{"rendered":"Pig\u00fc\u00e9: apareci\u00f3 muerto un m\u00e9dico que hab\u00eda sido acusado de abusar a una menor"},"content":{"rendered":"<p>Seg\u00fan las primeras pericias, Leonardo Wagner se suicid\u00f3. Fue encontrado sin vida en un campo cercano a la ruta 67. Era residente en el Hospital Penna de Bah\u00eda Blanca.<!--more--><\/p>\n<figure class=\"mainfigure\"><img decoding=\"async\" src=\"https:\/\/www.laotracaradelanoticia.com.ar\/adjuntos\/800\/laotracara\/2021\/08\/madre-victima-abuso.webp\" alt=\"Esta es la imagen que public\u00f3 en sus redes la madre de la ni\u00f1a supuestamente abusada\" \/><figcaption>Esta es la imagen que public\u00f3 en sus redes la madre de la ni\u00f1a supuestamente abusada<\/figcaption><\/figure>\n<div class=\"text\">\n<p>El cuerpo de un m\u00e9dico de Pig\u00fc\u00e9, aunque residente en el hospital Penna, apareci\u00f3 sin vida en un campo de su familia, a la vera de la ruta provincial 67 y, seg\u00fan los primeros an\u00e1lisis, se trat\u00f3 de un suicidio.<\/p>\n<p>El hombre, de 47 a\u00f1os y especialista en ginecolog\u00eda y obstetricia, fue identificado como Leonardo Ivan Wagner, a quien hace una semana hab\u00edan denunciado por el abuso sexual de una menor de 13 a\u00f1os.<\/p>\n<p>Se aclar\u00f3 que ese delito se habr\u00eda registrado en un \u00e1mbito privado y no en el lugar donde prestaba servicios Wagner.<\/p>\n<p>La denuncia, por la cual hab\u00eda tomado intervenci\u00f3n la UFIJ N\u00b0 14, hab\u00eda sido formulada el martes 17, en la comisar\u00eda de la Mujer y la Familia de aquella ciudad, por la madre de la chica, una mujer de 47 a\u00f1os.<\/p>\n<p>\u00abEn la presentaci\u00f3n, la mujer relat\u00f3 que (Wagner) hab\u00eda tocado a la ni\u00f1a en sus partes \u00edntimas por debajo de la ropa\u00bb, confirm\u00f3 a lanueva.com un investigador.<\/p>\n<p>Despu\u00e9s de esa presentaci\u00f3n no se supo m\u00e1s nada sobre el paradero del profesional e incluso algunos conocidos informaron que se hab\u00eda desconectado de sus redes sociales.<\/p>\n<p>Ayer la Polic\u00eda recibi\u00f3 un llamado y confirm\u00f3 que Wagner hab\u00eda sido encontrado sin vida en un galp\u00f3n del campo de su familia, ubicado a la vera de la ruta provincial 67, cuartel II del partido de Saavedra, en cercan\u00edas de Arroyo Corto.<\/p>\n<p>El cuerpo del hombre fue encontrado en la noche del domingo por su propio padre, el Dr. y ex director del nosocomio de Saavedra, Ra\u00fal Wagner, quien tiene domicilio en la vecina localidad de Dufaur y r\u00e1pidamente llegaron al escenario del suicidio, bomberos voluntarios de Arroyo Corto.<\/p>\n<p>Los restos del denunciado, fueron trasladados por polic\u00eda cient\u00edfica de Coronel Su\u00e1rez para hacer la autopsia correspondiente y lo que s\u00ed informaron desde esa dependencia, es que WAGNER tom\u00f3 la dr\u00e1stica medida de ahorcarse.<\/p>\n<p>Intervino personal de la comisar\u00eda Primera de Pig\u00fc\u00e9, Polic\u00eda Rural y Polic\u00eda Cient\u00edfica de Coronel Su\u00e1rez, todo bajo indicaciones de la auxiliar letrada Mayra Cavalier, de la ayudant\u00eda fiscal de esa ciudad.<\/p>\n<p>La familia de la chica hab\u00eda admitido p\u00fablicamente, antes de conocerse el tr\u00e1gico desenlace de esta historia, que estaban \u00abdestrozados, viviendo un verdadero infierno\u00bb tras el hecho de abuso denunciado.<\/p>\n<\/div>\n<p><strong>Fuente La otra Cara de la Noticia<\/strong><\/p>\n","protected":false},"excerpt":{"rendered":"<p>Seg\u00fan las primeras pericias, Leonardo Wagner se suicid\u00f3. Fue encontrado sin vida en un campo cercano a la ruta 67. Era residente en el Hospital Penna de Bah\u00eda Blanca.<\/p>\n","protected":false},"author":3,"featured_media":43537,"comment_status":"closed","ping_status":"closed","sticky":false,"template":"","format":"standard","meta":{"footnotes":""},"categories":[29],"tags":[],"class_list":["post-61954","post","type-post","status-publish","format-standard","has-post-thumbnail","hentry","category-policiales"],"yoast_head":"<!-- This site is optimized with the Yoast SEO plugin v25.9 - https:\/\/yoast.com\/wordpress\/plugins\/seo\/ -->\n<title>Pig\u00fc\u00e9: apareci\u00f3 muerto un m\u00e9dico que hab\u00eda sido acusado de abusar a una menor - Noticias Radio Reflejos<\/title>\n<meta name=\"robots\" content=\"index, follow, max-snippet:-1, max-image-preview:large, max-video-preview:-1\" \/>\n<link rel=\"canonical\" href=\"https:\/\/www.noticiasradioreflejos.com.ar\/2021\/pigue-aparecio-muerto-un-medico-que-habia-sido-acusado-de-abusar-a-una-menor\/\" \/>\n<meta property=\"og:locale\" content=\"es_ES\" \/>\n<meta property=\"og:type\" content=\"article\" \/>\n<meta property=\"og:title\" content=\"Pig\u00fc\u00e9: apareci\u00f3 muerto un m\u00e9dico que hab\u00eda sido acusado de abusar a una menor - Noticias Radio Reflejos\" \/>\n<meta property=\"og:description\" content=\"Seg\u00fan las primeras pericias, Leonardo Wagner se suicid\u00f3. Fue encontrado sin vida en un campo cercano a la ruta 67. Era residente en el Hospital Penna de Bah\u00eda Blanca.\" \/>\n<meta property=\"og:url\" content=\"https:\/\/www.noticiasradioreflejos.com.ar\/2021\/pigue-aparecio-muerto-un-medico-que-habia-sido-acusado-de-abusar-a-una-menor\/\" \/>\n<meta property=\"og:site_name\" content=\"Noticias Radio Reflejos\" \/>\n<meta property=\"article:published_time\" content=\"2021-08-25T13:17:40+00:00\" \/>\n<meta property=\"og:image\" content=\"https:\/\/www.noticiasradioreflejos.com.ar\/2021\/wp-content\/uploads\/2020\/06\/ABUSO_sexual_menores.jpg\" \/>\n\t<meta property=\"og:image:width\" content=\"550\" \/>\n\t<meta property=\"og:image:height\" content=\"361\" \/>\n\t<meta property=\"og:image:type\" content=\"image\/jpeg\" \/>\n<meta name=\"author\" content=\"Arnaldo Botto\" \/>\n<meta name=\"twitter:card\" content=\"summary_large_image\" \/>\n<script type=\"application\/ld+json\" class=\"yoast-schema-graph\">{\"@context\":\"https:\/\/schema.org\",\"@graph\":[{\"@type\":\"WebPage\",\"@id\":\"https:\/\/www.noticiasradioreflejos.com.ar\/2021\/pigue-aparecio-muerto-un-medico-que-habia-sido-acusado-de-abusar-a-una-menor\/\",\"url\":\"https:\/\/www.noticiasradioreflejos.com.ar\/2021\/pigue-aparecio-muerto-un-medico-que-habia-sido-acusado-de-abusar-a-una-menor\/\",\"name\":\"Pig\u00fc\u00e9: apareci\u00f3 muerto un m\u00e9dico que hab\u00eda sido acusado de abusar a una menor - Noticias Radio Reflejos\",\"isPartOf\":{\"@id\":\"https:\/\/www.noticiasradioreflejos.com.ar\/2021\/#website\"},\"primaryImageOfPage\":{\"@id\":\"https:\/\/www.noticiasradioreflejos.com.ar\/2021\/pigue-aparecio-muerto-un-medico-que-habia-sido-acusado-de-abusar-a-una-menor\/#primaryimage\"},\"image\":{\"@id\":\"https:\/\/www.noticiasradioreflejos.com.ar\/2021\/pigue-aparecio-muerto-un-medico-que-habia-sido-acusado-de-abusar-a-una-menor\/#primaryimage\"},\"thumbnailUrl\":\"https:\/\/www.noticiasradioreflejos.com.ar\/2021\/wp-content\/uploads\/2020\/06\/ABUSO_sexual_menores.jpg\",\"datePublished\":\"2021-08-25T13:17:40+00:00\",\"author\":{\"@id\":\"https:\/\/www.noticiasradioreflejos.com.ar\/2021\/#\/schema\/person\/ad82545263dcc5ec0996818884fd5fb1\"},\"breadcrumb\":{\"@id\":\"https:\/\/www.noticiasradioreflejos.com.ar\/2021\/pigue-aparecio-muerto-un-medico-que-habia-sido-acusado-de-abusar-a-una-menor\/#breadcrumb\"},\"inLanguage\":\"es\",\"potentialAction\":[{\"@type\":\"ReadAction\",\"target\":[\"https:\/\/www.noticiasradioreflejos.com.ar\/2021\/pigue-aparecio-muerto-un-medico-que-habia-sido-acusado-de-abusar-a-una-menor\/\"]}]},{\"@type\":\"ImageObject\",\"inLanguage\":\"es\",\"@id\":\"https:\/\/www.noticiasradioreflejos.com.ar\/2021\/pigue-aparecio-muerto-un-medico-que-habia-sido-acusado-de-abusar-a-una-menor\/#primaryimage\",\"url\":\"https:\/\/www.noticiasradioreflejos.com.ar\/2021\/wp-content\/uploads\/2020\/06\/ABUSO_sexual_menores.jpg\",\"contentUrl\":\"https:\/\/www.noticiasradioreflejos.com.ar\/2021\/wp-content\/uploads\/2020\/06\/ABUSO_sexual_menores.jpg\",\"width\":550,\"height\":361},{\"@type\":\"BreadcrumbList\",\"@id\":\"https:\/\/www.noticiasradioreflejos.com.ar\/2021\/pigue-aparecio-muerto-un-medico-que-habia-sido-acusado-de-abusar-a-una-menor\/#breadcrumb\",\"itemListElement\":[{\"@type\":\"ListItem\",\"position\":1,\"name\":\"Portada\",\"item\":\"https:\/\/www.noticiasradioreflejos.com.ar\/2021\/\"},{\"@type\":\"ListItem\",\"position\":2,\"name\":\"Pig\u00fc\u00e9: apareci\u00f3 muerto un m\u00e9dico que hab\u00eda sido acusado de abusar a una menor\"}]},{\"@type\":\"WebSite\",\"@id\":\"https:\/\/www.noticiasradioreflejos.com.ar\/2021\/#website\",\"url\":\"https:\/\/www.noticiasradioreflejos.com.ar\/2021\/\",\"name\":\"Noticias Radio Reflejos\",\"description\":\"Las noticias de mi comarca\",\"potentialAction\":[{\"@type\":\"SearchAction\",\"target\":{\"@type\":\"EntryPoint\",\"urlTemplate\":\"https:\/\/www.noticiasradioreflejos.com.ar\/2021\/?s={search_term_string}\"},\"query-input\":{\"@type\":\"PropertyValueSpecification\",\"valueRequired\":true,\"valueName\":\"search_term_string\"}}],\"inLanguage\":\"es\"},{\"@type\":\"Person\",\"@id\":\"https:\/\/www.noticiasradioreflejos.com.ar\/2021\/#\/schema\/person\/ad82545263dcc5ec0996818884fd5fb1\",\"name\":\"Arnaldo Botto\",\"image\":{\"@type\":\"ImageObject\",\"inLanguage\":\"es\",\"@id\":\"https:\/\/www.noticiasradioreflejos.com.ar\/2021\/#\/schema\/person\/image\/\",\"url\":\"https:\/\/secure.gravatar.com\/avatar\/55cb5e37c1efa326397366e6974cb338056df65cb50e7d64d1cf314e87504837?s=96&d=mm&r=g\",\"contentUrl\":\"https:\/\/secure.gravatar.com\/avatar\/55cb5e37c1efa326397366e6974cb338056df65cb50e7d64d1cf314e87504837?s=96&d=mm&r=g\",\"caption\":\"Arnaldo Botto\"},\"url\":\"https:\/\/www.noticiasradioreflejos.com.ar\/2021\/author\/arnaldo\/\"}]}<\/script>\n<!-- \/ Yoast SEO plugin. -->","yoast_head_json":{"title":"Pig\u00fc\u00e9: apareci\u00f3 muerto un m\u00e9dico que hab\u00eda sido acusado de abusar a una menor - Noticias Radio Reflejos","robots":{"index":"index","follow":"follow","max-snippet":"max-snippet:-1","max-image-preview":"max-image-preview:large","max-video-preview":"max-video-preview:-1"},"canonical":"https:\/\/www.noticiasradioreflejos.com.ar\/2021\/pigue-aparecio-muerto-un-medico-que-habia-sido-acusado-de-abusar-a-una-menor\/","og_locale":"es_ES","og_type":"article","og_title":"Pig\u00fc\u00e9: apareci\u00f3 muerto un m\u00e9dico que hab\u00eda sido acusado de abusar a una menor - Noticias Radio Reflejos","og_description":"Seg\u00fan las primeras pericias, Leonardo Wagner se suicid\u00f3. Fue encontrado sin vida en un campo cercano a la ruta 67. Era residente en el Hospital Penna de Bah\u00eda Blanca.","og_url":"https:\/\/www.noticiasradioreflejos.com.ar\/2021\/pigue-aparecio-muerto-un-medico-que-habia-sido-acusado-de-abusar-a-una-menor\/","og_site_name":"Noticias Radio Reflejos","article_published_time":"2021-08-25T13:17:40+00:00","og_image":[{"width":550,"height":361,"url":"https:\/\/www.noticiasradioreflejos.com.ar\/2021\/wp-content\/uploads\/2020\/06\/ABUSO_sexual_menores.jpg","type":"image\/jpeg"}],"author":"Arnaldo Botto","twitter_card":"summary_large_image","schema":{"@context":"https:\/\/schema.org","@graph":[{"@type":"WebPage","@id":"https:\/\/www.noticiasradioreflejos.com.ar\/2021\/pigue-aparecio-muerto-un-medico-que-habia-sido-acusado-de-abusar-a-una-menor\/","url":"https:\/\/www.noticiasradioreflejos.com.ar\/2021\/pigue-aparecio-muerto-un-medico-que-habia-sido-acusado-de-abusar-a-una-menor\/","name":"Pig\u00fc\u00e9: apareci\u00f3 muerto un m\u00e9dico que hab\u00eda sido acusado de abusar a una menor - Noticias Radio Reflejos","isPartOf":{"@id":"https:\/\/www.noticiasradioreflejos.com.ar\/2021\/#website"},"primaryImageOfPage":{"@id":"https:\/\/www.noticiasradioreflejos.com.ar\/2021\/pigue-aparecio-muerto-un-medico-que-habia-sido-acusado-de-abusar-a-una-menor\/#primaryimage"},"image":{"@id":"https:\/\/www.noticiasradioreflejos.com.ar\/2021\/pigue-aparecio-muerto-un-medico-que-habia-sido-acusado-de-abusar-a-una-menor\/#primaryimage"},"thumbnailUrl":"https:\/\/www.noticiasradioreflejos.com.ar\/2021\/wp-content\/uploads\/2020\/06\/ABUSO_sexual_menores.jpg","datePublished":"2021-08-25T13:17:40+00:00","author":{"@id":"https:\/\/www.noticiasradioreflejos.com.ar\/2021\/#\/schema\/person\/ad82545263dcc5ec0996818884fd5fb1"},"breadcrumb":{"@id":"https:\/\/www.noticiasradioreflejos.com.ar\/2021\/pigue-aparecio-muerto-un-medico-que-habia-sido-acusado-de-abusar-a-una-menor\/#breadcrumb"},"inLanguage":"es","potentialAction":[{"@type":"ReadAction","target":["https:\/\/www.noticiasradioreflejos.com.ar\/2021\/pigue-aparecio-muerto-un-medico-que-habia-sido-acusado-de-abusar-a-una-menor\/"]}]},{"@type":"ImageObject","inLanguage":"es","@id":"https:\/\/www.noticiasradioreflejos.com.ar\/2021\/pigue-aparecio-muerto-un-medico-que-habia-sido-acusado-de-abusar-a-una-menor\/#primaryimage","url":"https:\/\/www.noticiasradioreflejos.com.ar\/2021\/wp-content\/uploads\/2020\/06\/ABUSO_sexual_menores.jpg","contentUrl":"https:\/\/www.noticiasradioreflejos.com.ar\/2021\/wp-content\/uploads\/2020\/06\/ABUSO_sexual_menores.jpg","width":550,"height":361},{"@type":"BreadcrumbList","@id":"https:\/\/www.noticiasradioreflejos.com.ar\/2021\/pigue-aparecio-muerto-un-medico-que-habia-sido-acusado-de-abusar-a-una-menor\/#breadcrumb","itemListElement":[{"@type":"ListItem","position":1,"name":"Portada","item":"https:\/\/www.noticiasradioreflejos.com.ar\/2021\/"},{"@type":"ListItem","position":2,"name":"Pig\u00fc\u00e9: apareci\u00f3 muerto un m\u00e9dico que hab\u00eda sido acusado de abusar a una menor"}]},{"@type":"WebSite","@id":"https:\/\/www.noticiasradioreflejos.com.ar\/2021\/#website","url":"https:\/\/www.noticiasradioreflejos.com.ar\/2021\/","name":"Noticias Radio Reflejos","description":"Las noticias de mi comarca","potentialAction":[{"@type":"SearchAction","target":{"@type":"EntryPoint","urlTemplate":"https:\/\/www.noticiasradioreflejos.com.ar\/2021\/?s={search_term_string}"},"query-input":{"@type":"PropertyValueSpecification","valueRequired":true,"valueName":"search_term_string"}}],"inLanguage":"es"},{"@type":"Person","@id":"https:\/\/www.noticiasradioreflejos.com.ar\/2021\/#\/schema\/person\/ad82545263dcc5ec0996818884fd5fb1","name":"Arnaldo Botto","image":{"@type":"ImageObject","inLanguage":"es","@id":"https:\/\/www.noticiasradioreflejos.com.ar\/2021\/#\/schema\/person\/image\/","url":"https:\/\/secure.gravatar.com\/avatar\/55cb5e37c1efa326397366e6974cb338056df65cb50e7d64d1cf314e87504837?s=96&d=mm&r=g","contentUrl":"https:\/\/secure.gravatar.com\/avatar\/55cb5e37c1efa326397366e6974cb338056df65cb50e7d64d1cf314e87504837?s=96&d=mm&r=g","caption":"Arnaldo Botto"},"url":"https:\/\/www.noticiasradioreflejos.com.ar\/2021\/author\/arnaldo\/"}]}},"_links":{"self":[{"href":"https:\/\/www.noticiasradioreflejos.com.ar\/2021\/wp-json\/wp\/v2\/posts\/61954","targetHints":{"allow":["GET"]}}],"collection":[{"href":"https:\/\/www.noticiasradioreflejos.com.ar\/2021\/wp-json\/wp\/v2\/posts"}],"about":[{"href":"https:\/\/www.noticiasradioreflejos.com.ar\/2021\/wp-json\/wp\/v2\/types\/post"}],"author":[{"embeddable":true,"href":"https:\/\/www.noticiasradioreflejos.com.ar\/2021\/wp-json\/wp\/v2\/users\/3"}],"replies":[{"embeddable":true,"href":"https:\/\/www.noticiasradioreflejos.com.ar\/2021\/wp-json\/wp\/v2\/comments?post=61954"}],"version-history":[{"count":1,"href":"https:\/\/www.noticiasradioreflejos.com.ar\/2021\/wp-json\/wp\/v2\/posts\/61954\/revisions"}],"predecessor-version":[{"id":61955,"href":"https:\/\/www.noticiasradioreflejos.com.ar\/2021\/wp-json\/wp\/v2\/posts\/61954\/revisions\/61955"}],"wp:featuredmedia":[{"embeddable":true,"href":"https:\/\/www.noticiasradioreflejos.com.ar\/2021\/wp-json\/wp\/v2\/media\/43537"}],"wp:attachment":[{"href":"https:\/\/www.noticiasradioreflejos.com.ar\/2021\/wp-json\/wp\/v2\/media?parent=61954"}],"wp:term":[{"taxonomy":"category","embeddable":true,"href":"https:\/\/www.noticiasradioreflejos.com.ar\/2021\/wp-json\/wp\/v2\/categories?post=61954"},{"taxonomy":"post_tag","embeddable":true,"href":"https:\/\/www.noticiasradioreflejos.com.ar\/2021\/wp-json\/wp\/v2\/tags?post=61954"}],"curies":[{"name":"wp","href":"https:\/\/api.w.org\/{rel}","templated":true}]}}