{"id":61952,"date":"2021-08-25T12:11:29","date_gmt":"2021-08-25T12:11:29","guid":{"rendered":"http:\/\/www.noticiasradioreflejos.com.ar\/2021\/?p=61952"},"modified":"2021-08-25T14:06:31","modified_gmt":"2021-08-25T14:06:31","slug":"coronavirus-20-nuevos-casos-y-un-fallecido-en-las-ultimas-48-hs","status":"publish","type":"post","link":"https:\/\/www.noticiasradioreflejos.com.ar\/2021\/coronavirus-20-nuevos-casos-y-un-fallecido-en-las-ultimas-48-hs\/","title":{"rendered":"Coronavirus: 20 nuevos casos y un fallecido en las ultimas 48 hs"},"content":{"rendered":"<p>El reporte de la Secretar\u00eda de salud municipal de este mi\u00e9rcoles 25 de agosto muestra un nuevo incremento en el n\u00famero de casos registrados en las ultimas 48 horas, con un nuevo fallecimiento elevando la cifra a 49 muertes durante la pandemia.<!--more--><\/p>\n<p>Saldungaray lidera la cifra de activos con 21 casos.<\/p>\n<p><a title=\"WhatsApp Image 2021-08-25 at 10.57.27\" href=\"https:\/\/www.flickr.com\/photos\/182279889@N02\/51402653395\/in\/dateposted-public\/\" data-flickr-embed=\"true\"><img loading=\"lazy\" decoding=\"async\" src=\"https:\/\/live.staticflickr.com\/65535\/51402653395_8d9d49c792_z.jpg\" alt=\"WhatsApp Image 2021-08-25 at 10.57.27\" width=\"640\" height=\"640\" \/><\/a><script async src=\"\/\/embedr.flickr.com\/assets\/client-code.js\" charset=\"utf-8\"><\/script><\/p>\n","protected":false},"excerpt":{"rendered":"<p>El reporte de la Secretar\u00eda de salud municipal de este mi\u00e9rcoles 25 de agosto muestra un nuevo incremento en el n\u00famero de casos registrados en las ultimas 48 horas, con un nuevo fallecimiento elevando la cifra a 49 muertes durante la pandemia.<\/p>\n","protected":false},"author":3,"featured_media":0,"comment_status":"closed","ping_status":"closed","sticky":false,"template":"","format":"standard","meta":{"footnotes":""},"categories":[30],"tags":[],"class_list":["post-61952","post","type-post","status-publish","format-standard","hentry","category-salud"],"yoast_head":"<!-- This site is optimized with the Yoast SEO plugin v25.9 - https:\/\/yoast.com\/wordpress\/plugins\/seo\/ -->\n<title>Coronavirus: 20 nuevos casos y un fallecido en las ultimas 48 hs - Noticias Radio Reflejos<\/title>\n<meta name=\"robots\" content=\"index, follow, max-snippet:-1, max-image-preview:large, max-video-preview:-1\" \/>\n<link rel=\"canonical\" href=\"https:\/\/www.noticiasradioreflejos.com.ar\/2021\/coronavirus-20-nuevos-casos-y-un-fallecido-en-las-ultimas-48-hs\/\" \/>\n<meta property=\"og:locale\" content=\"es_ES\" \/>\n<meta property=\"og:type\" content=\"article\" \/>\n<meta property=\"og:title\" content=\"Coronavirus: 20 nuevos casos y un fallecido en las ultimas 48 hs - Noticias Radio Reflejos\" \/>\n<meta property=\"og:description\" content=\"El reporte de la Secretar\u00eda de salud municipal de este mi\u00e9rcoles 25 de agosto muestra un nuevo incremento en el n\u00famero de casos registrados en las ultimas 48 horas, con un nuevo fallecimiento elevando la cifra a 49 muertes durante la pandemia.\" \/>\n<meta property=\"og:url\" content=\"https:\/\/www.noticiasradioreflejos.com.ar\/2021\/coronavirus-20-nuevos-casos-y-un-fallecido-en-las-ultimas-48-hs\/\" \/>\n<meta property=\"og:site_name\" content=\"Noticias Radio Reflejos\" \/>\n<meta property=\"article:published_time\" content=\"2021-08-25T12:11:29+00:00\" \/>\n<meta property=\"article:modified_time\" content=\"2021-08-25T14:06:31+00:00\" \/>\n<meta property=\"og:image\" content=\"https:\/\/www.noticiasradioreflejos.com.ar\/2021\/wp-content\/uploads\/2021\/05\/Coronavirus.jpg\" \/>\n\t<meta property=\"og:image:width\" content=\"1320\" \/>\n\t<meta property=\"og:image:height\" content=\"750\" \/>\n\t<meta property=\"og:image:type\" content=\"image\/jpeg\" \/>\n<meta name=\"author\" content=\"Arnaldo Botto\" \/>\n<meta name=\"twitter:card\" content=\"summary_large_image\" \/>\n<script type=\"application\/ld+json\" class=\"yoast-schema-graph\">{\"@context\":\"https:\/\/schema.org\",\"@graph\":[{\"@type\":\"WebPage\",\"@id\":\"https:\/\/www.noticiasradioreflejos.com.ar\/2021\/coronavirus-20-nuevos-casos-y-un-fallecido-en-las-ultimas-48-hs\/\",\"url\":\"https:\/\/www.noticiasradioreflejos.com.ar\/2021\/coronavirus-20-nuevos-casos-y-un-fallecido-en-las-ultimas-48-hs\/\",\"name\":\"Coronavirus: 20 nuevos casos y un fallecido en las ultimas 48 hs - Noticias Radio Reflejos\",\"isPartOf\":{\"@id\":\"https:\/\/www.noticiasradioreflejos.com.ar\/2021\/#website\"},\"primaryImageOfPage\":{\"@id\":\"https:\/\/www.noticiasradioreflejos.com.ar\/2021\/coronavirus-20-nuevos-casos-y-un-fallecido-en-las-ultimas-48-hs\/#primaryimage\"},\"image\":{\"@id\":\"https:\/\/www.noticiasradioreflejos.com.ar\/2021\/coronavirus-20-nuevos-casos-y-un-fallecido-en-las-ultimas-48-hs\/#primaryimage\"},\"thumbnailUrl\":\"https:\/\/live.staticflickr.com\/65535\/51402653395_8d9d49c792_z.jpg\",\"datePublished\":\"2021-08-25T12:11:29+00:00\",\"dateModified\":\"2021-08-25T14:06:31+00:00\",\"author\":{\"@id\":\"https:\/\/www.noticiasradioreflejos.com.ar\/2021\/#\/schema\/person\/ad82545263dcc5ec0996818884fd5fb1\"},\"breadcrumb\":{\"@id\":\"https:\/\/www.noticiasradioreflejos.com.ar\/2021\/coronavirus-20-nuevos-casos-y-un-fallecido-en-las-ultimas-48-hs\/#breadcrumb\"},\"inLanguage\":\"es\",\"potentialAction\":[{\"@type\":\"ReadAction\",\"target\":[\"https:\/\/www.noticiasradioreflejos.com.ar\/2021\/coronavirus-20-nuevos-casos-y-un-fallecido-en-las-ultimas-48-hs\/\"]}]},{\"@type\":\"ImageObject\",\"inLanguage\":\"es\",\"@id\":\"https:\/\/www.noticiasradioreflejos.com.ar\/2021\/coronavirus-20-nuevos-casos-y-un-fallecido-en-las-ultimas-48-hs\/#primaryimage\",\"url\":\"https:\/\/live.staticflickr.com\/65535\/51402653395_8d9d49c792_z.jpg\",\"contentUrl\":\"https:\/\/live.staticflickr.com\/65535\/51402653395_8d9d49c792_z.jpg\"},{\"@type\":\"BreadcrumbList\",\"@id\":\"https:\/\/www.noticiasradioreflejos.com.ar\/2021\/coronavirus-20-nuevos-casos-y-un-fallecido-en-las-ultimas-48-hs\/#breadcrumb\",\"itemListElement\":[{\"@type\":\"ListItem\",\"position\":1,\"name\":\"Portada\",\"item\":\"https:\/\/www.noticiasradioreflejos.com.ar\/2021\/\"},{\"@type\":\"ListItem\",\"position\":2,\"name\":\"Coronavirus: 20 nuevos casos y un fallecido en las ultimas 48 hs\"}]},{\"@type\":\"WebSite\",\"@id\":\"https:\/\/www.noticiasradioreflejos.com.ar\/2021\/#website\",\"url\":\"https:\/\/www.noticiasradioreflejos.com.ar\/2021\/\",\"name\":\"Noticias Radio Reflejos\",\"description\":\"Las noticias de mi comarca\",\"potentialAction\":[{\"@type\":\"SearchAction\",\"target\":{\"@type\":\"EntryPoint\",\"urlTemplate\":\"https:\/\/www.noticiasradioreflejos.com.ar\/2021\/?s={search_term_string}\"},\"query-input\":{\"@type\":\"PropertyValueSpecification\",\"valueRequired\":true,\"valueName\":\"search_term_string\"}}],\"inLanguage\":\"es\"},{\"@type\":\"Person\",\"@id\":\"https:\/\/www.noticiasradioreflejos.com.ar\/2021\/#\/schema\/person\/ad82545263dcc5ec0996818884fd5fb1\",\"name\":\"Arnaldo Botto\",\"image\":{\"@type\":\"ImageObject\",\"inLanguage\":\"es\",\"@id\":\"https:\/\/www.noticiasradioreflejos.com.ar\/2021\/#\/schema\/person\/image\/\",\"url\":\"https:\/\/secure.gravatar.com\/avatar\/55cb5e37c1efa326397366e6974cb338056df65cb50e7d64d1cf314e87504837?s=96&d=mm&r=g\",\"contentUrl\":\"https:\/\/secure.gravatar.com\/avatar\/55cb5e37c1efa326397366e6974cb338056df65cb50e7d64d1cf314e87504837?s=96&d=mm&r=g\",\"caption\":\"Arnaldo Botto\"},\"url\":\"https:\/\/www.noticiasradioreflejos.com.ar\/2021\/author\/arnaldo\/\"}]}<\/script>\n<!-- \/ Yoast SEO plugin. -->","yoast_head_json":{"title":"Coronavirus: 20 nuevos casos y un fallecido en las ultimas 48 hs - Noticias Radio Reflejos","robots":{"index":"index","follow":"follow","max-snippet":"max-snippet:-1","max-image-preview":"max-image-preview:large","max-video-preview":"max-video-preview:-1"},"canonical":"https:\/\/www.noticiasradioreflejos.com.ar\/2021\/coronavirus-20-nuevos-casos-y-un-fallecido-en-las-ultimas-48-hs\/","og_locale":"es_ES","og_type":"article","og_title":"Coronavirus: 20 nuevos casos y un fallecido en las ultimas 48 hs - Noticias Radio Reflejos","og_description":"El reporte de la Secretar\u00eda de salud municipal de este mi\u00e9rcoles 25 de agosto muestra un nuevo incremento en el n\u00famero de casos registrados en las ultimas 48 horas, con un nuevo fallecimiento elevando la cifra a 49 muertes durante la pandemia.","og_url":"https:\/\/www.noticiasradioreflejos.com.ar\/2021\/coronavirus-20-nuevos-casos-y-un-fallecido-en-las-ultimas-48-hs\/","og_site_name":"Noticias Radio Reflejos","article_published_time":"2021-08-25T12:11:29+00:00","article_modified_time":"2021-08-25T14:06:31+00:00","og_image":[{"width":1320,"height":750,"url":"https:\/\/www.noticiasradioreflejos.com.ar\/2021\/wp-content\/uploads\/2021\/05\/Coronavirus.jpg","type":"image\/jpeg"}],"author":"Arnaldo Botto","twitter_card":"summary_large_image","schema":{"@context":"https:\/\/schema.org","@graph":[{"@type":"WebPage","@id":"https:\/\/www.noticiasradioreflejos.com.ar\/2021\/coronavirus-20-nuevos-casos-y-un-fallecido-en-las-ultimas-48-hs\/","url":"https:\/\/www.noticiasradioreflejos.com.ar\/2021\/coronavirus-20-nuevos-casos-y-un-fallecido-en-las-ultimas-48-hs\/","name":"Coronavirus: 20 nuevos casos y un fallecido en las ultimas 48 hs - Noticias Radio Reflejos","isPartOf":{"@id":"https:\/\/www.noticiasradioreflejos.com.ar\/2021\/#website"},"primaryImageOfPage":{"@id":"https:\/\/www.noticiasradioreflejos.com.ar\/2021\/coronavirus-20-nuevos-casos-y-un-fallecido-en-las-ultimas-48-hs\/#primaryimage"},"image":{"@id":"https:\/\/www.noticiasradioreflejos.com.ar\/2021\/coronavirus-20-nuevos-casos-y-un-fallecido-en-las-ultimas-48-hs\/#primaryimage"},"thumbnailUrl":"https:\/\/live.staticflickr.com\/65535\/51402653395_8d9d49c792_z.jpg","datePublished":"2021-08-25T12:11:29+00:00","dateModified":"2021-08-25T14:06:31+00:00","author":{"@id":"https:\/\/www.noticiasradioreflejos.com.ar\/2021\/#\/schema\/person\/ad82545263dcc5ec0996818884fd5fb1"},"breadcrumb":{"@id":"https:\/\/www.noticiasradioreflejos.com.ar\/2021\/coronavirus-20-nuevos-casos-y-un-fallecido-en-las-ultimas-48-hs\/#breadcrumb"},"inLanguage":"es","potentialAction":[{"@type":"ReadAction","target":["https:\/\/www.noticiasradioreflejos.com.ar\/2021\/coronavirus-20-nuevos-casos-y-un-fallecido-en-las-ultimas-48-hs\/"]}]},{"@type":"ImageObject","inLanguage":"es","@id":"https:\/\/www.noticiasradioreflejos.com.ar\/2021\/coronavirus-20-nuevos-casos-y-un-fallecido-en-las-ultimas-48-hs\/#primaryimage","url":"https:\/\/live.staticflickr.com\/65535\/51402653395_8d9d49c792_z.jpg","contentUrl":"https:\/\/live.staticflickr.com\/65535\/51402653395_8d9d49c792_z.jpg"},{"@type":"BreadcrumbList","@id":"https:\/\/www.noticiasradioreflejos.com.ar\/2021\/coronavirus-20-nuevos-casos-y-un-fallecido-en-las-ultimas-48-hs\/#breadcrumb","itemListElement":[{"@type":"ListItem","position":1,"name":"Portada","item":"https:\/\/www.noticiasradioreflejos.com.ar\/2021\/"},{"@type":"ListItem","position":2,"name":"Coronavirus: 20 nuevos casos y un fallecido en las ultimas 48 hs"}]},{"@type":"WebSite","@id":"https:\/\/www.noticiasradioreflejos.com.ar\/2021\/#website","url":"https:\/\/www.noticiasradioreflejos.com.ar\/2021\/","name":"Noticias Radio Reflejos","description":"Las noticias de mi comarca","potentialAction":[{"@type":"SearchAction","target":{"@type":"EntryPoint","urlTemplate":"https:\/\/www.noticiasradioreflejos.com.ar\/2021\/?s={search_term_string}"},"query-input":{"@type":"PropertyValueSpecification","valueRequired":true,"valueName":"search_term_string"}}],"inLanguage":"es"},{"@type":"Person","@id":"https:\/\/www.noticiasradioreflejos.com.ar\/2021\/#\/schema\/person\/ad82545263dcc5ec0996818884fd5fb1","name":"Arnaldo Botto","image":{"@type":"ImageObject","inLanguage":"es","@id":"https:\/\/www.noticiasradioreflejos.com.ar\/2021\/#\/schema\/person\/image\/","url":"https:\/\/secure.gravatar.com\/avatar\/55cb5e37c1efa326397366e6974cb338056df65cb50e7d64d1cf314e87504837?s=96&d=mm&r=g","contentUrl":"https:\/\/secure.gravatar.com\/avatar\/55cb5e37c1efa326397366e6974cb338056df65cb50e7d64d1cf314e87504837?s=96&d=mm&r=g","caption":"Arnaldo Botto"},"url":"https:\/\/www.noticiasradioreflejos.com.ar\/2021\/author\/arnaldo\/"}]}},"_links":{"self":[{"href":"https:\/\/www.noticiasradioreflejos.com.ar\/2021\/wp-json\/wp\/v2\/posts\/61952","targetHints":{"allow":["GET"]}}],"collection":[{"href":"https:\/\/www.noticiasradioreflejos.com.ar\/2021\/wp-json\/wp\/v2\/posts"}],"about":[{"href":"https:\/\/www.noticiasradioreflejos.com.ar\/2021\/wp-json\/wp\/v2\/types\/post"}],"author":[{"embeddable":true,"href":"https:\/\/www.noticiasradioreflejos.com.ar\/2021\/wp-json\/wp\/v2\/users\/3"}],"replies":[{"embeddable":true,"href":"https:\/\/www.noticiasradioreflejos.com.ar\/2021\/wp-json\/wp\/v2\/comments?post=61952"}],"version-history":[{"count":3,"href":"https:\/\/www.noticiasradioreflejos.com.ar\/2021\/wp-json\/wp\/v2\/posts\/61952\/revisions"}],"predecessor-version":[{"id":61960,"href":"https:\/\/www.noticiasradioreflejos.com.ar\/2021\/wp-json\/wp\/v2\/posts\/61952\/revisions\/61960"}],"wp:attachment":[{"href":"https:\/\/www.noticiasradioreflejos.com.ar\/2021\/wp-json\/wp\/v2\/media?parent=61952"}],"wp:term":[{"taxonomy":"category","embeddable":true,"href":"https:\/\/www.noticiasradioreflejos.com.ar\/2021\/wp-json\/wp\/v2\/categories?post=61952"},{"taxonomy":"post_tag","embeddable":true,"href":"https:\/\/www.noticiasradioreflejos.com.ar\/2021\/wp-json\/wp\/v2\/tags?post=61952"}],"curies":[{"name":"wp","href":"https:\/\/api.w.org\/{rel}","templated":true}]}}