{"id":61937,"date":"2021-08-24T21:36:33","date_gmt":"2021-08-24T21:36:33","guid":{"rendered":"http:\/\/www.noticiasradioreflejos.com.ar\/2021\/?p=61937"},"modified":"2021-08-24T21:36:33","modified_gmt":"2021-08-24T21:36:33","slug":"llegan-20-millones-de-pfizer-antes-de-fin-de-ano-para-vacunar-a-chicas-y-chicos-de-12-a-17-anos","status":"publish","type":"post","link":"https:\/\/www.noticiasradioreflejos.com.ar\/2021\/llegan-20-millones-de-pfizer-antes-de-fin-de-ano-para-vacunar-a-chicas-y-chicos-de-12-a-17-anos\/","title":{"rendered":"Llegan 20 millones de Pfizer antes de fin de a\u00f1o para vacunar a chicas y chicos de 12 a 17 a\u00f1os"},"content":{"rendered":"<div class=\"head-content\">\n<p>La ministra dijo que el cronograma de entregas comenzar\u00e1 el 6 de septiembre, para completar durante ese mes las 580.000 dosis, mientras que en octubre, noviembre y diciembre se completar\u00e1 el acuerdo. Adem\u00e1s indic\u00f3 que las dosis \u00abvan a estar destinadas a adolescentes entre 12 y 17 a\u00f1os, en forma universal\u00bb.<\/p>\n<\/div>\n<p><!--more--><br \/>\n<iframe loading=\"lazy\" title=\"YouTube video player\" src=\"https:\/\/www.youtube.com\/embed\/PmwljWviCFs\" width=\"646\" height=\"363\" frameborder=\"0\" allowfullscreen=\"allowfullscreen\"><\/iframe><\/p>\n<div class=\"editable-content clearfix\">\n<div class=\"epigrafe\">Anuncian firma de un acuerdo \u00abvinculante\u00bb con Pfizer por 20 millones de vacunas<\/div>\n<p>La ministra de Salud, Carla Vizzotti, anunci\u00f3 este martes la firma de un acuerdo \u00abvinculante\u00bb con el laboratorio Pfizer para la adquisici\u00f3n de 20 millones de vacunas contra el coronavirus, las cuales se entregar\u00e1n entre septiembre y diciembre pr\u00f3ximos.<\/p>\n<p>La ministra dijo que el cronograma de entregas\u00a0<strong>comenzar\u00e1 el 6 de septiembre, para completar durante ese mes las 580.000 dosis<\/strong>, mientras que en octubre, noviembre y diciembre se continuar\u00e1 con los env\u00edos semanales hasta completar \u00ablas 20 millones\u00bb.<\/p>\n<div id=\"image\" class=\"image\">\n<p><img decoding=\"async\" title=\"Las dosis de Pfizer se sumar\u00e1n a las de Moderna para su aplicaci\u00f3n a menores de entre 12 y 17 a\u00f1os.\" src=\"https:\/\/www.telam.com.ar\/advf\/imagenes\/2020\/12\/5fe0bab95cdab_1004x565.jpg\" alt=\"Las dosis de Pfizer se sumar\u00e1n a las de Moderna para su aplicaci\u00f3n a menores de entre 12 y 17 a\u00f1os.\" \/><\/p>\n<div class=\"epigrafe\">Las dosis de Pfizer se sumar\u00e1n a las de Moderna para su aplicaci\u00f3n a menores de entre 12 y 17 a\u00f1os.<\/div>\n<\/div>\n<p>La funcionaria realiz\u00f3 el anuncio en la Sala de Conferencia de la Casa de Gobierno junto al ministro de Turismo y Deporte, Mat\u00edas Lammens.<\/p>\n<p>Vizzotti sostuvo que \u00ablas dosis de Pfizer\u00bb en el pa\u00eds\u00a0<strong>\u00abvan a estar destinadas a adolescentes entre 12 y 17 a\u00f1os, en forma universal\u00bb<\/strong>, y record\u00f3 que se est\u00e1n distribuyendo \u00ab900.000 dosis de Moderna para adolescentes con comorbilidades\u00bb.<\/p>\n<div id=\"image\" class=\"image\">\n<p><img decoding=\"async\" title=\"La funcionaria realiz\u00f3 el anuncio en la Sala de Conferencia de la Casa de Gobierno junto al ministro de Turismo y Deporte, Mat\u00edas Lammens. Foto: Presidencia.\" src=\"https:\/\/www.telam.com.ar\/advf\/imagenes\/2021\/08\/61254e399e9b1.08.2021%20foto%20presidencia%20565_1004x565.jpg\" alt=\"La funcionaria realiz\u00f3 el anuncio en la Sala de Conferencia de la Casa de Gobierno junto al ministro de Turismo y Deporte, Mat\u00edas Lammens. Foto: Presidencia.\" \/><\/p>\n<div class=\"epigrafe\">La funcionaria realiz\u00f3 el anuncio en la Sala de Conferencia de la Casa de Gobierno junto al ministro de Turismo y Deporte, Mat\u00edas Lammens. Foto: Presidencia.<\/div>\n<\/div>\n<p>\u00abHay cero aglomerados urbanos en situaci\u00f3n de alarma epidemiol\u00f3gica\u00bb por coronavirus, asegur\u00f3 la ministra de Salud, al brindar detalles de la situaci\u00f3n epidemiol\u00f3gica sanitaria en esta etapa de la pandemia por coronavirus.<\/p>\n<p>En ese sentido, ratific\u00f3 que\u00a0<strong>\u00ablas terapias intensivas est\u00e1n en situaci\u00f3n de no tensi\u00f3n\u00bb por la enfermedad.<\/strong><\/p>\n<p>Asimismo, reiter\u00f3 que el pa\u00eds transita la semana 13 consecutiva de \u00abdisminuci\u00f3n del n\u00famero de casos\u00bb de contagios y la semana 11 de disminuci\u00f3n de la cantidad de internaciones en las unidades de terapia intensiva.<\/p>\n<p>Por otra parte, explic\u00f3 que hay que tener en cuenta e<strong>l \u00abn\u00famero de internaciones en terapia intensiva y la tensi\u00f3n del sistema de salud\u00bb\u00a0<\/strong>para establecer la situaci\u00f3n epidemiol\u00f3gica por la presencia de la variante Delta de coronavirus.<\/p>\n<p>\u00abEs bien diferente decir que hay casos comunitarios que decir que hay circulaci\u00f3n predominante\u00bb, aclar\u00f3 Vizzotti, y destac\u00f3 como logro del Gobierno \u00abhaber demorado\u00bb la presencia de la variante Delta en el pa\u00eds, a partir de la vacunaci\u00f3n.<\/p>\n<\/div>\n","protected":false},"excerpt":{"rendered":"<p>La ministra dijo que el cronograma de entregas comenzar\u00e1 el 6 de septiembre, para completar durante ese mes las 580.000 dosis, mientras que en octubre, noviembre y diciembre se completar\u00e1 el acuerdo. Adem\u00e1s indic\u00f3 que las dosis \u00abvan a estar destinadas a adolescentes entre 12 y 17 a\u00f1os, en forma universal\u00bb.<\/p>\n","protected":false},"author":3,"featured_media":0,"comment_status":"closed","ping_status":"closed","sticky":false,"template":"","format":"standard","meta":{"footnotes":""},"categories":[24,30],"tags":[],"class_list":["post-61937","post","type-post","status-publish","format-standard","hentry","category-politica","category-salud"],"yoast_head":"<!-- This site is optimized with the Yoast SEO plugin v25.9 - https:\/\/yoast.com\/wordpress\/plugins\/seo\/ -->\n<title>Llegan 20 millones de Pfizer antes de fin de a\u00f1o para vacunar a chicas y chicos de 12 a 17 a\u00f1os - Noticias Radio Reflejos<\/title>\n<meta name=\"robots\" content=\"index, follow, max-snippet:-1, max-image-preview:large, max-video-preview:-1\" \/>\n<link rel=\"canonical\" href=\"https:\/\/www.noticiasradioreflejos.com.ar\/2021\/llegan-20-millones-de-pfizer-antes-de-fin-de-ano-para-vacunar-a-chicas-y-chicos-de-12-a-17-anos\/\" \/>\n<meta property=\"og:locale\" content=\"es_ES\" \/>\n<meta property=\"og:type\" content=\"article\" \/>\n<meta property=\"og:title\" content=\"Llegan 20 millones de Pfizer antes de fin de a\u00f1o para vacunar a chicas y chicos de 12 a 17 a\u00f1os - Noticias Radio Reflejos\" \/>\n<meta property=\"og:description\" content=\"La ministra dijo que el cronograma de entregas comenzar\u00e1 el 6 de septiembre, para completar durante ese mes las 580.000 dosis, mientras que en octubre, noviembre y diciembre se completar\u00e1 el acuerdo. Adem\u00e1s indic\u00f3 que las dosis \u00abvan a estar destinadas a adolescentes entre 12 y 17 a\u00f1os, en forma universal\u00bb.\" \/>\n<meta property=\"og:url\" content=\"https:\/\/www.noticiasradioreflejos.com.ar\/2021\/llegan-20-millones-de-pfizer-antes-de-fin-de-ano-para-vacunar-a-chicas-y-chicos-de-12-a-17-anos\/\" \/>\n<meta property=\"og:site_name\" content=\"Noticias Radio Reflejos\" \/>\n<meta property=\"article:published_time\" content=\"2021-08-24T21:36:33+00:00\" \/>\n<meta property=\"og:image\" content=\"https:\/\/www.telam.com.ar\/advf\/imagenes\/2020\/12\/5fe0bab95cdab_1004x565.jpg\" \/>\n<meta name=\"author\" content=\"Arnaldo Botto\" \/>\n<meta name=\"twitter:card\" content=\"summary_large_image\" \/>\n<script type=\"application\/ld+json\" class=\"yoast-schema-graph\">{\"@context\":\"https:\/\/schema.org\",\"@graph\":[{\"@type\":\"WebPage\",\"@id\":\"https:\/\/www.noticiasradioreflejos.com.ar\/2021\/llegan-20-millones-de-pfizer-antes-de-fin-de-ano-para-vacunar-a-chicas-y-chicos-de-12-a-17-anos\/\",\"url\":\"https:\/\/www.noticiasradioreflejos.com.ar\/2021\/llegan-20-millones-de-pfizer-antes-de-fin-de-ano-para-vacunar-a-chicas-y-chicos-de-12-a-17-anos\/\",\"name\":\"Llegan 20 millones de Pfizer antes de fin de a\u00f1o para vacunar a chicas y chicos de 12 a 17 a\u00f1os - Noticias Radio Reflejos\",\"isPartOf\":{\"@id\":\"https:\/\/www.noticiasradioreflejos.com.ar\/2021\/#website\"},\"primaryImageOfPage\":{\"@id\":\"https:\/\/www.noticiasradioreflejos.com.ar\/2021\/llegan-20-millones-de-pfizer-antes-de-fin-de-ano-para-vacunar-a-chicas-y-chicos-de-12-a-17-anos\/#primaryimage\"},\"image\":{\"@id\":\"https:\/\/www.noticiasradioreflejos.com.ar\/2021\/llegan-20-millones-de-pfizer-antes-de-fin-de-ano-para-vacunar-a-chicas-y-chicos-de-12-a-17-anos\/#primaryimage\"},\"thumbnailUrl\":\"https:\/\/www.telam.com.ar\/advf\/imagenes\/2020\/12\/5fe0bab95cdab_1004x565.jpg\",\"datePublished\":\"2021-08-24T21:36:33+00:00\",\"author\":{\"@id\":\"https:\/\/www.noticiasradioreflejos.com.ar\/2021\/#\/schema\/person\/ad82545263dcc5ec0996818884fd5fb1\"},\"breadcrumb\":{\"@id\":\"https:\/\/www.noticiasradioreflejos.com.ar\/2021\/llegan-20-millones-de-pfizer-antes-de-fin-de-ano-para-vacunar-a-chicas-y-chicos-de-12-a-17-anos\/#breadcrumb\"},\"inLanguage\":\"es\",\"potentialAction\":[{\"@type\":\"ReadAction\",\"target\":[\"https:\/\/www.noticiasradioreflejos.com.ar\/2021\/llegan-20-millones-de-pfizer-antes-de-fin-de-ano-para-vacunar-a-chicas-y-chicos-de-12-a-17-anos\/\"]}]},{\"@type\":\"ImageObject\",\"inLanguage\":\"es\",\"@id\":\"https:\/\/www.noticiasradioreflejos.com.ar\/2021\/llegan-20-millones-de-pfizer-antes-de-fin-de-ano-para-vacunar-a-chicas-y-chicos-de-12-a-17-anos\/#primaryimage\",\"url\":\"https:\/\/www.telam.com.ar\/advf\/imagenes\/2020\/12\/5fe0bab95cdab_1004x565.jpg\",\"contentUrl\":\"https:\/\/www.telam.com.ar\/advf\/imagenes\/2020\/12\/5fe0bab95cdab_1004x565.jpg\"},{\"@type\":\"BreadcrumbList\",\"@id\":\"https:\/\/www.noticiasradioreflejos.com.ar\/2021\/llegan-20-millones-de-pfizer-antes-de-fin-de-ano-para-vacunar-a-chicas-y-chicos-de-12-a-17-anos\/#breadcrumb\",\"itemListElement\":[{\"@type\":\"ListItem\",\"position\":1,\"name\":\"Portada\",\"item\":\"https:\/\/www.noticiasradioreflejos.com.ar\/2021\/\"},{\"@type\":\"ListItem\",\"position\":2,\"name\":\"Llegan 20 millones de Pfizer antes de fin de a\u00f1o para vacunar a chicas y chicos de 12 a 17 a\u00f1os\"}]},{\"@type\":\"WebSite\",\"@id\":\"https:\/\/www.noticiasradioreflejos.com.ar\/2021\/#website\",\"url\":\"https:\/\/www.noticiasradioreflejos.com.ar\/2021\/\",\"name\":\"Noticias Radio Reflejos\",\"description\":\"Las noticias de mi comarca\",\"potentialAction\":[{\"@type\":\"SearchAction\",\"target\":{\"@type\":\"EntryPoint\",\"urlTemplate\":\"https:\/\/www.noticiasradioreflejos.com.ar\/2021\/?s={search_term_string}\"},\"query-input\":{\"@type\":\"PropertyValueSpecification\",\"valueRequired\":true,\"valueName\":\"search_term_string\"}}],\"inLanguage\":\"es\"},{\"@type\":\"Person\",\"@id\":\"https:\/\/www.noticiasradioreflejos.com.ar\/2021\/#\/schema\/person\/ad82545263dcc5ec0996818884fd5fb1\",\"name\":\"Arnaldo Botto\",\"image\":{\"@type\":\"ImageObject\",\"inLanguage\":\"es\",\"@id\":\"https:\/\/www.noticiasradioreflejos.com.ar\/2021\/#\/schema\/person\/image\/\",\"url\":\"https:\/\/secure.gravatar.com\/avatar\/55cb5e37c1efa326397366e6974cb338056df65cb50e7d64d1cf314e87504837?s=96&d=mm&r=g\",\"contentUrl\":\"https:\/\/secure.gravatar.com\/avatar\/55cb5e37c1efa326397366e6974cb338056df65cb50e7d64d1cf314e87504837?s=96&d=mm&r=g\",\"caption\":\"Arnaldo Botto\"},\"url\":\"https:\/\/www.noticiasradioreflejos.com.ar\/2021\/author\/arnaldo\/\"}]}<\/script>\n<!-- \/ Yoast SEO plugin. -->","yoast_head_json":{"title":"Llegan 20 millones de Pfizer antes de fin de a\u00f1o para vacunar a chicas y chicos de 12 a 17 a\u00f1os - Noticias Radio Reflejos","robots":{"index":"index","follow":"follow","max-snippet":"max-snippet:-1","max-image-preview":"max-image-preview:large","max-video-preview":"max-video-preview:-1"},"canonical":"https:\/\/www.noticiasradioreflejos.com.ar\/2021\/llegan-20-millones-de-pfizer-antes-de-fin-de-ano-para-vacunar-a-chicas-y-chicos-de-12-a-17-anos\/","og_locale":"es_ES","og_type":"article","og_title":"Llegan 20 millones de Pfizer antes de fin de a\u00f1o para vacunar a chicas y chicos de 12 a 17 a\u00f1os - Noticias Radio Reflejos","og_description":"La ministra dijo que el cronograma de entregas comenzar\u00e1 el 6 de septiembre, para completar durante ese mes las 580.000 dosis, mientras que en octubre, noviembre y diciembre se completar\u00e1 el acuerdo. Adem\u00e1s indic\u00f3 que las dosis \u00abvan a estar destinadas a adolescentes entre 12 y 17 a\u00f1os, en forma universal\u00bb.","og_url":"https:\/\/www.noticiasradioreflejos.com.ar\/2021\/llegan-20-millones-de-pfizer-antes-de-fin-de-ano-para-vacunar-a-chicas-y-chicos-de-12-a-17-anos\/","og_site_name":"Noticias Radio Reflejos","article_published_time":"2021-08-24T21:36:33+00:00","og_image":[{"url":"https:\/\/www.telam.com.ar\/advf\/imagenes\/2020\/12\/5fe0bab95cdab_1004x565.jpg","type":"","width":"","height":""}],"author":"Arnaldo Botto","twitter_card":"summary_large_image","schema":{"@context":"https:\/\/schema.org","@graph":[{"@type":"WebPage","@id":"https:\/\/www.noticiasradioreflejos.com.ar\/2021\/llegan-20-millones-de-pfizer-antes-de-fin-de-ano-para-vacunar-a-chicas-y-chicos-de-12-a-17-anos\/","url":"https:\/\/www.noticiasradioreflejos.com.ar\/2021\/llegan-20-millones-de-pfizer-antes-de-fin-de-ano-para-vacunar-a-chicas-y-chicos-de-12-a-17-anos\/","name":"Llegan 20 millones de Pfizer antes de fin de a\u00f1o para vacunar a chicas y chicos de 12 a 17 a\u00f1os - Noticias Radio Reflejos","isPartOf":{"@id":"https:\/\/www.noticiasradioreflejos.com.ar\/2021\/#website"},"primaryImageOfPage":{"@id":"https:\/\/www.noticiasradioreflejos.com.ar\/2021\/llegan-20-millones-de-pfizer-antes-de-fin-de-ano-para-vacunar-a-chicas-y-chicos-de-12-a-17-anos\/#primaryimage"},"image":{"@id":"https:\/\/www.noticiasradioreflejos.com.ar\/2021\/llegan-20-millones-de-pfizer-antes-de-fin-de-ano-para-vacunar-a-chicas-y-chicos-de-12-a-17-anos\/#primaryimage"},"thumbnailUrl":"https:\/\/www.telam.com.ar\/advf\/imagenes\/2020\/12\/5fe0bab95cdab_1004x565.jpg","datePublished":"2021-08-24T21:36:33+00:00","author":{"@id":"https:\/\/www.noticiasradioreflejos.com.ar\/2021\/#\/schema\/person\/ad82545263dcc5ec0996818884fd5fb1"},"breadcrumb":{"@id":"https:\/\/www.noticiasradioreflejos.com.ar\/2021\/llegan-20-millones-de-pfizer-antes-de-fin-de-ano-para-vacunar-a-chicas-y-chicos-de-12-a-17-anos\/#breadcrumb"},"inLanguage":"es","potentialAction":[{"@type":"ReadAction","target":["https:\/\/www.noticiasradioreflejos.com.ar\/2021\/llegan-20-millones-de-pfizer-antes-de-fin-de-ano-para-vacunar-a-chicas-y-chicos-de-12-a-17-anos\/"]}]},{"@type":"ImageObject","inLanguage":"es","@id":"https:\/\/www.noticiasradioreflejos.com.ar\/2021\/llegan-20-millones-de-pfizer-antes-de-fin-de-ano-para-vacunar-a-chicas-y-chicos-de-12-a-17-anos\/#primaryimage","url":"https:\/\/www.telam.com.ar\/advf\/imagenes\/2020\/12\/5fe0bab95cdab_1004x565.jpg","contentUrl":"https:\/\/www.telam.com.ar\/advf\/imagenes\/2020\/12\/5fe0bab95cdab_1004x565.jpg"},{"@type":"BreadcrumbList","@id":"https:\/\/www.noticiasradioreflejos.com.ar\/2021\/llegan-20-millones-de-pfizer-antes-de-fin-de-ano-para-vacunar-a-chicas-y-chicos-de-12-a-17-anos\/#breadcrumb","itemListElement":[{"@type":"ListItem","position":1,"name":"Portada","item":"https:\/\/www.noticiasradioreflejos.com.ar\/2021\/"},{"@type":"ListItem","position":2,"name":"Llegan 20 millones de Pfizer antes de fin de a\u00f1o para vacunar a chicas y chicos de 12 a 17 a\u00f1os"}]},{"@type":"WebSite","@id":"https:\/\/www.noticiasradioreflejos.com.ar\/2021\/#website","url":"https:\/\/www.noticiasradioreflejos.com.ar\/2021\/","name":"Noticias Radio Reflejos","description":"Las noticias de mi comarca","potentialAction":[{"@type":"SearchAction","target":{"@type":"EntryPoint","urlTemplate":"https:\/\/www.noticiasradioreflejos.com.ar\/2021\/?s={search_term_string}"},"query-input":{"@type":"PropertyValueSpecification","valueRequired":true,"valueName":"search_term_string"}}],"inLanguage":"es"},{"@type":"Person","@id":"https:\/\/www.noticiasradioreflejos.com.ar\/2021\/#\/schema\/person\/ad82545263dcc5ec0996818884fd5fb1","name":"Arnaldo Botto","image":{"@type":"ImageObject","inLanguage":"es","@id":"https:\/\/www.noticiasradioreflejos.com.ar\/2021\/#\/schema\/person\/image\/","url":"https:\/\/secure.gravatar.com\/avatar\/55cb5e37c1efa326397366e6974cb338056df65cb50e7d64d1cf314e87504837?s=96&d=mm&r=g","contentUrl":"https:\/\/secure.gravatar.com\/avatar\/55cb5e37c1efa326397366e6974cb338056df65cb50e7d64d1cf314e87504837?s=96&d=mm&r=g","caption":"Arnaldo Botto"},"url":"https:\/\/www.noticiasradioreflejos.com.ar\/2021\/author\/arnaldo\/"}]}},"_links":{"self":[{"href":"https:\/\/www.noticiasradioreflejos.com.ar\/2021\/wp-json\/wp\/v2\/posts\/61937","targetHints":{"allow":["GET"]}}],"collection":[{"href":"https:\/\/www.noticiasradioreflejos.com.ar\/2021\/wp-json\/wp\/v2\/posts"}],"about":[{"href":"https:\/\/www.noticiasradioreflejos.com.ar\/2021\/wp-json\/wp\/v2\/types\/post"}],"author":[{"embeddable":true,"href":"https:\/\/www.noticiasradioreflejos.com.ar\/2021\/wp-json\/wp\/v2\/users\/3"}],"replies":[{"embeddable":true,"href":"https:\/\/www.noticiasradioreflejos.com.ar\/2021\/wp-json\/wp\/v2\/comments?post=61937"}],"version-history":[{"count":1,"href":"https:\/\/www.noticiasradioreflejos.com.ar\/2021\/wp-json\/wp\/v2\/posts\/61937\/revisions"}],"predecessor-version":[{"id":61939,"href":"https:\/\/www.noticiasradioreflejos.com.ar\/2021\/wp-json\/wp\/v2\/posts\/61937\/revisions\/61939"}],"wp:attachment":[{"href":"https:\/\/www.noticiasradioreflejos.com.ar\/2021\/wp-json\/wp\/v2\/media?parent=61937"}],"wp:term":[{"taxonomy":"category","embeddable":true,"href":"https:\/\/www.noticiasradioreflejos.com.ar\/2021\/wp-json\/wp\/v2\/categories?post=61937"},{"taxonomy":"post_tag","embeddable":true,"href":"https:\/\/www.noticiasradioreflejos.com.ar\/2021\/wp-json\/wp\/v2\/tags?post=61937"}],"curies":[{"name":"wp","href":"https:\/\/api.w.org\/{rel}","templated":true}]}}