{"id":61931,"date":"2021-08-24T21:06:29","date_gmt":"2021-08-24T21:06:29","guid":{"rendered":"http:\/\/www.noticiasradioreflejos.com.ar\/2021\/?p=61931"},"modified":"2021-08-24T21:06:29","modified_gmt":"2021-08-24T21:06:29","slug":"comienza-este-miercoles-el-programa-de-capacitacion-a-candidatos-a-concejales","status":"publish","type":"post","link":"https:\/\/www.noticiasradioreflejos.com.ar\/2021\/comienza-este-miercoles-el-programa-de-capacitacion-a-candidatos-a-concejales\/","title":{"rendered":"Comienza este mi\u00e9rcoles el Programa de Capacitaci\u00f3n a Candidatos a Concejales"},"content":{"rendered":"<p>Este mi\u00e9rcoles 25 a las 18.30 hs por la plataforma Zoom, comenzar\u00e1 el Programa de Capacitaci\u00f3n a Candidatos a Concejales, que se desarrollar\u00e1 producto de un convenio firmado por el municipio de Tornquist y la Universidad Provincial del Sudoeste (UPSO).<!--more--><\/p>\n<p>El objetivo del curso es brindar herramientas b\u00e1sicas de t\u00e9cnica legislativa, participaci\u00f3n ciudadana y gesti\u00f3n presupuestaria, entre otros, para que cada uno de los participantes, en el caso de resultar electos, pueda desarrollar su funci\u00f3n con los conocimientos b\u00e1sicos que se requieren en el Honorable Concejo Deliberante.<\/p>\n<p>La capacitaci\u00f3n constar\u00e1 de cuatro encuentros totalmente virtuales, a llevarse a cabo los d\u00edas 25 y 30 de agosto y 1 y 6 de septiembre, y estar\u00e1 a cargo de las docentes Mg. Elisa Quartucci y Lic. Juliana Tomassini.<\/p>\n<p>Mayor informaci\u00f3n e inscripci\u00f3n: <a href=\"https:\/\/www.upso.edu.ar\/capacitacion-candidatos-concejal\/\">https:\/\/www.upso.edu.ar\/capacitacion-candidatos-concejal\/<\/a><\/p>\n<p><strong>Datos de Zoom para unirse al curso<\/strong><\/p>\n<p><a href=\"https:\/\/us02web.zoom.us\/j\/81500335674?pwd=aUJMR1RTNmpPYml5N1NSUnBid0VqUT09\">https:\/\/us02web.zoom.us\/j\/81500335674?pwd=aUJMR1RTNmpPYml5N1NSUnBid0VqUT09<\/a><\/p>\n<p>ID de reuni\u00f3n: 815 0033 5674<\/p>\n<p>C\u00f3digo de acceso: 136783<\/p>\n","protected":false},"excerpt":{"rendered":"<p>Este mi\u00e9rcoles 25 a las 18.30 hs por la plataforma Zoom, comenzar\u00e1 el Programa de Capacitaci\u00f3n a Candidatos a Concejales, que se desarrollar\u00e1 producto de un convenio firmado por el municipio de Tornquist y la Universidad Provincial del Sudoeste (UPSO).<\/p>\n","protected":false},"author":3,"featured_media":0,"comment_status":"closed","ping_status":"closed","sticky":false,"template":"","format":"standard","meta":{"footnotes":""},"categories":[28],"tags":[],"class_list":["post-61931","post","type-post","status-publish","format-standard","hentry","category-municipales"],"yoast_head":"<!-- This site is optimized with the Yoast SEO plugin v25.9 - https:\/\/yoast.com\/wordpress\/plugins\/seo\/ -->\n<title>Comienza este mi\u00e9rcoles el Programa de Capacitaci\u00f3n a Candidatos a Concejales - Noticias Radio Reflejos<\/title>\n<meta name=\"robots\" content=\"index, follow, max-snippet:-1, max-image-preview:large, max-video-preview:-1\" \/>\n<link rel=\"canonical\" href=\"https:\/\/www.noticiasradioreflejos.com.ar\/2021\/comienza-este-miercoles-el-programa-de-capacitacion-a-candidatos-a-concejales\/\" \/>\n<meta property=\"og:locale\" content=\"es_ES\" \/>\n<meta property=\"og:type\" content=\"article\" \/>\n<meta property=\"og:title\" content=\"Comienza este mi\u00e9rcoles el Programa de Capacitaci\u00f3n a Candidatos a Concejales - Noticias Radio Reflejos\" \/>\n<meta property=\"og:description\" content=\"Este mi\u00e9rcoles 25 a las 18.30 hs por la plataforma Zoom, comenzar\u00e1 el Programa de Capacitaci\u00f3n a Candidatos a Concejales, que se desarrollar\u00e1 producto de un convenio firmado por el municipio de Tornquist y la Universidad Provincial del Sudoeste (UPSO).\" \/>\n<meta property=\"og:url\" content=\"https:\/\/www.noticiasradioreflejos.com.ar\/2021\/comienza-este-miercoles-el-programa-de-capacitacion-a-candidatos-a-concejales\/\" \/>\n<meta property=\"og:site_name\" content=\"Noticias Radio Reflejos\" \/>\n<meta property=\"article:published_time\" content=\"2021-08-24T21:06:29+00:00\" \/>\n<meta property=\"og:image\" content=\"https:\/\/www.noticiasradioreflejos.com.ar\/2021\/wp-content\/uploads\/2021\/07\/logosol300x200.png\" \/>\n\t<meta property=\"og:image:width\" content=\"300\" \/>\n\t<meta property=\"og:image:height\" content=\"200\" \/>\n\t<meta property=\"og:image:type\" content=\"image\/png\" \/>\n<meta name=\"author\" content=\"Arnaldo Botto\" \/>\n<meta name=\"twitter:card\" content=\"summary_large_image\" \/>\n<script type=\"application\/ld+json\" class=\"yoast-schema-graph\">{\"@context\":\"https:\/\/schema.org\",\"@graph\":[{\"@type\":\"WebPage\",\"@id\":\"https:\/\/www.noticiasradioreflejos.com.ar\/2021\/comienza-este-miercoles-el-programa-de-capacitacion-a-candidatos-a-concejales\/\",\"url\":\"https:\/\/www.noticiasradioreflejos.com.ar\/2021\/comienza-este-miercoles-el-programa-de-capacitacion-a-candidatos-a-concejales\/\",\"name\":\"Comienza este mi\u00e9rcoles el Programa de Capacitaci\u00f3n a Candidatos a Concejales - Noticias Radio Reflejos\",\"isPartOf\":{\"@id\":\"https:\/\/www.noticiasradioreflejos.com.ar\/2021\/#website\"},\"datePublished\":\"2021-08-24T21:06:29+00:00\",\"author\":{\"@id\":\"https:\/\/www.noticiasradioreflejos.com.ar\/2021\/#\/schema\/person\/ad82545263dcc5ec0996818884fd5fb1\"},\"breadcrumb\":{\"@id\":\"https:\/\/www.noticiasradioreflejos.com.ar\/2021\/comienza-este-miercoles-el-programa-de-capacitacion-a-candidatos-a-concejales\/#breadcrumb\"},\"inLanguage\":\"es\",\"potentialAction\":[{\"@type\":\"ReadAction\",\"target\":[\"https:\/\/www.noticiasradioreflejos.com.ar\/2021\/comienza-este-miercoles-el-programa-de-capacitacion-a-candidatos-a-concejales\/\"]}]},{\"@type\":\"BreadcrumbList\",\"@id\":\"https:\/\/www.noticiasradioreflejos.com.ar\/2021\/comienza-este-miercoles-el-programa-de-capacitacion-a-candidatos-a-concejales\/#breadcrumb\",\"itemListElement\":[{\"@type\":\"ListItem\",\"position\":1,\"name\":\"Portada\",\"item\":\"https:\/\/www.noticiasradioreflejos.com.ar\/2021\/\"},{\"@type\":\"ListItem\",\"position\":2,\"name\":\"Comienza este mi\u00e9rcoles el Programa de Capacitaci\u00f3n a Candidatos a Concejales\"}]},{\"@type\":\"WebSite\",\"@id\":\"https:\/\/www.noticiasradioreflejos.com.ar\/2021\/#website\",\"url\":\"https:\/\/www.noticiasradioreflejos.com.ar\/2021\/\",\"name\":\"Noticias Radio Reflejos\",\"description\":\"Las noticias de mi comarca\",\"potentialAction\":[{\"@type\":\"SearchAction\",\"target\":{\"@type\":\"EntryPoint\",\"urlTemplate\":\"https:\/\/www.noticiasradioreflejos.com.ar\/2021\/?s={search_term_string}\"},\"query-input\":{\"@type\":\"PropertyValueSpecification\",\"valueRequired\":true,\"valueName\":\"search_term_string\"}}],\"inLanguage\":\"es\"},{\"@type\":\"Person\",\"@id\":\"https:\/\/www.noticiasradioreflejos.com.ar\/2021\/#\/schema\/person\/ad82545263dcc5ec0996818884fd5fb1\",\"name\":\"Arnaldo Botto\",\"image\":{\"@type\":\"ImageObject\",\"inLanguage\":\"es\",\"@id\":\"https:\/\/www.noticiasradioreflejos.com.ar\/2021\/#\/schema\/person\/image\/\",\"url\":\"https:\/\/secure.gravatar.com\/avatar\/55cb5e37c1efa326397366e6974cb338056df65cb50e7d64d1cf314e87504837?s=96&d=mm&r=g\",\"contentUrl\":\"https:\/\/secure.gravatar.com\/avatar\/55cb5e37c1efa326397366e6974cb338056df65cb50e7d64d1cf314e87504837?s=96&d=mm&r=g\",\"caption\":\"Arnaldo Botto\"},\"url\":\"https:\/\/www.noticiasradioreflejos.com.ar\/2021\/author\/arnaldo\/\"}]}<\/script>\n<!-- \/ Yoast SEO plugin. -->","yoast_head_json":{"title":"Comienza este mi\u00e9rcoles el Programa de Capacitaci\u00f3n a Candidatos a Concejales - Noticias Radio Reflejos","robots":{"index":"index","follow":"follow","max-snippet":"max-snippet:-1","max-image-preview":"max-image-preview:large","max-video-preview":"max-video-preview:-1"},"canonical":"https:\/\/www.noticiasradioreflejos.com.ar\/2021\/comienza-este-miercoles-el-programa-de-capacitacion-a-candidatos-a-concejales\/","og_locale":"es_ES","og_type":"article","og_title":"Comienza este mi\u00e9rcoles el Programa de Capacitaci\u00f3n a Candidatos a Concejales - Noticias Radio Reflejos","og_description":"Este mi\u00e9rcoles 25 a las 18.30 hs por la plataforma Zoom, comenzar\u00e1 el Programa de Capacitaci\u00f3n a Candidatos a Concejales, que se desarrollar\u00e1 producto de un convenio firmado por el municipio de Tornquist y la Universidad Provincial del Sudoeste (UPSO).","og_url":"https:\/\/www.noticiasradioreflejos.com.ar\/2021\/comienza-este-miercoles-el-programa-de-capacitacion-a-candidatos-a-concejales\/","og_site_name":"Noticias Radio Reflejos","article_published_time":"2021-08-24T21:06:29+00:00","og_image":[{"width":300,"height":200,"url":"https:\/\/www.noticiasradioreflejos.com.ar\/2021\/wp-content\/uploads\/2021\/07\/logosol300x200.png","type":"image\/png"}],"author":"Arnaldo Botto","twitter_card":"summary_large_image","schema":{"@context":"https:\/\/schema.org","@graph":[{"@type":"WebPage","@id":"https:\/\/www.noticiasradioreflejos.com.ar\/2021\/comienza-este-miercoles-el-programa-de-capacitacion-a-candidatos-a-concejales\/","url":"https:\/\/www.noticiasradioreflejos.com.ar\/2021\/comienza-este-miercoles-el-programa-de-capacitacion-a-candidatos-a-concejales\/","name":"Comienza este mi\u00e9rcoles el Programa de Capacitaci\u00f3n a Candidatos a Concejales - Noticias Radio Reflejos","isPartOf":{"@id":"https:\/\/www.noticiasradioreflejos.com.ar\/2021\/#website"},"datePublished":"2021-08-24T21:06:29+00:00","author":{"@id":"https:\/\/www.noticiasradioreflejos.com.ar\/2021\/#\/schema\/person\/ad82545263dcc5ec0996818884fd5fb1"},"breadcrumb":{"@id":"https:\/\/www.noticiasradioreflejos.com.ar\/2021\/comienza-este-miercoles-el-programa-de-capacitacion-a-candidatos-a-concejales\/#breadcrumb"},"inLanguage":"es","potentialAction":[{"@type":"ReadAction","target":["https:\/\/www.noticiasradioreflejos.com.ar\/2021\/comienza-este-miercoles-el-programa-de-capacitacion-a-candidatos-a-concejales\/"]}]},{"@type":"BreadcrumbList","@id":"https:\/\/www.noticiasradioreflejos.com.ar\/2021\/comienza-este-miercoles-el-programa-de-capacitacion-a-candidatos-a-concejales\/#breadcrumb","itemListElement":[{"@type":"ListItem","position":1,"name":"Portada","item":"https:\/\/www.noticiasradioreflejos.com.ar\/2021\/"},{"@type":"ListItem","position":2,"name":"Comienza este mi\u00e9rcoles el Programa de Capacitaci\u00f3n a Candidatos a Concejales"}]},{"@type":"WebSite","@id":"https:\/\/www.noticiasradioreflejos.com.ar\/2021\/#website","url":"https:\/\/www.noticiasradioreflejos.com.ar\/2021\/","name":"Noticias Radio Reflejos","description":"Las noticias de mi comarca","potentialAction":[{"@type":"SearchAction","target":{"@type":"EntryPoint","urlTemplate":"https:\/\/www.noticiasradioreflejos.com.ar\/2021\/?s={search_term_string}"},"query-input":{"@type":"PropertyValueSpecification","valueRequired":true,"valueName":"search_term_string"}}],"inLanguage":"es"},{"@type":"Person","@id":"https:\/\/www.noticiasradioreflejos.com.ar\/2021\/#\/schema\/person\/ad82545263dcc5ec0996818884fd5fb1","name":"Arnaldo Botto","image":{"@type":"ImageObject","inLanguage":"es","@id":"https:\/\/www.noticiasradioreflejos.com.ar\/2021\/#\/schema\/person\/image\/","url":"https:\/\/secure.gravatar.com\/avatar\/55cb5e37c1efa326397366e6974cb338056df65cb50e7d64d1cf314e87504837?s=96&d=mm&r=g","contentUrl":"https:\/\/secure.gravatar.com\/avatar\/55cb5e37c1efa326397366e6974cb338056df65cb50e7d64d1cf314e87504837?s=96&d=mm&r=g","caption":"Arnaldo Botto"},"url":"https:\/\/www.noticiasradioreflejos.com.ar\/2021\/author\/arnaldo\/"}]}},"_links":{"self":[{"href":"https:\/\/www.noticiasradioreflejos.com.ar\/2021\/wp-json\/wp\/v2\/posts\/61931","targetHints":{"allow":["GET"]}}],"collection":[{"href":"https:\/\/www.noticiasradioreflejos.com.ar\/2021\/wp-json\/wp\/v2\/posts"}],"about":[{"href":"https:\/\/www.noticiasradioreflejos.com.ar\/2021\/wp-json\/wp\/v2\/types\/post"}],"author":[{"embeddable":true,"href":"https:\/\/www.noticiasradioreflejos.com.ar\/2021\/wp-json\/wp\/v2\/users\/3"}],"replies":[{"embeddable":true,"href":"https:\/\/www.noticiasradioreflejos.com.ar\/2021\/wp-json\/wp\/v2\/comments?post=61931"}],"version-history":[{"count":1,"href":"https:\/\/www.noticiasradioreflejos.com.ar\/2021\/wp-json\/wp\/v2\/posts\/61931\/revisions"}],"predecessor-version":[{"id":61933,"href":"https:\/\/www.noticiasradioreflejos.com.ar\/2021\/wp-json\/wp\/v2\/posts\/61931\/revisions\/61933"}],"wp:attachment":[{"href":"https:\/\/www.noticiasradioreflejos.com.ar\/2021\/wp-json\/wp\/v2\/media?parent=61931"}],"wp:term":[{"taxonomy":"category","embeddable":true,"href":"https:\/\/www.noticiasradioreflejos.com.ar\/2021\/wp-json\/wp\/v2\/categories?post=61931"},{"taxonomy":"post_tag","embeddable":true,"href":"https:\/\/www.noticiasradioreflejos.com.ar\/2021\/wp-json\/wp\/v2\/tags?post=61931"}],"curies":[{"name":"wp","href":"https:\/\/api.w.org\/{rel}","templated":true}]}}