{"id":61927,"date":"2021-08-24T21:03:18","date_gmt":"2021-08-24T21:03:18","guid":{"rendered":"http:\/\/www.noticiasradioreflejos.com.ar\/2021\/?p=61927"},"modified":"2021-08-24T21:04:51","modified_gmt":"2021-08-24T21:04:51","slug":"el-intendente-bordoni-recorrio-las-obras-de-la-sociedad-germanica","status":"publish","type":"post","link":"https:\/\/www.noticiasradioreflejos.com.ar\/2021\/el-intendente-bordoni-recorrio-las-obras-de-la-sociedad-germanica\/","title":{"rendered":"El intendente Bordoni recorri\u00f3 las obras de la Sociedad Germ\u00e1nica"},"content":{"rendered":"<p>Este martes, el intendente Sergio Bordoni visit\u00f3 la Sociedad Germ\u00e1nica de Tornquist, donde recorri\u00f3 el avance de las obras de la puesta en valor del edificio de la instituci\u00f3n.<!--more--><br \/>\nEl jefe comunal estuvo acompa\u00f1ado por el Secretario de Gobierno y Seguridad, Ezequiel Gabella, y el Subsecretario de Servicios Especiales Urbanos, Walter M\u00e9ndez, con quienes tambi\u00e9n visualiz\u00f3 los trabajos realizados por el municipio en el patio del predio.<br \/>\nLas autoridades fueron recibidas por el presidente de la entidad, Manuel Picado, quien explic\u00f3 las inversiones pr\u00f3ximas a ejecutar, sobre lo que Bordoni se comprometi\u00f3 desde la comuna a brindar un aporte para restaurar ese sitio hist\u00f3rico para la comunidad de Tornquist, que en septiembre de 2022 cumplir\u00e1 su centenario.<\/p>\n<p><a data-flickr-embed=\"true\" href=\"https:\/\/www.flickr.com\/photos\/182279889@N02\/51400326751\/in\/dateposted-public\/\" title=\"Visita Soc Germanic (2)\"><img loading=\"lazy\" decoding=\"async\" src=\"https:\/\/live.staticflickr.com\/65535\/51400326751_83702c221e_z.jpg\" width=\"640\" height=\"295\" alt=\"Visita Soc Germanic (2)\"><\/a><script async src=\"\/\/embedr.flickr.com\/assets\/client-code.js\" charset=\"utf-8\"><\/script><\/p>\n","protected":false},"excerpt":{"rendered":"<p>Este martes, el intendente Sergio Bordoni visit\u00f3 la Sociedad Germ\u00e1nica de Tornquist, donde recorri\u00f3 el avance de las obras de la puesta en valor del edificio de la instituci\u00f3n.<\/p>\n","protected":false},"author":3,"featured_media":0,"comment_status":"closed","ping_status":"closed","sticky":false,"template":"","format":"standard","meta":{"footnotes":""},"categories":[28],"tags":[],"class_list":["post-61927","post","type-post","status-publish","format-standard","hentry","category-municipales"],"yoast_head":"<!-- This site is optimized with the Yoast SEO plugin v25.9 - https:\/\/yoast.com\/wordpress\/plugins\/seo\/ -->\n<title>El intendente Bordoni recorri\u00f3 las obras de la Sociedad Germ\u00e1nica - Noticias Radio Reflejos<\/title>\n<meta name=\"robots\" content=\"index, follow, max-snippet:-1, max-image-preview:large, max-video-preview:-1\" \/>\n<link rel=\"canonical\" href=\"https:\/\/www.noticiasradioreflejos.com.ar\/2021\/el-intendente-bordoni-recorrio-las-obras-de-la-sociedad-germanica\/\" \/>\n<meta property=\"og:locale\" content=\"es_ES\" \/>\n<meta property=\"og:type\" content=\"article\" \/>\n<meta property=\"og:title\" content=\"El intendente Bordoni recorri\u00f3 las obras de la Sociedad Germ\u00e1nica - Noticias Radio Reflejos\" \/>\n<meta property=\"og:description\" content=\"Este martes, el intendente Sergio Bordoni visit\u00f3 la Sociedad Germ\u00e1nica de Tornquist, donde recorri\u00f3 el avance de las obras de la puesta en valor del edificio de la instituci\u00f3n.\" \/>\n<meta property=\"og:url\" content=\"https:\/\/www.noticiasradioreflejos.com.ar\/2021\/el-intendente-bordoni-recorrio-las-obras-de-la-sociedad-germanica\/\" \/>\n<meta property=\"og:site_name\" content=\"Noticias Radio Reflejos\" \/>\n<meta property=\"article:published_time\" content=\"2021-08-24T21:03:18+00:00\" \/>\n<meta property=\"article:modified_time\" content=\"2021-08-24T21:04:51+00:00\" \/>\n<meta property=\"og:image\" content=\"https:\/\/live.staticflickr.com\/65535\/51400326751_83702c221e_z.jpg\" \/>\n<meta name=\"author\" content=\"Arnaldo Botto\" \/>\n<meta name=\"twitter:card\" content=\"summary_large_image\" \/>\n<script type=\"application\/ld+json\" class=\"yoast-schema-graph\">{\"@context\":\"https:\/\/schema.org\",\"@graph\":[{\"@type\":\"WebPage\",\"@id\":\"https:\/\/www.noticiasradioreflejos.com.ar\/2021\/el-intendente-bordoni-recorrio-las-obras-de-la-sociedad-germanica\/\",\"url\":\"https:\/\/www.noticiasradioreflejos.com.ar\/2021\/el-intendente-bordoni-recorrio-las-obras-de-la-sociedad-germanica\/\",\"name\":\"El intendente Bordoni recorri\u00f3 las obras de la Sociedad Germ\u00e1nica - Noticias Radio Reflejos\",\"isPartOf\":{\"@id\":\"https:\/\/www.noticiasradioreflejos.com.ar\/2021\/#website\"},\"primaryImageOfPage\":{\"@id\":\"https:\/\/www.noticiasradioreflejos.com.ar\/2021\/el-intendente-bordoni-recorrio-las-obras-de-la-sociedad-germanica\/#primaryimage\"},\"image\":{\"@id\":\"https:\/\/www.noticiasradioreflejos.com.ar\/2021\/el-intendente-bordoni-recorrio-las-obras-de-la-sociedad-germanica\/#primaryimage\"},\"thumbnailUrl\":\"https:\/\/live.staticflickr.com\/65535\/51400326751_83702c221e_z.jpg\",\"datePublished\":\"2021-08-24T21:03:18+00:00\",\"dateModified\":\"2021-08-24T21:04:51+00:00\",\"author\":{\"@id\":\"https:\/\/www.noticiasradioreflejos.com.ar\/2021\/#\/schema\/person\/ad82545263dcc5ec0996818884fd5fb1\"},\"breadcrumb\":{\"@id\":\"https:\/\/www.noticiasradioreflejos.com.ar\/2021\/el-intendente-bordoni-recorrio-las-obras-de-la-sociedad-germanica\/#breadcrumb\"},\"inLanguage\":\"es\",\"potentialAction\":[{\"@type\":\"ReadAction\",\"target\":[\"https:\/\/www.noticiasradioreflejos.com.ar\/2021\/el-intendente-bordoni-recorrio-las-obras-de-la-sociedad-germanica\/\"]}]},{\"@type\":\"ImageObject\",\"inLanguage\":\"es\",\"@id\":\"https:\/\/www.noticiasradioreflejos.com.ar\/2021\/el-intendente-bordoni-recorrio-las-obras-de-la-sociedad-germanica\/#primaryimage\",\"url\":\"https:\/\/live.staticflickr.com\/65535\/51400326751_83702c221e_z.jpg\",\"contentUrl\":\"https:\/\/live.staticflickr.com\/65535\/51400326751_83702c221e_z.jpg\"},{\"@type\":\"BreadcrumbList\",\"@id\":\"https:\/\/www.noticiasradioreflejos.com.ar\/2021\/el-intendente-bordoni-recorrio-las-obras-de-la-sociedad-germanica\/#breadcrumb\",\"itemListElement\":[{\"@type\":\"ListItem\",\"position\":1,\"name\":\"Portada\",\"item\":\"https:\/\/www.noticiasradioreflejos.com.ar\/2021\/\"},{\"@type\":\"ListItem\",\"position\":2,\"name\":\"El intendente Bordoni recorri\u00f3 las obras de la Sociedad Germ\u00e1nica\"}]},{\"@type\":\"WebSite\",\"@id\":\"https:\/\/www.noticiasradioreflejos.com.ar\/2021\/#website\",\"url\":\"https:\/\/www.noticiasradioreflejos.com.ar\/2021\/\",\"name\":\"Noticias Radio Reflejos\",\"description\":\"Las noticias de mi comarca\",\"potentialAction\":[{\"@type\":\"SearchAction\",\"target\":{\"@type\":\"EntryPoint\",\"urlTemplate\":\"https:\/\/www.noticiasradioreflejos.com.ar\/2021\/?s={search_term_string}\"},\"query-input\":{\"@type\":\"PropertyValueSpecification\",\"valueRequired\":true,\"valueName\":\"search_term_string\"}}],\"inLanguage\":\"es\"},{\"@type\":\"Person\",\"@id\":\"https:\/\/www.noticiasradioreflejos.com.ar\/2021\/#\/schema\/person\/ad82545263dcc5ec0996818884fd5fb1\",\"name\":\"Arnaldo Botto\",\"image\":{\"@type\":\"ImageObject\",\"inLanguage\":\"es\",\"@id\":\"https:\/\/www.noticiasradioreflejos.com.ar\/2021\/#\/schema\/person\/image\/\",\"url\":\"https:\/\/secure.gravatar.com\/avatar\/55cb5e37c1efa326397366e6974cb338056df65cb50e7d64d1cf314e87504837?s=96&d=mm&r=g\",\"contentUrl\":\"https:\/\/secure.gravatar.com\/avatar\/55cb5e37c1efa326397366e6974cb338056df65cb50e7d64d1cf314e87504837?s=96&d=mm&r=g\",\"caption\":\"Arnaldo Botto\"},\"url\":\"https:\/\/www.noticiasradioreflejos.com.ar\/2021\/author\/arnaldo\/\"}]}<\/script>\n<!-- \/ Yoast SEO plugin. -->","yoast_head_json":{"title":"El intendente Bordoni recorri\u00f3 las obras de la Sociedad Germ\u00e1nica - Noticias Radio Reflejos","robots":{"index":"index","follow":"follow","max-snippet":"max-snippet:-1","max-image-preview":"max-image-preview:large","max-video-preview":"max-video-preview:-1"},"canonical":"https:\/\/www.noticiasradioreflejos.com.ar\/2021\/el-intendente-bordoni-recorrio-las-obras-de-la-sociedad-germanica\/","og_locale":"es_ES","og_type":"article","og_title":"El intendente Bordoni recorri\u00f3 las obras de la Sociedad Germ\u00e1nica - Noticias Radio Reflejos","og_description":"Este martes, el intendente Sergio Bordoni visit\u00f3 la Sociedad Germ\u00e1nica de Tornquist, donde recorri\u00f3 el avance de las obras de la puesta en valor del edificio de la instituci\u00f3n.","og_url":"https:\/\/www.noticiasradioreflejos.com.ar\/2021\/el-intendente-bordoni-recorrio-las-obras-de-la-sociedad-germanica\/","og_site_name":"Noticias Radio Reflejos","article_published_time":"2021-08-24T21:03:18+00:00","article_modified_time":"2021-08-24T21:04:51+00:00","og_image":[{"url":"https:\/\/live.staticflickr.com\/65535\/51400326751_83702c221e_z.jpg","type":"","width":"","height":""}],"author":"Arnaldo Botto","twitter_card":"summary_large_image","schema":{"@context":"https:\/\/schema.org","@graph":[{"@type":"WebPage","@id":"https:\/\/www.noticiasradioreflejos.com.ar\/2021\/el-intendente-bordoni-recorrio-las-obras-de-la-sociedad-germanica\/","url":"https:\/\/www.noticiasradioreflejos.com.ar\/2021\/el-intendente-bordoni-recorrio-las-obras-de-la-sociedad-germanica\/","name":"El intendente Bordoni recorri\u00f3 las obras de la Sociedad Germ\u00e1nica - Noticias Radio Reflejos","isPartOf":{"@id":"https:\/\/www.noticiasradioreflejos.com.ar\/2021\/#website"},"primaryImageOfPage":{"@id":"https:\/\/www.noticiasradioreflejos.com.ar\/2021\/el-intendente-bordoni-recorrio-las-obras-de-la-sociedad-germanica\/#primaryimage"},"image":{"@id":"https:\/\/www.noticiasradioreflejos.com.ar\/2021\/el-intendente-bordoni-recorrio-las-obras-de-la-sociedad-germanica\/#primaryimage"},"thumbnailUrl":"https:\/\/live.staticflickr.com\/65535\/51400326751_83702c221e_z.jpg","datePublished":"2021-08-24T21:03:18+00:00","dateModified":"2021-08-24T21:04:51+00:00","author":{"@id":"https:\/\/www.noticiasradioreflejos.com.ar\/2021\/#\/schema\/person\/ad82545263dcc5ec0996818884fd5fb1"},"breadcrumb":{"@id":"https:\/\/www.noticiasradioreflejos.com.ar\/2021\/el-intendente-bordoni-recorrio-las-obras-de-la-sociedad-germanica\/#breadcrumb"},"inLanguage":"es","potentialAction":[{"@type":"ReadAction","target":["https:\/\/www.noticiasradioreflejos.com.ar\/2021\/el-intendente-bordoni-recorrio-las-obras-de-la-sociedad-germanica\/"]}]},{"@type":"ImageObject","inLanguage":"es","@id":"https:\/\/www.noticiasradioreflejos.com.ar\/2021\/el-intendente-bordoni-recorrio-las-obras-de-la-sociedad-germanica\/#primaryimage","url":"https:\/\/live.staticflickr.com\/65535\/51400326751_83702c221e_z.jpg","contentUrl":"https:\/\/live.staticflickr.com\/65535\/51400326751_83702c221e_z.jpg"},{"@type":"BreadcrumbList","@id":"https:\/\/www.noticiasradioreflejos.com.ar\/2021\/el-intendente-bordoni-recorrio-las-obras-de-la-sociedad-germanica\/#breadcrumb","itemListElement":[{"@type":"ListItem","position":1,"name":"Portada","item":"https:\/\/www.noticiasradioreflejos.com.ar\/2021\/"},{"@type":"ListItem","position":2,"name":"El intendente Bordoni recorri\u00f3 las obras de la Sociedad Germ\u00e1nica"}]},{"@type":"WebSite","@id":"https:\/\/www.noticiasradioreflejos.com.ar\/2021\/#website","url":"https:\/\/www.noticiasradioreflejos.com.ar\/2021\/","name":"Noticias Radio Reflejos","description":"Las noticias de mi comarca","potentialAction":[{"@type":"SearchAction","target":{"@type":"EntryPoint","urlTemplate":"https:\/\/www.noticiasradioreflejos.com.ar\/2021\/?s={search_term_string}"},"query-input":{"@type":"PropertyValueSpecification","valueRequired":true,"valueName":"search_term_string"}}],"inLanguage":"es"},{"@type":"Person","@id":"https:\/\/www.noticiasradioreflejos.com.ar\/2021\/#\/schema\/person\/ad82545263dcc5ec0996818884fd5fb1","name":"Arnaldo Botto","image":{"@type":"ImageObject","inLanguage":"es","@id":"https:\/\/www.noticiasradioreflejos.com.ar\/2021\/#\/schema\/person\/image\/","url":"https:\/\/secure.gravatar.com\/avatar\/55cb5e37c1efa326397366e6974cb338056df65cb50e7d64d1cf314e87504837?s=96&d=mm&r=g","contentUrl":"https:\/\/secure.gravatar.com\/avatar\/55cb5e37c1efa326397366e6974cb338056df65cb50e7d64d1cf314e87504837?s=96&d=mm&r=g","caption":"Arnaldo Botto"},"url":"https:\/\/www.noticiasradioreflejos.com.ar\/2021\/author\/arnaldo\/"}]}},"_links":{"self":[{"href":"https:\/\/www.noticiasradioreflejos.com.ar\/2021\/wp-json\/wp\/v2\/posts\/61927","targetHints":{"allow":["GET"]}}],"collection":[{"href":"https:\/\/www.noticiasradioreflejos.com.ar\/2021\/wp-json\/wp\/v2\/posts"}],"about":[{"href":"https:\/\/www.noticiasradioreflejos.com.ar\/2021\/wp-json\/wp\/v2\/types\/post"}],"author":[{"embeddable":true,"href":"https:\/\/www.noticiasradioreflejos.com.ar\/2021\/wp-json\/wp\/v2\/users\/3"}],"replies":[{"embeddable":true,"href":"https:\/\/www.noticiasradioreflejos.com.ar\/2021\/wp-json\/wp\/v2\/comments?post=61927"}],"version-history":[{"count":2,"href":"https:\/\/www.noticiasradioreflejos.com.ar\/2021\/wp-json\/wp\/v2\/posts\/61927\/revisions"}],"predecessor-version":[{"id":61930,"href":"https:\/\/www.noticiasradioreflejos.com.ar\/2021\/wp-json\/wp\/v2\/posts\/61927\/revisions\/61930"}],"wp:attachment":[{"href":"https:\/\/www.noticiasradioreflejos.com.ar\/2021\/wp-json\/wp\/v2\/media?parent=61927"}],"wp:term":[{"taxonomy":"category","embeddable":true,"href":"https:\/\/www.noticiasradioreflejos.com.ar\/2021\/wp-json\/wp\/v2\/categories?post=61927"},{"taxonomy":"post_tag","embeddable":true,"href":"https:\/\/www.noticiasradioreflejos.com.ar\/2021\/wp-json\/wp\/v2\/tags?post=61927"}],"curies":[{"name":"wp","href":"https:\/\/api.w.org\/{rel}","templated":true}]}}