{"id":61921,"date":"2021-08-24T22:28:35","date_gmt":"2021-08-24T22:28:35","guid":{"rendered":"http:\/\/www.noticiasradioreflejos.com.ar\/2021\/?p=61921"},"modified":"2021-08-24T22:28:35","modified_gmt":"2021-08-24T22:28:35","slug":"detalles-de-los-preparativos-para-el-festejo-del-121-aniversario-de-saldungaray","status":"publish","type":"post","link":"https:\/\/www.noticiasradioreflejos.com.ar\/2021\/detalles-de-los-preparativos-para-el-festejo-del-121-aniversario-de-saldungaray\/","title":{"rendered":"Detalles de los preparativos para el festejo del 121\u00b0 aniversario de Saldungaray"},"content":{"rendered":"<p>Esta ma\u00f1ana conversamos con <strong>Lidia Ram\u00f3n Real de Navarro<\/strong>, vecina y gran colaboradora en instituciones de Saldungaray. En esta nota, Lidia nos comenta c\u00f3mo se celebrar\u00e1 el pr\u00f3ximo aniversario de la localidad, teniendo en cuenta que el a\u00f1o pasado, en su aniversario n\u00famero 120, la localidad serrana no pudo realizar la celebraci\u00f3n que los vecinos esperaban debido a la multiplicidad de contagios de Covid-19.<!--more--><\/p>\n<p>\u00abEn este momento estoy acompa\u00f1ando para el grupo de trabajo que se form\u00f3 para todo lo que va a ser espect\u00e1culos\u00bb aclar\u00f3 Lidia su rol dentro de la organizaci\u00f3n del evento.<\/p>\n<p>El a\u00f1o pasado, se hizo un acto protocolar con muy poca gente seguido de una caravana de vecinos. \u00abEste a\u00f1o vamos a festejar pero tambi\u00e9n vamos a cuidarnos. Ser\u00e1 todo al aire libre, formando burbujas y tratando de no aglomerar mucha gente\u00bb.<\/p>\n<p>Lidia comunic\u00f3 que el acto protocolar comenzar\u00e1 a las 9:45hs con la recepci\u00f3n de autoridades y las banderas de ceremonia. \u00abA las 10 se hace el traslado del pabell\u00f3n a la Plaza Independencia, despu\u00e9s las palabras alusivas del intendente y de los convocados. Una vez finalizado el acto, comienzan los bailes de las pe\u00f1as locales\u00bb explic\u00f3 c\u00f3mo comenzar\u00e1 el d\u00eda del aniversario de Saldungaray.<\/p>\n<p>\u00abA continuaci\u00f3n, va a haber stands de comidas, a cargo de las instituciones del pueblo y shows musicales que empiezan temprano\u00bb inform\u00f3.<\/p>\n<p>\u00abLos stands de comida y de artesanos se van a tomar hasta el 26\u00bb aclar\u00f3 Lidia para todos aquellos que se quieran sumar a la celebraci\u00f3n con sus emprendimientos. \u00abPero todo lo que es elaboraci\u00f3n de productos alimenticios ser\u00e1 este a\u00f1o \u00fanicamente para los residentes de Saldungaray\u00bb coment\u00f3.<\/p>\n<p><strong>2914260020<\/strong> y <strong>2915780790<\/strong> son los n\u00fameros de tel\u00e9fono a los que se pueden comunicar para participar de la celebraci\u00f3n.<\/p>\n<p>&nbsp;<\/p>\n<p><strong>Nota completa a continuaci\u00f3n:<\/strong><br \/>\n<iframe loading=\"lazy\" src=\"https:\/\/w.soundcloud.com\/player\/?url=https%3A\/\/api.soundcloud.com\/tracks\/1111895125&amp;color=%23ff5500&amp;auto_play=false&amp;hide_related=false&amp;show_comments=true&amp;show_user=true&amp;show_reposts=false&amp;show_teaser=true\" width=\"100%\" height=\"166\" frameborder=\"no\" scrolling=\"no\"><\/iframe><\/p>\n<div style=\"font-size: 10px; color: #cccccc; line-break: anywhere; word-break: normal; overflow: hidden; white-space: nowrap; text-overflow: ellipsis; font-family: Interstate,Lucida Grande,Lucida Sans Unicode,Lucida Sans,Garuda,Verdana,Tahoma,sans-serif; font-weight: 100;\"><a style=\"color: #cccccc; text-decoration: none;\" title=\"fmreflejos 103.7\" href=\"https:\/\/soundcloud.com\/fmreflejos-103-7\" target=\"_blank\" rel=\"noopener\">fmreflejos 103.7<\/a> \u00b7 <a style=\"color: #cccccc; text-decoration: none;\" title=\"Nota Lidia Navarro\" href=\"https:\/\/soundcloud.com\/fmreflejos-103-7\/nota-lidia-navarro\" target=\"_blank\" rel=\"noopener\">Nota Lidia Navarro<\/a><\/div>\n","protected":false},"excerpt":{"rendered":"<p>Esta ma\u00f1ana conversamos con Lidia Ram\u00f3n Real de Navarro, vecina y gran colaboradora en instituciones de Saldungaray. En esta nota, Lidia nos comenta c\u00f3mo se celebrar\u00e1 el pr\u00f3ximo aniversario de la localidad, teniendo en cuenta que el a\u00f1o pasado, en su aniversario n\u00famero 120, la localidad serrana no pudo realizar la celebraci\u00f3n que los vecinos [&hellip;]<\/p>\n","protected":false},"author":3,"featured_media":61943,"comment_status":"closed","ping_status":"closed","sticky":false,"template":"","format":"standard","meta":{"footnotes":""},"categories":[35],"tags":[48],"class_list":["post-61921","post","type-post","status-publish","format-standard","has-post-thumbnail","hentry","category-cultura","tag-destacada"],"yoast_head":"<!-- This site is optimized with the Yoast SEO plugin v25.9 - https:\/\/yoast.com\/wordpress\/plugins\/seo\/ -->\n<title>Detalles de los preparativos para el festejo del 121\u00b0 aniversario de Saldungaray - Noticias Radio Reflejos<\/title>\n<meta name=\"robots\" content=\"index, follow, max-snippet:-1, max-image-preview:large, max-video-preview:-1\" \/>\n<link rel=\"canonical\" href=\"https:\/\/www.noticiasradioreflejos.com.ar\/2021\/detalles-de-los-preparativos-para-el-festejo-del-121-aniversario-de-saldungaray\/\" \/>\n<meta property=\"og:locale\" content=\"es_ES\" \/>\n<meta property=\"og:type\" content=\"article\" \/>\n<meta property=\"og:title\" content=\"Detalles de los preparativos para el festejo del 121\u00b0 aniversario de Saldungaray - Noticias Radio Reflejos\" \/>\n<meta property=\"og:description\" content=\"Esta ma\u00f1ana conversamos con Lidia Ram\u00f3n Real de Navarro, vecina y gran colaboradora en instituciones de Saldungaray. En esta nota, Lidia nos comenta c\u00f3mo se celebrar\u00e1 el pr\u00f3ximo aniversario de la localidad, teniendo en cuenta que el a\u00f1o pasado, en su aniversario n\u00famero 120, la localidad serrana no pudo realizar la celebraci\u00f3n que los vecinos [&hellip;]\" \/>\n<meta property=\"og:url\" content=\"https:\/\/www.noticiasradioreflejos.com.ar\/2021\/detalles-de-los-preparativos-para-el-festejo-del-121-aniversario-de-saldungaray\/\" \/>\n<meta property=\"og:site_name\" content=\"Noticias Radio Reflejos\" \/>\n<meta property=\"article:published_time\" content=\"2021-08-24T22:28:35+00:00\" \/>\n<meta property=\"og:image\" content=\"https:\/\/www.noticiasradioreflejos.com.ar\/2021\/wp-content\/uploads\/2021\/08\/Saldungaray-Atardecer.jpg\" \/>\n\t<meta property=\"og:image:width\" content=\"1024\" \/>\n\t<meta property=\"og:image:height\" content=\"576\" \/>\n\t<meta property=\"og:image:type\" content=\"image\/jpeg\" \/>\n<meta name=\"author\" content=\"Arnaldo Botto\" \/>\n<meta name=\"twitter:card\" content=\"summary_large_image\" \/>\n<script type=\"application\/ld+json\" class=\"yoast-schema-graph\">{\"@context\":\"https:\/\/schema.org\",\"@graph\":[{\"@type\":\"WebPage\",\"@id\":\"https:\/\/www.noticiasradioreflejos.com.ar\/2021\/detalles-de-los-preparativos-para-el-festejo-del-121-aniversario-de-saldungaray\/\",\"url\":\"https:\/\/www.noticiasradioreflejos.com.ar\/2021\/detalles-de-los-preparativos-para-el-festejo-del-121-aniversario-de-saldungaray\/\",\"name\":\"Detalles de los preparativos para el festejo del 121\u00b0 aniversario de Saldungaray - Noticias Radio Reflejos\",\"isPartOf\":{\"@id\":\"https:\/\/www.noticiasradioreflejos.com.ar\/2021\/#website\"},\"primaryImageOfPage\":{\"@id\":\"https:\/\/www.noticiasradioreflejos.com.ar\/2021\/detalles-de-los-preparativos-para-el-festejo-del-121-aniversario-de-saldungaray\/#primaryimage\"},\"image\":{\"@id\":\"https:\/\/www.noticiasradioreflejos.com.ar\/2021\/detalles-de-los-preparativos-para-el-festejo-del-121-aniversario-de-saldungaray\/#primaryimage\"},\"thumbnailUrl\":\"https:\/\/www.noticiasradioreflejos.com.ar\/2021\/wp-content\/uploads\/2021\/08\/Saldungaray-Atardecer.jpg\",\"datePublished\":\"2021-08-24T22:28:35+00:00\",\"author\":{\"@id\":\"https:\/\/www.noticiasradioreflejos.com.ar\/2021\/#\/schema\/person\/ad82545263dcc5ec0996818884fd5fb1\"},\"breadcrumb\":{\"@id\":\"https:\/\/www.noticiasradioreflejos.com.ar\/2021\/detalles-de-los-preparativos-para-el-festejo-del-121-aniversario-de-saldungaray\/#breadcrumb\"},\"inLanguage\":\"es\",\"potentialAction\":[{\"@type\":\"ReadAction\",\"target\":[\"https:\/\/www.noticiasradioreflejos.com.ar\/2021\/detalles-de-los-preparativos-para-el-festejo-del-121-aniversario-de-saldungaray\/\"]}]},{\"@type\":\"ImageObject\",\"inLanguage\":\"es\",\"@id\":\"https:\/\/www.noticiasradioreflejos.com.ar\/2021\/detalles-de-los-preparativos-para-el-festejo-del-121-aniversario-de-saldungaray\/#primaryimage\",\"url\":\"https:\/\/www.noticiasradioreflejos.com.ar\/2021\/wp-content\/uploads\/2021\/08\/Saldungaray-Atardecer.jpg\",\"contentUrl\":\"https:\/\/www.noticiasradioreflejos.com.ar\/2021\/wp-content\/uploads\/2021\/08\/Saldungaray-Atardecer.jpg\",\"width\":1024,\"height\":576},{\"@type\":\"BreadcrumbList\",\"@id\":\"https:\/\/www.noticiasradioreflejos.com.ar\/2021\/detalles-de-los-preparativos-para-el-festejo-del-121-aniversario-de-saldungaray\/#breadcrumb\",\"itemListElement\":[{\"@type\":\"ListItem\",\"position\":1,\"name\":\"Portada\",\"item\":\"https:\/\/www.noticiasradioreflejos.com.ar\/2021\/\"},{\"@type\":\"ListItem\",\"position\":2,\"name\":\"Detalles de los preparativos para el festejo del 121\u00b0 aniversario de Saldungaray\"}]},{\"@type\":\"WebSite\",\"@id\":\"https:\/\/www.noticiasradioreflejos.com.ar\/2021\/#website\",\"url\":\"https:\/\/www.noticiasradioreflejos.com.ar\/2021\/\",\"name\":\"Noticias Radio Reflejos\",\"description\":\"Las noticias de mi comarca\",\"potentialAction\":[{\"@type\":\"SearchAction\",\"target\":{\"@type\":\"EntryPoint\",\"urlTemplate\":\"https:\/\/www.noticiasradioreflejos.com.ar\/2021\/?s={search_term_string}\"},\"query-input\":{\"@type\":\"PropertyValueSpecification\",\"valueRequired\":true,\"valueName\":\"search_term_string\"}}],\"inLanguage\":\"es\"},{\"@type\":\"Person\",\"@id\":\"https:\/\/www.noticiasradioreflejos.com.ar\/2021\/#\/schema\/person\/ad82545263dcc5ec0996818884fd5fb1\",\"name\":\"Arnaldo Botto\",\"image\":{\"@type\":\"ImageObject\",\"inLanguage\":\"es\",\"@id\":\"https:\/\/www.noticiasradioreflejos.com.ar\/2021\/#\/schema\/person\/image\/\",\"url\":\"https:\/\/secure.gravatar.com\/avatar\/55cb5e37c1efa326397366e6974cb338056df65cb50e7d64d1cf314e87504837?s=96&d=mm&r=g\",\"contentUrl\":\"https:\/\/secure.gravatar.com\/avatar\/55cb5e37c1efa326397366e6974cb338056df65cb50e7d64d1cf314e87504837?s=96&d=mm&r=g\",\"caption\":\"Arnaldo Botto\"},\"url\":\"https:\/\/www.noticiasradioreflejos.com.ar\/2021\/author\/arnaldo\/\"}]}<\/script>\n<!-- \/ Yoast SEO plugin. -->","yoast_head_json":{"title":"Detalles de los preparativos para el festejo del 121\u00b0 aniversario de Saldungaray - Noticias Radio Reflejos","robots":{"index":"index","follow":"follow","max-snippet":"max-snippet:-1","max-image-preview":"max-image-preview:large","max-video-preview":"max-video-preview:-1"},"canonical":"https:\/\/www.noticiasradioreflejos.com.ar\/2021\/detalles-de-los-preparativos-para-el-festejo-del-121-aniversario-de-saldungaray\/","og_locale":"es_ES","og_type":"article","og_title":"Detalles de los preparativos para el festejo del 121\u00b0 aniversario de Saldungaray - Noticias Radio Reflejos","og_description":"Esta ma\u00f1ana conversamos con Lidia Ram\u00f3n Real de Navarro, vecina y gran colaboradora en instituciones de Saldungaray. En esta nota, Lidia nos comenta c\u00f3mo se celebrar\u00e1 el pr\u00f3ximo aniversario de la localidad, teniendo en cuenta que el a\u00f1o pasado, en su aniversario n\u00famero 120, la localidad serrana no pudo realizar la celebraci\u00f3n que los vecinos [&hellip;]","og_url":"https:\/\/www.noticiasradioreflejos.com.ar\/2021\/detalles-de-los-preparativos-para-el-festejo-del-121-aniversario-de-saldungaray\/","og_site_name":"Noticias Radio Reflejos","article_published_time":"2021-08-24T22:28:35+00:00","og_image":[{"width":1024,"height":576,"url":"https:\/\/www.noticiasradioreflejos.com.ar\/2021\/wp-content\/uploads\/2021\/08\/Saldungaray-Atardecer.jpg","type":"image\/jpeg"}],"author":"Arnaldo Botto","twitter_card":"summary_large_image","schema":{"@context":"https:\/\/schema.org","@graph":[{"@type":"WebPage","@id":"https:\/\/www.noticiasradioreflejos.com.ar\/2021\/detalles-de-los-preparativos-para-el-festejo-del-121-aniversario-de-saldungaray\/","url":"https:\/\/www.noticiasradioreflejos.com.ar\/2021\/detalles-de-los-preparativos-para-el-festejo-del-121-aniversario-de-saldungaray\/","name":"Detalles de los preparativos para el festejo del 121\u00b0 aniversario de Saldungaray - Noticias Radio Reflejos","isPartOf":{"@id":"https:\/\/www.noticiasradioreflejos.com.ar\/2021\/#website"},"primaryImageOfPage":{"@id":"https:\/\/www.noticiasradioreflejos.com.ar\/2021\/detalles-de-los-preparativos-para-el-festejo-del-121-aniversario-de-saldungaray\/#primaryimage"},"image":{"@id":"https:\/\/www.noticiasradioreflejos.com.ar\/2021\/detalles-de-los-preparativos-para-el-festejo-del-121-aniversario-de-saldungaray\/#primaryimage"},"thumbnailUrl":"https:\/\/www.noticiasradioreflejos.com.ar\/2021\/wp-content\/uploads\/2021\/08\/Saldungaray-Atardecer.jpg","datePublished":"2021-08-24T22:28:35+00:00","author":{"@id":"https:\/\/www.noticiasradioreflejos.com.ar\/2021\/#\/schema\/person\/ad82545263dcc5ec0996818884fd5fb1"},"breadcrumb":{"@id":"https:\/\/www.noticiasradioreflejos.com.ar\/2021\/detalles-de-los-preparativos-para-el-festejo-del-121-aniversario-de-saldungaray\/#breadcrumb"},"inLanguage":"es","potentialAction":[{"@type":"ReadAction","target":["https:\/\/www.noticiasradioreflejos.com.ar\/2021\/detalles-de-los-preparativos-para-el-festejo-del-121-aniversario-de-saldungaray\/"]}]},{"@type":"ImageObject","inLanguage":"es","@id":"https:\/\/www.noticiasradioreflejos.com.ar\/2021\/detalles-de-los-preparativos-para-el-festejo-del-121-aniversario-de-saldungaray\/#primaryimage","url":"https:\/\/www.noticiasradioreflejos.com.ar\/2021\/wp-content\/uploads\/2021\/08\/Saldungaray-Atardecer.jpg","contentUrl":"https:\/\/www.noticiasradioreflejos.com.ar\/2021\/wp-content\/uploads\/2021\/08\/Saldungaray-Atardecer.jpg","width":1024,"height":576},{"@type":"BreadcrumbList","@id":"https:\/\/www.noticiasradioreflejos.com.ar\/2021\/detalles-de-los-preparativos-para-el-festejo-del-121-aniversario-de-saldungaray\/#breadcrumb","itemListElement":[{"@type":"ListItem","position":1,"name":"Portada","item":"https:\/\/www.noticiasradioreflejos.com.ar\/2021\/"},{"@type":"ListItem","position":2,"name":"Detalles de los preparativos para el festejo del 121\u00b0 aniversario de Saldungaray"}]},{"@type":"WebSite","@id":"https:\/\/www.noticiasradioreflejos.com.ar\/2021\/#website","url":"https:\/\/www.noticiasradioreflejos.com.ar\/2021\/","name":"Noticias Radio Reflejos","description":"Las noticias de mi comarca","potentialAction":[{"@type":"SearchAction","target":{"@type":"EntryPoint","urlTemplate":"https:\/\/www.noticiasradioreflejos.com.ar\/2021\/?s={search_term_string}"},"query-input":{"@type":"PropertyValueSpecification","valueRequired":true,"valueName":"search_term_string"}}],"inLanguage":"es"},{"@type":"Person","@id":"https:\/\/www.noticiasradioreflejos.com.ar\/2021\/#\/schema\/person\/ad82545263dcc5ec0996818884fd5fb1","name":"Arnaldo Botto","image":{"@type":"ImageObject","inLanguage":"es","@id":"https:\/\/www.noticiasradioreflejos.com.ar\/2021\/#\/schema\/person\/image\/","url":"https:\/\/secure.gravatar.com\/avatar\/55cb5e37c1efa326397366e6974cb338056df65cb50e7d64d1cf314e87504837?s=96&d=mm&r=g","contentUrl":"https:\/\/secure.gravatar.com\/avatar\/55cb5e37c1efa326397366e6974cb338056df65cb50e7d64d1cf314e87504837?s=96&d=mm&r=g","caption":"Arnaldo Botto"},"url":"https:\/\/www.noticiasradioreflejos.com.ar\/2021\/author\/arnaldo\/"}]}},"_links":{"self":[{"href":"https:\/\/www.noticiasradioreflejos.com.ar\/2021\/wp-json\/wp\/v2\/posts\/61921","targetHints":{"allow":["GET"]}}],"collection":[{"href":"https:\/\/www.noticiasradioreflejos.com.ar\/2021\/wp-json\/wp\/v2\/posts"}],"about":[{"href":"https:\/\/www.noticiasradioreflejos.com.ar\/2021\/wp-json\/wp\/v2\/types\/post"}],"author":[{"embeddable":true,"href":"https:\/\/www.noticiasradioreflejos.com.ar\/2021\/wp-json\/wp\/v2\/users\/3"}],"replies":[{"embeddable":true,"href":"https:\/\/www.noticiasradioreflejos.com.ar\/2021\/wp-json\/wp\/v2\/comments?post=61921"}],"version-history":[{"count":4,"href":"https:\/\/www.noticiasradioreflejos.com.ar\/2021\/wp-json\/wp\/v2\/posts\/61921\/revisions"}],"predecessor-version":[{"id":61944,"href":"https:\/\/www.noticiasradioreflejos.com.ar\/2021\/wp-json\/wp\/v2\/posts\/61921\/revisions\/61944"}],"wp:featuredmedia":[{"embeddable":true,"href":"https:\/\/www.noticiasradioreflejos.com.ar\/2021\/wp-json\/wp\/v2\/media\/61943"}],"wp:attachment":[{"href":"https:\/\/www.noticiasradioreflejos.com.ar\/2021\/wp-json\/wp\/v2\/media?parent=61921"}],"wp:term":[{"taxonomy":"category","embeddable":true,"href":"https:\/\/www.noticiasradioreflejos.com.ar\/2021\/wp-json\/wp\/v2\/categories?post=61921"},{"taxonomy":"post_tag","embeddable":true,"href":"https:\/\/www.noticiasradioreflejos.com.ar\/2021\/wp-json\/wp\/v2\/tags?post=61921"}],"curies":[{"name":"wp","href":"https:\/\/api.w.org\/{rel}","templated":true}]}}