{"id":6192,"date":"2017-01-23T16:46:14","date_gmt":"2017-01-23T19:46:14","guid":{"rendered":"http:\/\/noticiasradioreflejos.com.ar\/noticias\/?p=6192"},"modified":"2017-01-23T16:46:14","modified_gmt":"2017-01-23T19:46:14","slug":"la-provincia-esta-viviendo-un-muy-buen-verano-turistico","status":"publish","type":"post","link":"https:\/\/www.noticiasradioreflejos.com.ar\/2021\/la-provincia-esta-viviendo-un-muy-buen-verano-turistico\/","title":{"rendered":"&quot;La Provincia est\u00e1 viviendo un muy buen verano tur\u00edstico&quot;"},"content":{"rendered":"<p>Ignacio Crotto el Subsecretario de Turismo de la Provincia de Buenos Aires, anoche se hizo presente en la 25\u00b0 Fiesta Provincial de las Golondrinas para acompa\u00f1ar la gesti\u00f3n y estar en el d\u00eda m\u00e1s importante de Villa Ventana.<!--more--><br \/>\nIgnacio charl\u00f3 con Fm Reflejos antes de ser espectador del gran show que brind\u00f3 La Mosca y cont\u00f3 sus sensaciones sobre su presencia en este lugar: \u00abEstoy contento de poder estar ac\u00e1, como digo siempre, es uno de los municipios m\u00e1s lindos de la provincia de Buenos Aires y de la Argentina, se r\u00eden pero no exagero.\u00bb<br \/>\n<strong>\u00abEstoy contento de poder acompa\u00f1ar esta fiesta tan importante para la regi\u00f3n y el municipio. Sobretodo estoy contento de acompa\u00f1ar a Sergio y a Susana, y tambi\u00e9n a toda la gente de este lugar\u00a0que hacen que esta fiesta sea tan particular, sin olvidarme sobretodo de aquellos que\u00a0trabajan\u00bb.<\/strong><br \/>\nEl Subsecretario destaca la importancia del distrito: \u00abPara m\u00ed el Municipio tanto como Tornquist, Sierra y Villa tienen mucho turismo, muy buena calidad de servicios, pero todav\u00eda tiene mucho por crecer tambi\u00e9n, \u00a0y nosotros en cada actividad que el Municipio realice desde turismo de la Provincia vamos a tratar de acompa\u00f1ar siempre, sabemos de la importancia que tiene el turismo para este Municipio\u00bb.<br \/>\nIgnacio antes de pisar Villa Ventana hizo una importante recorrida por otros Municipios y esto tiene que ver en c\u00f3mo \u00e9l trabaja y desarrolla su actividad, y agrega: \u00abVengo de una recorrida importante, pero estoy ac\u00e1 acompa\u00f1ando y me gusta ver en persona c\u00f3mo est\u00e1 yendo la temporada. La provincia est\u00e1 viviendo un muy buen presente tur\u00edstico\u00bb.<br \/>\nIgnacio finaliza de forma contundente: \u00abVamos a hacer el mayor de los esfuerzos para que sea un \u00e9xito, sobretodo tenemos aportes del gobierno y de todos. Sabemos que la gente busca lo bueno, bonito y barato\u00bb.<br \/>\n<iframe loading=\"lazy\" src=\"https:\/\/w.soundcloud.com\/player\/?url=https%3A\/\/api.soundcloud.com\/tracks\/304098725&amp;color=ff5500&amp;auto_play=false&amp;hide_related=false&amp;show_comments=true&amp;show_user=true&amp;show_reposts=false\" width=\"100%\" height=\"166\" frameborder=\"no\" scrolling=\"no\"><\/iframe><\/p>\n","protected":false},"excerpt":{"rendered":"<p>Ignacio Crotto el Subsecretario de Turismo de la Provincia de Buenos Aires, anoche se hizo presente en la 25\u00b0 Fiesta Provincial de las Golondrinas para acompa\u00f1ar la gesti\u00f3n y estar en el d\u00eda m\u00e1s importante de Villa Ventana.<\/p>\n","protected":false},"author":3,"featured_media":0,"comment_status":"closed","ping_status":"open","sticky":false,"template":"","format":"standard","meta":{"footnotes":""},"categories":[24],"tags":[],"class_list":["post-6192","post","type-post","status-publish","format-standard","hentry","category-politica"],"yoast_head":"<!-- This site is optimized with the Yoast SEO plugin v25.9 - https:\/\/yoast.com\/wordpress\/plugins\/seo\/ -->\n<title>&quot;La Provincia est\u00e1 viviendo un muy buen verano tur\u00edstico&quot; - Noticias Radio Reflejos<\/title>\n<meta name=\"robots\" content=\"index, follow, max-snippet:-1, max-image-preview:large, max-video-preview:-1\" \/>\n<link rel=\"canonical\" href=\"https:\/\/www.noticiasradioreflejos.com.ar\/2021\/la-provincia-esta-viviendo-un-muy-buen-verano-turistico\/\" \/>\n<meta property=\"og:locale\" content=\"es_ES\" \/>\n<meta property=\"og:type\" content=\"article\" \/>\n<meta property=\"og:title\" content=\"&quot;La Provincia est\u00e1 viviendo un muy buen verano tur\u00edstico&quot; - Noticias Radio Reflejos\" \/>\n<meta property=\"og:description\" content=\"Ignacio Crotto el Subsecretario de Turismo de la Provincia de Buenos Aires, anoche se hizo presente en la 25\u00b0 Fiesta Provincial de las Golondrinas para acompa\u00f1ar la gesti\u00f3n y estar en el d\u00eda m\u00e1s importante de Villa Ventana.\" \/>\n<meta property=\"og:url\" content=\"https:\/\/www.noticiasradioreflejos.com.ar\/2021\/la-provincia-esta-viviendo-un-muy-buen-verano-turistico\/\" \/>\n<meta property=\"og:site_name\" content=\"Noticias Radio Reflejos\" \/>\n<meta property=\"article:published_time\" content=\"2017-01-23T19:46:14+00:00\" \/>\n<meta property=\"og:image\" content=\"https:\/\/www.noticiasradioreflejos.com.ar\/2021\/wp-content\/uploads\/2021\/07\/logosol300x200.png\" \/>\n\t<meta property=\"og:image:width\" content=\"300\" \/>\n\t<meta property=\"og:image:height\" content=\"200\" \/>\n\t<meta property=\"og:image:type\" content=\"image\/png\" \/>\n<meta name=\"author\" content=\"Arnaldo Botto\" \/>\n<meta name=\"twitter:card\" content=\"summary_large_image\" \/>\n<script type=\"application\/ld+json\" class=\"yoast-schema-graph\">{\"@context\":\"https:\/\/schema.org\",\"@graph\":[{\"@type\":\"WebPage\",\"@id\":\"https:\/\/www.noticiasradioreflejos.com.ar\/2021\/la-provincia-esta-viviendo-un-muy-buen-verano-turistico\/\",\"url\":\"https:\/\/www.noticiasradioreflejos.com.ar\/2021\/la-provincia-esta-viviendo-un-muy-buen-verano-turistico\/\",\"name\":\"&quot;La Provincia est\u00e1 viviendo un muy buen verano tur\u00edstico&quot; - Noticias Radio Reflejos\",\"isPartOf\":{\"@id\":\"https:\/\/www.noticiasradioreflejos.com.ar\/2021\/#website\"},\"datePublished\":\"2017-01-23T19:46:14+00:00\",\"author\":{\"@id\":\"https:\/\/www.noticiasradioreflejos.com.ar\/2021\/#\/schema\/person\/ad82545263dcc5ec0996818884fd5fb1\"},\"breadcrumb\":{\"@id\":\"https:\/\/www.noticiasradioreflejos.com.ar\/2021\/la-provincia-esta-viviendo-un-muy-buen-verano-turistico\/#breadcrumb\"},\"inLanguage\":\"es\",\"potentialAction\":[{\"@type\":\"ReadAction\",\"target\":[\"https:\/\/www.noticiasradioreflejos.com.ar\/2021\/la-provincia-esta-viviendo-un-muy-buen-verano-turistico\/\"]}]},{\"@type\":\"BreadcrumbList\",\"@id\":\"https:\/\/www.noticiasradioreflejos.com.ar\/2021\/la-provincia-esta-viviendo-un-muy-buen-verano-turistico\/#breadcrumb\",\"itemListElement\":[{\"@type\":\"ListItem\",\"position\":1,\"name\":\"Portada\",\"item\":\"https:\/\/www.noticiasradioreflejos.com.ar\/2021\/\"},{\"@type\":\"ListItem\",\"position\":2,\"name\":\"&quot;La Provincia est\u00e1 viviendo un muy buen verano tur\u00edstico&quot;\"}]},{\"@type\":\"WebSite\",\"@id\":\"https:\/\/www.noticiasradioreflejos.com.ar\/2021\/#website\",\"url\":\"https:\/\/www.noticiasradioreflejos.com.ar\/2021\/\",\"name\":\"Noticias Radio Reflejos\",\"description\":\"Las noticias de mi comarca\",\"potentialAction\":[{\"@type\":\"SearchAction\",\"target\":{\"@type\":\"EntryPoint\",\"urlTemplate\":\"https:\/\/www.noticiasradioreflejos.com.ar\/2021\/?s={search_term_string}\"},\"query-input\":{\"@type\":\"PropertyValueSpecification\",\"valueRequired\":true,\"valueName\":\"search_term_string\"}}],\"inLanguage\":\"es\"},{\"@type\":\"Person\",\"@id\":\"https:\/\/www.noticiasradioreflejos.com.ar\/2021\/#\/schema\/person\/ad82545263dcc5ec0996818884fd5fb1\",\"name\":\"Arnaldo Botto\",\"image\":{\"@type\":\"ImageObject\",\"inLanguage\":\"es\",\"@id\":\"https:\/\/www.noticiasradioreflejos.com.ar\/2021\/#\/schema\/person\/image\/\",\"url\":\"https:\/\/secure.gravatar.com\/avatar\/55cb5e37c1efa326397366e6974cb338056df65cb50e7d64d1cf314e87504837?s=96&d=mm&r=g\",\"contentUrl\":\"https:\/\/secure.gravatar.com\/avatar\/55cb5e37c1efa326397366e6974cb338056df65cb50e7d64d1cf314e87504837?s=96&d=mm&r=g\",\"caption\":\"Arnaldo Botto\"},\"url\":\"https:\/\/www.noticiasradioreflejos.com.ar\/2021\/author\/arnaldo\/\"}]}<\/script>\n<!-- \/ Yoast SEO plugin. -->","yoast_head_json":{"title":"&quot;La Provincia est\u00e1 viviendo un muy buen verano tur\u00edstico&quot; - Noticias Radio Reflejos","robots":{"index":"index","follow":"follow","max-snippet":"max-snippet:-1","max-image-preview":"max-image-preview:large","max-video-preview":"max-video-preview:-1"},"canonical":"https:\/\/www.noticiasradioreflejos.com.ar\/2021\/la-provincia-esta-viviendo-un-muy-buen-verano-turistico\/","og_locale":"es_ES","og_type":"article","og_title":"&quot;La Provincia est\u00e1 viviendo un muy buen verano tur\u00edstico&quot; - Noticias Radio Reflejos","og_description":"Ignacio Crotto el Subsecretario de Turismo de la Provincia de Buenos Aires, anoche se hizo presente en la 25\u00b0 Fiesta Provincial de las Golondrinas para acompa\u00f1ar la gesti\u00f3n y estar en el d\u00eda m\u00e1s importante de Villa Ventana.","og_url":"https:\/\/www.noticiasradioreflejos.com.ar\/2021\/la-provincia-esta-viviendo-un-muy-buen-verano-turistico\/","og_site_name":"Noticias Radio Reflejos","article_published_time":"2017-01-23T19:46:14+00:00","og_image":[{"width":300,"height":200,"url":"https:\/\/www.noticiasradioreflejos.com.ar\/2021\/wp-content\/uploads\/2021\/07\/logosol300x200.png","type":"image\/png"}],"author":"Arnaldo Botto","twitter_card":"summary_large_image","schema":{"@context":"https:\/\/schema.org","@graph":[{"@type":"WebPage","@id":"https:\/\/www.noticiasradioreflejos.com.ar\/2021\/la-provincia-esta-viviendo-un-muy-buen-verano-turistico\/","url":"https:\/\/www.noticiasradioreflejos.com.ar\/2021\/la-provincia-esta-viviendo-un-muy-buen-verano-turistico\/","name":"&quot;La Provincia est\u00e1 viviendo un muy buen verano tur\u00edstico&quot; - Noticias Radio Reflejos","isPartOf":{"@id":"https:\/\/www.noticiasradioreflejos.com.ar\/2021\/#website"},"datePublished":"2017-01-23T19:46:14+00:00","author":{"@id":"https:\/\/www.noticiasradioreflejos.com.ar\/2021\/#\/schema\/person\/ad82545263dcc5ec0996818884fd5fb1"},"breadcrumb":{"@id":"https:\/\/www.noticiasradioreflejos.com.ar\/2021\/la-provincia-esta-viviendo-un-muy-buen-verano-turistico\/#breadcrumb"},"inLanguage":"es","potentialAction":[{"@type":"ReadAction","target":["https:\/\/www.noticiasradioreflejos.com.ar\/2021\/la-provincia-esta-viviendo-un-muy-buen-verano-turistico\/"]}]},{"@type":"BreadcrumbList","@id":"https:\/\/www.noticiasradioreflejos.com.ar\/2021\/la-provincia-esta-viviendo-un-muy-buen-verano-turistico\/#breadcrumb","itemListElement":[{"@type":"ListItem","position":1,"name":"Portada","item":"https:\/\/www.noticiasradioreflejos.com.ar\/2021\/"},{"@type":"ListItem","position":2,"name":"&quot;La Provincia est\u00e1 viviendo un muy buen verano tur\u00edstico&quot;"}]},{"@type":"WebSite","@id":"https:\/\/www.noticiasradioreflejos.com.ar\/2021\/#website","url":"https:\/\/www.noticiasradioreflejos.com.ar\/2021\/","name":"Noticias Radio Reflejos","description":"Las noticias de mi comarca","potentialAction":[{"@type":"SearchAction","target":{"@type":"EntryPoint","urlTemplate":"https:\/\/www.noticiasradioreflejos.com.ar\/2021\/?s={search_term_string}"},"query-input":{"@type":"PropertyValueSpecification","valueRequired":true,"valueName":"search_term_string"}}],"inLanguage":"es"},{"@type":"Person","@id":"https:\/\/www.noticiasradioreflejos.com.ar\/2021\/#\/schema\/person\/ad82545263dcc5ec0996818884fd5fb1","name":"Arnaldo Botto","image":{"@type":"ImageObject","inLanguage":"es","@id":"https:\/\/www.noticiasradioreflejos.com.ar\/2021\/#\/schema\/person\/image\/","url":"https:\/\/secure.gravatar.com\/avatar\/55cb5e37c1efa326397366e6974cb338056df65cb50e7d64d1cf314e87504837?s=96&d=mm&r=g","contentUrl":"https:\/\/secure.gravatar.com\/avatar\/55cb5e37c1efa326397366e6974cb338056df65cb50e7d64d1cf314e87504837?s=96&d=mm&r=g","caption":"Arnaldo Botto"},"url":"https:\/\/www.noticiasradioreflejos.com.ar\/2021\/author\/arnaldo\/"}]}},"_links":{"self":[{"href":"https:\/\/www.noticiasradioreflejos.com.ar\/2021\/wp-json\/wp\/v2\/posts\/6192","targetHints":{"allow":["GET"]}}],"collection":[{"href":"https:\/\/www.noticiasradioreflejos.com.ar\/2021\/wp-json\/wp\/v2\/posts"}],"about":[{"href":"https:\/\/www.noticiasradioreflejos.com.ar\/2021\/wp-json\/wp\/v2\/types\/post"}],"author":[{"embeddable":true,"href":"https:\/\/www.noticiasradioreflejos.com.ar\/2021\/wp-json\/wp\/v2\/users\/3"}],"replies":[{"embeddable":true,"href":"https:\/\/www.noticiasradioreflejos.com.ar\/2021\/wp-json\/wp\/v2\/comments?post=6192"}],"version-history":[{"count":0,"href":"https:\/\/www.noticiasradioreflejos.com.ar\/2021\/wp-json\/wp\/v2\/posts\/6192\/revisions"}],"wp:attachment":[{"href":"https:\/\/www.noticiasradioreflejos.com.ar\/2021\/wp-json\/wp\/v2\/media?parent=6192"}],"wp:term":[{"taxonomy":"category","embeddable":true,"href":"https:\/\/www.noticiasradioreflejos.com.ar\/2021\/wp-json\/wp\/v2\/categories?post=6192"},{"taxonomy":"post_tag","embeddable":true,"href":"https:\/\/www.noticiasradioreflejos.com.ar\/2021\/wp-json\/wp\/v2\/tags?post=6192"}],"curies":[{"name":"wp","href":"https:\/\/api.w.org\/{rel}","templated":true}]}}