{"id":61919,"date":"2021-08-24T21:24:48","date_gmt":"2021-08-24T21:24:48","guid":{"rendered":"http:\/\/www.noticiasradioreflejos.com.ar\/2021\/?p=61919"},"modified":"2021-08-24T21:24:48","modified_gmt":"2021-08-24T21:24:48","slug":"ciclo-de-charlas-y-cursos-para-la-comunidad-docentes-y-alumnos-en-la-biblioteca-de-sierra-de-la-ventana","status":"publish","type":"post","link":"https:\/\/www.noticiasradioreflejos.com.ar\/2021\/ciclo-de-charlas-y-cursos-para-la-comunidad-docentes-y-alumnos-en-la-biblioteca-de-sierra-de-la-ventana\/","title":{"rendered":"Ciclo de charlas y cursos para la comunidad, docentes y alumnos en la biblioteca de Sierra de la Ventana."},"content":{"rendered":"<p><strong>Claudia \u00abMafu\u00bb Paez<\/strong> forma parte del equipo pedag\u00f3gico de \u00abEl Junquero\u00bb. La instituci\u00f3n educativa organiz\u00f3 junto a COOPERSIVE y la<strong> biblioteca Mariano Moreno<\/strong> un ciclo de charlas y cursos para la comunidad, docentes y alumnos. En esta nota, Claudia nos explica de qu\u00e9 se tratan y las pr\u00f3ximas fechas para poder inscribirse.<!--more--><\/p>\n<p><a title=\"Ciclo de talleres en la biblio (4)\" href=\"https:\/\/www.flickr.com\/photos\/182279889@N02\/51391160854\/in\/dateposted-public\/\" data-flickr-embed=\"true\"><img loading=\"lazy\" decoding=\"async\" src=\"https:\/\/live.staticflickr.com\/65535\/51391160854_272de93935_z.jpg\" alt=\"Ciclo de talleres en la biblio (4)\" width=\"640\" height=\"640\" \/><\/a><script async src=\"\/\/embedr.flickr.com\/assets\/client-code.js\" charset=\"utf-8\"><\/script><\/p>\n<p>\u00abArmamos un ciclo de charlas y talleres para la comunidad y tambi\u00e9n armamos unas jornadas de talleres en torno a la formaci\u00f3n de docentes y para las que estudian para ser maestras\u00bb present\u00f3 el tema central de la nota. Mafu coment\u00f3 que comenzaron las actividades este pasado S\u00e1bado con la participaci\u00f3n de la poeta Roberta Iannamico.<\/p>\n<p>Para este S\u00e1bado, hay una charla abierta a la comunidad llamada \u00abArte y Espacio P\u00fablico en la Comarca Serrana\u00bb, a cargo de Ana Vidal. \u00abEs una charla que se va a dar el S\u00e1bado a las 10 de la ma\u00f1ana en la biblioteca Mariano Moreno. Es gratuita y abierta al p\u00fablico, s\u00f3lo pedimos una inscripci\u00f3n previa por un tema de protocolos\u00bb explic\u00f3 Claudia. La inscripci\u00f3n se puede hacer a trav\u00e9s del siguiente <a href=\"https:\/\/forms.gle\/BtByoWmRvHos4dNM9\" target=\"_blank\" rel=\"noopener\">link<\/a>.<\/p>\n<p>Entre los otros talleres y charlas que compondr\u00e1n el ciclo se encuentran el taller de biodiversidad, la charla-taller \u00abEl sonido de la naturaleza\u00bb y \u00abHabitar para habitarnos\u00bb para cerrar en Noviembre.<\/p>\n<p>\u00abLas personas que componemos <strong>El Junquero<\/strong> somos inquietas, siempre estamos pensando en innovar, corrernos de lo tradicional. Queremos esa mirada o perspectiva trasmitirla a la comunidad\u00bb explic\u00f3 por qu\u00e9 la instituci\u00f3n educativa se une con la biblioteca y la COOPERSIVE para armar el ciclo de charlas y talleres. \u00abEl prop\u00f3sito es pensar desde un lugar m\u00e1s innovador\u00bb.<\/p>\n<p><span style=\"color: #ff00ff;\"><strong><em>link de acceso a la inscripci\u00f3n de los cursos y talleres:<\/em><\/strong><\/span> <a href=\"https:\/\/forms.gle\/BtByoWmRvHos4dNM9\">https:\/\/forms.gle\/BtByoWmRvHos4dNM9<\/a><\/p>\n<p><strong>Nota completa a continuaci\u00f3n:<\/strong><br \/>\n<iframe loading=\"lazy\" src=\"https:\/\/w.soundcloud.com\/player\/?url=https%3A\/\/api.soundcloud.com\/tracks\/1111864321&amp;color=%23ff5500&amp;auto_play=false&amp;hide_related=false&amp;show_comments=true&amp;show_user=true&amp;show_reposts=false&amp;show_teaser=true\" width=\"100%\" height=\"166\" frameborder=\"no\" scrolling=\"no\"><\/iframe><\/p>\n<div style=\"font-size: 10px; color: #cccccc; line-break: anywhere; word-break: normal; overflow: hidden; white-space: nowrap; text-overflow: ellipsis; font-family: Interstate,Lucida Grande,Lucida Sans Unicode,Lucida Sans,Garuda,Verdana,Tahoma,sans-serif; font-weight: 100;\"><a style=\"color: #cccccc; text-decoration: none;\" title=\"fmreflejos 103.7\" href=\"https:\/\/soundcloud.com\/fmreflejos-103-7\" target=\"_blank\" rel=\"noopener\">fmreflejos 103.7<\/a> \u00b7 <a style=\"color: #cccccc; text-decoration: none;\" title=\"Nota Mafu Paez\" href=\"https:\/\/soundcloud.com\/fmreflejos-103-7\/nota-mafu-paez\" target=\"_blank\" rel=\"noopener\">Nota Mafu Paez<\/a><\/div>\n<p><a title=\"Ciclo de talleres en la biblio (1)\" href=\"https:\/\/www.flickr.com\/photos\/182279889@N02\/51390678503\/in\/dateposted-public\/\" data-flickr-embed=\"true\"><img loading=\"lazy\" decoding=\"async\" src=\"https:\/\/live.staticflickr.com\/65535\/51390678503_ac3faed1a0_z.jpg\" alt=\"Ciclo de talleres en la biblio (1)\" width=\"640\" height=\"639\" \/><\/a><script async src=\"\/\/embedr.flickr.com\/assets\/client-code.js\" charset=\"utf-8\"><\/script><\/p>\n","protected":false},"excerpt":{"rendered":"<p>Claudia \u00abMafu\u00bb Paez forma parte del equipo pedag\u00f3gico de \u00abEl Junquero\u00bb. La instituci\u00f3n educativa organiz\u00f3 junto a COOPERSIVE y la biblioteca Mariano Moreno un ciclo de charlas y cursos para la comunidad, docentes y alumnos. En esta nota, Claudia nos explica de qu\u00e9 se tratan y las pr\u00f3ximas fechas para poder inscribirse.<\/p>\n","protected":false},"author":3,"featured_media":0,"comment_status":"closed","ping_status":"closed","sticky":false,"template":"","format":"standard","meta":{"footnotes":""},"categories":[35,34],"tags":[48],"class_list":["post-61919","post","type-post","status-publish","format-standard","hentry","category-cultura","category-educacion","tag-destacada"],"yoast_head":"<!-- This site is optimized with the Yoast SEO plugin v25.9 - https:\/\/yoast.com\/wordpress\/plugins\/seo\/ -->\n<title>Ciclo de charlas y cursos para la comunidad, docentes y alumnos en la biblioteca de Sierra de la Ventana. - Noticias Radio Reflejos<\/title>\n<meta name=\"robots\" content=\"index, follow, max-snippet:-1, max-image-preview:large, max-video-preview:-1\" \/>\n<link rel=\"canonical\" href=\"https:\/\/www.noticiasradioreflejos.com.ar\/2021\/ciclo-de-charlas-y-cursos-para-la-comunidad-docentes-y-alumnos-en-la-biblioteca-de-sierra-de-la-ventana\/\" \/>\n<meta property=\"og:locale\" content=\"es_ES\" \/>\n<meta property=\"og:type\" content=\"article\" \/>\n<meta property=\"og:title\" content=\"Ciclo de charlas y cursos para la comunidad, docentes y alumnos en la biblioteca de Sierra de la Ventana. - Noticias Radio Reflejos\" \/>\n<meta property=\"og:description\" content=\"Claudia \u00abMafu\u00bb Paez forma parte del equipo pedag\u00f3gico de \u00abEl Junquero\u00bb. La instituci\u00f3n educativa organiz\u00f3 junto a COOPERSIVE y la biblioteca Mariano Moreno un ciclo de charlas y cursos para la comunidad, docentes y alumnos. En esta nota, Claudia nos explica de qu\u00e9 se tratan y las pr\u00f3ximas fechas para poder inscribirse.\" \/>\n<meta property=\"og:url\" content=\"https:\/\/www.noticiasradioreflejos.com.ar\/2021\/ciclo-de-charlas-y-cursos-para-la-comunidad-docentes-y-alumnos-en-la-biblioteca-de-sierra-de-la-ventana\/\" \/>\n<meta property=\"og:site_name\" content=\"Noticias Radio Reflejos\" \/>\n<meta property=\"article:published_time\" content=\"2021-08-24T21:24:48+00:00\" \/>\n<meta property=\"og:image\" content=\"https:\/\/live.staticflickr.com\/65535\/51391160854_272de93935_z.jpg\" \/>\n<meta name=\"author\" content=\"Arnaldo Botto\" \/>\n<meta name=\"twitter:card\" content=\"summary_large_image\" \/>\n<script type=\"application\/ld+json\" class=\"yoast-schema-graph\">{\"@context\":\"https:\/\/schema.org\",\"@graph\":[{\"@type\":\"WebPage\",\"@id\":\"https:\/\/www.noticiasradioreflejos.com.ar\/2021\/ciclo-de-charlas-y-cursos-para-la-comunidad-docentes-y-alumnos-en-la-biblioteca-de-sierra-de-la-ventana\/\",\"url\":\"https:\/\/www.noticiasradioreflejos.com.ar\/2021\/ciclo-de-charlas-y-cursos-para-la-comunidad-docentes-y-alumnos-en-la-biblioteca-de-sierra-de-la-ventana\/\",\"name\":\"Ciclo de charlas y cursos para la comunidad, docentes y alumnos en la biblioteca de Sierra de la Ventana. - Noticias Radio Reflejos\",\"isPartOf\":{\"@id\":\"https:\/\/www.noticiasradioreflejos.com.ar\/2021\/#website\"},\"primaryImageOfPage\":{\"@id\":\"https:\/\/www.noticiasradioreflejos.com.ar\/2021\/ciclo-de-charlas-y-cursos-para-la-comunidad-docentes-y-alumnos-en-la-biblioteca-de-sierra-de-la-ventana\/#primaryimage\"},\"image\":{\"@id\":\"https:\/\/www.noticiasradioreflejos.com.ar\/2021\/ciclo-de-charlas-y-cursos-para-la-comunidad-docentes-y-alumnos-en-la-biblioteca-de-sierra-de-la-ventana\/#primaryimage\"},\"thumbnailUrl\":\"https:\/\/live.staticflickr.com\/65535\/51391160854_272de93935_z.jpg\",\"datePublished\":\"2021-08-24T21:24:48+00:00\",\"author\":{\"@id\":\"https:\/\/www.noticiasradioreflejos.com.ar\/2021\/#\/schema\/person\/ad82545263dcc5ec0996818884fd5fb1\"},\"breadcrumb\":{\"@id\":\"https:\/\/www.noticiasradioreflejos.com.ar\/2021\/ciclo-de-charlas-y-cursos-para-la-comunidad-docentes-y-alumnos-en-la-biblioteca-de-sierra-de-la-ventana\/#breadcrumb\"},\"inLanguage\":\"es\",\"potentialAction\":[{\"@type\":\"ReadAction\",\"target\":[\"https:\/\/www.noticiasradioreflejos.com.ar\/2021\/ciclo-de-charlas-y-cursos-para-la-comunidad-docentes-y-alumnos-en-la-biblioteca-de-sierra-de-la-ventana\/\"]}]},{\"@type\":\"ImageObject\",\"inLanguage\":\"es\",\"@id\":\"https:\/\/www.noticiasradioreflejos.com.ar\/2021\/ciclo-de-charlas-y-cursos-para-la-comunidad-docentes-y-alumnos-en-la-biblioteca-de-sierra-de-la-ventana\/#primaryimage\",\"url\":\"https:\/\/live.staticflickr.com\/65535\/51391160854_272de93935_z.jpg\",\"contentUrl\":\"https:\/\/live.staticflickr.com\/65535\/51391160854_272de93935_z.jpg\"},{\"@type\":\"BreadcrumbList\",\"@id\":\"https:\/\/www.noticiasradioreflejos.com.ar\/2021\/ciclo-de-charlas-y-cursos-para-la-comunidad-docentes-y-alumnos-en-la-biblioteca-de-sierra-de-la-ventana\/#breadcrumb\",\"itemListElement\":[{\"@type\":\"ListItem\",\"position\":1,\"name\":\"Portada\",\"item\":\"https:\/\/www.noticiasradioreflejos.com.ar\/2021\/\"},{\"@type\":\"ListItem\",\"position\":2,\"name\":\"Ciclo de charlas y cursos para la comunidad, docentes y alumnos en la biblioteca de Sierra de la Ventana.\"}]},{\"@type\":\"WebSite\",\"@id\":\"https:\/\/www.noticiasradioreflejos.com.ar\/2021\/#website\",\"url\":\"https:\/\/www.noticiasradioreflejos.com.ar\/2021\/\",\"name\":\"Noticias Radio Reflejos\",\"description\":\"Las noticias de mi comarca\",\"potentialAction\":[{\"@type\":\"SearchAction\",\"target\":{\"@type\":\"EntryPoint\",\"urlTemplate\":\"https:\/\/www.noticiasradioreflejos.com.ar\/2021\/?s={search_term_string}\"},\"query-input\":{\"@type\":\"PropertyValueSpecification\",\"valueRequired\":true,\"valueName\":\"search_term_string\"}}],\"inLanguage\":\"es\"},{\"@type\":\"Person\",\"@id\":\"https:\/\/www.noticiasradioreflejos.com.ar\/2021\/#\/schema\/person\/ad82545263dcc5ec0996818884fd5fb1\",\"name\":\"Arnaldo Botto\",\"image\":{\"@type\":\"ImageObject\",\"inLanguage\":\"es\",\"@id\":\"https:\/\/www.noticiasradioreflejos.com.ar\/2021\/#\/schema\/person\/image\/\",\"url\":\"https:\/\/secure.gravatar.com\/avatar\/55cb5e37c1efa326397366e6974cb338056df65cb50e7d64d1cf314e87504837?s=96&d=mm&r=g\",\"contentUrl\":\"https:\/\/secure.gravatar.com\/avatar\/55cb5e37c1efa326397366e6974cb338056df65cb50e7d64d1cf314e87504837?s=96&d=mm&r=g\",\"caption\":\"Arnaldo Botto\"},\"url\":\"https:\/\/www.noticiasradioreflejos.com.ar\/2021\/author\/arnaldo\/\"}]}<\/script>\n<!-- \/ Yoast SEO plugin. -->","yoast_head_json":{"title":"Ciclo de charlas y cursos para la comunidad, docentes y alumnos en la biblioteca de Sierra de la Ventana. - Noticias Radio Reflejos","robots":{"index":"index","follow":"follow","max-snippet":"max-snippet:-1","max-image-preview":"max-image-preview:large","max-video-preview":"max-video-preview:-1"},"canonical":"https:\/\/www.noticiasradioreflejos.com.ar\/2021\/ciclo-de-charlas-y-cursos-para-la-comunidad-docentes-y-alumnos-en-la-biblioteca-de-sierra-de-la-ventana\/","og_locale":"es_ES","og_type":"article","og_title":"Ciclo de charlas y cursos para la comunidad, docentes y alumnos en la biblioteca de Sierra de la Ventana. - Noticias Radio Reflejos","og_description":"Claudia \u00abMafu\u00bb Paez forma parte del equipo pedag\u00f3gico de \u00abEl Junquero\u00bb. La instituci\u00f3n educativa organiz\u00f3 junto a COOPERSIVE y la biblioteca Mariano Moreno un ciclo de charlas y cursos para la comunidad, docentes y alumnos. En esta nota, Claudia nos explica de qu\u00e9 se tratan y las pr\u00f3ximas fechas para poder inscribirse.","og_url":"https:\/\/www.noticiasradioreflejos.com.ar\/2021\/ciclo-de-charlas-y-cursos-para-la-comunidad-docentes-y-alumnos-en-la-biblioteca-de-sierra-de-la-ventana\/","og_site_name":"Noticias Radio Reflejos","article_published_time":"2021-08-24T21:24:48+00:00","og_image":[{"url":"https:\/\/live.staticflickr.com\/65535\/51391160854_272de93935_z.jpg","type":"","width":"","height":""}],"author":"Arnaldo Botto","twitter_card":"summary_large_image","schema":{"@context":"https:\/\/schema.org","@graph":[{"@type":"WebPage","@id":"https:\/\/www.noticiasradioreflejos.com.ar\/2021\/ciclo-de-charlas-y-cursos-para-la-comunidad-docentes-y-alumnos-en-la-biblioteca-de-sierra-de-la-ventana\/","url":"https:\/\/www.noticiasradioreflejos.com.ar\/2021\/ciclo-de-charlas-y-cursos-para-la-comunidad-docentes-y-alumnos-en-la-biblioteca-de-sierra-de-la-ventana\/","name":"Ciclo de charlas y cursos para la comunidad, docentes y alumnos en la biblioteca de Sierra de la Ventana. - Noticias Radio Reflejos","isPartOf":{"@id":"https:\/\/www.noticiasradioreflejos.com.ar\/2021\/#website"},"primaryImageOfPage":{"@id":"https:\/\/www.noticiasradioreflejos.com.ar\/2021\/ciclo-de-charlas-y-cursos-para-la-comunidad-docentes-y-alumnos-en-la-biblioteca-de-sierra-de-la-ventana\/#primaryimage"},"image":{"@id":"https:\/\/www.noticiasradioreflejos.com.ar\/2021\/ciclo-de-charlas-y-cursos-para-la-comunidad-docentes-y-alumnos-en-la-biblioteca-de-sierra-de-la-ventana\/#primaryimage"},"thumbnailUrl":"https:\/\/live.staticflickr.com\/65535\/51391160854_272de93935_z.jpg","datePublished":"2021-08-24T21:24:48+00:00","author":{"@id":"https:\/\/www.noticiasradioreflejos.com.ar\/2021\/#\/schema\/person\/ad82545263dcc5ec0996818884fd5fb1"},"breadcrumb":{"@id":"https:\/\/www.noticiasradioreflejos.com.ar\/2021\/ciclo-de-charlas-y-cursos-para-la-comunidad-docentes-y-alumnos-en-la-biblioteca-de-sierra-de-la-ventana\/#breadcrumb"},"inLanguage":"es","potentialAction":[{"@type":"ReadAction","target":["https:\/\/www.noticiasradioreflejos.com.ar\/2021\/ciclo-de-charlas-y-cursos-para-la-comunidad-docentes-y-alumnos-en-la-biblioteca-de-sierra-de-la-ventana\/"]}]},{"@type":"ImageObject","inLanguage":"es","@id":"https:\/\/www.noticiasradioreflejos.com.ar\/2021\/ciclo-de-charlas-y-cursos-para-la-comunidad-docentes-y-alumnos-en-la-biblioteca-de-sierra-de-la-ventana\/#primaryimage","url":"https:\/\/live.staticflickr.com\/65535\/51391160854_272de93935_z.jpg","contentUrl":"https:\/\/live.staticflickr.com\/65535\/51391160854_272de93935_z.jpg"},{"@type":"BreadcrumbList","@id":"https:\/\/www.noticiasradioreflejos.com.ar\/2021\/ciclo-de-charlas-y-cursos-para-la-comunidad-docentes-y-alumnos-en-la-biblioteca-de-sierra-de-la-ventana\/#breadcrumb","itemListElement":[{"@type":"ListItem","position":1,"name":"Portada","item":"https:\/\/www.noticiasradioreflejos.com.ar\/2021\/"},{"@type":"ListItem","position":2,"name":"Ciclo de charlas y cursos para la comunidad, docentes y alumnos en la biblioteca de Sierra de la Ventana."}]},{"@type":"WebSite","@id":"https:\/\/www.noticiasradioreflejos.com.ar\/2021\/#website","url":"https:\/\/www.noticiasradioreflejos.com.ar\/2021\/","name":"Noticias Radio Reflejos","description":"Las noticias de mi comarca","potentialAction":[{"@type":"SearchAction","target":{"@type":"EntryPoint","urlTemplate":"https:\/\/www.noticiasradioreflejos.com.ar\/2021\/?s={search_term_string}"},"query-input":{"@type":"PropertyValueSpecification","valueRequired":true,"valueName":"search_term_string"}}],"inLanguage":"es"},{"@type":"Person","@id":"https:\/\/www.noticiasradioreflejos.com.ar\/2021\/#\/schema\/person\/ad82545263dcc5ec0996818884fd5fb1","name":"Arnaldo Botto","image":{"@type":"ImageObject","inLanguage":"es","@id":"https:\/\/www.noticiasradioreflejos.com.ar\/2021\/#\/schema\/person\/image\/","url":"https:\/\/secure.gravatar.com\/avatar\/55cb5e37c1efa326397366e6974cb338056df65cb50e7d64d1cf314e87504837?s=96&d=mm&r=g","contentUrl":"https:\/\/secure.gravatar.com\/avatar\/55cb5e37c1efa326397366e6974cb338056df65cb50e7d64d1cf314e87504837?s=96&d=mm&r=g","caption":"Arnaldo Botto"},"url":"https:\/\/www.noticiasradioreflejos.com.ar\/2021\/author\/arnaldo\/"}]}},"_links":{"self":[{"href":"https:\/\/www.noticiasradioreflejos.com.ar\/2021\/wp-json\/wp\/v2\/posts\/61919","targetHints":{"allow":["GET"]}}],"collection":[{"href":"https:\/\/www.noticiasradioreflejos.com.ar\/2021\/wp-json\/wp\/v2\/posts"}],"about":[{"href":"https:\/\/www.noticiasradioreflejos.com.ar\/2021\/wp-json\/wp\/v2\/types\/post"}],"author":[{"embeddable":true,"href":"https:\/\/www.noticiasradioreflejos.com.ar\/2021\/wp-json\/wp\/v2\/users\/3"}],"replies":[{"embeddable":true,"href":"https:\/\/www.noticiasradioreflejos.com.ar\/2021\/wp-json\/wp\/v2\/comments?post=61919"}],"version-history":[{"count":3,"href":"https:\/\/www.noticiasradioreflejos.com.ar\/2021\/wp-json\/wp\/v2\/posts\/61919\/revisions"}],"predecessor-version":[{"id":61936,"href":"https:\/\/www.noticiasradioreflejos.com.ar\/2021\/wp-json\/wp\/v2\/posts\/61919\/revisions\/61936"}],"wp:attachment":[{"href":"https:\/\/www.noticiasradioreflejos.com.ar\/2021\/wp-json\/wp\/v2\/media?parent=61919"}],"wp:term":[{"taxonomy":"category","embeddable":true,"href":"https:\/\/www.noticiasradioreflejos.com.ar\/2021\/wp-json\/wp\/v2\/categories?post=61919"},{"taxonomy":"post_tag","embeddable":true,"href":"https:\/\/www.noticiasradioreflejos.com.ar\/2021\/wp-json\/wp\/v2\/tags?post=61919"}],"curies":[{"name":"wp","href":"https:\/\/api.w.org\/{rel}","templated":true}]}}