{"id":61917,"date":"2021-08-24T20:58:43","date_gmt":"2021-08-24T20:58:43","guid":{"rendered":"http:\/\/www.noticiasradioreflejos.com.ar\/2021\/?p=61917"},"modified":"2021-08-24T20:58:43","modified_gmt":"2021-08-24T20:58:43","slug":"la-idea-tambien-es-tener-una-buena-convivencia-con-los-otros-partidos","status":"publish","type":"post","link":"https:\/\/www.noticiasradioreflejos.com.ar\/2021\/la-idea-tambien-es-tener-una-buena-convivencia-con-los-otros-partidos\/","title":{"rendered":"\u00abLa idea tambi\u00e9n es tener una buena convivencia con los otros partidos\u00bb"},"content":{"rendered":"<p><strong>Juan Cruz Marzialetti<\/strong>, pre candidato a tercer concejal en la lista de Juntos por Tornquist y de pura cepa radical, conversa con nosotros para compartirnos la propuesta del frente y contarnos c\u00f3mo est\u00e1 viviendo esta experiencia.<!--more--><\/p>\n<p><a data-flickr-embed=\"true\" href=\"https:\/\/www.flickr.com\/photos\/182279889@N02\/51395208417\/in\/dateposted-public\/\" title=\"juntos 22208 (13)\"><img loading=\"lazy\" decoding=\"async\" src=\"https:\/\/live.staticflickr.com\/65535\/51395208417_39ac475e5c_z.jpg\" width=\"640\" height=\"360\" alt=\"juntos 22208 (13)\"><\/a><script async src=\"\/\/embedr.flickr.com\/assets\/client-code.js\" charset=\"utf-8\"><\/script><br \/>\n\u00abObviamente es una decisi\u00f3n importante, tambi\u00e9n uno se expone y pasa que autom\u00e1ticamente, ni bien uno entra a participar, a la gente no le caes tan bien. Pero creo que es parte del compromiso que uno quiere asumir. Si siempre opinamos de afuera y no participamos, es medio dif\u00edcil\u00bb se refiri\u00f3 Juan Cruz a c\u00f3mo est\u00e1 viviendo estos d\u00edas de campa\u00f1a.<\/p>\n<p>\u00abLa verdad es que no lo estaba esperando\u00bb se refiri\u00f3 a su participaci\u00f3n en la lista. \u00abYo estaba en la \u00abvete\u00bb (Veterinaria), me vino a ver Moncho y me dijo que \u00e9l me ve\u00eda condiciones. Autom\u00e1ticamente le dije que si\u00bb coment\u00f3 c\u00f3mo fue que le presentaron la propuesta.<\/p>\n<p>\u00abEl que tuvo la posibilidad de formarse en la universidad p\u00fablica tiene que devolverle un poco de lo que recibi\u00f3 al Estado\u00bb justific\u00f3 por qu\u00e9 no dud\u00f3 en postularse con el frente Juntos por Tornquist. \u00abObviamente que estamos en diferentes veredas, pero nos unen mucho las buenas ideas\u00bb se refiri\u00f3 a los participantes de la lista. \u00abLa idea tambi\u00e9n es tener una buena convivencia con los otros partidos\u00bb expres\u00f3.<\/p>\n<p>Juan Cruz coment\u00f3 que una de las grandes preocupaciones de su localidad, Saldungaray, son los perros sueltos. \u00abUno como veterinario trata de colaborar con las castraciones. Estamos haciendo 20 al mes. Pero de todas formas das una vuelta por el pueblo y salen un mont\u00f3n de perros\u00bb coment\u00f3. Al respecto agreg\u00f3 que deber\u00eda hacerse un control sobre los due\u00f1os y que se consulte por qu\u00e9 sus animales se encuentran en la calle. \u00abVa a haber que trabajar\u00bb resumi\u00f3.<\/p>\n<p>Nota completa a continuaci\u00f3n:<br \/>\n<iframe loading=\"lazy\" src=\"https:\/\/w.soundcloud.com\/player\/?url=https%3A\/\/api.soundcloud.com\/tracks\/1111815115&amp;color=%23ff5500&amp;auto_play=false&amp;hide_related=false&amp;show_comments=true&amp;show_user=true&amp;show_reposts=false&amp;show_teaser=true\" width=\"100%\" height=\"166\" frameborder=\"no\" scrolling=\"no\"><\/iframe><\/p>\n<div style=\"font-size: 10px; color: #cccccc; line-break: anywhere; word-break: normal; overflow: hidden; white-space: nowrap; text-overflow: ellipsis; font-family: Interstate,Lucida Grande,Lucida Sans Unicode,Lucida Sans,Garuda,Verdana,Tahoma,sans-serif; font-weight: 100;\"><a style=\"color: #cccccc; text-decoration: none;\" title=\"fmreflejos 103.7\" href=\"https:\/\/soundcloud.com\/fmreflejos-103-7\" target=\"_blank\" rel=\"noopener\">fmreflejos 103.7<\/a> \u00b7 <a style=\"color: #cccccc; text-decoration: none;\" title=\"Nota Juan Cruz Marzialetti\" href=\"https:\/\/soundcloud.com\/fmreflejos-103-7\/nota-juan-cruz-marzialetti\" target=\"_blank\" rel=\"noopener\">Nota Juan Cruz Marzialetti<\/a><\/div>\n","protected":false},"excerpt":{"rendered":"<p>Juan Cruz Marzialetti, pre candidato a tercer concejal en la lista de Juntos por Tornquist y de pura cepa radical, conversa con nosotros para compartirnos la propuesta del frente y contarnos c\u00f3mo est\u00e1 viviendo esta experiencia.<\/p>\n","protected":false},"author":3,"featured_media":0,"comment_status":"closed","ping_status":"closed","sticky":false,"template":"","format":"standard","meta":{"footnotes":""},"categories":[24],"tags":[48],"class_list":["post-61917","post","type-post","status-publish","format-standard","hentry","category-politica","tag-destacada"],"yoast_head":"<!-- This site is optimized with the Yoast SEO plugin v25.9 - https:\/\/yoast.com\/wordpress\/plugins\/seo\/ -->\n<title>&quot;La idea tambi\u00e9n es tener una buena convivencia con los otros partidos&quot; - Noticias Radio Reflejos<\/title>\n<meta name=\"robots\" content=\"index, follow, max-snippet:-1, max-image-preview:large, max-video-preview:-1\" \/>\n<link rel=\"canonical\" href=\"https:\/\/www.noticiasradioreflejos.com.ar\/2021\/la-idea-tambien-es-tener-una-buena-convivencia-con-los-otros-partidos\/\" \/>\n<meta property=\"og:locale\" content=\"es_ES\" \/>\n<meta property=\"og:type\" content=\"article\" \/>\n<meta property=\"og:title\" content=\"&quot;La idea tambi\u00e9n es tener una buena convivencia con los otros partidos&quot; - Noticias Radio Reflejos\" \/>\n<meta property=\"og:description\" content=\"Juan Cruz Marzialetti, pre candidato a tercer concejal en la lista de Juntos por Tornquist y de pura cepa radical, conversa con nosotros para compartirnos la propuesta del frente y contarnos c\u00f3mo est\u00e1 viviendo esta experiencia.\" \/>\n<meta property=\"og:url\" content=\"https:\/\/www.noticiasradioreflejos.com.ar\/2021\/la-idea-tambien-es-tener-una-buena-convivencia-con-los-otros-partidos\/\" \/>\n<meta property=\"og:site_name\" content=\"Noticias Radio Reflejos\" \/>\n<meta property=\"article:published_time\" content=\"2021-08-24T20:58:43+00:00\" \/>\n<meta property=\"og:image\" content=\"https:\/\/live.staticflickr.com\/65535\/51395208417_39ac475e5c_z.jpg\" \/>\n<meta name=\"author\" content=\"Arnaldo Botto\" \/>\n<meta name=\"twitter:card\" content=\"summary_large_image\" \/>\n<script type=\"application\/ld+json\" class=\"yoast-schema-graph\">{\"@context\":\"https:\/\/schema.org\",\"@graph\":[{\"@type\":\"WebPage\",\"@id\":\"https:\/\/www.noticiasradioreflejos.com.ar\/2021\/la-idea-tambien-es-tener-una-buena-convivencia-con-los-otros-partidos\/\",\"url\":\"https:\/\/www.noticiasradioreflejos.com.ar\/2021\/la-idea-tambien-es-tener-una-buena-convivencia-con-los-otros-partidos\/\",\"name\":\"\\\"La idea tambi\u00e9n es tener una buena convivencia con los otros partidos\\\" - Noticias Radio Reflejos\",\"isPartOf\":{\"@id\":\"https:\/\/www.noticiasradioreflejos.com.ar\/2021\/#website\"},\"primaryImageOfPage\":{\"@id\":\"https:\/\/www.noticiasradioreflejos.com.ar\/2021\/la-idea-tambien-es-tener-una-buena-convivencia-con-los-otros-partidos\/#primaryimage\"},\"image\":{\"@id\":\"https:\/\/www.noticiasradioreflejos.com.ar\/2021\/la-idea-tambien-es-tener-una-buena-convivencia-con-los-otros-partidos\/#primaryimage\"},\"thumbnailUrl\":\"https:\/\/live.staticflickr.com\/65535\/51395208417_39ac475e5c_z.jpg\",\"datePublished\":\"2021-08-24T20:58:43+00:00\",\"author\":{\"@id\":\"https:\/\/www.noticiasradioreflejos.com.ar\/2021\/#\/schema\/person\/ad82545263dcc5ec0996818884fd5fb1\"},\"breadcrumb\":{\"@id\":\"https:\/\/www.noticiasradioreflejos.com.ar\/2021\/la-idea-tambien-es-tener-una-buena-convivencia-con-los-otros-partidos\/#breadcrumb\"},\"inLanguage\":\"es\",\"potentialAction\":[{\"@type\":\"ReadAction\",\"target\":[\"https:\/\/www.noticiasradioreflejos.com.ar\/2021\/la-idea-tambien-es-tener-una-buena-convivencia-con-los-otros-partidos\/\"]}]},{\"@type\":\"ImageObject\",\"inLanguage\":\"es\",\"@id\":\"https:\/\/www.noticiasradioreflejos.com.ar\/2021\/la-idea-tambien-es-tener-una-buena-convivencia-con-los-otros-partidos\/#primaryimage\",\"url\":\"https:\/\/live.staticflickr.com\/65535\/51395208417_39ac475e5c_z.jpg\",\"contentUrl\":\"https:\/\/live.staticflickr.com\/65535\/51395208417_39ac475e5c_z.jpg\"},{\"@type\":\"BreadcrumbList\",\"@id\":\"https:\/\/www.noticiasradioreflejos.com.ar\/2021\/la-idea-tambien-es-tener-una-buena-convivencia-con-los-otros-partidos\/#breadcrumb\",\"itemListElement\":[{\"@type\":\"ListItem\",\"position\":1,\"name\":\"Portada\",\"item\":\"https:\/\/www.noticiasradioreflejos.com.ar\/2021\/\"},{\"@type\":\"ListItem\",\"position\":2,\"name\":\"\u00abLa idea tambi\u00e9n es tener una buena convivencia con los otros partidos\u00bb\"}]},{\"@type\":\"WebSite\",\"@id\":\"https:\/\/www.noticiasradioreflejos.com.ar\/2021\/#website\",\"url\":\"https:\/\/www.noticiasradioreflejos.com.ar\/2021\/\",\"name\":\"Noticias Radio Reflejos\",\"description\":\"Las noticias de mi comarca\",\"potentialAction\":[{\"@type\":\"SearchAction\",\"target\":{\"@type\":\"EntryPoint\",\"urlTemplate\":\"https:\/\/www.noticiasradioreflejos.com.ar\/2021\/?s={search_term_string}\"},\"query-input\":{\"@type\":\"PropertyValueSpecification\",\"valueRequired\":true,\"valueName\":\"search_term_string\"}}],\"inLanguage\":\"es\"},{\"@type\":\"Person\",\"@id\":\"https:\/\/www.noticiasradioreflejos.com.ar\/2021\/#\/schema\/person\/ad82545263dcc5ec0996818884fd5fb1\",\"name\":\"Arnaldo Botto\",\"image\":{\"@type\":\"ImageObject\",\"inLanguage\":\"es\",\"@id\":\"https:\/\/www.noticiasradioreflejos.com.ar\/2021\/#\/schema\/person\/image\/\",\"url\":\"https:\/\/secure.gravatar.com\/avatar\/55cb5e37c1efa326397366e6974cb338056df65cb50e7d64d1cf314e87504837?s=96&d=mm&r=g\",\"contentUrl\":\"https:\/\/secure.gravatar.com\/avatar\/55cb5e37c1efa326397366e6974cb338056df65cb50e7d64d1cf314e87504837?s=96&d=mm&r=g\",\"caption\":\"Arnaldo Botto\"},\"url\":\"https:\/\/www.noticiasradioreflejos.com.ar\/2021\/author\/arnaldo\/\"}]}<\/script>\n<!-- \/ Yoast SEO plugin. -->","yoast_head_json":{"title":"\"La idea tambi\u00e9n es tener una buena convivencia con los otros partidos\" - Noticias Radio Reflejos","robots":{"index":"index","follow":"follow","max-snippet":"max-snippet:-1","max-image-preview":"max-image-preview:large","max-video-preview":"max-video-preview:-1"},"canonical":"https:\/\/www.noticiasradioreflejos.com.ar\/2021\/la-idea-tambien-es-tener-una-buena-convivencia-con-los-otros-partidos\/","og_locale":"es_ES","og_type":"article","og_title":"\"La idea tambi\u00e9n es tener una buena convivencia con los otros partidos\" - Noticias Radio Reflejos","og_description":"Juan Cruz Marzialetti, pre candidato a tercer concejal en la lista de Juntos por Tornquist y de pura cepa radical, conversa con nosotros para compartirnos la propuesta del frente y contarnos c\u00f3mo est\u00e1 viviendo esta experiencia.","og_url":"https:\/\/www.noticiasradioreflejos.com.ar\/2021\/la-idea-tambien-es-tener-una-buena-convivencia-con-los-otros-partidos\/","og_site_name":"Noticias Radio Reflejos","article_published_time":"2021-08-24T20:58:43+00:00","og_image":[{"url":"https:\/\/live.staticflickr.com\/65535\/51395208417_39ac475e5c_z.jpg","type":"","width":"","height":""}],"author":"Arnaldo Botto","twitter_card":"summary_large_image","schema":{"@context":"https:\/\/schema.org","@graph":[{"@type":"WebPage","@id":"https:\/\/www.noticiasradioreflejos.com.ar\/2021\/la-idea-tambien-es-tener-una-buena-convivencia-con-los-otros-partidos\/","url":"https:\/\/www.noticiasradioreflejos.com.ar\/2021\/la-idea-tambien-es-tener-una-buena-convivencia-con-los-otros-partidos\/","name":"\"La idea tambi\u00e9n es tener una buena convivencia con los otros partidos\" - Noticias Radio Reflejos","isPartOf":{"@id":"https:\/\/www.noticiasradioreflejos.com.ar\/2021\/#website"},"primaryImageOfPage":{"@id":"https:\/\/www.noticiasradioreflejos.com.ar\/2021\/la-idea-tambien-es-tener-una-buena-convivencia-con-los-otros-partidos\/#primaryimage"},"image":{"@id":"https:\/\/www.noticiasradioreflejos.com.ar\/2021\/la-idea-tambien-es-tener-una-buena-convivencia-con-los-otros-partidos\/#primaryimage"},"thumbnailUrl":"https:\/\/live.staticflickr.com\/65535\/51395208417_39ac475e5c_z.jpg","datePublished":"2021-08-24T20:58:43+00:00","author":{"@id":"https:\/\/www.noticiasradioreflejos.com.ar\/2021\/#\/schema\/person\/ad82545263dcc5ec0996818884fd5fb1"},"breadcrumb":{"@id":"https:\/\/www.noticiasradioreflejos.com.ar\/2021\/la-idea-tambien-es-tener-una-buena-convivencia-con-los-otros-partidos\/#breadcrumb"},"inLanguage":"es","potentialAction":[{"@type":"ReadAction","target":["https:\/\/www.noticiasradioreflejos.com.ar\/2021\/la-idea-tambien-es-tener-una-buena-convivencia-con-los-otros-partidos\/"]}]},{"@type":"ImageObject","inLanguage":"es","@id":"https:\/\/www.noticiasradioreflejos.com.ar\/2021\/la-idea-tambien-es-tener-una-buena-convivencia-con-los-otros-partidos\/#primaryimage","url":"https:\/\/live.staticflickr.com\/65535\/51395208417_39ac475e5c_z.jpg","contentUrl":"https:\/\/live.staticflickr.com\/65535\/51395208417_39ac475e5c_z.jpg"},{"@type":"BreadcrumbList","@id":"https:\/\/www.noticiasradioreflejos.com.ar\/2021\/la-idea-tambien-es-tener-una-buena-convivencia-con-los-otros-partidos\/#breadcrumb","itemListElement":[{"@type":"ListItem","position":1,"name":"Portada","item":"https:\/\/www.noticiasradioreflejos.com.ar\/2021\/"},{"@type":"ListItem","position":2,"name":"\u00abLa idea tambi\u00e9n es tener una buena convivencia con los otros partidos\u00bb"}]},{"@type":"WebSite","@id":"https:\/\/www.noticiasradioreflejos.com.ar\/2021\/#website","url":"https:\/\/www.noticiasradioreflejos.com.ar\/2021\/","name":"Noticias Radio Reflejos","description":"Las noticias de mi comarca","potentialAction":[{"@type":"SearchAction","target":{"@type":"EntryPoint","urlTemplate":"https:\/\/www.noticiasradioreflejos.com.ar\/2021\/?s={search_term_string}"},"query-input":{"@type":"PropertyValueSpecification","valueRequired":true,"valueName":"search_term_string"}}],"inLanguage":"es"},{"@type":"Person","@id":"https:\/\/www.noticiasradioreflejos.com.ar\/2021\/#\/schema\/person\/ad82545263dcc5ec0996818884fd5fb1","name":"Arnaldo Botto","image":{"@type":"ImageObject","inLanguage":"es","@id":"https:\/\/www.noticiasradioreflejos.com.ar\/2021\/#\/schema\/person\/image\/","url":"https:\/\/secure.gravatar.com\/avatar\/55cb5e37c1efa326397366e6974cb338056df65cb50e7d64d1cf314e87504837?s=96&d=mm&r=g","contentUrl":"https:\/\/secure.gravatar.com\/avatar\/55cb5e37c1efa326397366e6974cb338056df65cb50e7d64d1cf314e87504837?s=96&d=mm&r=g","caption":"Arnaldo Botto"},"url":"https:\/\/www.noticiasradioreflejos.com.ar\/2021\/author\/arnaldo\/"}]}},"_links":{"self":[{"href":"https:\/\/www.noticiasradioreflejos.com.ar\/2021\/wp-json\/wp\/v2\/posts\/61917","targetHints":{"allow":["GET"]}}],"collection":[{"href":"https:\/\/www.noticiasradioreflejos.com.ar\/2021\/wp-json\/wp\/v2\/posts"}],"about":[{"href":"https:\/\/www.noticiasradioreflejos.com.ar\/2021\/wp-json\/wp\/v2\/types\/post"}],"author":[{"embeddable":true,"href":"https:\/\/www.noticiasradioreflejos.com.ar\/2021\/wp-json\/wp\/v2\/users\/3"}],"replies":[{"embeddable":true,"href":"https:\/\/www.noticiasradioreflejos.com.ar\/2021\/wp-json\/wp\/v2\/comments?post=61917"}],"version-history":[{"count":2,"href":"https:\/\/www.noticiasradioreflejos.com.ar\/2021\/wp-json\/wp\/v2\/posts\/61917\/revisions"}],"predecessor-version":[{"id":61926,"href":"https:\/\/www.noticiasradioreflejos.com.ar\/2021\/wp-json\/wp\/v2\/posts\/61917\/revisions\/61926"}],"wp:attachment":[{"href":"https:\/\/www.noticiasradioreflejos.com.ar\/2021\/wp-json\/wp\/v2\/media?parent=61917"}],"wp:term":[{"taxonomy":"category","embeddable":true,"href":"https:\/\/www.noticiasradioreflejos.com.ar\/2021\/wp-json\/wp\/v2\/categories?post=61917"},{"taxonomy":"post_tag","embeddable":true,"href":"https:\/\/www.noticiasradioreflejos.com.ar\/2021\/wp-json\/wp\/v2\/tags?post=61917"}],"curies":[{"name":"wp","href":"https:\/\/api.w.org\/{rel}","templated":true}]}}