{"id":61899,"date":"2021-08-24T12:05:39","date_gmt":"2021-08-24T12:05:39","guid":{"rendered":"http:\/\/www.noticiasradioreflejos.com.ar\/2021\/?p=61899"},"modified":"2021-08-24T12:05:39","modified_gmt":"2021-08-24T12:05:39","slug":"aceptacion-e-inclusion-a-las-diversidades","status":"publish","type":"post","link":"https:\/\/www.noticiasradioreflejos.com.ar\/2021\/aceptacion-e-inclusion-a-las-diversidades\/","title":{"rendered":"Aceptaci\u00f3n e inclusi\u00f3n a las diversidades"},"content":{"rendered":"<p>En el marco del D\u00eda del Activismo por la Diversidad Sexual en recuerdo del fallecimiento de Carlos J\u00e1uregui, en el d\u00eda de hoy fue presentado un Proyecto de Resoluci\u00f3n en el Honorable Concejo Deliberante.<!--more--><\/p>\n<p>En el marco del D\u00eda del Activismo por la Diversidad Sexual en recuerdo del fallecimiento de Carlos J\u00e1uregui, hist\u00f3rico defensor de los derechos de la comunidad LGBTIQ+ en nuestro pa\u00eds, teniendo en cuenta la propuesta realizada por un grupo de j\u00f3venes representantes del Colectivo LGBTIQ+ de nuestro distrito y el trabajo mancomunado con integrantes de la Lista de Pre-candidatos y Pre- Candidatas a Concejales y Consejeros Escolares del Frente de Todos; en el d\u00eda de hoy fue presentado un Proyecto de Resoluci\u00f3n en el Honorable Concejo Deliberante.<\/p>\n<p>En el mismo se solicita al Intendente Municipal y al Subsecretario de Juventudes, Pol\u00edticas de G\u00e9nero y Diversidades la realizaci\u00f3n de distintas actividades tendientes a integrar la diversidad y generar conciencia sobre esto, sumando la intenci\u00f3n de respeto y convivencia pac\u00edfica.<\/p>\n<p>Esta presentaci\u00f3n se realiz\u00f3 considerando \u00a0que es importante visibilizar estas pluralidades que enriquecen a la sociedad y que durante mucho tiempo\u00a0 fueron ocultadas o mostradas de manera incorrecta en los variados espacios, generando as\u00ed ideas err\u00f3neas o visiones limitadas.<\/p>\n<p>Las actividades mencionadas consisten en:<\/p>\n<ul>\n<li>Poder embellecer y dotar de valores igualitarios a los diversos espacios p\u00fablicos de nuestra ciudad y a su vez generar una imagen inclusiva de dicha localidad a todos aquellos que vivan, la visiten o decidieran vivir aqu\u00ed.<\/li>\n<li>La intervenci\u00f3n de las sendas peatonales que conectan la Plaza Ernesto Tornquist con el centro de la ciudad. Estas sendas llevar\u00e1n los colores de la bandera arco iris.<\/li>\n<li>Programaci\u00f3n de diversas actividades \u00a0referentes al tema; charlas dictadas por profesionales en la materia, muestra fotogr\u00e1fica\/ art\u00edstica abierta a toda la comunidad, proyecci\u00f3n de cortos y musicalizaci\u00f3n.<\/li>\n<\/ul>\n<p>Confiamos en que este Proyecto ser\u00e1 acompa\u00f1ado por todos los Bloques de Concejales y puesto en marcha por el Subsecretario de Juventudes, Pol\u00edticas de G\u00e9nero y Diversidades Lic. Bruno Zacconi con el aval del Intendente Municipal.<\/p>\n<p>&nbsp;<\/p>\n<p><strong><em>CONCEJALES FRENTE DE TODOS Y FRENTE JUSTICIALISTA CUMPLIR<\/em><\/strong>.<\/p>\n","protected":false},"excerpt":{"rendered":"<p>En el marco del D\u00eda del Activismo por la Diversidad Sexual en recuerdo del fallecimiento de Carlos J\u00e1uregui, en el d\u00eda de hoy fue presentado un Proyecto de Resoluci\u00f3n en el Honorable Concejo Deliberante.<\/p>\n","protected":false},"author":3,"featured_media":0,"comment_status":"closed","ping_status":"closed","sticky":false,"template":"","format":"standard","meta":{"footnotes":""},"categories":[24],"tags":[],"class_list":["post-61899","post","type-post","status-publish","format-standard","hentry","category-politica"],"yoast_head":"<!-- This site is optimized with the Yoast SEO plugin v25.9 - https:\/\/yoast.com\/wordpress\/plugins\/seo\/ -->\n<title>Aceptaci\u00f3n e inclusi\u00f3n a las diversidades - Noticias Radio Reflejos<\/title>\n<meta name=\"robots\" content=\"index, follow, max-snippet:-1, max-image-preview:large, max-video-preview:-1\" \/>\n<link rel=\"canonical\" href=\"https:\/\/www.noticiasradioreflejos.com.ar\/2021\/aceptacion-e-inclusion-a-las-diversidades\/\" \/>\n<meta property=\"og:locale\" content=\"es_ES\" \/>\n<meta property=\"og:type\" content=\"article\" \/>\n<meta property=\"og:title\" content=\"Aceptaci\u00f3n e inclusi\u00f3n a las diversidades - Noticias Radio Reflejos\" \/>\n<meta property=\"og:description\" content=\"En el marco del D\u00eda del Activismo por la Diversidad Sexual en recuerdo del fallecimiento de Carlos J\u00e1uregui, en el d\u00eda de hoy fue presentado un Proyecto de Resoluci\u00f3n en el Honorable Concejo Deliberante.\" \/>\n<meta property=\"og:url\" content=\"https:\/\/www.noticiasradioreflejos.com.ar\/2021\/aceptacion-e-inclusion-a-las-diversidades\/\" \/>\n<meta property=\"og:site_name\" content=\"Noticias Radio Reflejos\" \/>\n<meta property=\"article:published_time\" content=\"2021-08-24T12:05:39+00:00\" \/>\n<meta property=\"og:image\" content=\"https:\/\/www.noticiasradioreflejos.com.ar\/2021\/wp-content\/uploads\/2021\/07\/logosol300x200.png\" \/>\n\t<meta property=\"og:image:width\" content=\"300\" \/>\n\t<meta property=\"og:image:height\" content=\"200\" \/>\n\t<meta property=\"og:image:type\" content=\"image\/png\" \/>\n<meta name=\"author\" content=\"Arnaldo Botto\" \/>\n<meta name=\"twitter:card\" content=\"summary_large_image\" \/>\n<script type=\"application\/ld+json\" class=\"yoast-schema-graph\">{\"@context\":\"https:\/\/schema.org\",\"@graph\":[{\"@type\":\"WebPage\",\"@id\":\"https:\/\/www.noticiasradioreflejos.com.ar\/2021\/aceptacion-e-inclusion-a-las-diversidades\/\",\"url\":\"https:\/\/www.noticiasradioreflejos.com.ar\/2021\/aceptacion-e-inclusion-a-las-diversidades\/\",\"name\":\"Aceptaci\u00f3n e inclusi\u00f3n a las diversidades - Noticias Radio Reflejos\",\"isPartOf\":{\"@id\":\"https:\/\/www.noticiasradioreflejos.com.ar\/2021\/#website\"},\"datePublished\":\"2021-08-24T12:05:39+00:00\",\"author\":{\"@id\":\"https:\/\/www.noticiasradioreflejos.com.ar\/2021\/#\/schema\/person\/ad82545263dcc5ec0996818884fd5fb1\"},\"breadcrumb\":{\"@id\":\"https:\/\/www.noticiasradioreflejos.com.ar\/2021\/aceptacion-e-inclusion-a-las-diversidades\/#breadcrumb\"},\"inLanguage\":\"es\",\"potentialAction\":[{\"@type\":\"ReadAction\",\"target\":[\"https:\/\/www.noticiasradioreflejos.com.ar\/2021\/aceptacion-e-inclusion-a-las-diversidades\/\"]}]},{\"@type\":\"BreadcrumbList\",\"@id\":\"https:\/\/www.noticiasradioreflejos.com.ar\/2021\/aceptacion-e-inclusion-a-las-diversidades\/#breadcrumb\",\"itemListElement\":[{\"@type\":\"ListItem\",\"position\":1,\"name\":\"Portada\",\"item\":\"https:\/\/www.noticiasradioreflejos.com.ar\/2021\/\"},{\"@type\":\"ListItem\",\"position\":2,\"name\":\"Aceptaci\u00f3n e inclusi\u00f3n a las diversidades\"}]},{\"@type\":\"WebSite\",\"@id\":\"https:\/\/www.noticiasradioreflejos.com.ar\/2021\/#website\",\"url\":\"https:\/\/www.noticiasradioreflejos.com.ar\/2021\/\",\"name\":\"Noticias Radio Reflejos\",\"description\":\"Las noticias de mi comarca\",\"potentialAction\":[{\"@type\":\"SearchAction\",\"target\":{\"@type\":\"EntryPoint\",\"urlTemplate\":\"https:\/\/www.noticiasradioreflejos.com.ar\/2021\/?s={search_term_string}\"},\"query-input\":{\"@type\":\"PropertyValueSpecification\",\"valueRequired\":true,\"valueName\":\"search_term_string\"}}],\"inLanguage\":\"es\"},{\"@type\":\"Person\",\"@id\":\"https:\/\/www.noticiasradioreflejos.com.ar\/2021\/#\/schema\/person\/ad82545263dcc5ec0996818884fd5fb1\",\"name\":\"Arnaldo Botto\",\"image\":{\"@type\":\"ImageObject\",\"inLanguage\":\"es\",\"@id\":\"https:\/\/www.noticiasradioreflejos.com.ar\/2021\/#\/schema\/person\/image\/\",\"url\":\"https:\/\/secure.gravatar.com\/avatar\/55cb5e37c1efa326397366e6974cb338056df65cb50e7d64d1cf314e87504837?s=96&d=mm&r=g\",\"contentUrl\":\"https:\/\/secure.gravatar.com\/avatar\/55cb5e37c1efa326397366e6974cb338056df65cb50e7d64d1cf314e87504837?s=96&d=mm&r=g\",\"caption\":\"Arnaldo Botto\"},\"url\":\"https:\/\/www.noticiasradioreflejos.com.ar\/2021\/author\/arnaldo\/\"}]}<\/script>\n<!-- \/ Yoast SEO plugin. -->","yoast_head_json":{"title":"Aceptaci\u00f3n e inclusi\u00f3n a las diversidades - Noticias Radio Reflejos","robots":{"index":"index","follow":"follow","max-snippet":"max-snippet:-1","max-image-preview":"max-image-preview:large","max-video-preview":"max-video-preview:-1"},"canonical":"https:\/\/www.noticiasradioreflejos.com.ar\/2021\/aceptacion-e-inclusion-a-las-diversidades\/","og_locale":"es_ES","og_type":"article","og_title":"Aceptaci\u00f3n e inclusi\u00f3n a las diversidades - Noticias Radio Reflejos","og_description":"En el marco del D\u00eda del Activismo por la Diversidad Sexual en recuerdo del fallecimiento de Carlos J\u00e1uregui, en el d\u00eda de hoy fue presentado un Proyecto de Resoluci\u00f3n en el Honorable Concejo Deliberante.","og_url":"https:\/\/www.noticiasradioreflejos.com.ar\/2021\/aceptacion-e-inclusion-a-las-diversidades\/","og_site_name":"Noticias Radio Reflejos","article_published_time":"2021-08-24T12:05:39+00:00","og_image":[{"width":300,"height":200,"url":"https:\/\/www.noticiasradioreflejos.com.ar\/2021\/wp-content\/uploads\/2021\/07\/logosol300x200.png","type":"image\/png"}],"author":"Arnaldo Botto","twitter_card":"summary_large_image","schema":{"@context":"https:\/\/schema.org","@graph":[{"@type":"WebPage","@id":"https:\/\/www.noticiasradioreflejos.com.ar\/2021\/aceptacion-e-inclusion-a-las-diversidades\/","url":"https:\/\/www.noticiasradioreflejos.com.ar\/2021\/aceptacion-e-inclusion-a-las-diversidades\/","name":"Aceptaci\u00f3n e inclusi\u00f3n a las diversidades - Noticias Radio Reflejos","isPartOf":{"@id":"https:\/\/www.noticiasradioreflejos.com.ar\/2021\/#website"},"datePublished":"2021-08-24T12:05:39+00:00","author":{"@id":"https:\/\/www.noticiasradioreflejos.com.ar\/2021\/#\/schema\/person\/ad82545263dcc5ec0996818884fd5fb1"},"breadcrumb":{"@id":"https:\/\/www.noticiasradioreflejos.com.ar\/2021\/aceptacion-e-inclusion-a-las-diversidades\/#breadcrumb"},"inLanguage":"es","potentialAction":[{"@type":"ReadAction","target":["https:\/\/www.noticiasradioreflejos.com.ar\/2021\/aceptacion-e-inclusion-a-las-diversidades\/"]}]},{"@type":"BreadcrumbList","@id":"https:\/\/www.noticiasradioreflejos.com.ar\/2021\/aceptacion-e-inclusion-a-las-diversidades\/#breadcrumb","itemListElement":[{"@type":"ListItem","position":1,"name":"Portada","item":"https:\/\/www.noticiasradioreflejos.com.ar\/2021\/"},{"@type":"ListItem","position":2,"name":"Aceptaci\u00f3n e inclusi\u00f3n a las diversidades"}]},{"@type":"WebSite","@id":"https:\/\/www.noticiasradioreflejos.com.ar\/2021\/#website","url":"https:\/\/www.noticiasradioreflejos.com.ar\/2021\/","name":"Noticias Radio Reflejos","description":"Las noticias de mi comarca","potentialAction":[{"@type":"SearchAction","target":{"@type":"EntryPoint","urlTemplate":"https:\/\/www.noticiasradioreflejos.com.ar\/2021\/?s={search_term_string}"},"query-input":{"@type":"PropertyValueSpecification","valueRequired":true,"valueName":"search_term_string"}}],"inLanguage":"es"},{"@type":"Person","@id":"https:\/\/www.noticiasradioreflejos.com.ar\/2021\/#\/schema\/person\/ad82545263dcc5ec0996818884fd5fb1","name":"Arnaldo Botto","image":{"@type":"ImageObject","inLanguage":"es","@id":"https:\/\/www.noticiasradioreflejos.com.ar\/2021\/#\/schema\/person\/image\/","url":"https:\/\/secure.gravatar.com\/avatar\/55cb5e37c1efa326397366e6974cb338056df65cb50e7d64d1cf314e87504837?s=96&d=mm&r=g","contentUrl":"https:\/\/secure.gravatar.com\/avatar\/55cb5e37c1efa326397366e6974cb338056df65cb50e7d64d1cf314e87504837?s=96&d=mm&r=g","caption":"Arnaldo Botto"},"url":"https:\/\/www.noticiasradioreflejos.com.ar\/2021\/author\/arnaldo\/"}]}},"_links":{"self":[{"href":"https:\/\/www.noticiasradioreflejos.com.ar\/2021\/wp-json\/wp\/v2\/posts\/61899","targetHints":{"allow":["GET"]}}],"collection":[{"href":"https:\/\/www.noticiasradioreflejos.com.ar\/2021\/wp-json\/wp\/v2\/posts"}],"about":[{"href":"https:\/\/www.noticiasradioreflejos.com.ar\/2021\/wp-json\/wp\/v2\/types\/post"}],"author":[{"embeddable":true,"href":"https:\/\/www.noticiasradioreflejos.com.ar\/2021\/wp-json\/wp\/v2\/users\/3"}],"replies":[{"embeddable":true,"href":"https:\/\/www.noticiasradioreflejos.com.ar\/2021\/wp-json\/wp\/v2\/comments?post=61899"}],"version-history":[{"count":2,"href":"https:\/\/www.noticiasradioreflejos.com.ar\/2021\/wp-json\/wp\/v2\/posts\/61899\/revisions"}],"predecessor-version":[{"id":61901,"href":"https:\/\/www.noticiasradioreflejos.com.ar\/2021\/wp-json\/wp\/v2\/posts\/61899\/revisions\/61901"}],"wp:attachment":[{"href":"https:\/\/www.noticiasradioreflejos.com.ar\/2021\/wp-json\/wp\/v2\/media?parent=61899"}],"wp:term":[{"taxonomy":"category","embeddable":true,"href":"https:\/\/www.noticiasradioreflejos.com.ar\/2021\/wp-json\/wp\/v2\/categories?post=61899"},{"taxonomy":"post_tag","embeddable":true,"href":"https:\/\/www.noticiasradioreflejos.com.ar\/2021\/wp-json\/wp\/v2\/tags?post=61899"}],"curies":[{"name":"wp","href":"https:\/\/api.w.org\/{rel}","templated":true}]}}