{"id":61896,"date":"2021-08-24T11:19:28","date_gmt":"2021-08-24T11:19:28","guid":{"rendered":"http:\/\/www.noticiasradioreflejos.com.ar\/2021\/?p=61896"},"modified":"2021-08-24T11:19:28","modified_gmt":"2021-08-24T11:19:28","slug":"deja-de-regir-la-cuarentena-obligatoria-en-espana-para-viajeros-procedentes-de-argentina","status":"publish","type":"post","link":"https:\/\/www.noticiasradioreflejos.com.ar\/2021\/deja-de-regir-la-cuarentena-obligatoria-en-espana-para-viajeros-procedentes-de-argentina\/","title":{"rendered":"Deja de regir la cuarentena obligatoria en Espa\u00f1a para viajeros procedentes de Argentina"},"content":{"rendered":"<div class=\"head-content\">\n<p>El Ministerio de Salud espa\u00f1ol inform\u00f3 que podr\u00e1n ingresar\u00a0aquellos que tengan esquema completo de vacunas aprobadas por la EMA o la OMS. Por el momento, las vacunas autorizadas en Europa son\u00a0Pfizer-Biontech, Moderna, AstraZeneca, Jansen\/Johnson&amp;Johnson, Sinovac y Sinopharm.<\/p>\n<div class=\"addthis_custom_sharing\" data-url=\"https:\/\/www.telam.com.ar\/notas\/202108\/566015-cese-cuarentena-obligatoria-espana-argentina-ministerio-salud.html\" data-title=\"Deja de regir la cuarentena obligatoria en Espa\u00f1a para viajeros procedentes de Argentina\" data-description=\"El Ministerio de Salud espa\u00f1ol inform\u00f3 que podr\u00e1n ingresar\u00a0aquellos que tengan esquema completo de vacunas aprobadas por la EMA o la OMS. Por el momento, las vacunas autorizadas en Europa son\u00a0Pfizer-Biontech, Moderna, AstraZeneca, Jansen\/Johnson&amp;Johnson, Sinovac y Sinopharm.\">\n<div id=\"atstbx\" class=\"at-resp-share-element at-style-responsive addthis-smartlayers addthis-animated at4-show\" role=\"region\" aria-labelledby=\"at-f7846790-a5b4-4274-9ec8-d47e6057c344\"><\/div>\n<\/div>\n<\/div>\n<p><!--more--><\/p>\n<div class=\"main-content-block\">\n<div class=\"main-box clearfix\">\n<div class=\"wrapper-main-section clearfix\">\n<div class=\"wrapper-editable-content\">\n<div class=\"editable-content clearfix\">\n<div id=\"image\" class=\"image\"><img decoding=\"async\" title=\"Los aeropuertos de Madrid y de Barcelona son actualmente la principal puerta de entrada a Europa para los argentinos.\" src=\"https:\/\/www.telam.com.ar\/advf\/imagenes\/2017\/04\/58ff920b7d582_1004x565.jpg\" alt=\"Los aeropuertos de Madrid y de Barcelona son actualmente la principal puerta de entrada a Europa para los argentinos.\" \/><\/p>\n<div class=\"epigrafe\"><\/div>\n<\/div>\n<p>Los viajeros vacunados contra el coronavirus que lleguen a Espa\u00f1a procedentes de Argentina, Bolivia, Brasil, Colombia, Namibia y Sud\u00e1frica, no tendr\u00e1n que hacer desde este martes la cuarentena obligatoria de diez d\u00edas, vigente desde junio, a partir de una decisi\u00f3n del Ministerio de Salud del Gobierno espa\u00f1ol de no prorrogar el decreto que venc\u00eda el lunes.<\/p>\n<p>Asimismo, se inform\u00f3 que podr\u00e1n ingresar a Espa\u00f1a aquellos que tengan esquema completo de vacunas aprobadas por la EMA o la OMS, con el requisito de haber recibido la segunda dosis al menos 14 d\u00edas antes del viaje.<\/p>\n<blockquote><p>Hasta el momento, las vacunas autorizadas por la EMA o la OMS son las producidas por Pfizer-Biontech, Moderna, AstraZeneca, Jansen\/Johnson&amp;Johnson, Sinovac y Sinopharm<\/p><\/blockquote>\n<p>La vacuna Sputnik no figura en el listado porque a\u00fan no fue autorizada por la EMA<\/p>\n<p>En medio de la crisis sanitaria del coronavirus, el Ministerio de Salud de Espa\u00f1a public\u00f3 el 24 de julio en el Bolet\u00edn Oficial del Estado la Orden el decreto SND\/791\/2021, de 23 de julio, sobre las condiciones de cuarentena a las que deb\u00edan someterse las personas procedentes de pa\u00edses de alto riesgo -Argentina incluido- a su llegada a Espa\u00f1a.<\/p>\n<p><strong>La orden entr\u00f3 en vigor desde las 00:00 horas del 27 de julio por un per\u00edodo inicial de catorce d\u00edas, pero fue extendida el 7 de agosto hasta las 00 del martes 24 de agosto,<\/strong>\u00a0sin que se volviera a pedir una nueva pr\u00f3rroga.<\/p>\n<p>\u201cEl Ministerio de Sanidad no ha prorrogado la Orden SND\/791\/2021 sobre condiciones de cuarentena. Por tanto, a partir de las 00 de ma\u00f1ana martes 24 de agosto, decae la exigencia de cuarentena a los viajeros provenientes de Argentina, Bolivia, Brasil, Colombia, Namibia y Sud\u00e1frica\u201d, inform\u00f3 la Embajada de ese pa\u00eds en la Argentina.<\/p>\n<p><strong>\u201cTodos los pa\u00edses pasan, por tanto, a la categor\u00eda general de pa\u00edses de riesgo\u201d,<\/strong>\u00a0indic\u00f3 la sede diplom\u00e1tica espa\u00f1ola en Buenos Aires.<\/p>\n<div class=\"auth\">Requisitos<\/div>\n<p>La persona que viaje\u00a0<strong>debe completar un formulario online en las 48 horas previas al vuelo para generar un c\u00f3digo QR que deber\u00e1 presentar al ingresar al pa\u00eds.<\/strong><\/p>\n<p>Por el momento, el f\u00e1rmaco producido por el Instituto Gamaleya, Sputnik V, no se encuentra en el listado aceptado para ingresar a Espa\u00f1a.<\/p>\n<p>Sin embargo, si las razones del viaje son por motivo laborales o personales, como la enfermedad grave de un familiar, la persona que no est\u00e9 vacunada o haya sido inoculada con alg\u00fan inmunizante a\u00fan no aprobado,\u00a0<strong>deber\u00e1 presentar un PCR negativo emitido 48 horas antes de abordar el vuelo.<\/strong><\/p>\n<p>Tambi\u00e9n puede ingresar si cuenta con un certificado m\u00e9dico en que se afirma que tuvo Covid-19, que se recuper\u00f3 hace m\u00e1s de 180 d\u00edas y que detalle que desarroll\u00f3 anticuerpos.<\/p>\n<p>Finalmente, los menores de 12 a\u00f1os que ingresen junto a su familia, ya vacunada, no precisan estar vacunados.<\/p>\n<div class=\"btn_externos\"><\/div>\n<\/div>\n<\/div>\n<\/div>\n<\/div>\n<\/div>\n","protected":false},"excerpt":{"rendered":"<p>El Ministerio de Salud espa\u00f1ol inform\u00f3 que podr\u00e1n ingresar\u00a0aquellos que tengan esquema completo de vacunas aprobadas por la EMA o la OMS. Por el momento, las vacunas autorizadas en Europa son\u00a0Pfizer-Biontech, Moderna, AstraZeneca, Jansen\/Johnson&amp;Johnson, Sinovac y Sinopharm.<\/p>\n","protected":false},"author":3,"featured_media":0,"comment_status":"closed","ping_status":"closed","sticky":false,"template":"","format":"standard","meta":{"footnotes":""},"categories":[1],"tags":[],"class_list":["post-61896","post","type-post","status-publish","format-standard","hentry","category-sin-categoria"],"yoast_head":"<!-- This site is optimized with the Yoast SEO plugin v25.9 - https:\/\/yoast.com\/wordpress\/plugins\/seo\/ -->\n<title>Deja de regir la cuarentena obligatoria en Espa\u00f1a para viajeros procedentes de Argentina - Noticias Radio Reflejos<\/title>\n<meta name=\"robots\" content=\"index, follow, max-snippet:-1, max-image-preview:large, max-video-preview:-1\" \/>\n<link rel=\"canonical\" href=\"https:\/\/www.noticiasradioreflejos.com.ar\/2021\/deja-de-regir-la-cuarentena-obligatoria-en-espana-para-viajeros-procedentes-de-argentina\/\" \/>\n<meta property=\"og:locale\" content=\"es_ES\" \/>\n<meta property=\"og:type\" content=\"article\" \/>\n<meta property=\"og:title\" content=\"Deja de regir la cuarentena obligatoria en Espa\u00f1a para viajeros procedentes de Argentina - Noticias Radio Reflejos\" \/>\n<meta property=\"og:description\" content=\"El Ministerio de Salud espa\u00f1ol inform\u00f3 que podr\u00e1n ingresar\u00a0aquellos que tengan esquema completo de vacunas aprobadas por la EMA o la OMS. Por el momento, las vacunas autorizadas en Europa son\u00a0Pfizer-Biontech, Moderna, AstraZeneca, Jansen\/Johnson&amp;Johnson, Sinovac y Sinopharm.\" \/>\n<meta property=\"og:url\" content=\"https:\/\/www.noticiasradioreflejos.com.ar\/2021\/deja-de-regir-la-cuarentena-obligatoria-en-espana-para-viajeros-procedentes-de-argentina\/\" \/>\n<meta property=\"og:site_name\" content=\"Noticias Radio Reflejos\" \/>\n<meta property=\"article:published_time\" content=\"2021-08-24T11:19:28+00:00\" \/>\n<meta property=\"og:image\" content=\"https:\/\/www.telam.com.ar\/advf\/imagenes\/2017\/04\/58ff920b7d582_1004x565.jpg\" \/>\n<meta name=\"author\" content=\"Arnaldo Botto\" \/>\n<meta name=\"twitter:card\" content=\"summary_large_image\" \/>\n<script type=\"application\/ld+json\" class=\"yoast-schema-graph\">{\"@context\":\"https:\/\/schema.org\",\"@graph\":[{\"@type\":\"WebPage\",\"@id\":\"https:\/\/www.noticiasradioreflejos.com.ar\/2021\/deja-de-regir-la-cuarentena-obligatoria-en-espana-para-viajeros-procedentes-de-argentina\/\",\"url\":\"https:\/\/www.noticiasradioreflejos.com.ar\/2021\/deja-de-regir-la-cuarentena-obligatoria-en-espana-para-viajeros-procedentes-de-argentina\/\",\"name\":\"Deja de regir la cuarentena obligatoria en Espa\u00f1a para viajeros procedentes de Argentina - Noticias Radio Reflejos\",\"isPartOf\":{\"@id\":\"https:\/\/www.noticiasradioreflejos.com.ar\/2021\/#website\"},\"primaryImageOfPage\":{\"@id\":\"https:\/\/www.noticiasradioreflejos.com.ar\/2021\/deja-de-regir-la-cuarentena-obligatoria-en-espana-para-viajeros-procedentes-de-argentina\/#primaryimage\"},\"image\":{\"@id\":\"https:\/\/www.noticiasradioreflejos.com.ar\/2021\/deja-de-regir-la-cuarentena-obligatoria-en-espana-para-viajeros-procedentes-de-argentina\/#primaryimage\"},\"thumbnailUrl\":\"https:\/\/www.telam.com.ar\/advf\/imagenes\/2017\/04\/58ff920b7d582_1004x565.jpg\",\"datePublished\":\"2021-08-24T11:19:28+00:00\",\"author\":{\"@id\":\"https:\/\/www.noticiasradioreflejos.com.ar\/2021\/#\/schema\/person\/ad82545263dcc5ec0996818884fd5fb1\"},\"breadcrumb\":{\"@id\":\"https:\/\/www.noticiasradioreflejos.com.ar\/2021\/deja-de-regir-la-cuarentena-obligatoria-en-espana-para-viajeros-procedentes-de-argentina\/#breadcrumb\"},\"inLanguage\":\"es\",\"potentialAction\":[{\"@type\":\"ReadAction\",\"target\":[\"https:\/\/www.noticiasradioreflejos.com.ar\/2021\/deja-de-regir-la-cuarentena-obligatoria-en-espana-para-viajeros-procedentes-de-argentina\/\"]}]},{\"@type\":\"ImageObject\",\"inLanguage\":\"es\",\"@id\":\"https:\/\/www.noticiasradioreflejos.com.ar\/2021\/deja-de-regir-la-cuarentena-obligatoria-en-espana-para-viajeros-procedentes-de-argentina\/#primaryimage\",\"url\":\"https:\/\/www.telam.com.ar\/advf\/imagenes\/2017\/04\/58ff920b7d582_1004x565.jpg\",\"contentUrl\":\"https:\/\/www.telam.com.ar\/advf\/imagenes\/2017\/04\/58ff920b7d582_1004x565.jpg\"},{\"@type\":\"BreadcrumbList\",\"@id\":\"https:\/\/www.noticiasradioreflejos.com.ar\/2021\/deja-de-regir-la-cuarentena-obligatoria-en-espana-para-viajeros-procedentes-de-argentina\/#breadcrumb\",\"itemListElement\":[{\"@type\":\"ListItem\",\"position\":1,\"name\":\"Portada\",\"item\":\"https:\/\/www.noticiasradioreflejos.com.ar\/2021\/\"},{\"@type\":\"ListItem\",\"position\":2,\"name\":\"Deja de regir la cuarentena obligatoria en Espa\u00f1a para viajeros procedentes de Argentina\"}]},{\"@type\":\"WebSite\",\"@id\":\"https:\/\/www.noticiasradioreflejos.com.ar\/2021\/#website\",\"url\":\"https:\/\/www.noticiasradioreflejos.com.ar\/2021\/\",\"name\":\"Noticias Radio Reflejos\",\"description\":\"Las noticias de mi comarca\",\"potentialAction\":[{\"@type\":\"SearchAction\",\"target\":{\"@type\":\"EntryPoint\",\"urlTemplate\":\"https:\/\/www.noticiasradioreflejos.com.ar\/2021\/?s={search_term_string}\"},\"query-input\":{\"@type\":\"PropertyValueSpecification\",\"valueRequired\":true,\"valueName\":\"search_term_string\"}}],\"inLanguage\":\"es\"},{\"@type\":\"Person\",\"@id\":\"https:\/\/www.noticiasradioreflejos.com.ar\/2021\/#\/schema\/person\/ad82545263dcc5ec0996818884fd5fb1\",\"name\":\"Arnaldo Botto\",\"image\":{\"@type\":\"ImageObject\",\"inLanguage\":\"es\",\"@id\":\"https:\/\/www.noticiasradioreflejos.com.ar\/2021\/#\/schema\/person\/image\/\",\"url\":\"https:\/\/secure.gravatar.com\/avatar\/55cb5e37c1efa326397366e6974cb338056df65cb50e7d64d1cf314e87504837?s=96&d=mm&r=g\",\"contentUrl\":\"https:\/\/secure.gravatar.com\/avatar\/55cb5e37c1efa326397366e6974cb338056df65cb50e7d64d1cf314e87504837?s=96&d=mm&r=g\",\"caption\":\"Arnaldo Botto\"},\"url\":\"https:\/\/www.noticiasradioreflejos.com.ar\/2021\/author\/arnaldo\/\"}]}<\/script>\n<!-- \/ Yoast SEO plugin. -->","yoast_head_json":{"title":"Deja de regir la cuarentena obligatoria en Espa\u00f1a para viajeros procedentes de Argentina - Noticias Radio Reflejos","robots":{"index":"index","follow":"follow","max-snippet":"max-snippet:-1","max-image-preview":"max-image-preview:large","max-video-preview":"max-video-preview:-1"},"canonical":"https:\/\/www.noticiasradioreflejos.com.ar\/2021\/deja-de-regir-la-cuarentena-obligatoria-en-espana-para-viajeros-procedentes-de-argentina\/","og_locale":"es_ES","og_type":"article","og_title":"Deja de regir la cuarentena obligatoria en Espa\u00f1a para viajeros procedentes de Argentina - Noticias Radio Reflejos","og_description":"El Ministerio de Salud espa\u00f1ol inform\u00f3 que podr\u00e1n ingresar\u00a0aquellos que tengan esquema completo de vacunas aprobadas por la EMA o la OMS. Por el momento, las vacunas autorizadas en Europa son\u00a0Pfizer-Biontech, Moderna, AstraZeneca, Jansen\/Johnson&amp;Johnson, Sinovac y Sinopharm.","og_url":"https:\/\/www.noticiasradioreflejos.com.ar\/2021\/deja-de-regir-la-cuarentena-obligatoria-en-espana-para-viajeros-procedentes-de-argentina\/","og_site_name":"Noticias Radio Reflejos","article_published_time":"2021-08-24T11:19:28+00:00","og_image":[{"url":"https:\/\/www.telam.com.ar\/advf\/imagenes\/2017\/04\/58ff920b7d582_1004x565.jpg","type":"","width":"","height":""}],"author":"Arnaldo Botto","twitter_card":"summary_large_image","schema":{"@context":"https:\/\/schema.org","@graph":[{"@type":"WebPage","@id":"https:\/\/www.noticiasradioreflejos.com.ar\/2021\/deja-de-regir-la-cuarentena-obligatoria-en-espana-para-viajeros-procedentes-de-argentina\/","url":"https:\/\/www.noticiasradioreflejos.com.ar\/2021\/deja-de-regir-la-cuarentena-obligatoria-en-espana-para-viajeros-procedentes-de-argentina\/","name":"Deja de regir la cuarentena obligatoria en Espa\u00f1a para viajeros procedentes de Argentina - Noticias Radio Reflejos","isPartOf":{"@id":"https:\/\/www.noticiasradioreflejos.com.ar\/2021\/#website"},"primaryImageOfPage":{"@id":"https:\/\/www.noticiasradioreflejos.com.ar\/2021\/deja-de-regir-la-cuarentena-obligatoria-en-espana-para-viajeros-procedentes-de-argentina\/#primaryimage"},"image":{"@id":"https:\/\/www.noticiasradioreflejos.com.ar\/2021\/deja-de-regir-la-cuarentena-obligatoria-en-espana-para-viajeros-procedentes-de-argentina\/#primaryimage"},"thumbnailUrl":"https:\/\/www.telam.com.ar\/advf\/imagenes\/2017\/04\/58ff920b7d582_1004x565.jpg","datePublished":"2021-08-24T11:19:28+00:00","author":{"@id":"https:\/\/www.noticiasradioreflejos.com.ar\/2021\/#\/schema\/person\/ad82545263dcc5ec0996818884fd5fb1"},"breadcrumb":{"@id":"https:\/\/www.noticiasradioreflejos.com.ar\/2021\/deja-de-regir-la-cuarentena-obligatoria-en-espana-para-viajeros-procedentes-de-argentina\/#breadcrumb"},"inLanguage":"es","potentialAction":[{"@type":"ReadAction","target":["https:\/\/www.noticiasradioreflejos.com.ar\/2021\/deja-de-regir-la-cuarentena-obligatoria-en-espana-para-viajeros-procedentes-de-argentina\/"]}]},{"@type":"ImageObject","inLanguage":"es","@id":"https:\/\/www.noticiasradioreflejos.com.ar\/2021\/deja-de-regir-la-cuarentena-obligatoria-en-espana-para-viajeros-procedentes-de-argentina\/#primaryimage","url":"https:\/\/www.telam.com.ar\/advf\/imagenes\/2017\/04\/58ff920b7d582_1004x565.jpg","contentUrl":"https:\/\/www.telam.com.ar\/advf\/imagenes\/2017\/04\/58ff920b7d582_1004x565.jpg"},{"@type":"BreadcrumbList","@id":"https:\/\/www.noticiasradioreflejos.com.ar\/2021\/deja-de-regir-la-cuarentena-obligatoria-en-espana-para-viajeros-procedentes-de-argentina\/#breadcrumb","itemListElement":[{"@type":"ListItem","position":1,"name":"Portada","item":"https:\/\/www.noticiasradioreflejos.com.ar\/2021\/"},{"@type":"ListItem","position":2,"name":"Deja de regir la cuarentena obligatoria en Espa\u00f1a para viajeros procedentes de Argentina"}]},{"@type":"WebSite","@id":"https:\/\/www.noticiasradioreflejos.com.ar\/2021\/#website","url":"https:\/\/www.noticiasradioreflejos.com.ar\/2021\/","name":"Noticias Radio Reflejos","description":"Las noticias de mi comarca","potentialAction":[{"@type":"SearchAction","target":{"@type":"EntryPoint","urlTemplate":"https:\/\/www.noticiasradioreflejos.com.ar\/2021\/?s={search_term_string}"},"query-input":{"@type":"PropertyValueSpecification","valueRequired":true,"valueName":"search_term_string"}}],"inLanguage":"es"},{"@type":"Person","@id":"https:\/\/www.noticiasradioreflejos.com.ar\/2021\/#\/schema\/person\/ad82545263dcc5ec0996818884fd5fb1","name":"Arnaldo Botto","image":{"@type":"ImageObject","inLanguage":"es","@id":"https:\/\/www.noticiasradioreflejos.com.ar\/2021\/#\/schema\/person\/image\/","url":"https:\/\/secure.gravatar.com\/avatar\/55cb5e37c1efa326397366e6974cb338056df65cb50e7d64d1cf314e87504837?s=96&d=mm&r=g","contentUrl":"https:\/\/secure.gravatar.com\/avatar\/55cb5e37c1efa326397366e6974cb338056df65cb50e7d64d1cf314e87504837?s=96&d=mm&r=g","caption":"Arnaldo Botto"},"url":"https:\/\/www.noticiasradioreflejos.com.ar\/2021\/author\/arnaldo\/"}]}},"_links":{"self":[{"href":"https:\/\/www.noticiasradioreflejos.com.ar\/2021\/wp-json\/wp\/v2\/posts\/61896","targetHints":{"allow":["GET"]}}],"collection":[{"href":"https:\/\/www.noticiasradioreflejos.com.ar\/2021\/wp-json\/wp\/v2\/posts"}],"about":[{"href":"https:\/\/www.noticiasradioreflejos.com.ar\/2021\/wp-json\/wp\/v2\/types\/post"}],"author":[{"embeddable":true,"href":"https:\/\/www.noticiasradioreflejos.com.ar\/2021\/wp-json\/wp\/v2\/users\/3"}],"replies":[{"embeddable":true,"href":"https:\/\/www.noticiasradioreflejos.com.ar\/2021\/wp-json\/wp\/v2\/comments?post=61896"}],"version-history":[{"count":1,"href":"https:\/\/www.noticiasradioreflejos.com.ar\/2021\/wp-json\/wp\/v2\/posts\/61896\/revisions"}],"predecessor-version":[{"id":61898,"href":"https:\/\/www.noticiasradioreflejos.com.ar\/2021\/wp-json\/wp\/v2\/posts\/61896\/revisions\/61898"}],"wp:attachment":[{"href":"https:\/\/www.noticiasradioreflejos.com.ar\/2021\/wp-json\/wp\/v2\/media?parent=61896"}],"wp:term":[{"taxonomy":"category","embeddable":true,"href":"https:\/\/www.noticiasradioreflejos.com.ar\/2021\/wp-json\/wp\/v2\/categories?post=61896"},{"taxonomy":"post_tag","embeddable":true,"href":"https:\/\/www.noticiasradioreflejos.com.ar\/2021\/wp-json\/wp\/v2\/tags?post=61896"}],"curies":[{"name":"wp","href":"https:\/\/api.w.org\/{rel}","templated":true}]}}