{"id":61892,"date":"2021-08-24T10:31:55","date_gmt":"2021-08-24T10:31:55","guid":{"rendered":"http:\/\/www.noticiasradioreflejos.com.ar\/2021\/?p=61892"},"modified":"2021-08-24T10:31:55","modified_gmt":"2021-08-24T10:31:55","slug":"se-anuncio-la-inscripcion-al-repro-ii-para-salarios-devengados-en-agosto","status":"publish","type":"post","link":"https:\/\/www.noticiasradioreflejos.com.ar\/2021\/se-anuncio-la-inscripcion-al-repro-ii-para-salarios-devengados-en-agosto\/","title":{"rendered":"Se anunci\u00f3 la inscripci\u00f3n al Repro II para salarios devengados en agosto"},"content":{"rendered":"<div class=\"head-content\">\n<p>A trav\u00e9s de la Resoluci\u00f3n 488\/2021 publicada en el Bolet\u00edn Ofiicial, se fij\u00f3 para el Programa de Asistencia de Emergencia a Trabajadores y Trabajadoras Independientes en Sectores Cr\u00edticos el mismo plazo de inscripci\u00f3n que para el Repro II.<\/p>\n<\/div>\n<p><!--more--><\/p>\n<div class=\"main-content-block\">\n<div class=\"main-box clearfix\">\n<div class=\"wrapper-main-section clearfix\">\n<div class=\"wrapper-editable-content\">\n<div class=\"editable-content clearfix\">\n<div id=\"image\" class=\"image\"><img decoding=\"async\" title=\"En junio el Repro asisti\u00f3 en el pago de los salarios un universo de trabajadores en relaci\u00f3n de dependencia e independientes cercano a las 557.000 personas.\" src=\"https:\/\/www.telam.com.ar\/advf\/imagenes\/editadas\/6123d2d16cf5b_1004x564.jpg\" alt=\"En junio el Repro asisti\u00f3 en el pago de los salarios un universo de trabajadores en relaci\u00f3n de dependencia e independientes cercano a las 557.000 personas.\" \/><\/p>\n<div class=\"epigrafe\">En junio el Repro asisti\u00f3 en el pago de los salarios un universo de trabajadores en relaci\u00f3n de dependencia e independientes cercano a las 557.000 personas.<\/div>\n<\/div>\n<p>El Ministerio de Trabajo inscribir\u00e1 entre el mi\u00e9rcoles 25 y el 31 de agosto a las empresas comprendidas en el Programa de Reactivaci\u00f3n Productiva II (Repro II) para el per\u00edodo correspondiente a los salarios devengados durante este mes.<\/p>\n<p>Lo inform\u00f3 a trav\u00e9s de la Resoluci\u00f3n 488\/2021 publicada este lunes en el Bolet\u00edn Ofiicial, que fij\u00f3 para el Programa de Asistencia de Emergencia a Trabajadores y Trabajadoras Independientes en Sectores Cr\u00edticos el mismo plazo de inscripci\u00f3n que para el Repro II.<\/p>\n<p>Adem\u00e1s,\u00a0<strong>determin\u00f3 las pautas a considerar para aplicar los criterios de preselecci\u00f3n, respecto de las fechas de facturaci\u00f3n y n\u00f3mina de las empresas que quieran acceder al beneficio al Repro II.<\/strong><\/p>\n<div class=\"auth\">Detalles<\/div>\n<p><strong>Los meses seleccionados para el c\u00e1lculo de la variaci\u00f3n interanual de la facturaci\u00f3n requerida<\/strong>\u00a0por la Administraci\u00f3n Federal de Ingresos P\u00fablicos (AFIP)\u00a0<strong>ser\u00e1n julio de 2019 y de 2021,<\/strong>\u00a0pero no se deber\u00e1 considerar la facturaci\u00f3n para las empresas iniciadas a partir del 1 de enero de 2019.Asimismo, el mes seleccionado para determinar la n\u00f3mina de personal y los salarios de referencia ser\u00e1 julio \u00faltimo.<\/p>\n<p>En tanto, el corte de actualizaci\u00f3n de bajas de n\u00f3mina ser\u00e1 hasta el 24 de agosto (ma\u00f1ana); y el de CBU, hasta el 23 de agosto \u00faltimo (hoy).<\/p>\n<p><strong>En el caso de trabajadoras y trabajadores independientes<\/strong>, deber\u00e1n presentar una reducci\u00f3n de la facturaci\u00f3n superior al 20% en t\u00e9rminos reales, para el periodo comprendido entre julio \u00faltimo y el mes mismo mes de 2019.<\/p>\n<p>Asimismo, el per\u00edodo de referencia de pagos a acreditar ser\u00e1 para aut\u00f3nomos desde diciembre del a\u00f1o pasado hasta junio \u00faltimo; y para monotributistas, desde enero hasta julio de este a\u00f1o.<\/p>\n<p>El Ministerio Trabajo prorrog\u00f3 la semana pasada el Repro II para los salarios devengados este mes, y extendi\u00f3 tambi\u00e9n el Programa de Asistencia de Emergencia a Trabajadoras y Trabajadores Independientes en sectores cr\u00edticos.<\/p>\n<p>Estos trabajadores deber\u00e1n cumplir con el conjunto de indicadores econ\u00f3micos, financieros y laborales, fijados para el criterio de selecci\u00f3n, que se comparan contra 2019.<\/p>\n<p><strong>Los indicadores son la variaci\u00f3n porcentual de la facturaci\u00f3n, del IVA compras, del consumo de energ\u00eda el\u00e9ctrica y gas\u00edfera, de la relaci\u00f3n entre el costo laboral total y la facturaci\u00f3n, y de las importaciones, el endeudamiento (pasivo total \/ patrimonio neto) y la liquidez corriente (activo corriente \/ pasivo corriente).<\/strong><\/p>\n<p>Para todos los indicadores, excepto los de endeudamiento y liquidez corriente, el periodo de referencia para la variaci\u00f3n porcentual son los \u00faltimos dos meses anteriores al mes en el cual el Programa brinda la asistencia y los mismos meses de 2019.<\/p>\n<p>Por otra parte, la resoluci\u00f3n mantiene la excepci\u00f3n determinada en abril de este a\u00f1o a los sectores cr\u00edticos, para el mes correspondiente a los salarios devengados en agosto, de la presentaci\u00f3n del balance requerido cuando se relanz\u00f3 el programa de Recuperaci\u00f3n Productiva (Repro II).<\/p>\n<p>Adem\u00e1s,\u00a0<strong>estableci\u00f3 que para acceder al beneficio de $ 22.000, la trabajadora o el trabajador independiente deber\u00e1 presentar una reducci\u00f3n de la facturaci\u00f3n superior al 20% en t\u00e9rminos reales<\/strong>, para el periodo comprendido entre julio de 2019 y el mismo mes de 2021.<\/p>\n<p>Resta por definir, lo cual seguramente se conocer\u00e1 en los pr\u00f3ximos d\u00edas cuando se establezcan los nuevos requisitos del Repro para todos los beneficiarios, cu\u00e1l ser\u00e1 el tope de aumento como m\u00e1ximo de facturaci\u00f3n en t\u00e9rminos nominales, que para los salarios devengados en julio fue del 72%.<\/p>\n<blockquote><p>El Repro cubri\u00f3 en junio \u00faltimo a m\u00e1s de 486.000 trabajadores en relaci\u00f3n de dependencia, en 32.000 empresas<\/p><\/blockquote>\n<p>El Programa otorga una asistencia de $ 22.000 para las trabajadoras y trabajadores en empresas de sectores cr\u00edticos, el mismo monto que para los de salud, y los independientes, en tanto que<strong>\u00a0el subsidio a los sectores no cr\u00edticos afectados es de $ 9.000.<\/strong><\/p>\n<p>De acuerdo a los \u00faltimos datos suministrados oficialmente, el Repro cubri\u00f3 en junio \u00faltimo a m\u00e1s de 486.000 trabajadores en relaci\u00f3n de dependencia, en 32.000 empresas.<strong>El monto total transferido a las empresas para el pago de las remuneraciones de ese mes ascendi\u00f3 a $ 8.900 millones.<\/strong><\/p>\n<p>Asimismo, el programa de Asistencia al Trabajo Independiente cubri\u00f3 a 71.000 trabajadores, con una inversi\u00f3n superior a $ 1.500 millones.<\/p>\n<p>En total, para junio el Repro asisti\u00f3 en el pago de los salarios un universo de trabajadores en relaci\u00f3n de dependencia e independientes c<strong>ercano a las 557.000 personas, con una inversi\u00f3n de $10.400 millones.<\/strong><\/div>\n<\/div>\n<\/div>\n<\/div>\n<\/div>\n","protected":false},"excerpt":{"rendered":"<p>A trav\u00e9s de la Resoluci\u00f3n 488\/2021 publicada en el Bolet\u00edn Ofiicial, se fij\u00f3 para el Programa de Asistencia de Emergencia a Trabajadores y Trabajadoras Independientes en Sectores Cr\u00edticos el mismo plazo de inscripci\u00f3n que para el Repro II.<\/p>\n","protected":false},"author":3,"featured_media":0,"comment_status":"closed","ping_status":"closed","sticky":false,"template":"","format":"standard","meta":{"footnotes":""},"categories":[36,24],"tags":[],"class_list":["post-61892","post","type-post","status-publish","format-standard","hentry","category-economia","category-politica"],"yoast_head":"<!-- This site is optimized with the Yoast SEO plugin v25.9 - https:\/\/yoast.com\/wordpress\/plugins\/seo\/ -->\n<title>Se anunci\u00f3 la inscripci\u00f3n al Repro II para salarios devengados en agosto - Noticias Radio Reflejos<\/title>\n<meta name=\"robots\" content=\"index, follow, max-snippet:-1, max-image-preview:large, max-video-preview:-1\" \/>\n<link rel=\"canonical\" href=\"https:\/\/www.noticiasradioreflejos.com.ar\/2021\/se-anuncio-la-inscripcion-al-repro-ii-para-salarios-devengados-en-agosto\/\" \/>\n<meta property=\"og:locale\" content=\"es_ES\" \/>\n<meta property=\"og:type\" content=\"article\" \/>\n<meta property=\"og:title\" content=\"Se anunci\u00f3 la inscripci\u00f3n al Repro II para salarios devengados en agosto - Noticias Radio Reflejos\" \/>\n<meta property=\"og:description\" content=\"A trav\u00e9s de la Resoluci\u00f3n 488\/2021 publicada en el Bolet\u00edn Ofiicial, se fij\u00f3 para el Programa de Asistencia de Emergencia a Trabajadores y Trabajadoras Independientes en Sectores Cr\u00edticos el mismo plazo de inscripci\u00f3n que para el Repro II.\" \/>\n<meta property=\"og:url\" content=\"https:\/\/www.noticiasradioreflejos.com.ar\/2021\/se-anuncio-la-inscripcion-al-repro-ii-para-salarios-devengados-en-agosto\/\" \/>\n<meta property=\"og:site_name\" content=\"Noticias Radio Reflejos\" \/>\n<meta property=\"article:published_time\" content=\"2021-08-24T10:31:55+00:00\" \/>\n<meta property=\"og:image\" content=\"https:\/\/www.telam.com.ar\/advf\/imagenes\/editadas\/6123d2d16cf5b_1004x564.jpg\" \/>\n<meta name=\"author\" content=\"Arnaldo Botto\" \/>\n<meta name=\"twitter:card\" content=\"summary_large_image\" \/>\n<script type=\"application\/ld+json\" class=\"yoast-schema-graph\">{\"@context\":\"https:\/\/schema.org\",\"@graph\":[{\"@type\":\"WebPage\",\"@id\":\"https:\/\/www.noticiasradioreflejos.com.ar\/2021\/se-anuncio-la-inscripcion-al-repro-ii-para-salarios-devengados-en-agosto\/\",\"url\":\"https:\/\/www.noticiasradioreflejos.com.ar\/2021\/se-anuncio-la-inscripcion-al-repro-ii-para-salarios-devengados-en-agosto\/\",\"name\":\"Se anunci\u00f3 la inscripci\u00f3n al Repro II para salarios devengados en agosto - Noticias Radio Reflejos\",\"isPartOf\":{\"@id\":\"https:\/\/www.noticiasradioreflejos.com.ar\/2021\/#website\"},\"primaryImageOfPage\":{\"@id\":\"https:\/\/www.noticiasradioreflejos.com.ar\/2021\/se-anuncio-la-inscripcion-al-repro-ii-para-salarios-devengados-en-agosto\/#primaryimage\"},\"image\":{\"@id\":\"https:\/\/www.noticiasradioreflejos.com.ar\/2021\/se-anuncio-la-inscripcion-al-repro-ii-para-salarios-devengados-en-agosto\/#primaryimage\"},\"thumbnailUrl\":\"https:\/\/www.telam.com.ar\/advf\/imagenes\/editadas\/6123d2d16cf5b_1004x564.jpg\",\"datePublished\":\"2021-08-24T10:31:55+00:00\",\"author\":{\"@id\":\"https:\/\/www.noticiasradioreflejos.com.ar\/2021\/#\/schema\/person\/ad82545263dcc5ec0996818884fd5fb1\"},\"breadcrumb\":{\"@id\":\"https:\/\/www.noticiasradioreflejos.com.ar\/2021\/se-anuncio-la-inscripcion-al-repro-ii-para-salarios-devengados-en-agosto\/#breadcrumb\"},\"inLanguage\":\"es\",\"potentialAction\":[{\"@type\":\"ReadAction\",\"target\":[\"https:\/\/www.noticiasradioreflejos.com.ar\/2021\/se-anuncio-la-inscripcion-al-repro-ii-para-salarios-devengados-en-agosto\/\"]}]},{\"@type\":\"ImageObject\",\"inLanguage\":\"es\",\"@id\":\"https:\/\/www.noticiasradioreflejos.com.ar\/2021\/se-anuncio-la-inscripcion-al-repro-ii-para-salarios-devengados-en-agosto\/#primaryimage\",\"url\":\"https:\/\/www.telam.com.ar\/advf\/imagenes\/editadas\/6123d2d16cf5b_1004x564.jpg\",\"contentUrl\":\"https:\/\/www.telam.com.ar\/advf\/imagenes\/editadas\/6123d2d16cf5b_1004x564.jpg\"},{\"@type\":\"BreadcrumbList\",\"@id\":\"https:\/\/www.noticiasradioreflejos.com.ar\/2021\/se-anuncio-la-inscripcion-al-repro-ii-para-salarios-devengados-en-agosto\/#breadcrumb\",\"itemListElement\":[{\"@type\":\"ListItem\",\"position\":1,\"name\":\"Portada\",\"item\":\"https:\/\/www.noticiasradioreflejos.com.ar\/2021\/\"},{\"@type\":\"ListItem\",\"position\":2,\"name\":\"Se anunci\u00f3 la inscripci\u00f3n al Repro II para salarios devengados en agosto\"}]},{\"@type\":\"WebSite\",\"@id\":\"https:\/\/www.noticiasradioreflejos.com.ar\/2021\/#website\",\"url\":\"https:\/\/www.noticiasradioreflejos.com.ar\/2021\/\",\"name\":\"Noticias Radio Reflejos\",\"description\":\"Las noticias de mi comarca\",\"potentialAction\":[{\"@type\":\"SearchAction\",\"target\":{\"@type\":\"EntryPoint\",\"urlTemplate\":\"https:\/\/www.noticiasradioreflejos.com.ar\/2021\/?s={search_term_string}\"},\"query-input\":{\"@type\":\"PropertyValueSpecification\",\"valueRequired\":true,\"valueName\":\"search_term_string\"}}],\"inLanguage\":\"es\"},{\"@type\":\"Person\",\"@id\":\"https:\/\/www.noticiasradioreflejos.com.ar\/2021\/#\/schema\/person\/ad82545263dcc5ec0996818884fd5fb1\",\"name\":\"Arnaldo Botto\",\"image\":{\"@type\":\"ImageObject\",\"inLanguage\":\"es\",\"@id\":\"https:\/\/www.noticiasradioreflejos.com.ar\/2021\/#\/schema\/person\/image\/\",\"url\":\"https:\/\/secure.gravatar.com\/avatar\/55cb5e37c1efa326397366e6974cb338056df65cb50e7d64d1cf314e87504837?s=96&d=mm&r=g\",\"contentUrl\":\"https:\/\/secure.gravatar.com\/avatar\/55cb5e37c1efa326397366e6974cb338056df65cb50e7d64d1cf314e87504837?s=96&d=mm&r=g\",\"caption\":\"Arnaldo Botto\"},\"url\":\"https:\/\/www.noticiasradioreflejos.com.ar\/2021\/author\/arnaldo\/\"}]}<\/script>\n<!-- \/ Yoast SEO plugin. -->","yoast_head_json":{"title":"Se anunci\u00f3 la inscripci\u00f3n al Repro II para salarios devengados en agosto - Noticias Radio Reflejos","robots":{"index":"index","follow":"follow","max-snippet":"max-snippet:-1","max-image-preview":"max-image-preview:large","max-video-preview":"max-video-preview:-1"},"canonical":"https:\/\/www.noticiasradioreflejos.com.ar\/2021\/se-anuncio-la-inscripcion-al-repro-ii-para-salarios-devengados-en-agosto\/","og_locale":"es_ES","og_type":"article","og_title":"Se anunci\u00f3 la inscripci\u00f3n al Repro II para salarios devengados en agosto - Noticias Radio Reflejos","og_description":"A trav\u00e9s de la Resoluci\u00f3n 488\/2021 publicada en el Bolet\u00edn Ofiicial, se fij\u00f3 para el Programa de Asistencia de Emergencia a Trabajadores y Trabajadoras Independientes en Sectores Cr\u00edticos el mismo plazo de inscripci\u00f3n que para el Repro II.","og_url":"https:\/\/www.noticiasradioreflejos.com.ar\/2021\/se-anuncio-la-inscripcion-al-repro-ii-para-salarios-devengados-en-agosto\/","og_site_name":"Noticias Radio Reflejos","article_published_time":"2021-08-24T10:31:55+00:00","og_image":[{"url":"https:\/\/www.telam.com.ar\/advf\/imagenes\/editadas\/6123d2d16cf5b_1004x564.jpg","type":"","width":"","height":""}],"author":"Arnaldo Botto","twitter_card":"summary_large_image","schema":{"@context":"https:\/\/schema.org","@graph":[{"@type":"WebPage","@id":"https:\/\/www.noticiasradioreflejos.com.ar\/2021\/se-anuncio-la-inscripcion-al-repro-ii-para-salarios-devengados-en-agosto\/","url":"https:\/\/www.noticiasradioreflejos.com.ar\/2021\/se-anuncio-la-inscripcion-al-repro-ii-para-salarios-devengados-en-agosto\/","name":"Se anunci\u00f3 la inscripci\u00f3n al Repro II para salarios devengados en agosto - Noticias Radio Reflejos","isPartOf":{"@id":"https:\/\/www.noticiasradioreflejos.com.ar\/2021\/#website"},"primaryImageOfPage":{"@id":"https:\/\/www.noticiasradioreflejos.com.ar\/2021\/se-anuncio-la-inscripcion-al-repro-ii-para-salarios-devengados-en-agosto\/#primaryimage"},"image":{"@id":"https:\/\/www.noticiasradioreflejos.com.ar\/2021\/se-anuncio-la-inscripcion-al-repro-ii-para-salarios-devengados-en-agosto\/#primaryimage"},"thumbnailUrl":"https:\/\/www.telam.com.ar\/advf\/imagenes\/editadas\/6123d2d16cf5b_1004x564.jpg","datePublished":"2021-08-24T10:31:55+00:00","author":{"@id":"https:\/\/www.noticiasradioreflejos.com.ar\/2021\/#\/schema\/person\/ad82545263dcc5ec0996818884fd5fb1"},"breadcrumb":{"@id":"https:\/\/www.noticiasradioreflejos.com.ar\/2021\/se-anuncio-la-inscripcion-al-repro-ii-para-salarios-devengados-en-agosto\/#breadcrumb"},"inLanguage":"es","potentialAction":[{"@type":"ReadAction","target":["https:\/\/www.noticiasradioreflejos.com.ar\/2021\/se-anuncio-la-inscripcion-al-repro-ii-para-salarios-devengados-en-agosto\/"]}]},{"@type":"ImageObject","inLanguage":"es","@id":"https:\/\/www.noticiasradioreflejos.com.ar\/2021\/se-anuncio-la-inscripcion-al-repro-ii-para-salarios-devengados-en-agosto\/#primaryimage","url":"https:\/\/www.telam.com.ar\/advf\/imagenes\/editadas\/6123d2d16cf5b_1004x564.jpg","contentUrl":"https:\/\/www.telam.com.ar\/advf\/imagenes\/editadas\/6123d2d16cf5b_1004x564.jpg"},{"@type":"BreadcrumbList","@id":"https:\/\/www.noticiasradioreflejos.com.ar\/2021\/se-anuncio-la-inscripcion-al-repro-ii-para-salarios-devengados-en-agosto\/#breadcrumb","itemListElement":[{"@type":"ListItem","position":1,"name":"Portada","item":"https:\/\/www.noticiasradioreflejos.com.ar\/2021\/"},{"@type":"ListItem","position":2,"name":"Se anunci\u00f3 la inscripci\u00f3n al Repro II para salarios devengados en agosto"}]},{"@type":"WebSite","@id":"https:\/\/www.noticiasradioreflejos.com.ar\/2021\/#website","url":"https:\/\/www.noticiasradioreflejos.com.ar\/2021\/","name":"Noticias Radio Reflejos","description":"Las noticias de mi comarca","potentialAction":[{"@type":"SearchAction","target":{"@type":"EntryPoint","urlTemplate":"https:\/\/www.noticiasradioreflejos.com.ar\/2021\/?s={search_term_string}"},"query-input":{"@type":"PropertyValueSpecification","valueRequired":true,"valueName":"search_term_string"}}],"inLanguage":"es"},{"@type":"Person","@id":"https:\/\/www.noticiasradioreflejos.com.ar\/2021\/#\/schema\/person\/ad82545263dcc5ec0996818884fd5fb1","name":"Arnaldo Botto","image":{"@type":"ImageObject","inLanguage":"es","@id":"https:\/\/www.noticiasradioreflejos.com.ar\/2021\/#\/schema\/person\/image\/","url":"https:\/\/secure.gravatar.com\/avatar\/55cb5e37c1efa326397366e6974cb338056df65cb50e7d64d1cf314e87504837?s=96&d=mm&r=g","contentUrl":"https:\/\/secure.gravatar.com\/avatar\/55cb5e37c1efa326397366e6974cb338056df65cb50e7d64d1cf314e87504837?s=96&d=mm&r=g","caption":"Arnaldo Botto"},"url":"https:\/\/www.noticiasradioreflejos.com.ar\/2021\/author\/arnaldo\/"}]}},"_links":{"self":[{"href":"https:\/\/www.noticiasradioreflejos.com.ar\/2021\/wp-json\/wp\/v2\/posts\/61892","targetHints":{"allow":["GET"]}}],"collection":[{"href":"https:\/\/www.noticiasradioreflejos.com.ar\/2021\/wp-json\/wp\/v2\/posts"}],"about":[{"href":"https:\/\/www.noticiasradioreflejos.com.ar\/2021\/wp-json\/wp\/v2\/types\/post"}],"author":[{"embeddable":true,"href":"https:\/\/www.noticiasradioreflejos.com.ar\/2021\/wp-json\/wp\/v2\/users\/3"}],"replies":[{"embeddable":true,"href":"https:\/\/www.noticiasradioreflejos.com.ar\/2021\/wp-json\/wp\/v2\/comments?post=61892"}],"version-history":[{"count":1,"href":"https:\/\/www.noticiasradioreflejos.com.ar\/2021\/wp-json\/wp\/v2\/posts\/61892\/revisions"}],"predecessor-version":[{"id":61893,"href":"https:\/\/www.noticiasradioreflejos.com.ar\/2021\/wp-json\/wp\/v2\/posts\/61892\/revisions\/61893"}],"wp:attachment":[{"href":"https:\/\/www.noticiasradioreflejos.com.ar\/2021\/wp-json\/wp\/v2\/media?parent=61892"}],"wp:term":[{"taxonomy":"category","embeddable":true,"href":"https:\/\/www.noticiasradioreflejos.com.ar\/2021\/wp-json\/wp\/v2\/categories?post=61892"},{"taxonomy":"post_tag","embeddable":true,"href":"https:\/\/www.noticiasradioreflejos.com.ar\/2021\/wp-json\/wp\/v2\/tags?post=61892"}],"curies":[{"name":"wp","href":"https:\/\/api.w.org\/{rel}","templated":true}]}}