{"id":61882,"date":"2021-08-24T01:15:51","date_gmt":"2021-08-24T01:15:51","guid":{"rendered":"http:\/\/www.noticiasradioreflejos.com.ar\/2021\/?p=61882"},"modified":"2021-08-24T01:20:22","modified_gmt":"2021-08-24T01:20:22","slug":"fundo-el-hockey-femenino-en-sierra-de-la-ventana-y-hoy-es-dirigente-de-la-confederacion-argentina","status":"publish","type":"post","link":"https:\/\/www.noticiasradioreflejos.com.ar\/2021\/fundo-el-hockey-femenino-en-sierra-de-la-ventana-y-hoy-es-dirigente-de-la-confederacion-argentina\/","title":{"rendered":"Fund\u00f3 el Hockey femenino en Sierra de la Ventana y hoy es dirigente de la Confederaci\u00f3n Argentina"},"content":{"rendered":"<p>Compromiso, dedicaci\u00f3n y esfuerzo en todo momento.\u00a0 Marcela hoy es odont\u00f3loga infantil y fue jugadora de hockey desde chica, fundadora del deporte femenino en el Club Ventana, y ahora integra de la Comisi\u00f3n Directiva de la Confederaci\u00f3n Argentina de Hockey.<!--more--><\/p>\n<p>\u00abEs una experiencia linda que vivo desde el mes de Abril. Es una hermosa oportunidad y una experiencia muy linda. En mi caso, que elijo este deporte desde muy chica, es vivirlo desde otro lugar, con una gran responsabilidad y un desaf\u00edo muy importante\u00bb se refiri\u00f3 a su trabajo en la Comisi\u00f3n Directiva de la Confederaci\u00f3n Argentina de Hockey.<\/p>\n<p>\u00abLos deportes de equipo tienen en nuestro pa\u00eds una estructura que prospera. Arrancan en los clubes, entonces a veces pueden sostenerse en el tiempo y no dependen de cuestiones individuales\u00bb describi\u00f3 al hockey y a todos los deportes de equipo.<\/p>\n<p><a title=\"240192870_10222760873383170_3295274450117969463_n\" href=\"https:\/\/www.flickr.com\/photos\/182279889@N02\/51398517606\/in\/dateposted-public\/\" data-flickr-embed=\"true\"><img loading=\"lazy\" decoding=\"async\" src=\"https:\/\/live.staticflickr.com\/65535\/51398517606_a4a2011d37_z.jpg\" alt=\"240192870_10222760873383170_3295274450117969463_n\" width=\"640\" height=\"480\" \/><\/a><script async src=\"\/\/embedr.flickr.com\/assets\/client-code.js\" charset=\"utf-8\"><\/script><\/p>\n<p>Marcela entr\u00f3 en el mundo del hockey desde muy chica y como jugadora en Bah\u00eda Blanca. \u00abArranqu\u00e9 de chiquita a jugar ah\u00ed, siempre mis pap\u00e1s acompa\u00f1ando mucho y metidos en el club. Yo jugu\u00e9 en Sportiva de Bah\u00eda Blanca\u00bb nos coment\u00f3 sobre sus comienzos en el deporte. Coment\u00f3 que al momento de estudiar, se alej\u00f3 de la actividad. Luego de ese per\u00edodo, volvi\u00f3 a ligarse al hockey y entr\u00f3 en la liga del Sudoeste con el Club Ventana.<\/p>\n<p>Marcela explic\u00f3 que la Confederaci\u00f3n de Hockey Argentina funciona dividida en 6 regiones que se distribuyen a lo largo del pa\u00eds. \u00abEn mi caso, yo voy por la regi\u00f3n Bonaerense que van 2 representantes al consejo directivo, y en mi caso fui elegida para integrar este concejo desde Abril\u00bb. Mencion\u00f3 que su elecci\u00f3n la sorprendi\u00f3 y que le debe su puesto a que se est\u00e1 teniendo en cuenta el completar el cupo de dirigentes con mujeres, cuesti\u00f3n que resalta se est\u00e1 dando en todos los deportes \u00faltimamente.<\/p>\n<p>Adem\u00e1s de trabajar para el hockey, Marcela es odont\u00f3loga especialista en infantes. Admiti\u00f3 que este momento de pandemia, en el que la digitalizaci\u00f3n y lo virtual toma un rol protag\u00f3nico, le simplifica y facilita mucho el poder trabajar, tener una vida personal con sus respectivas responsabilidades y asistir a las reuniones de la Confederaci\u00f3n y ocuparse del deporte.<\/p>\n<p>\u00abSon las cosas que yo elijo y las puedo hacer porque tuve y tengo una familia que me acompa\u00f1a\u00bb se refiri\u00f3 al rol importante que cumplen sus padres y su marido en su actividad.<\/p>\n<p>\u00abTratando de dar lo mejor de mi, lo he tomado de la misma manera con lo local, lo regional, con compromiso\u00bb se refiri\u00f3 a sus grandes responsabilidades dentro de la toma de decisiones del deporte del Hockey, no s\u00f3lo a nivel nacional sino tambi\u00e9n internacional.<\/p>\n<p>Nota completa a continuaci\u00f3n:<br \/>\n<iframe loading=\"lazy\" src=\"https:\/\/w.soundcloud.com\/player\/?url=https%3A\/\/api.soundcloud.com\/tracks\/1111257901&amp;color=%23ff5500&amp;auto_play=false&amp;hide_related=false&amp;show_comments=true&amp;show_user=true&amp;show_reposts=false&amp;show_teaser=true\" width=\"100%\" height=\"166\" frameborder=\"no\" scrolling=\"no\"><\/iframe><\/p>\n<div style=\"font-size: 10px; color: #cccccc; line-break: anywhere; word-break: normal; overflow: hidden; white-space: nowrap; text-overflow: ellipsis; font-family: Interstate,Lucida Grande,Lucida Sans Unicode,Lucida Sans,Garuda,Verdana,Tahoma,sans-serif; font-weight: 100;\"><a style=\"color: #cccccc; text-decoration: none;\" title=\"fmreflejos 103.7\" href=\"https:\/\/soundcloud.com\/fmreflejos-103-7\" target=\"_blank\" rel=\"noopener\">fmreflejos 103.7<\/a> \u00b7 <a style=\"color: #cccccc; text-decoration: none;\" title=\"Nota Marcela Gonzalez\" href=\"https:\/\/soundcloud.com\/fmreflejos-103-7\/nota-marcela-gonzalez\" target=\"_blank\" rel=\"noopener\">Nota Marcela Gonzalez<\/a><\/div>\n","protected":false},"excerpt":{"rendered":"<p>Compromiso, dedicaci\u00f3n y esfuerzo en todo momento.\u00a0 Marcela hoy es odont\u00f3loga infantil y fue jugadora de hockey desde chica, fundadora del deporte femenino en el Club Ventana, y ahora integra de la Comisi\u00f3n Directiva de la Confederaci\u00f3n Argentina de Hockey.<\/p>\n","protected":false},"author":3,"featured_media":0,"comment_status":"closed","ping_status":"closed","sticky":false,"template":"","format":"standard","meta":{"footnotes":""},"categories":[27,26],"tags":[48],"class_list":["post-61882","post","type-post","status-publish","format-standard","hentry","category-deportes","category-sociedad","tag-destacada"],"yoast_head":"<!-- This site is optimized with the Yoast SEO plugin v25.9 - https:\/\/yoast.com\/wordpress\/plugins\/seo\/ -->\n<title>Fund\u00f3 el Hockey femenino en Sierra de la Ventana y hoy es dirigente de la Confederaci\u00f3n Argentina - Noticias Radio Reflejos<\/title>\n<meta name=\"robots\" content=\"index, follow, max-snippet:-1, max-image-preview:large, max-video-preview:-1\" \/>\n<link rel=\"canonical\" href=\"https:\/\/www.noticiasradioreflejos.com.ar\/2021\/fundo-el-hockey-femenino-en-sierra-de-la-ventana-y-hoy-es-dirigente-de-la-confederacion-argentina\/\" \/>\n<meta property=\"og:locale\" content=\"es_ES\" \/>\n<meta property=\"og:type\" content=\"article\" \/>\n<meta property=\"og:title\" content=\"Fund\u00f3 el Hockey femenino en Sierra de la Ventana y hoy es dirigente de la Confederaci\u00f3n Argentina - Noticias Radio Reflejos\" \/>\n<meta property=\"og:description\" content=\"Compromiso, dedicaci\u00f3n y esfuerzo en todo momento.\u00a0 Marcela hoy es odont\u00f3loga infantil y fue jugadora de hockey desde chica, fundadora del deporte femenino en el Club Ventana, y ahora integra de la Comisi\u00f3n Directiva de la Confederaci\u00f3n Argentina de Hockey.\" \/>\n<meta property=\"og:url\" content=\"https:\/\/www.noticiasradioreflejos.com.ar\/2021\/fundo-el-hockey-femenino-en-sierra-de-la-ventana-y-hoy-es-dirigente-de-la-confederacion-argentina\/\" \/>\n<meta property=\"og:site_name\" content=\"Noticias Radio Reflejos\" \/>\n<meta property=\"article:published_time\" content=\"2021-08-24T01:15:51+00:00\" \/>\n<meta property=\"article:modified_time\" content=\"2021-08-24T01:20:22+00:00\" \/>\n<meta property=\"og:image\" content=\"https:\/\/live.staticflickr.com\/65535\/51398517606_a4a2011d37_z.jpg\" \/>\n<meta name=\"author\" content=\"Arnaldo Botto\" \/>\n<meta name=\"twitter:card\" content=\"summary_large_image\" \/>\n<script type=\"application\/ld+json\" class=\"yoast-schema-graph\">{\"@context\":\"https:\/\/schema.org\",\"@graph\":[{\"@type\":\"WebPage\",\"@id\":\"https:\/\/www.noticiasradioreflejos.com.ar\/2021\/fundo-el-hockey-femenino-en-sierra-de-la-ventana-y-hoy-es-dirigente-de-la-confederacion-argentina\/\",\"url\":\"https:\/\/www.noticiasradioreflejos.com.ar\/2021\/fundo-el-hockey-femenino-en-sierra-de-la-ventana-y-hoy-es-dirigente-de-la-confederacion-argentina\/\",\"name\":\"Fund\u00f3 el Hockey femenino en Sierra de la Ventana y hoy es dirigente de la Confederaci\u00f3n Argentina - Noticias Radio Reflejos\",\"isPartOf\":{\"@id\":\"https:\/\/www.noticiasradioreflejos.com.ar\/2021\/#website\"},\"primaryImageOfPage\":{\"@id\":\"https:\/\/www.noticiasradioreflejos.com.ar\/2021\/fundo-el-hockey-femenino-en-sierra-de-la-ventana-y-hoy-es-dirigente-de-la-confederacion-argentina\/#primaryimage\"},\"image\":{\"@id\":\"https:\/\/www.noticiasradioreflejos.com.ar\/2021\/fundo-el-hockey-femenino-en-sierra-de-la-ventana-y-hoy-es-dirigente-de-la-confederacion-argentina\/#primaryimage\"},\"thumbnailUrl\":\"https:\/\/live.staticflickr.com\/65535\/51398517606_a4a2011d37_z.jpg\",\"datePublished\":\"2021-08-24T01:15:51+00:00\",\"dateModified\":\"2021-08-24T01:20:22+00:00\",\"author\":{\"@id\":\"https:\/\/www.noticiasradioreflejos.com.ar\/2021\/#\/schema\/person\/ad82545263dcc5ec0996818884fd5fb1\"},\"breadcrumb\":{\"@id\":\"https:\/\/www.noticiasradioreflejos.com.ar\/2021\/fundo-el-hockey-femenino-en-sierra-de-la-ventana-y-hoy-es-dirigente-de-la-confederacion-argentina\/#breadcrumb\"},\"inLanguage\":\"es\",\"potentialAction\":[{\"@type\":\"ReadAction\",\"target\":[\"https:\/\/www.noticiasradioreflejos.com.ar\/2021\/fundo-el-hockey-femenino-en-sierra-de-la-ventana-y-hoy-es-dirigente-de-la-confederacion-argentina\/\"]}]},{\"@type\":\"ImageObject\",\"inLanguage\":\"es\",\"@id\":\"https:\/\/www.noticiasradioreflejos.com.ar\/2021\/fundo-el-hockey-femenino-en-sierra-de-la-ventana-y-hoy-es-dirigente-de-la-confederacion-argentina\/#primaryimage\",\"url\":\"https:\/\/live.staticflickr.com\/65535\/51398517606_a4a2011d37_z.jpg\",\"contentUrl\":\"https:\/\/live.staticflickr.com\/65535\/51398517606_a4a2011d37_z.jpg\"},{\"@type\":\"BreadcrumbList\",\"@id\":\"https:\/\/www.noticiasradioreflejos.com.ar\/2021\/fundo-el-hockey-femenino-en-sierra-de-la-ventana-y-hoy-es-dirigente-de-la-confederacion-argentina\/#breadcrumb\",\"itemListElement\":[{\"@type\":\"ListItem\",\"position\":1,\"name\":\"Portada\",\"item\":\"https:\/\/www.noticiasradioreflejos.com.ar\/2021\/\"},{\"@type\":\"ListItem\",\"position\":2,\"name\":\"Fund\u00f3 el Hockey femenino en Sierra de la Ventana y hoy es dirigente de la Confederaci\u00f3n Argentina\"}]},{\"@type\":\"WebSite\",\"@id\":\"https:\/\/www.noticiasradioreflejos.com.ar\/2021\/#website\",\"url\":\"https:\/\/www.noticiasradioreflejos.com.ar\/2021\/\",\"name\":\"Noticias Radio Reflejos\",\"description\":\"Las noticias de mi comarca\",\"potentialAction\":[{\"@type\":\"SearchAction\",\"target\":{\"@type\":\"EntryPoint\",\"urlTemplate\":\"https:\/\/www.noticiasradioreflejos.com.ar\/2021\/?s={search_term_string}\"},\"query-input\":{\"@type\":\"PropertyValueSpecification\",\"valueRequired\":true,\"valueName\":\"search_term_string\"}}],\"inLanguage\":\"es\"},{\"@type\":\"Person\",\"@id\":\"https:\/\/www.noticiasradioreflejos.com.ar\/2021\/#\/schema\/person\/ad82545263dcc5ec0996818884fd5fb1\",\"name\":\"Arnaldo Botto\",\"image\":{\"@type\":\"ImageObject\",\"inLanguage\":\"es\",\"@id\":\"https:\/\/www.noticiasradioreflejos.com.ar\/2021\/#\/schema\/person\/image\/\",\"url\":\"https:\/\/secure.gravatar.com\/avatar\/55cb5e37c1efa326397366e6974cb338056df65cb50e7d64d1cf314e87504837?s=96&d=mm&r=g\",\"contentUrl\":\"https:\/\/secure.gravatar.com\/avatar\/55cb5e37c1efa326397366e6974cb338056df65cb50e7d64d1cf314e87504837?s=96&d=mm&r=g\",\"caption\":\"Arnaldo Botto\"},\"url\":\"https:\/\/www.noticiasradioreflejos.com.ar\/2021\/author\/arnaldo\/\"}]}<\/script>\n<!-- \/ Yoast SEO plugin. -->","yoast_head_json":{"title":"Fund\u00f3 el Hockey femenino en Sierra de la Ventana y hoy es dirigente de la Confederaci\u00f3n Argentina - Noticias Radio Reflejos","robots":{"index":"index","follow":"follow","max-snippet":"max-snippet:-1","max-image-preview":"max-image-preview:large","max-video-preview":"max-video-preview:-1"},"canonical":"https:\/\/www.noticiasradioreflejos.com.ar\/2021\/fundo-el-hockey-femenino-en-sierra-de-la-ventana-y-hoy-es-dirigente-de-la-confederacion-argentina\/","og_locale":"es_ES","og_type":"article","og_title":"Fund\u00f3 el Hockey femenino en Sierra de la Ventana y hoy es dirigente de la Confederaci\u00f3n Argentina - Noticias Radio Reflejos","og_description":"Compromiso, dedicaci\u00f3n y esfuerzo en todo momento.\u00a0 Marcela hoy es odont\u00f3loga infantil y fue jugadora de hockey desde chica, fundadora del deporte femenino en el Club Ventana, y ahora integra de la Comisi\u00f3n Directiva de la Confederaci\u00f3n Argentina de Hockey.","og_url":"https:\/\/www.noticiasradioreflejos.com.ar\/2021\/fundo-el-hockey-femenino-en-sierra-de-la-ventana-y-hoy-es-dirigente-de-la-confederacion-argentina\/","og_site_name":"Noticias Radio Reflejos","article_published_time":"2021-08-24T01:15:51+00:00","article_modified_time":"2021-08-24T01:20:22+00:00","og_image":[{"url":"https:\/\/live.staticflickr.com\/65535\/51398517606_a4a2011d37_z.jpg","type":"","width":"","height":""}],"author":"Arnaldo Botto","twitter_card":"summary_large_image","schema":{"@context":"https:\/\/schema.org","@graph":[{"@type":"WebPage","@id":"https:\/\/www.noticiasradioreflejos.com.ar\/2021\/fundo-el-hockey-femenino-en-sierra-de-la-ventana-y-hoy-es-dirigente-de-la-confederacion-argentina\/","url":"https:\/\/www.noticiasradioreflejos.com.ar\/2021\/fundo-el-hockey-femenino-en-sierra-de-la-ventana-y-hoy-es-dirigente-de-la-confederacion-argentina\/","name":"Fund\u00f3 el Hockey femenino en Sierra de la Ventana y hoy es dirigente de la Confederaci\u00f3n Argentina - Noticias Radio Reflejos","isPartOf":{"@id":"https:\/\/www.noticiasradioreflejos.com.ar\/2021\/#website"},"primaryImageOfPage":{"@id":"https:\/\/www.noticiasradioreflejos.com.ar\/2021\/fundo-el-hockey-femenino-en-sierra-de-la-ventana-y-hoy-es-dirigente-de-la-confederacion-argentina\/#primaryimage"},"image":{"@id":"https:\/\/www.noticiasradioreflejos.com.ar\/2021\/fundo-el-hockey-femenino-en-sierra-de-la-ventana-y-hoy-es-dirigente-de-la-confederacion-argentina\/#primaryimage"},"thumbnailUrl":"https:\/\/live.staticflickr.com\/65535\/51398517606_a4a2011d37_z.jpg","datePublished":"2021-08-24T01:15:51+00:00","dateModified":"2021-08-24T01:20:22+00:00","author":{"@id":"https:\/\/www.noticiasradioreflejos.com.ar\/2021\/#\/schema\/person\/ad82545263dcc5ec0996818884fd5fb1"},"breadcrumb":{"@id":"https:\/\/www.noticiasradioreflejos.com.ar\/2021\/fundo-el-hockey-femenino-en-sierra-de-la-ventana-y-hoy-es-dirigente-de-la-confederacion-argentina\/#breadcrumb"},"inLanguage":"es","potentialAction":[{"@type":"ReadAction","target":["https:\/\/www.noticiasradioreflejos.com.ar\/2021\/fundo-el-hockey-femenino-en-sierra-de-la-ventana-y-hoy-es-dirigente-de-la-confederacion-argentina\/"]}]},{"@type":"ImageObject","inLanguage":"es","@id":"https:\/\/www.noticiasradioreflejos.com.ar\/2021\/fundo-el-hockey-femenino-en-sierra-de-la-ventana-y-hoy-es-dirigente-de-la-confederacion-argentina\/#primaryimage","url":"https:\/\/live.staticflickr.com\/65535\/51398517606_a4a2011d37_z.jpg","contentUrl":"https:\/\/live.staticflickr.com\/65535\/51398517606_a4a2011d37_z.jpg"},{"@type":"BreadcrumbList","@id":"https:\/\/www.noticiasradioreflejos.com.ar\/2021\/fundo-el-hockey-femenino-en-sierra-de-la-ventana-y-hoy-es-dirigente-de-la-confederacion-argentina\/#breadcrumb","itemListElement":[{"@type":"ListItem","position":1,"name":"Portada","item":"https:\/\/www.noticiasradioreflejos.com.ar\/2021\/"},{"@type":"ListItem","position":2,"name":"Fund\u00f3 el Hockey femenino en Sierra de la Ventana y hoy es dirigente de la Confederaci\u00f3n Argentina"}]},{"@type":"WebSite","@id":"https:\/\/www.noticiasradioreflejos.com.ar\/2021\/#website","url":"https:\/\/www.noticiasradioreflejos.com.ar\/2021\/","name":"Noticias Radio Reflejos","description":"Las noticias de mi comarca","potentialAction":[{"@type":"SearchAction","target":{"@type":"EntryPoint","urlTemplate":"https:\/\/www.noticiasradioreflejos.com.ar\/2021\/?s={search_term_string}"},"query-input":{"@type":"PropertyValueSpecification","valueRequired":true,"valueName":"search_term_string"}}],"inLanguage":"es"},{"@type":"Person","@id":"https:\/\/www.noticiasradioreflejos.com.ar\/2021\/#\/schema\/person\/ad82545263dcc5ec0996818884fd5fb1","name":"Arnaldo Botto","image":{"@type":"ImageObject","inLanguage":"es","@id":"https:\/\/www.noticiasradioreflejos.com.ar\/2021\/#\/schema\/person\/image\/","url":"https:\/\/secure.gravatar.com\/avatar\/55cb5e37c1efa326397366e6974cb338056df65cb50e7d64d1cf314e87504837?s=96&d=mm&r=g","contentUrl":"https:\/\/secure.gravatar.com\/avatar\/55cb5e37c1efa326397366e6974cb338056df65cb50e7d64d1cf314e87504837?s=96&d=mm&r=g","caption":"Arnaldo Botto"},"url":"https:\/\/www.noticiasradioreflejos.com.ar\/2021\/author\/arnaldo\/"}]}},"_links":{"self":[{"href":"https:\/\/www.noticiasradioreflejos.com.ar\/2021\/wp-json\/wp\/v2\/posts\/61882","targetHints":{"allow":["GET"]}}],"collection":[{"href":"https:\/\/www.noticiasradioreflejos.com.ar\/2021\/wp-json\/wp\/v2\/posts"}],"about":[{"href":"https:\/\/www.noticiasradioreflejos.com.ar\/2021\/wp-json\/wp\/v2\/types\/post"}],"author":[{"embeddable":true,"href":"https:\/\/www.noticiasradioreflejos.com.ar\/2021\/wp-json\/wp\/v2\/users\/3"}],"replies":[{"embeddable":true,"href":"https:\/\/www.noticiasradioreflejos.com.ar\/2021\/wp-json\/wp\/v2\/comments?post=61882"}],"version-history":[{"count":2,"href":"https:\/\/www.noticiasradioreflejos.com.ar\/2021\/wp-json\/wp\/v2\/posts\/61882\/revisions"}],"predecessor-version":[{"id":61890,"href":"https:\/\/www.noticiasradioreflejos.com.ar\/2021\/wp-json\/wp\/v2\/posts\/61882\/revisions\/61890"}],"wp:attachment":[{"href":"https:\/\/www.noticiasradioreflejos.com.ar\/2021\/wp-json\/wp\/v2\/media?parent=61882"}],"wp:term":[{"taxonomy":"category","embeddable":true,"href":"https:\/\/www.noticiasradioreflejos.com.ar\/2021\/wp-json\/wp\/v2\/categories?post=61882"},{"taxonomy":"post_tag","embeddable":true,"href":"https:\/\/www.noticiasradioreflejos.com.ar\/2021\/wp-json\/wp\/v2\/tags?post=61882"}],"curies":[{"name":"wp","href":"https:\/\/api.w.org\/{rel}","templated":true}]}}