{"id":61880,"date":"2021-08-24T00:50:39","date_gmt":"2021-08-24T00:50:39","guid":{"rendered":"http:\/\/www.noticiasradioreflejos.com.ar\/2021\/?p=61880"},"modified":"2021-08-24T00:52:26","modified_gmt":"2021-08-24T00:52:26","slug":"la-lista-es-maravillosa-con-gente-joven-con-muchas-ganas-de-trabajar-por-nuestro-distrito-beneficiar-a-los-habitantes-y-por-que-nuestras-localidades-crezcan","status":"publish","type":"post","link":"https:\/\/www.noticiasradioreflejos.com.ar\/2021\/la-lista-es-maravillosa-con-gente-joven-con-muchas-ganas-de-trabajar-por-nuestro-distrito-beneficiar-a-los-habitantes-y-por-que-nuestras-localidades-crezcan\/","title":{"rendered":"\u00abLa lista es maravillosa, con gente joven con muchas ganas de trabajar por nuestro distrito.\u00bb"},"content":{"rendered":"<p>La\u00a0 pre candidata a concejal por el \u00abFrente de Todos\u00bb, convers\u00f3 con nosotros esta ma\u00f1ana para definir la propuesta de su fracci\u00f3n pol\u00edtica y compartirnos su experiencia como pre candidata.<!--more--><\/p>\n<p>\u00abEs una responsabilidad intensa. Estamos recorriendo las calles en todas las localidades. Estamos programando reuniones con las instituciones, porque son quienes nos representan\u00bb resumi\u00f3 Marcela la actividad que esta teniendo el partido en este tiempo de campa\u00f1a. \u00abEsto forma parte de nuestra agenda legislativa\u00bb.<\/p>\n<p>Entre las prioridades que tienen desde el frente, las categorizan en distintos ejes: inclusi\u00f3n social, educaci\u00f3n y salud y crecimiento econ\u00f3mico. \u00abDebemos tener en cuenta que hayan leyes y programas nacionales y provinciales que nosotros debemos capitalizar en nuestro distrito para el beneficio de cada uno de los habitantes\u00bb expres\u00f3. Coment\u00f3 que entre los programas que se han pasado por alto en el distrito se encuentra, por ejemplo, la jerarquizaci\u00f3n de enfermeros y enfermeras. \u00abSon cosas que tenemos que impulsar por el gran trabajo que han hecho durante la pandemia\u00bb.<\/p>\n<p>Marcela menciona algunas de las preocupaciones de los vecinos que pueden visualizar desde el frente: \u00abHay muchas cosas que preocupan a la gente, una es el tema perros. Es una situaci\u00f3n que complica mucho a los habitantes del distrito, las protectoras est\u00e1n desbordadas, la ordenanza se cumple a medias o no se cumple\u00bb. Marcela resalt\u00f3 la importancia de conseguir la mayor\u00eda en el Concejo, para poder hacer fuerza, desde la oposici\u00f3n, para que el Ejecutivo concrete estas situaciones.<\/p>\n<p>Otro de los temas que preocupa a los adultos es el poder caminar seguramente por las veredas. \u00abEs algo riesgoso y preocupa a los vecinos. Hay que modificar lo que haya modificar para que las ordenanzas se cumplan\u00bb.<\/p>\n<p>\u00abNosotros tratamos que los vecinos y las vecinas se beneficien y tratar de solucionarles la vida\u00bb expres\u00f3 la pre candidata.<\/p>\n<p>En cuando al tema educaci\u00f3n, mencion\u00f3: \u00abLa cantidad de docentes que llegan desde otras ciudades, genera que los docentes formados en Tornquist luego no tengan salida laboral. Es algo que tiene que ver con nuestro \u00f3rgano Legislativo, el alcance que tenemos nosotros es para presentarlo a un \u00f3rgano mayor, pero estamos pensando en algo\u00bb.<\/p>\n<p>Marcela mencion\u00f3 que los concejales que cesan de su funci\u00f3n desde el Frente de Todos son Laura Rosattelli y Hugo Fernando Rojas. \u00abSaldr\u00edan dos y nosotros por su puesto que queremos por lo menos ingresar 4 de los primeros porque queremos lograr la mayor\u00eda para que podamos cumplir nuestra agenda legislativa\u00bb. Aclar\u00f3 que lo mencionado anteriormente no est\u00e1 asegurado sino que es una expresi\u00f3n de deseo.<\/p>\n<p>Finalmente, Marcela habl\u00f3 sobre la lista que ella misma compone. \u00abLa lista es maravillosa, con gente joven con muchas ganas de trabajar por nuestro distrito, beneficiar a los habitantes y por que nuestras localidades crezcan, para que la producci\u00f3n se active. Con un equipo de trabajo enorme que viene desde la diversidad de ideas\u00bb.<\/p>\n<p>Nota completa a continuaci\u00f3n:<br \/>\n<iframe loading=\"lazy\" src=\"https:\/\/w.soundcloud.com\/player\/?url=https%3A\/\/api.soundcloud.com\/tracks\/1111217674&amp;color=%23ff5500&amp;auto_play=false&amp;hide_related=false&amp;show_comments=true&amp;show_user=true&amp;show_reposts=false&amp;show_teaser=true\" width=\"100%\" height=\"166\" frameborder=\"no\" scrolling=\"no\"><\/iframe><\/p>\n<div style=\"font-size: 10px; color: #cccccc; line-break: anywhere; word-break: normal; overflow: hidden; white-space: nowrap; text-overflow: ellipsis; font-family: Interstate,Lucida Grande,Lucida Sans Unicode,Lucida Sans,Garuda,Verdana,Tahoma,sans-serif; font-weight: 100;\"><a style=\"color: #cccccc; text-decoration: none;\" title=\"fmreflejos 103.7\" href=\"https:\/\/soundcloud.com\/fmreflejos-103-7\" target=\"_blank\" rel=\"noopener\">fmreflejos 103.7<\/a> \u00b7 <a style=\"color: #cccccc; text-decoration: none;\" title=\"Nota Marcela Gimenez\" href=\"https:\/\/soundcloud.com\/fmreflejos-103-7\/nota-marcela-gimenez\" target=\"_blank\" rel=\"noopener\">Nota Marcela Gimenez<\/a><\/div>\n","protected":false},"excerpt":{"rendered":"<p>La\u00a0 pre candidata a concejal por el \u00abFrente de Todos\u00bb, convers\u00f3 con nosotros esta ma\u00f1ana para definir la propuesta de su fracci\u00f3n pol\u00edtica y compartirnos su experiencia como pre candidata.<\/p>\n","protected":false},"author":3,"featured_media":0,"comment_status":"closed","ping_status":"closed","sticky":false,"template":"","format":"standard","meta":{"footnotes":""},"categories":[24],"tags":[48],"class_list":["post-61880","post","type-post","status-publish","format-standard","hentry","category-politica","tag-destacada"],"yoast_head":"<!-- This site is optimized with the Yoast SEO plugin v25.9 - https:\/\/yoast.com\/wordpress\/plugins\/seo\/ -->\n<title>&quot;La lista es maravillosa, con gente joven con muchas ganas de trabajar por nuestro distrito.&quot; - Noticias Radio Reflejos<\/title>\n<meta name=\"robots\" content=\"index, follow, max-snippet:-1, max-image-preview:large, max-video-preview:-1\" \/>\n<link rel=\"canonical\" href=\"https:\/\/www.noticiasradioreflejos.com.ar\/2021\/la-lista-es-maravillosa-con-gente-joven-con-muchas-ganas-de-trabajar-por-nuestro-distrito-beneficiar-a-los-habitantes-y-por-que-nuestras-localidades-crezcan\/\" \/>\n<meta property=\"og:locale\" content=\"es_ES\" \/>\n<meta property=\"og:type\" content=\"article\" \/>\n<meta property=\"og:title\" content=\"&quot;La lista es maravillosa, con gente joven con muchas ganas de trabajar por nuestro distrito.&quot; - Noticias Radio Reflejos\" \/>\n<meta property=\"og:description\" content=\"La\u00a0 pre candidata a concejal por el \u00abFrente de Todos\u00bb, convers\u00f3 con nosotros esta ma\u00f1ana para definir la propuesta de su fracci\u00f3n pol\u00edtica y compartirnos su experiencia como pre candidata.\" \/>\n<meta property=\"og:url\" content=\"https:\/\/www.noticiasradioreflejos.com.ar\/2021\/la-lista-es-maravillosa-con-gente-joven-con-muchas-ganas-de-trabajar-por-nuestro-distrito-beneficiar-a-los-habitantes-y-por-que-nuestras-localidades-crezcan\/\" \/>\n<meta property=\"og:site_name\" content=\"Noticias Radio Reflejos\" \/>\n<meta property=\"article:published_time\" content=\"2021-08-24T00:50:39+00:00\" \/>\n<meta property=\"article:modified_time\" content=\"2021-08-24T00:52:26+00:00\" \/>\n<meta property=\"og:image\" content=\"https:\/\/www.noticiasradioreflejos.com.ar\/2021\/wp-content\/uploads\/2021\/07\/logosol300x200.png\" \/>\n\t<meta property=\"og:image:width\" content=\"300\" \/>\n\t<meta property=\"og:image:height\" content=\"200\" \/>\n\t<meta property=\"og:image:type\" content=\"image\/png\" \/>\n<meta name=\"author\" content=\"Arnaldo Botto\" \/>\n<meta name=\"twitter:card\" content=\"summary_large_image\" \/>\n<script type=\"application\/ld+json\" class=\"yoast-schema-graph\">{\"@context\":\"https:\/\/schema.org\",\"@graph\":[{\"@type\":\"WebPage\",\"@id\":\"https:\/\/www.noticiasradioreflejos.com.ar\/2021\/la-lista-es-maravillosa-con-gente-joven-con-muchas-ganas-de-trabajar-por-nuestro-distrito-beneficiar-a-los-habitantes-y-por-que-nuestras-localidades-crezcan\/\",\"url\":\"https:\/\/www.noticiasradioreflejos.com.ar\/2021\/la-lista-es-maravillosa-con-gente-joven-con-muchas-ganas-de-trabajar-por-nuestro-distrito-beneficiar-a-los-habitantes-y-por-que-nuestras-localidades-crezcan\/\",\"name\":\"\\\"La lista es maravillosa, con gente joven con muchas ganas de trabajar por nuestro distrito.\\\" - Noticias Radio Reflejos\",\"isPartOf\":{\"@id\":\"https:\/\/www.noticiasradioreflejos.com.ar\/2021\/#website\"},\"datePublished\":\"2021-08-24T00:50:39+00:00\",\"dateModified\":\"2021-08-24T00:52:26+00:00\",\"author\":{\"@id\":\"https:\/\/www.noticiasradioreflejos.com.ar\/2021\/#\/schema\/person\/ad82545263dcc5ec0996818884fd5fb1\"},\"breadcrumb\":{\"@id\":\"https:\/\/www.noticiasradioreflejos.com.ar\/2021\/la-lista-es-maravillosa-con-gente-joven-con-muchas-ganas-de-trabajar-por-nuestro-distrito-beneficiar-a-los-habitantes-y-por-que-nuestras-localidades-crezcan\/#breadcrumb\"},\"inLanguage\":\"es\",\"potentialAction\":[{\"@type\":\"ReadAction\",\"target\":[\"https:\/\/www.noticiasradioreflejos.com.ar\/2021\/la-lista-es-maravillosa-con-gente-joven-con-muchas-ganas-de-trabajar-por-nuestro-distrito-beneficiar-a-los-habitantes-y-por-que-nuestras-localidades-crezcan\/\"]}]},{\"@type\":\"BreadcrumbList\",\"@id\":\"https:\/\/www.noticiasradioreflejos.com.ar\/2021\/la-lista-es-maravillosa-con-gente-joven-con-muchas-ganas-de-trabajar-por-nuestro-distrito-beneficiar-a-los-habitantes-y-por-que-nuestras-localidades-crezcan\/#breadcrumb\",\"itemListElement\":[{\"@type\":\"ListItem\",\"position\":1,\"name\":\"Portada\",\"item\":\"https:\/\/www.noticiasradioreflejos.com.ar\/2021\/\"},{\"@type\":\"ListItem\",\"position\":2,\"name\":\"\u00abLa lista es maravillosa, con gente joven con muchas ganas de trabajar por nuestro distrito.\u00bb\"}]},{\"@type\":\"WebSite\",\"@id\":\"https:\/\/www.noticiasradioreflejos.com.ar\/2021\/#website\",\"url\":\"https:\/\/www.noticiasradioreflejos.com.ar\/2021\/\",\"name\":\"Noticias Radio Reflejos\",\"description\":\"Las noticias de mi comarca\",\"potentialAction\":[{\"@type\":\"SearchAction\",\"target\":{\"@type\":\"EntryPoint\",\"urlTemplate\":\"https:\/\/www.noticiasradioreflejos.com.ar\/2021\/?s={search_term_string}\"},\"query-input\":{\"@type\":\"PropertyValueSpecification\",\"valueRequired\":true,\"valueName\":\"search_term_string\"}}],\"inLanguage\":\"es\"},{\"@type\":\"Person\",\"@id\":\"https:\/\/www.noticiasradioreflejos.com.ar\/2021\/#\/schema\/person\/ad82545263dcc5ec0996818884fd5fb1\",\"name\":\"Arnaldo Botto\",\"image\":{\"@type\":\"ImageObject\",\"inLanguage\":\"es\",\"@id\":\"https:\/\/www.noticiasradioreflejos.com.ar\/2021\/#\/schema\/person\/image\/\",\"url\":\"https:\/\/secure.gravatar.com\/avatar\/55cb5e37c1efa326397366e6974cb338056df65cb50e7d64d1cf314e87504837?s=96&d=mm&r=g\",\"contentUrl\":\"https:\/\/secure.gravatar.com\/avatar\/55cb5e37c1efa326397366e6974cb338056df65cb50e7d64d1cf314e87504837?s=96&d=mm&r=g\",\"caption\":\"Arnaldo Botto\"},\"url\":\"https:\/\/www.noticiasradioreflejos.com.ar\/2021\/author\/arnaldo\/\"}]}<\/script>\n<!-- \/ Yoast SEO plugin. -->","yoast_head_json":{"title":"\"La lista es maravillosa, con gente joven con muchas ganas de trabajar por nuestro distrito.\" - Noticias Radio Reflejos","robots":{"index":"index","follow":"follow","max-snippet":"max-snippet:-1","max-image-preview":"max-image-preview:large","max-video-preview":"max-video-preview:-1"},"canonical":"https:\/\/www.noticiasradioreflejos.com.ar\/2021\/la-lista-es-maravillosa-con-gente-joven-con-muchas-ganas-de-trabajar-por-nuestro-distrito-beneficiar-a-los-habitantes-y-por-que-nuestras-localidades-crezcan\/","og_locale":"es_ES","og_type":"article","og_title":"\"La lista es maravillosa, con gente joven con muchas ganas de trabajar por nuestro distrito.\" - Noticias Radio Reflejos","og_description":"La\u00a0 pre candidata a concejal por el \u00abFrente de Todos\u00bb, convers\u00f3 con nosotros esta ma\u00f1ana para definir la propuesta de su fracci\u00f3n pol\u00edtica y compartirnos su experiencia como pre candidata.","og_url":"https:\/\/www.noticiasradioreflejos.com.ar\/2021\/la-lista-es-maravillosa-con-gente-joven-con-muchas-ganas-de-trabajar-por-nuestro-distrito-beneficiar-a-los-habitantes-y-por-que-nuestras-localidades-crezcan\/","og_site_name":"Noticias Radio Reflejos","article_published_time":"2021-08-24T00:50:39+00:00","article_modified_time":"2021-08-24T00:52:26+00:00","og_image":[{"width":300,"height":200,"url":"https:\/\/www.noticiasradioreflejos.com.ar\/2021\/wp-content\/uploads\/2021\/07\/logosol300x200.png","type":"image\/png"}],"author":"Arnaldo Botto","twitter_card":"summary_large_image","schema":{"@context":"https:\/\/schema.org","@graph":[{"@type":"WebPage","@id":"https:\/\/www.noticiasradioreflejos.com.ar\/2021\/la-lista-es-maravillosa-con-gente-joven-con-muchas-ganas-de-trabajar-por-nuestro-distrito-beneficiar-a-los-habitantes-y-por-que-nuestras-localidades-crezcan\/","url":"https:\/\/www.noticiasradioreflejos.com.ar\/2021\/la-lista-es-maravillosa-con-gente-joven-con-muchas-ganas-de-trabajar-por-nuestro-distrito-beneficiar-a-los-habitantes-y-por-que-nuestras-localidades-crezcan\/","name":"\"La lista es maravillosa, con gente joven con muchas ganas de trabajar por nuestro distrito.\" - Noticias Radio Reflejos","isPartOf":{"@id":"https:\/\/www.noticiasradioreflejos.com.ar\/2021\/#website"},"datePublished":"2021-08-24T00:50:39+00:00","dateModified":"2021-08-24T00:52:26+00:00","author":{"@id":"https:\/\/www.noticiasradioreflejos.com.ar\/2021\/#\/schema\/person\/ad82545263dcc5ec0996818884fd5fb1"},"breadcrumb":{"@id":"https:\/\/www.noticiasradioreflejos.com.ar\/2021\/la-lista-es-maravillosa-con-gente-joven-con-muchas-ganas-de-trabajar-por-nuestro-distrito-beneficiar-a-los-habitantes-y-por-que-nuestras-localidades-crezcan\/#breadcrumb"},"inLanguage":"es","potentialAction":[{"@type":"ReadAction","target":["https:\/\/www.noticiasradioreflejos.com.ar\/2021\/la-lista-es-maravillosa-con-gente-joven-con-muchas-ganas-de-trabajar-por-nuestro-distrito-beneficiar-a-los-habitantes-y-por-que-nuestras-localidades-crezcan\/"]}]},{"@type":"BreadcrumbList","@id":"https:\/\/www.noticiasradioreflejos.com.ar\/2021\/la-lista-es-maravillosa-con-gente-joven-con-muchas-ganas-de-trabajar-por-nuestro-distrito-beneficiar-a-los-habitantes-y-por-que-nuestras-localidades-crezcan\/#breadcrumb","itemListElement":[{"@type":"ListItem","position":1,"name":"Portada","item":"https:\/\/www.noticiasradioreflejos.com.ar\/2021\/"},{"@type":"ListItem","position":2,"name":"\u00abLa lista es maravillosa, con gente joven con muchas ganas de trabajar por nuestro distrito.\u00bb"}]},{"@type":"WebSite","@id":"https:\/\/www.noticiasradioreflejos.com.ar\/2021\/#website","url":"https:\/\/www.noticiasradioreflejos.com.ar\/2021\/","name":"Noticias Radio Reflejos","description":"Las noticias de mi comarca","potentialAction":[{"@type":"SearchAction","target":{"@type":"EntryPoint","urlTemplate":"https:\/\/www.noticiasradioreflejos.com.ar\/2021\/?s={search_term_string}"},"query-input":{"@type":"PropertyValueSpecification","valueRequired":true,"valueName":"search_term_string"}}],"inLanguage":"es"},{"@type":"Person","@id":"https:\/\/www.noticiasradioreflejos.com.ar\/2021\/#\/schema\/person\/ad82545263dcc5ec0996818884fd5fb1","name":"Arnaldo Botto","image":{"@type":"ImageObject","inLanguage":"es","@id":"https:\/\/www.noticiasradioreflejos.com.ar\/2021\/#\/schema\/person\/image\/","url":"https:\/\/secure.gravatar.com\/avatar\/55cb5e37c1efa326397366e6974cb338056df65cb50e7d64d1cf314e87504837?s=96&d=mm&r=g","contentUrl":"https:\/\/secure.gravatar.com\/avatar\/55cb5e37c1efa326397366e6974cb338056df65cb50e7d64d1cf314e87504837?s=96&d=mm&r=g","caption":"Arnaldo Botto"},"url":"https:\/\/www.noticiasradioreflejos.com.ar\/2021\/author\/arnaldo\/"}]}},"_links":{"self":[{"href":"https:\/\/www.noticiasradioreflejos.com.ar\/2021\/wp-json\/wp\/v2\/posts\/61880","targetHints":{"allow":["GET"]}}],"collection":[{"href":"https:\/\/www.noticiasradioreflejos.com.ar\/2021\/wp-json\/wp\/v2\/posts"}],"about":[{"href":"https:\/\/www.noticiasradioreflejos.com.ar\/2021\/wp-json\/wp\/v2\/types\/post"}],"author":[{"embeddable":true,"href":"https:\/\/www.noticiasradioreflejos.com.ar\/2021\/wp-json\/wp\/v2\/users\/3"}],"replies":[{"embeddable":true,"href":"https:\/\/www.noticiasradioreflejos.com.ar\/2021\/wp-json\/wp\/v2\/comments?post=61880"}],"version-history":[{"count":4,"href":"https:\/\/www.noticiasradioreflejos.com.ar\/2021\/wp-json\/wp\/v2\/posts\/61880\/revisions"}],"predecessor-version":[{"id":61888,"href":"https:\/\/www.noticiasradioreflejos.com.ar\/2021\/wp-json\/wp\/v2\/posts\/61880\/revisions\/61888"}],"wp:attachment":[{"href":"https:\/\/www.noticiasradioreflejos.com.ar\/2021\/wp-json\/wp\/v2\/media?parent=61880"}],"wp:term":[{"taxonomy":"category","embeddable":true,"href":"https:\/\/www.noticiasradioreflejos.com.ar\/2021\/wp-json\/wp\/v2\/categories?post=61880"},{"taxonomy":"post_tag","embeddable":true,"href":"https:\/\/www.noticiasradioreflejos.com.ar\/2021\/wp-json\/wp\/v2\/tags?post=61880"}],"curies":[{"name":"wp","href":"https:\/\/api.w.org\/{rel}","templated":true}]}}