{"id":61877,"date":"2021-08-23T22:45:39","date_gmt":"2021-08-23T22:45:39","guid":{"rendered":"http:\/\/www.noticiasradioreflejos.com.ar\/2021\/?p=61877"},"modified":"2021-08-24T00:40:37","modified_gmt":"2021-08-24T00:40:37","slug":"el-incremento-en-el-consumo-de-psicofarmacos-y-alcohol-otro-efecto-colateral-de-la-pandemia","status":"publish","type":"post","link":"https:\/\/www.noticiasradioreflejos.com.ar\/2021\/el-incremento-en-el-consumo-de-psicofarmacos-y-alcohol-otro-efecto-colateral-de-la-pandemia\/","title":{"rendered":"El incremento en el consumo de psicof\u00e1rmacos y alcohol, otro efecto colateral de la pandemia"},"content":{"rendered":"<p>La epidemia de COVID-19 lleva m\u00e1s de 500 d\u00edas, millones de muertos y contagiados. Frente al efecto espec\u00edfico del virus, qu\u00e9 tan peligroso puede ser banalizar los graves efectos de la automedicaci\u00f3n cr\u00f3nica sin control ni diagn\u00f3stico, y el consumo del alcohol.<!--more--><\/p>\n<div class=\"byline\">\n<div class=\"byline-text-wrapper\">\n<div class=\"authors\"><span style=\"color: #ff6600;\">Por Enrique De Rosa para INFOBAE<\/span><\/div>\n<\/div>\n<\/div>\n<article class=\"article\">\n<div class=\"nd-body-article\">\n<div class=\"visual__image \"><img loading=\"lazy\" decoding=\"async\" src=\"https:\/\/www.infobae.com\/new-resizer\/AnIp_L3hwhIfpwSjfYbR207P-Fk=\/420x236\/filters:format(jpg):quality(85)\/cloudfront-us-east-1.images.arcpublishing.com\/infobae\/3LO35AFYPBCPXMFXJIPITRQCCM.jpg%20420w\" sizes=\"auto, (min-width: 800px) 50vw, 90vw\" srcset=\"https:\/\/www.infobae.com\/new-resizer\/AnIp_L3hwhIfpwSjfYbR207P-Fk=\/420x236\/filters:format(jpg):quality(85)\/cloudfront-us-east-1.images.arcpublishing.com\/infobae\/3LO35AFYPBCPXMFXJIPITRQCCM.jpg 420w,https:\/\/www.infobae.com\/new-resizer\/4iA06l_WBf7ABuGbcUxqLd71ZDo=\/768x432\/filters:format(jpg):quality(85)\/cloudfront-us-east-1.images.arcpublishing.com\/infobae\/3LO35AFYPBCPXMFXJIPITRQCCM.jpg 768w,https:\/\/www.infobae.com\/new-resizer\/XLUwtWLzaAuyYsenJF1dnSkENLs=\/992x558\/filters:format(jpg):quality(85)\/cloudfront-us-east-1.images.arcpublishing.com\/infobae\/3LO35AFYPBCPXMFXJIPITRQCCM.jpg 992w,https:\/\/www.infobae.com\/new-resizer\/gABDUhnQvLdxCCoiHB2EZu3pdDA=\/1200x675\/filters:format(jpg):quality(85)\/cloudfront-us-east-1.images.arcpublishing.com\/infobae\/3LO35AFYPBCPXMFXJIPITRQCCM.jpg 1200w,https:\/\/www.infobae.com\/new-resizer\/bjMHFMCtqijomCRwvKM6wi9IP9o=\/1440x810\/filters:format(jpg):quality(85)\/cloudfront-us-east-1.images.arcpublishing.com\/infobae\/3LO35AFYPBCPXMFXJIPITRQCCM.jpg 1440w\" alt=\"La irrupci\u00f3n del COVID-19 en el escenario global agrav\u00f3 la crisis del consumo de alcohol y estupefacientes (Getty)\" width=\"1920\" height=\"1080\" \/><\/div>\n<p class=\"paragraph\"><b>El cansancio es uno de los s\u00edntomas del COVID-19 que m\u00e1s refieren quienes lo padecen<\/b>, y particular y prolongada sensaci\u00f3n en quienes, ya han superado el momento cr\u00edtico. Ese cansancio es f\u00edsico, pero tambi\u00e9n y especialmente mental, an\u00edmico, con p\u00e9rdida de voluntad, de iniciativa, capacidad de concentraci\u00f3n, etc., algunos han hablado de \u201cniebla mental\u201d.<\/p>\n<p class=\"paragraph\"><b>La epidemia de coronavirus ya lleva m\u00e1s de 500 d\u00edas<\/b>, millones de muertos, contagiados, sintom\u00e1ticos o no, y al efecto espec\u00edfico del virus, padecemos todos las previamente inimaginables consecuencias de un cambio existencial hist\u00f3rico a escala planetaria.\u00a0<b>Eso tambi\u00e9n nos ha generado un estado de tensi\u00f3n permanente, de estr\u00e9s dir\u00edamos coloquialmente, con su inevitable consecuencia de agotamiento, fatiga, cansancio, irritabilidad, baja tolerancia, etc.<\/b>\u00a0Cada uno lo experimentar\u00e1 y pondr\u00e1 un nombre a su malestar, pero al igual que la pandemia, en mayor o menor medida, es una afecci\u00f3n colectiva.<\/p>\n<p class=\"paragraph\">De la misma manera que cada uno denominar\u00e1 a su malestar, lo que le permite identificarlo, tambi\u00e9n buscar\u00e1 diferentes formas de enfrentarlo, de poder liberarse del mismo. As\u00ed hay un resurgimiento muy favorable con la vida sana, deporte, cuidado en la alimentaci\u00f3n, t\u00e9cnicas de meditaci\u00f3n u otras pr\u00e1cticas que, hasta hace unos a\u00f1os poco difundidas, revalorizar el encuentro con el otro, el di\u00e1logo positivo, la sinergia, la colaboraci\u00f3n.<\/p>\n<div class=\"visual__image \"><img loading=\"lazy\" decoding=\"async\" src=\"https:\/\/www.infobae.com\/new-resizer\/6j-Yu8biYma2xIVaDJrk8PZUM2s=\/420x236\/filters:format(jpg):quality(85)\/cloudfront-us-east-1.images.arcpublishing.com\/infobae\/F62ODTK65REVJOAFNSUJRVEVJ4.jpg%20420w\" sizes=\"auto, (min-width: 800px) 50vw, 90vw\" srcset=\"https:\/\/www.infobae.com\/new-resizer\/6j-Yu8biYma2xIVaDJrk8PZUM2s=\/420x236\/filters:format(jpg):quality(85)\/cloudfront-us-east-1.images.arcpublishing.com\/infobae\/F62ODTK65REVJOAFNSUJRVEVJ4.jpg 420w,https:\/\/www.infobae.com\/new-resizer\/vgxLvdSyu3rnIdiQewsCn6z1Hyw=\/768x432\/filters:format(jpg):quality(85)\/cloudfront-us-east-1.images.arcpublishing.com\/infobae\/F62ODTK65REVJOAFNSUJRVEVJ4.jpg 768w,https:\/\/www.infobae.com\/new-resizer\/zjHxYrl90vGypWny9lRpwpHT-YU=\/992x558\/filters:format(jpg):quality(85)\/cloudfront-us-east-1.images.arcpublishing.com\/infobae\/F62ODTK65REVJOAFNSUJRVEVJ4.jpg 992w,https:\/\/www.infobae.com\/new-resizer\/-o7wwjYaMW12865juC5-dcUjemc=\/1200x675\/filters:format(jpg):quality(85)\/cloudfront-us-east-1.images.arcpublishing.com\/infobae\/F62ODTK65REVJOAFNSUJRVEVJ4.jpg 1200w,https:\/\/www.infobae.com\/new-resizer\/qjriM-TGjSSq1gq_nPVEEnZSGGQ=\/1440x810\/filters:format(jpg):quality(85)\/cloudfront-us-east-1.images.arcpublishing.com\/infobae\/F62ODTK65REVJOAFNSUJRVEVJ4.jpg 1440w\" alt=\"La pandemia nos ha generado un estado de tensi\u00f3n permanente, de estr\u00e9s dir\u00edamos coloquialmente, con su inevitable consecuencia de agotamiento, fatiga, cansancio, irritabilidad, baja tolerancia, etc. (Photo by Justin Sullivan\/Getty Images)\" width=\"1920\" height=\"1079\" \/>La pandemia nos ha generado un estado de tensi\u00f3n permanente, de estr\u00e9s dir\u00edamos coloquialmente, con su inevitable consecuencia de agotamiento, fatiga, cansancio, irritabilidad, baja tolerancia, etc. (Photo by Justin Sullivan\/Getty Images)<\/div>\n<p class=\"paragraph\">Pero por otro lado hay quienes, quiz\u00e1s en la incapacidad de utilizar esa u otras estrategias de manera eficiente, pueden buscar algo que los libere r\u00e1pidamente, de ese malestar tan difuso como constante.<\/p>\n<p class=\"paragraph\"><b>En este camino asistimos por una parte a un incremento en el consumo, de psicof\u00e1rmacos, muy frecuentemente automedicados<\/b>. En muchos casos esa automedicaci\u00f3n se le representa como un tratamiento m\u00e9dico, pero que, si bien fue sugerido o recetado por un m\u00e9dico, por un lado, no siguen indicaciones claras de dosis, de objeto de tratamiento, de duraci\u00f3n especialmente y habitualmente, eso se relacion\u00f3 en una \u00fanica visita hace a\u00f1os, y luego la persona sigui\u00f3 modificando dosis y periodos a su criterio, banalizando los graves efectos de la automedicaci\u00f3n cr\u00f3nica sin control ni diagn\u00f3stico.<\/p>\n<blockquote class=\"color_figcaption\">\n<div class=\"text\">La epidemia de coronavirus ya lleva m\u00e1s de 500 d\u00edas<\/div>\n<\/blockquote>\n<div class=\"visual__image \"><img loading=\"lazy\" decoding=\"async\" src=\"https:\/\/www.infobae.com\/new-resizer\/2ShNGh46CwaKTlGIoB9NMobl_rY=\/420x236\/filters:format(jpg):quality(85)\/cloudfront-us-east-1.images.arcpublishing.com\/infobae\/UY2FAPBHIVB5RNZYE6UHZ4FF3Q.jpg%20420w\" sizes=\"auto, (min-width: 800px) 50vw, 90vw\" srcset=\"https:\/\/www.infobae.com\/new-resizer\/2ShNGh46CwaKTlGIoB9NMobl_rY=\/420x236\/filters:format(jpg):quality(85)\/cloudfront-us-east-1.images.arcpublishing.com\/infobae\/UY2FAPBHIVB5RNZYE6UHZ4FF3Q.jpg 420w,https:\/\/www.infobae.com\/new-resizer\/sdNnR7HAge03xTwQsUXKRr94NJk=\/768x432\/filters:format(jpg):quality(85)\/cloudfront-us-east-1.images.arcpublishing.com\/infobae\/UY2FAPBHIVB5RNZYE6UHZ4FF3Q.jpg 768w,https:\/\/www.infobae.com\/new-resizer\/2j6tAjZFXy4soXOuaXXPxyqRI2Y=\/992x558\/filters:format(jpg):quality(85)\/cloudfront-us-east-1.images.arcpublishing.com\/infobae\/UY2FAPBHIVB5RNZYE6UHZ4FF3Q.jpg 992w,https:\/\/www.infobae.com\/new-resizer\/X1AI38u-piTgq2e3zgksDPKZNvE=\/1200x675\/filters:format(jpg):quality(85)\/cloudfront-us-east-1.images.arcpublishing.com\/infobae\/UY2FAPBHIVB5RNZYE6UHZ4FF3Q.jpg 1200w,https:\/\/www.infobae.com\/new-resizer\/uD7y0VXH9LtjUkfjrY5LaibATYM=\/1440x810\/filters:format(jpg):quality(85)\/cloudfront-us-east-1.images.arcpublishing.com\/infobae\/UY2FAPBHIVB5RNZYE6UHZ4FF3Q.jpg 1440w\" alt=\"Asistimos a un incremento en el consumo, de psicof\u00e1rmacos, muy frecuentemente automedicados (Getty Images)\" width=\"1920\" height=\"1080\" \/>Asistimos a un incremento en el consumo, de psicof\u00e1rmacos, muy frecuentemente automedicados (Getty Images)<\/div>\n<p class=\"paragraph\">Pero otra forma de escape empieza a tener caracter\u00edsticas muy preocupantes, por la naturalizaci\u00f3n de la misma, ya que se instala en un relato que se instala como l\u00f3gico e inevitable. Ese relato es que los sucesos, la rutina de una sociedad conmocionada, vuelven la jornada agotadora y es necesario y l\u00f3gico tener un momento para desconectarse de la misma, y una copa de alcohol permite ese reencuentro, sereno, consigo mismo o quiz\u00e1s recreacional con amigos, para olvidar, desconectarse de la jornada.<\/p>\n<p class=\"paragraph\">Nada podr\u00eda ser malo en ello, todos sin duda dir\u00e1n que lo controlan.\u00a0<b>Sin embargo, ya no hay una epidemia, sino una instalaci\u00f3n en lo social del alcohol y aunque cueste aceptarlo del alcoholismo en la sociedad. Su fortaleza, es su banalidad, ya que no es grave, sino que aporta un necesario relax, una distensi\u00f3n.<\/b><\/p>\n<p class=\"paragraph\">Nos asombramos cuando personajes c\u00e9lebres entran en una espiral de autodestrucci\u00f3n &#8211;<mark class=\"hl_yellow\"><b>caso Maradona o Chano<\/b><\/mark>&#8211; , y de alguna manera lo vivimos como ajeno y lejano, pero ninguno de ellos y lo m\u00e1s importante los miles sin nombre de nota, comenzaron en ese estado terminal que emerge en patolog\u00edas que ponen en peligro su vida y a veces la de los dem\u00e1s.<\/p>\n<div class=\"visual__image \"><img loading=\"lazy\" decoding=\"async\" src=\"https:\/\/www.infobae.com\/new-resizer\/19zchCFO1D-0YqEb8k_3RPzi_N4=\/420x236\/filters:format(jpg):quality(85)\/cloudfront-us-east-1.images.arcpublishing.com\/infobae\/HXW3MMKAHVC5JESW22CEKDOC74.jpg%20420w\" sizes=\"auto, (min-width: 800px) 50vw, 90vw\" srcset=\"https:\/\/www.infobae.com\/new-resizer\/19zchCFO1D-0YqEb8k_3RPzi_N4=\/420x236\/filters:format(jpg):quality(85)\/cloudfront-us-east-1.images.arcpublishing.com\/infobae\/HXW3MMKAHVC5JESW22CEKDOC74.jpg 420w,https:\/\/www.infobae.com\/new-resizer\/oN2j9dbBf-6QMMIZqhc4gKPsNys=\/768x432\/filters:format(jpg):quality(85)\/cloudfront-us-east-1.images.arcpublishing.com\/infobae\/HXW3MMKAHVC5JESW22CEKDOC74.jpg 768w,https:\/\/www.infobae.com\/new-resizer\/0q1xFOHe-lvzCyZnaq_olKmPTAs=\/992x558\/filters:format(jpg):quality(85)\/cloudfront-us-east-1.images.arcpublishing.com\/infobae\/HXW3MMKAHVC5JESW22CEKDOC74.jpg 992w,https:\/\/www.infobae.com\/new-resizer\/d3MNjAwdBsSO5I-kAsWunzQoIn8=\/1200x675\/filters:format(jpg):quality(85)\/cloudfront-us-east-1.images.arcpublishing.com\/infobae\/HXW3MMKAHVC5JESW22CEKDOC74.jpg 1200w,https:\/\/www.infobae.com\/new-resizer\/jTZBLddvHbgZU2n2r0bJtXVZJ58=\/1440x810\/filters:format(jpg):quality(85)\/cloudfront-us-east-1.images.arcpublishing.com\/infobae\/HXW3MMKAHVC5JESW22CEKDOC74.jpg 1440w\" alt=\"Chano habl\u00f3 desde el hospital Otamendi, luego de sufrir un disparo tras un confuso episodio enmarcado en el consumo de drogas\" width=\"1920\" height=\"1080\" \/>Chano habl\u00f3 desde el hospital Otamendi, luego de sufrir un disparo tras un confuso episodio enmarcado en el consumo de drogas<\/div>\n<p class=\"paragraph\">Hanna Arendt, en el juicio del genocida Eichmann, asombrada por sus declaraciones, habl\u00f3 de la banalidad del mal.\u00a0<b>Quiz\u00e1s esta sea una punta del hilo de Ariadna, para evaluar qu\u00e9 nos pasa como sociedad y que consecuencias padecemos, frente a la banalizaci\u00f3n (negaci\u00f3n?) del bienestar de la salud mental<\/b>.<\/p>\n<p class=\"paragraph\"><i>*Enrique De Rosa (MN 63406) es m\u00e9dico forense, neur\u00f3logo y psiquiatra. Aqu\u00ed se refiere y analiza por qu\u00e9 un \u00eddolo llega a morir en soledad.<\/i><\/p>\n<\/div>\n<\/article>\n","protected":false},"excerpt":{"rendered":"<p>La epidemia de COVID-19 lleva m\u00e1s de 500 d\u00edas, millones de muertos y contagiados. Frente al efecto espec\u00edfico del virus, qu\u00e9 tan peligroso puede ser banalizar los graves efectos de la automedicaci\u00f3n cr\u00f3nica sin control ni diagn\u00f3stico, y el consumo del alcohol.<\/p>\n","protected":false},"author":3,"featured_media":0,"comment_status":"closed","ping_status":"closed","sticky":false,"template":"","format":"standard","meta":{"footnotes":""},"categories":[46,30,26],"tags":[],"class_list":["post-61877","post","type-post","status-publish","format-standard","hentry","category-ciencia-y-tecnologia","category-salud","category-sociedad"],"yoast_head":"<!-- This site is optimized with the Yoast SEO plugin v25.9 - https:\/\/yoast.com\/wordpress\/plugins\/seo\/ -->\n<title>El incremento en el consumo de psicof\u00e1rmacos y alcohol, otro efecto colateral de la pandemia - Noticias Radio Reflejos<\/title>\n<meta name=\"robots\" content=\"index, follow, max-snippet:-1, max-image-preview:large, max-video-preview:-1\" \/>\n<link rel=\"canonical\" href=\"https:\/\/www.noticiasradioreflejos.com.ar\/2021\/el-incremento-en-el-consumo-de-psicofarmacos-y-alcohol-otro-efecto-colateral-de-la-pandemia\/\" \/>\n<meta property=\"og:locale\" content=\"es_ES\" \/>\n<meta property=\"og:type\" content=\"article\" \/>\n<meta property=\"og:title\" content=\"El incremento en el consumo de psicof\u00e1rmacos y alcohol, otro efecto colateral de la pandemia - Noticias Radio Reflejos\" \/>\n<meta property=\"og:description\" content=\"La epidemia de COVID-19 lleva m\u00e1s de 500 d\u00edas, millones de muertos y contagiados. Frente al efecto espec\u00edfico del virus, qu\u00e9 tan peligroso puede ser banalizar los graves efectos de la automedicaci\u00f3n cr\u00f3nica sin control ni diagn\u00f3stico, y el consumo del alcohol.\" \/>\n<meta property=\"og:url\" content=\"https:\/\/www.noticiasradioreflejos.com.ar\/2021\/el-incremento-en-el-consumo-de-psicofarmacos-y-alcohol-otro-efecto-colateral-de-la-pandemia\/\" \/>\n<meta property=\"og:site_name\" content=\"Noticias Radio Reflejos\" \/>\n<meta property=\"article:published_time\" content=\"2021-08-23T22:45:39+00:00\" \/>\n<meta property=\"article:modified_time\" content=\"2021-08-24T00:40:37+00:00\" \/>\n<meta property=\"og:image\" content=\"https:\/\/www.infobae.com\/new-resizer\/AnIp_L3hwhIfpwSjfYbR207P-Fk=\/420x236\/filters:format(jpg):quality(85)\/cloudfront-us-east-1.images.arcpublishing.com\/infobae\/3LO35AFYPBCPXMFXJIPITRQCCM.jpg%20420w\" \/>\n<meta name=\"author\" content=\"Arnaldo Botto\" \/>\n<meta name=\"twitter:card\" content=\"summary_large_image\" \/>\n<script type=\"application\/ld+json\" class=\"yoast-schema-graph\">{\"@context\":\"https:\/\/schema.org\",\"@graph\":[{\"@type\":\"WebPage\",\"@id\":\"https:\/\/www.noticiasradioreflejos.com.ar\/2021\/el-incremento-en-el-consumo-de-psicofarmacos-y-alcohol-otro-efecto-colateral-de-la-pandemia\/\",\"url\":\"https:\/\/www.noticiasradioreflejos.com.ar\/2021\/el-incremento-en-el-consumo-de-psicofarmacos-y-alcohol-otro-efecto-colateral-de-la-pandemia\/\",\"name\":\"El incremento en el consumo de psicof\u00e1rmacos y alcohol, otro efecto colateral de la pandemia - Noticias Radio Reflejos\",\"isPartOf\":{\"@id\":\"https:\/\/www.noticiasradioreflejos.com.ar\/2021\/#website\"},\"primaryImageOfPage\":{\"@id\":\"https:\/\/www.noticiasradioreflejos.com.ar\/2021\/el-incremento-en-el-consumo-de-psicofarmacos-y-alcohol-otro-efecto-colateral-de-la-pandemia\/#primaryimage\"},\"image\":{\"@id\":\"https:\/\/www.noticiasradioreflejos.com.ar\/2021\/el-incremento-en-el-consumo-de-psicofarmacos-y-alcohol-otro-efecto-colateral-de-la-pandemia\/#primaryimage\"},\"thumbnailUrl\":\"https:\/\/www.infobae.com\/new-resizer\/AnIp_L3hwhIfpwSjfYbR207P-Fk=\/420x236\/filters:format(jpg):quality(85)\/cloudfront-us-east-1.images.arcpublishing.com\/infobae\/3LO35AFYPBCPXMFXJIPITRQCCM.jpg%20420w\",\"datePublished\":\"2021-08-23T22:45:39+00:00\",\"dateModified\":\"2021-08-24T00:40:37+00:00\",\"author\":{\"@id\":\"https:\/\/www.noticiasradioreflejos.com.ar\/2021\/#\/schema\/person\/ad82545263dcc5ec0996818884fd5fb1\"},\"breadcrumb\":{\"@id\":\"https:\/\/www.noticiasradioreflejos.com.ar\/2021\/el-incremento-en-el-consumo-de-psicofarmacos-y-alcohol-otro-efecto-colateral-de-la-pandemia\/#breadcrumb\"},\"inLanguage\":\"es\",\"potentialAction\":[{\"@type\":\"ReadAction\",\"target\":[\"https:\/\/www.noticiasradioreflejos.com.ar\/2021\/el-incremento-en-el-consumo-de-psicofarmacos-y-alcohol-otro-efecto-colateral-de-la-pandemia\/\"]}]},{\"@type\":\"ImageObject\",\"inLanguage\":\"es\",\"@id\":\"https:\/\/www.noticiasradioreflejos.com.ar\/2021\/el-incremento-en-el-consumo-de-psicofarmacos-y-alcohol-otro-efecto-colateral-de-la-pandemia\/#primaryimage\",\"url\":\"https:\/\/www.infobae.com\/new-resizer\/AnIp_L3hwhIfpwSjfYbR207P-Fk=\/420x236\/filters:format(jpg):quality(85)\/cloudfront-us-east-1.images.arcpublishing.com\/infobae\/3LO35AFYPBCPXMFXJIPITRQCCM.jpg%20420w\",\"contentUrl\":\"https:\/\/www.infobae.com\/new-resizer\/AnIp_L3hwhIfpwSjfYbR207P-Fk=\/420x236\/filters:format(jpg):quality(85)\/cloudfront-us-east-1.images.arcpublishing.com\/infobae\/3LO35AFYPBCPXMFXJIPITRQCCM.jpg%20420w\"},{\"@type\":\"BreadcrumbList\",\"@id\":\"https:\/\/www.noticiasradioreflejos.com.ar\/2021\/el-incremento-en-el-consumo-de-psicofarmacos-y-alcohol-otro-efecto-colateral-de-la-pandemia\/#breadcrumb\",\"itemListElement\":[{\"@type\":\"ListItem\",\"position\":1,\"name\":\"Portada\",\"item\":\"https:\/\/www.noticiasradioreflejos.com.ar\/2021\/\"},{\"@type\":\"ListItem\",\"position\":2,\"name\":\"El incremento en el consumo de psicof\u00e1rmacos y alcohol, otro efecto colateral de la pandemia\"}]},{\"@type\":\"WebSite\",\"@id\":\"https:\/\/www.noticiasradioreflejos.com.ar\/2021\/#website\",\"url\":\"https:\/\/www.noticiasradioreflejos.com.ar\/2021\/\",\"name\":\"Noticias Radio Reflejos\",\"description\":\"Las noticias de mi comarca\",\"potentialAction\":[{\"@type\":\"SearchAction\",\"target\":{\"@type\":\"EntryPoint\",\"urlTemplate\":\"https:\/\/www.noticiasradioreflejos.com.ar\/2021\/?s={search_term_string}\"},\"query-input\":{\"@type\":\"PropertyValueSpecification\",\"valueRequired\":true,\"valueName\":\"search_term_string\"}}],\"inLanguage\":\"es\"},{\"@type\":\"Person\",\"@id\":\"https:\/\/www.noticiasradioreflejos.com.ar\/2021\/#\/schema\/person\/ad82545263dcc5ec0996818884fd5fb1\",\"name\":\"Arnaldo Botto\",\"image\":{\"@type\":\"ImageObject\",\"inLanguage\":\"es\",\"@id\":\"https:\/\/www.noticiasradioreflejos.com.ar\/2021\/#\/schema\/person\/image\/\",\"url\":\"https:\/\/secure.gravatar.com\/avatar\/55cb5e37c1efa326397366e6974cb338056df65cb50e7d64d1cf314e87504837?s=96&d=mm&r=g\",\"contentUrl\":\"https:\/\/secure.gravatar.com\/avatar\/55cb5e37c1efa326397366e6974cb338056df65cb50e7d64d1cf314e87504837?s=96&d=mm&r=g\",\"caption\":\"Arnaldo Botto\"},\"url\":\"https:\/\/www.noticiasradioreflejos.com.ar\/2021\/author\/arnaldo\/\"}]}<\/script>\n<!-- \/ Yoast SEO plugin. -->","yoast_head_json":{"title":"El incremento en el consumo de psicof\u00e1rmacos y alcohol, otro efecto colateral de la pandemia - Noticias Radio Reflejos","robots":{"index":"index","follow":"follow","max-snippet":"max-snippet:-1","max-image-preview":"max-image-preview:large","max-video-preview":"max-video-preview:-1"},"canonical":"https:\/\/www.noticiasradioreflejos.com.ar\/2021\/el-incremento-en-el-consumo-de-psicofarmacos-y-alcohol-otro-efecto-colateral-de-la-pandemia\/","og_locale":"es_ES","og_type":"article","og_title":"El incremento en el consumo de psicof\u00e1rmacos y alcohol, otro efecto colateral de la pandemia - Noticias Radio Reflejos","og_description":"La epidemia de COVID-19 lleva m\u00e1s de 500 d\u00edas, millones de muertos y contagiados. Frente al efecto espec\u00edfico del virus, qu\u00e9 tan peligroso puede ser banalizar los graves efectos de la automedicaci\u00f3n cr\u00f3nica sin control ni diagn\u00f3stico, y el consumo del alcohol.","og_url":"https:\/\/www.noticiasradioreflejos.com.ar\/2021\/el-incremento-en-el-consumo-de-psicofarmacos-y-alcohol-otro-efecto-colateral-de-la-pandemia\/","og_site_name":"Noticias Radio Reflejos","article_published_time":"2021-08-23T22:45:39+00:00","article_modified_time":"2021-08-24T00:40:37+00:00","og_image":[{"url":"https:\/\/www.infobae.com\/new-resizer\/AnIp_L3hwhIfpwSjfYbR207P-Fk=\/420x236\/filters:format(jpg):quality(85)\/cloudfront-us-east-1.images.arcpublishing.com\/infobae\/3LO35AFYPBCPXMFXJIPITRQCCM.jpg%20420w","type":"","width":"","height":""}],"author":"Arnaldo Botto","twitter_card":"summary_large_image","schema":{"@context":"https:\/\/schema.org","@graph":[{"@type":"WebPage","@id":"https:\/\/www.noticiasradioreflejos.com.ar\/2021\/el-incremento-en-el-consumo-de-psicofarmacos-y-alcohol-otro-efecto-colateral-de-la-pandemia\/","url":"https:\/\/www.noticiasradioreflejos.com.ar\/2021\/el-incremento-en-el-consumo-de-psicofarmacos-y-alcohol-otro-efecto-colateral-de-la-pandemia\/","name":"El incremento en el consumo de psicof\u00e1rmacos y alcohol, otro efecto colateral de la pandemia - Noticias Radio Reflejos","isPartOf":{"@id":"https:\/\/www.noticiasradioreflejos.com.ar\/2021\/#website"},"primaryImageOfPage":{"@id":"https:\/\/www.noticiasradioreflejos.com.ar\/2021\/el-incremento-en-el-consumo-de-psicofarmacos-y-alcohol-otro-efecto-colateral-de-la-pandemia\/#primaryimage"},"image":{"@id":"https:\/\/www.noticiasradioreflejos.com.ar\/2021\/el-incremento-en-el-consumo-de-psicofarmacos-y-alcohol-otro-efecto-colateral-de-la-pandemia\/#primaryimage"},"thumbnailUrl":"https:\/\/www.infobae.com\/new-resizer\/AnIp_L3hwhIfpwSjfYbR207P-Fk=\/420x236\/filters:format(jpg):quality(85)\/cloudfront-us-east-1.images.arcpublishing.com\/infobae\/3LO35AFYPBCPXMFXJIPITRQCCM.jpg%20420w","datePublished":"2021-08-23T22:45:39+00:00","dateModified":"2021-08-24T00:40:37+00:00","author":{"@id":"https:\/\/www.noticiasradioreflejos.com.ar\/2021\/#\/schema\/person\/ad82545263dcc5ec0996818884fd5fb1"},"breadcrumb":{"@id":"https:\/\/www.noticiasradioreflejos.com.ar\/2021\/el-incremento-en-el-consumo-de-psicofarmacos-y-alcohol-otro-efecto-colateral-de-la-pandemia\/#breadcrumb"},"inLanguage":"es","potentialAction":[{"@type":"ReadAction","target":["https:\/\/www.noticiasradioreflejos.com.ar\/2021\/el-incremento-en-el-consumo-de-psicofarmacos-y-alcohol-otro-efecto-colateral-de-la-pandemia\/"]}]},{"@type":"ImageObject","inLanguage":"es","@id":"https:\/\/www.noticiasradioreflejos.com.ar\/2021\/el-incremento-en-el-consumo-de-psicofarmacos-y-alcohol-otro-efecto-colateral-de-la-pandemia\/#primaryimage","url":"https:\/\/www.infobae.com\/new-resizer\/AnIp_L3hwhIfpwSjfYbR207P-Fk=\/420x236\/filters:format(jpg):quality(85)\/cloudfront-us-east-1.images.arcpublishing.com\/infobae\/3LO35AFYPBCPXMFXJIPITRQCCM.jpg%20420w","contentUrl":"https:\/\/www.infobae.com\/new-resizer\/AnIp_L3hwhIfpwSjfYbR207P-Fk=\/420x236\/filters:format(jpg):quality(85)\/cloudfront-us-east-1.images.arcpublishing.com\/infobae\/3LO35AFYPBCPXMFXJIPITRQCCM.jpg%20420w"},{"@type":"BreadcrumbList","@id":"https:\/\/www.noticiasradioreflejos.com.ar\/2021\/el-incremento-en-el-consumo-de-psicofarmacos-y-alcohol-otro-efecto-colateral-de-la-pandemia\/#breadcrumb","itemListElement":[{"@type":"ListItem","position":1,"name":"Portada","item":"https:\/\/www.noticiasradioreflejos.com.ar\/2021\/"},{"@type":"ListItem","position":2,"name":"El incremento en el consumo de psicof\u00e1rmacos y alcohol, otro efecto colateral de la pandemia"}]},{"@type":"WebSite","@id":"https:\/\/www.noticiasradioreflejos.com.ar\/2021\/#website","url":"https:\/\/www.noticiasradioreflejos.com.ar\/2021\/","name":"Noticias Radio Reflejos","description":"Las noticias de mi comarca","potentialAction":[{"@type":"SearchAction","target":{"@type":"EntryPoint","urlTemplate":"https:\/\/www.noticiasradioreflejos.com.ar\/2021\/?s={search_term_string}"},"query-input":{"@type":"PropertyValueSpecification","valueRequired":true,"valueName":"search_term_string"}}],"inLanguage":"es"},{"@type":"Person","@id":"https:\/\/www.noticiasradioreflejos.com.ar\/2021\/#\/schema\/person\/ad82545263dcc5ec0996818884fd5fb1","name":"Arnaldo Botto","image":{"@type":"ImageObject","inLanguage":"es","@id":"https:\/\/www.noticiasradioreflejos.com.ar\/2021\/#\/schema\/person\/image\/","url":"https:\/\/secure.gravatar.com\/avatar\/55cb5e37c1efa326397366e6974cb338056df65cb50e7d64d1cf314e87504837?s=96&d=mm&r=g","contentUrl":"https:\/\/secure.gravatar.com\/avatar\/55cb5e37c1efa326397366e6974cb338056df65cb50e7d64d1cf314e87504837?s=96&d=mm&r=g","caption":"Arnaldo Botto"},"url":"https:\/\/www.noticiasradioreflejos.com.ar\/2021\/author\/arnaldo\/"}]}},"_links":{"self":[{"href":"https:\/\/www.noticiasradioreflejos.com.ar\/2021\/wp-json\/wp\/v2\/posts\/61877","targetHints":{"allow":["GET"]}}],"collection":[{"href":"https:\/\/www.noticiasradioreflejos.com.ar\/2021\/wp-json\/wp\/v2\/posts"}],"about":[{"href":"https:\/\/www.noticiasradioreflejos.com.ar\/2021\/wp-json\/wp\/v2\/types\/post"}],"author":[{"embeddable":true,"href":"https:\/\/www.noticiasradioreflejos.com.ar\/2021\/wp-json\/wp\/v2\/users\/3"}],"replies":[{"embeddable":true,"href":"https:\/\/www.noticiasradioreflejos.com.ar\/2021\/wp-json\/wp\/v2\/comments?post=61877"}],"version-history":[{"count":1,"href":"https:\/\/www.noticiasradioreflejos.com.ar\/2021\/wp-json\/wp\/v2\/posts\/61877\/revisions"}],"predecessor-version":[{"id":61879,"href":"https:\/\/www.noticiasradioreflejos.com.ar\/2021\/wp-json\/wp\/v2\/posts\/61877\/revisions\/61879"}],"wp:attachment":[{"href":"https:\/\/www.noticiasradioreflejos.com.ar\/2021\/wp-json\/wp\/v2\/media?parent=61877"}],"wp:term":[{"taxonomy":"category","embeddable":true,"href":"https:\/\/www.noticiasradioreflejos.com.ar\/2021\/wp-json\/wp\/v2\/categories?post=61877"},{"taxonomy":"post_tag","embeddable":true,"href":"https:\/\/www.noticiasradioreflejos.com.ar\/2021\/wp-json\/wp\/v2\/tags?post=61877"}],"curies":[{"name":"wp","href":"https:\/\/api.w.org\/{rel}","templated":true}]}}