{"id":61873,"date":"2021-08-23T22:05:01","date_gmt":"2021-08-23T22:05:01","guid":{"rendered":"http:\/\/www.noticiasradioreflejos.com.ar\/2021\/?p=61873"},"modified":"2021-08-23T22:17:34","modified_gmt":"2021-08-23T22:17:34","slug":"por-primera-vez-desde-el-inicio-de-la-pandemia-hay-seis-municipios-sin-casos-de-coronavirus","status":"publish","type":"post","link":"https:\/\/www.noticiasradioreflejos.com.ar\/2021\/por-primera-vez-desde-el-inicio-de-la-pandemia-hay-seis-municipios-sin-casos-de-coronavirus\/","title":{"rendered":"Por primera vez desde el inicio de la pandemia, hay seis municipios sin casos de coronavirus"},"content":{"rendered":"<div class=\"head-content\">\n<p>Alberti, Benito Ju\u00e1rez, Gral. Alvear, Gral. Guido, Tordillo y Villarino no presentaron casos positivos de Covid-19 en sus habitantes desde hace m\u00e1s de una semana.<\/p>\n<div class=\"addthis_custom_sharing\" data-url=\"https:\/\/www.telam.com.ar\/notas\/202108\/566043-buenos-aires-seis-municipios-sin-casos-coronavirus.html\" data-title=\"Por primera vez desde el inicio de la pandemia, hay seis municipios sin casos de coronavirus\" data-description=\"Alberti, Benito Ju\u00e1rez, Gral. Alvear, Gral. Guido, Tordillo y Villarino no presentaron casos positivos de Covid-19 en sus habitantes desde hace m\u00e1s de una semana.\">\n<div id=\"atstbx\" class=\"at-resp-share-element at-style-responsive addthis-smartlayers addthis-animated at4-show\" role=\"region\" aria-labelledby=\"at-a888d260-01a3-4e3e-82bf-d317c1bfaa2b\"><\/div>\n<\/div>\n<\/div>\n<p><!--more--><\/p>\n<div class=\"main-content-block\">\n<div class=\"main-box clearfix\">\n<div class=\"wrapper-main-section clearfix\">\n<div class=\"wrapper-editable-content\">\n<div class=\"editable-content clearfix\">\n<div id=\"image\" class=\"image\">\n<p><img decoding=\"async\" title=\"Ya son trece las semanas con descenso de contagios y menos hospitalizaciones en todo el territorio bonaerense.\" src=\"https:\/\/www.telam.com.ar\/advf\/imagenes\/2021\/04\/60854a8325b2a_1004x565.jpg\" alt=\"Ya son trece las semanas con descenso de contagios y menos hospitalizaciones en todo el territorio bonaerense.\" \/><\/p>\n<div class=\"epigrafe\">Ya son trece las semanas con descenso de contagios y menos hospitalizaciones en todo el territorio bonaerense.<\/div>\n<\/div>\n<p><strong>Seis distritos de la provincia de Buenos Aires no registran casos de coronavirus desde el 15 de agosto,<\/strong>\u00a0situaci\u00f3n que ocurre por primera vez desde el inicio de la pandemia; en tanto ya son trece las semanas con descenso de contagios en todo el territorio bonaerense.<\/p>\n<p>Este panorama responde al importante avance de la campa\u00f1a de vacunaci\u00f3n, que ya lleva un total de 15.214.073 dosis aplicadas.<\/p>\n<p>Los distritos que no presentaron casos positivos de Covid-19 en sus habitantes desde hace m\u00e1s de una semana son:\u00a0<strong>Alberti, Benito Ju\u00e1rez, Gral. Alvear, Gral. Guido, Tordillo y Villarino.<\/strong><\/p>\n<p>Seg\u00fan destac\u00f3 la cartera, esta \u00abbuena noticia\u00bb se suma a la disminuci\u00f3n por decimotercera semana consecutiva de los casos en toda la Provincia.<\/p>\n<p><strong>\u00abSumamos una nueva semana de descenso sostenido de casos de Covid-19 y acumulamos un 86% en relaci\u00f3n al pico de la segunda ola; en cuanto a la semana pasada registramos una baja del 26%\u00bb<\/strong>, detall\u00f3 el titular de la cartera sanitaria bonaerense, Nicol\u00e1s Kreplak.<\/p>\n<p>Remarc\u00f3 que \u00abla vacunaci\u00f3n nos sigue demostrando que es la salida de la pandemia\u00bb.<\/p>\n<p>En este sentido, seg\u00fan los datos de la Campa\u00f1a \u00abVacunate PBA\u00bb que registra una gran aceleraci\u00f3n en las \u00faltimas semanas, hasta el momento en el territorio provincial<strong>\u00a0se aplicaron un total de 15.214.073 inmunizaciones<\/strong>, de las cuales 10.596.364 corresponden a la primera dosis y 4.617.709 a la segunda.<\/p>\n<p>Seg\u00fan record\u00f3 la cartera bonaerense, contin\u00faa abierta la inscripci\u00f3n en la p\u00e1gina vacunatepba.gba.gob.ar para todas y todos las\/los menores a partir de los 12 a\u00f1os, mientras que las personas mayores de 18 a\u00f1os pueden acceder a la \u00abvacunaci\u00f3n libre\u00bb, y dirigirse sin turno a cualquiera de los puntos de inmunizaci\u00f3n bonaerenses, s\u00f3lo con DNI que acredite domicilio en la provincia, y recibir su primera dosis.<\/p>\n<\/div>\n<\/div>\n<\/div>\n<\/div>\n<\/div>\n","protected":false},"excerpt":{"rendered":"<p>Alberti, Benito Ju\u00e1rez, Gral. Alvear, Gral. Guido, Tordillo y Villarino no presentaron casos positivos de Covid-19 en sus habitantes desde hace m\u00e1s de una semana.<\/p>\n","protected":false},"author":3,"featured_media":0,"comment_status":"closed","ping_status":"closed","sticky":false,"template":"","format":"standard","meta":{"footnotes":""},"categories":[30],"tags":[],"class_list":["post-61873","post","type-post","status-publish","format-standard","hentry","category-salud"],"yoast_head":"<!-- This site is optimized with the Yoast SEO plugin v25.9 - https:\/\/yoast.com\/wordpress\/plugins\/seo\/ -->\n<title>Por primera vez desde el inicio de la pandemia, hay seis municipios sin casos de coronavirus - Noticias Radio Reflejos<\/title>\n<meta name=\"robots\" content=\"index, follow, max-snippet:-1, max-image-preview:large, max-video-preview:-1\" \/>\n<link rel=\"canonical\" href=\"https:\/\/www.noticiasradioreflejos.com.ar\/2021\/por-primera-vez-desde-el-inicio-de-la-pandemia-hay-seis-municipios-sin-casos-de-coronavirus\/\" \/>\n<meta property=\"og:locale\" content=\"es_ES\" \/>\n<meta property=\"og:type\" content=\"article\" \/>\n<meta property=\"og:title\" content=\"Por primera vez desde el inicio de la pandemia, hay seis municipios sin casos de coronavirus - Noticias Radio Reflejos\" \/>\n<meta property=\"og:description\" content=\"Alberti, Benito Ju\u00e1rez, Gral. Alvear, Gral. Guido, Tordillo y Villarino no presentaron casos positivos de Covid-19 en sus habitantes desde hace m\u00e1s de una semana.\" \/>\n<meta property=\"og:url\" content=\"https:\/\/www.noticiasradioreflejos.com.ar\/2021\/por-primera-vez-desde-el-inicio-de-la-pandemia-hay-seis-municipios-sin-casos-de-coronavirus\/\" \/>\n<meta property=\"og:site_name\" content=\"Noticias Radio Reflejos\" \/>\n<meta property=\"article:published_time\" content=\"2021-08-23T22:05:01+00:00\" \/>\n<meta property=\"article:modified_time\" content=\"2021-08-23T22:17:34+00:00\" \/>\n<meta property=\"og:image\" content=\"https:\/\/www.telam.com.ar\/advf\/imagenes\/2021\/04\/60854a8325b2a_1004x565.jpg\" \/>\n<meta name=\"author\" content=\"Arnaldo Botto\" \/>\n<meta name=\"twitter:card\" content=\"summary_large_image\" \/>\n<script type=\"application\/ld+json\" class=\"yoast-schema-graph\">{\"@context\":\"https:\/\/schema.org\",\"@graph\":[{\"@type\":\"WebPage\",\"@id\":\"https:\/\/www.noticiasradioreflejos.com.ar\/2021\/por-primera-vez-desde-el-inicio-de-la-pandemia-hay-seis-municipios-sin-casos-de-coronavirus\/\",\"url\":\"https:\/\/www.noticiasradioreflejos.com.ar\/2021\/por-primera-vez-desde-el-inicio-de-la-pandemia-hay-seis-municipios-sin-casos-de-coronavirus\/\",\"name\":\"Por primera vez desde el inicio de la pandemia, hay seis municipios sin casos de coronavirus - Noticias Radio Reflejos\",\"isPartOf\":{\"@id\":\"https:\/\/www.noticiasradioreflejos.com.ar\/2021\/#website\"},\"primaryImageOfPage\":{\"@id\":\"https:\/\/www.noticiasradioreflejos.com.ar\/2021\/por-primera-vez-desde-el-inicio-de-la-pandemia-hay-seis-municipios-sin-casos-de-coronavirus\/#primaryimage\"},\"image\":{\"@id\":\"https:\/\/www.noticiasradioreflejos.com.ar\/2021\/por-primera-vez-desde-el-inicio-de-la-pandemia-hay-seis-municipios-sin-casos-de-coronavirus\/#primaryimage\"},\"thumbnailUrl\":\"https:\/\/www.telam.com.ar\/advf\/imagenes\/2021\/04\/60854a8325b2a_1004x565.jpg\",\"datePublished\":\"2021-08-23T22:05:01+00:00\",\"dateModified\":\"2021-08-23T22:17:34+00:00\",\"author\":{\"@id\":\"https:\/\/www.noticiasradioreflejos.com.ar\/2021\/#\/schema\/person\/ad82545263dcc5ec0996818884fd5fb1\"},\"breadcrumb\":{\"@id\":\"https:\/\/www.noticiasradioreflejos.com.ar\/2021\/por-primera-vez-desde-el-inicio-de-la-pandemia-hay-seis-municipios-sin-casos-de-coronavirus\/#breadcrumb\"},\"inLanguage\":\"es\",\"potentialAction\":[{\"@type\":\"ReadAction\",\"target\":[\"https:\/\/www.noticiasradioreflejos.com.ar\/2021\/por-primera-vez-desde-el-inicio-de-la-pandemia-hay-seis-municipios-sin-casos-de-coronavirus\/\"]}]},{\"@type\":\"ImageObject\",\"inLanguage\":\"es\",\"@id\":\"https:\/\/www.noticiasradioreflejos.com.ar\/2021\/por-primera-vez-desde-el-inicio-de-la-pandemia-hay-seis-municipios-sin-casos-de-coronavirus\/#primaryimage\",\"url\":\"https:\/\/www.telam.com.ar\/advf\/imagenes\/2021\/04\/60854a8325b2a_1004x565.jpg\",\"contentUrl\":\"https:\/\/www.telam.com.ar\/advf\/imagenes\/2021\/04\/60854a8325b2a_1004x565.jpg\"},{\"@type\":\"BreadcrumbList\",\"@id\":\"https:\/\/www.noticiasradioreflejos.com.ar\/2021\/por-primera-vez-desde-el-inicio-de-la-pandemia-hay-seis-municipios-sin-casos-de-coronavirus\/#breadcrumb\",\"itemListElement\":[{\"@type\":\"ListItem\",\"position\":1,\"name\":\"Portada\",\"item\":\"https:\/\/www.noticiasradioreflejos.com.ar\/2021\/\"},{\"@type\":\"ListItem\",\"position\":2,\"name\":\"Por primera vez desde el inicio de la pandemia, hay seis municipios sin casos de coronavirus\"}]},{\"@type\":\"WebSite\",\"@id\":\"https:\/\/www.noticiasradioreflejos.com.ar\/2021\/#website\",\"url\":\"https:\/\/www.noticiasradioreflejos.com.ar\/2021\/\",\"name\":\"Noticias Radio Reflejos\",\"description\":\"Las noticias de mi comarca\",\"potentialAction\":[{\"@type\":\"SearchAction\",\"target\":{\"@type\":\"EntryPoint\",\"urlTemplate\":\"https:\/\/www.noticiasradioreflejos.com.ar\/2021\/?s={search_term_string}\"},\"query-input\":{\"@type\":\"PropertyValueSpecification\",\"valueRequired\":true,\"valueName\":\"search_term_string\"}}],\"inLanguage\":\"es\"},{\"@type\":\"Person\",\"@id\":\"https:\/\/www.noticiasradioreflejos.com.ar\/2021\/#\/schema\/person\/ad82545263dcc5ec0996818884fd5fb1\",\"name\":\"Arnaldo Botto\",\"image\":{\"@type\":\"ImageObject\",\"inLanguage\":\"es\",\"@id\":\"https:\/\/www.noticiasradioreflejos.com.ar\/2021\/#\/schema\/person\/image\/\",\"url\":\"https:\/\/secure.gravatar.com\/avatar\/55cb5e37c1efa326397366e6974cb338056df65cb50e7d64d1cf314e87504837?s=96&d=mm&r=g\",\"contentUrl\":\"https:\/\/secure.gravatar.com\/avatar\/55cb5e37c1efa326397366e6974cb338056df65cb50e7d64d1cf314e87504837?s=96&d=mm&r=g\",\"caption\":\"Arnaldo Botto\"},\"url\":\"https:\/\/www.noticiasradioreflejos.com.ar\/2021\/author\/arnaldo\/\"}]}<\/script>\n<!-- \/ Yoast SEO plugin. -->","yoast_head_json":{"title":"Por primera vez desde el inicio de la pandemia, hay seis municipios sin casos de coronavirus - Noticias Radio Reflejos","robots":{"index":"index","follow":"follow","max-snippet":"max-snippet:-1","max-image-preview":"max-image-preview:large","max-video-preview":"max-video-preview:-1"},"canonical":"https:\/\/www.noticiasradioreflejos.com.ar\/2021\/por-primera-vez-desde-el-inicio-de-la-pandemia-hay-seis-municipios-sin-casos-de-coronavirus\/","og_locale":"es_ES","og_type":"article","og_title":"Por primera vez desde el inicio de la pandemia, hay seis municipios sin casos de coronavirus - Noticias Radio Reflejos","og_description":"Alberti, Benito Ju\u00e1rez, Gral. Alvear, Gral. Guido, Tordillo y Villarino no presentaron casos positivos de Covid-19 en sus habitantes desde hace m\u00e1s de una semana.","og_url":"https:\/\/www.noticiasradioreflejos.com.ar\/2021\/por-primera-vez-desde-el-inicio-de-la-pandemia-hay-seis-municipios-sin-casos-de-coronavirus\/","og_site_name":"Noticias Radio Reflejos","article_published_time":"2021-08-23T22:05:01+00:00","article_modified_time":"2021-08-23T22:17:34+00:00","og_image":[{"url":"https:\/\/www.telam.com.ar\/advf\/imagenes\/2021\/04\/60854a8325b2a_1004x565.jpg","type":"","width":"","height":""}],"author":"Arnaldo Botto","twitter_card":"summary_large_image","schema":{"@context":"https:\/\/schema.org","@graph":[{"@type":"WebPage","@id":"https:\/\/www.noticiasradioreflejos.com.ar\/2021\/por-primera-vez-desde-el-inicio-de-la-pandemia-hay-seis-municipios-sin-casos-de-coronavirus\/","url":"https:\/\/www.noticiasradioreflejos.com.ar\/2021\/por-primera-vez-desde-el-inicio-de-la-pandemia-hay-seis-municipios-sin-casos-de-coronavirus\/","name":"Por primera vez desde el inicio de la pandemia, hay seis municipios sin casos de coronavirus - Noticias Radio Reflejos","isPartOf":{"@id":"https:\/\/www.noticiasradioreflejos.com.ar\/2021\/#website"},"primaryImageOfPage":{"@id":"https:\/\/www.noticiasradioreflejos.com.ar\/2021\/por-primera-vez-desde-el-inicio-de-la-pandemia-hay-seis-municipios-sin-casos-de-coronavirus\/#primaryimage"},"image":{"@id":"https:\/\/www.noticiasradioreflejos.com.ar\/2021\/por-primera-vez-desde-el-inicio-de-la-pandemia-hay-seis-municipios-sin-casos-de-coronavirus\/#primaryimage"},"thumbnailUrl":"https:\/\/www.telam.com.ar\/advf\/imagenes\/2021\/04\/60854a8325b2a_1004x565.jpg","datePublished":"2021-08-23T22:05:01+00:00","dateModified":"2021-08-23T22:17:34+00:00","author":{"@id":"https:\/\/www.noticiasradioreflejos.com.ar\/2021\/#\/schema\/person\/ad82545263dcc5ec0996818884fd5fb1"},"breadcrumb":{"@id":"https:\/\/www.noticiasradioreflejos.com.ar\/2021\/por-primera-vez-desde-el-inicio-de-la-pandemia-hay-seis-municipios-sin-casos-de-coronavirus\/#breadcrumb"},"inLanguage":"es","potentialAction":[{"@type":"ReadAction","target":["https:\/\/www.noticiasradioreflejos.com.ar\/2021\/por-primera-vez-desde-el-inicio-de-la-pandemia-hay-seis-municipios-sin-casos-de-coronavirus\/"]}]},{"@type":"ImageObject","inLanguage":"es","@id":"https:\/\/www.noticiasradioreflejos.com.ar\/2021\/por-primera-vez-desde-el-inicio-de-la-pandemia-hay-seis-municipios-sin-casos-de-coronavirus\/#primaryimage","url":"https:\/\/www.telam.com.ar\/advf\/imagenes\/2021\/04\/60854a8325b2a_1004x565.jpg","contentUrl":"https:\/\/www.telam.com.ar\/advf\/imagenes\/2021\/04\/60854a8325b2a_1004x565.jpg"},{"@type":"BreadcrumbList","@id":"https:\/\/www.noticiasradioreflejos.com.ar\/2021\/por-primera-vez-desde-el-inicio-de-la-pandemia-hay-seis-municipios-sin-casos-de-coronavirus\/#breadcrumb","itemListElement":[{"@type":"ListItem","position":1,"name":"Portada","item":"https:\/\/www.noticiasradioreflejos.com.ar\/2021\/"},{"@type":"ListItem","position":2,"name":"Por primera vez desde el inicio de la pandemia, hay seis municipios sin casos de coronavirus"}]},{"@type":"WebSite","@id":"https:\/\/www.noticiasradioreflejos.com.ar\/2021\/#website","url":"https:\/\/www.noticiasradioreflejos.com.ar\/2021\/","name":"Noticias Radio Reflejos","description":"Las noticias de mi comarca","potentialAction":[{"@type":"SearchAction","target":{"@type":"EntryPoint","urlTemplate":"https:\/\/www.noticiasradioreflejos.com.ar\/2021\/?s={search_term_string}"},"query-input":{"@type":"PropertyValueSpecification","valueRequired":true,"valueName":"search_term_string"}}],"inLanguage":"es"},{"@type":"Person","@id":"https:\/\/www.noticiasradioreflejos.com.ar\/2021\/#\/schema\/person\/ad82545263dcc5ec0996818884fd5fb1","name":"Arnaldo Botto","image":{"@type":"ImageObject","inLanguage":"es","@id":"https:\/\/www.noticiasradioreflejos.com.ar\/2021\/#\/schema\/person\/image\/","url":"https:\/\/secure.gravatar.com\/avatar\/55cb5e37c1efa326397366e6974cb338056df65cb50e7d64d1cf314e87504837?s=96&d=mm&r=g","contentUrl":"https:\/\/secure.gravatar.com\/avatar\/55cb5e37c1efa326397366e6974cb338056df65cb50e7d64d1cf314e87504837?s=96&d=mm&r=g","caption":"Arnaldo Botto"},"url":"https:\/\/www.noticiasradioreflejos.com.ar\/2021\/author\/arnaldo\/"}]}},"_links":{"self":[{"href":"https:\/\/www.noticiasradioreflejos.com.ar\/2021\/wp-json\/wp\/v2\/posts\/61873","targetHints":{"allow":["GET"]}}],"collection":[{"href":"https:\/\/www.noticiasradioreflejos.com.ar\/2021\/wp-json\/wp\/v2\/posts"}],"about":[{"href":"https:\/\/www.noticiasradioreflejos.com.ar\/2021\/wp-json\/wp\/v2\/types\/post"}],"author":[{"embeddable":true,"href":"https:\/\/www.noticiasradioreflejos.com.ar\/2021\/wp-json\/wp\/v2\/users\/3"}],"replies":[{"embeddable":true,"href":"https:\/\/www.noticiasradioreflejos.com.ar\/2021\/wp-json\/wp\/v2\/comments?post=61873"}],"version-history":[{"count":2,"href":"https:\/\/www.noticiasradioreflejos.com.ar\/2021\/wp-json\/wp\/v2\/posts\/61873\/revisions"}],"predecessor-version":[{"id":61876,"href":"https:\/\/www.noticiasradioreflejos.com.ar\/2021\/wp-json\/wp\/v2\/posts\/61873\/revisions\/61876"}],"wp:attachment":[{"href":"https:\/\/www.noticiasradioreflejos.com.ar\/2021\/wp-json\/wp\/v2\/media?parent=61873"}],"wp:term":[{"taxonomy":"category","embeddable":true,"href":"https:\/\/www.noticiasradioreflejos.com.ar\/2021\/wp-json\/wp\/v2\/categories?post=61873"},{"taxonomy":"post_tag","embeddable":true,"href":"https:\/\/www.noticiasradioreflejos.com.ar\/2021\/wp-json\/wp\/v2\/tags?post=61873"}],"curies":[{"name":"wp","href":"https:\/\/api.w.org\/{rel}","templated":true}]}}