{"id":61868,"date":"2021-08-23T21:52:26","date_gmt":"2021-08-23T21:52:26","guid":{"rendered":"http:\/\/www.noticiasradioreflejos.com.ar\/2021\/?p=61868"},"modified":"2021-08-23T21:52:26","modified_gmt":"2021-08-23T21:52:26","slug":"dejar-de-lado-las-diferencias-ideologicas-para-trabajar-en-conjunto-por-los-vecinos","status":"publish","type":"post","link":"https:\/\/www.noticiasradioreflejos.com.ar\/2021\/dejar-de-lado-las-diferencias-ideologicas-para-trabajar-en-conjunto-por-los-vecinos\/","title":{"rendered":"\u00abDejar de lado las diferencias ideol\u00f3gicas para trabajar en conjunto por los vecinos\u00bb"},"content":{"rendered":"<p>A minutos de ser nombrada como Directora de Gobierno de Sierra de la Ventana, entrevistamos a Graciela Bag\u00fa.<!--more--><\/p>\n<p><a title=\"12370058\" href=\"https:\/\/www.flickr.com\/photos\/182279889@N02\/51397992683\/in\/dateposted-public\/\" data-flickr-embed=\"true\"><img loading=\"lazy\" decoding=\"async\" src=\"https:\/\/live.staticflickr.com\/65535\/51397992683_3c247c15a6_z.jpg\" alt=\"12370058\" width=\"640\" height=\"360\" \/><\/a><script async src=\"\/\/embedr.flickr.com\/assets\/client-code.js\" charset=\"utf-8\"><\/script><\/p>\n<p>\u00abLa responsabilidad es grande porque a veces la gente espera mucho y uno a veces no le puede dar respuesta a todo\u00bb describi\u00f3 c\u00f3mo siente el hecho de que se la otorgado el cargo.<\/p>\n<p>Graciela confiesa que le sorprendi\u00f3 la propuesta del Intendente y que no lo esperaba. \u00abEl intendente decidi\u00f3 que si yo pod\u00eda, que me ocupara m\u00e1s de la gente. Tratar\u00e9 en lo posible de darle respuesta a todos\u00bb.<\/p>\n<p>Bag\u00fa expresa que es capaz dejar de lado las diferencias ideol\u00f3gicas para trabajar en conjunto por los vecinos. \u00abGracias a Dios me llevo bien con la gente del Concejo y de todos los partidos pol\u00edticos. Hay que tratar de lograr que la comunidad este mejor\u00bb.<\/p>\n<p>\u00abQuiero poner un horario y que la gente venga ac\u00e1\u00bb mencion\u00f3 acerca de c\u00f3mo ser\u00e1 su trabajo en la Delegaci\u00f3n de Sierra de la Ventana. \u00abNecesito tener un rato de relax despu\u00e9s de recibir todas las inquietudes\u00bb se refiri\u00f3 a que no le gustar\u00eda que las personas se acerquen a su casa personal ni la contacten por su n\u00famero de tel\u00e9fono, por eso prefiere trabajar en la Delegaci\u00f3n.<\/p>\n<p><iframe loading=\"lazy\" title=\"YouTube video player\" src=\"https:\/\/www.youtube.com\/embed\/tk-wBNb4Pqg\" width=\"640\" height=\"360\" frameborder=\"0\" allowfullscreen=\"allowfullscreen\"><\/iframe><\/p>\n<p><a data-flickr-embed=\"true\" href=\"https:\/\/www.flickr.com\/photos\/182279889@N02\/51398962149\/in\/dateposted-public\/\" title=\"12370060\"><img loading=\"lazy\" decoding=\"async\" src=\"https:\/\/live.staticflickr.com\/65535\/51398962149_8b25eca7f8_z.jpg\" width=\"640\" height=\"360\" alt=\"12370060\"><\/a><script async src=\"\/\/embedr.flickr.com\/assets\/client-code.js\" charset=\"utf-8\"><\/script><\/p>\n","protected":false},"excerpt":{"rendered":"<p>A minutos de ser nombrada como Directora de Gobierno de Sierra de la Ventana, entrevistamos a Graciela Bag\u00fa.<\/p>\n","protected":false},"author":3,"featured_media":0,"comment_status":"closed","ping_status":"closed","sticky":false,"template":"","format":"standard","meta":{"footnotes":""},"categories":[24],"tags":[48],"class_list":["post-61868","post","type-post","status-publish","format-standard","hentry","category-politica","tag-destacada"],"yoast_head":"<!-- This site is optimized with the Yoast SEO plugin v25.9 - https:\/\/yoast.com\/wordpress\/plugins\/seo\/ -->\n<title>&quot;Dejar de lado las diferencias ideol\u00f3gicas para trabajar en conjunto por los vecinos&quot; - Noticias Radio Reflejos<\/title>\n<meta name=\"robots\" content=\"index, follow, max-snippet:-1, max-image-preview:large, max-video-preview:-1\" \/>\n<link rel=\"canonical\" href=\"https:\/\/www.noticiasradioreflejos.com.ar\/2021\/dejar-de-lado-las-diferencias-ideologicas-para-trabajar-en-conjunto-por-los-vecinos\/\" \/>\n<meta property=\"og:locale\" content=\"es_ES\" \/>\n<meta property=\"og:type\" content=\"article\" \/>\n<meta property=\"og:title\" content=\"&quot;Dejar de lado las diferencias ideol\u00f3gicas para trabajar en conjunto por los vecinos&quot; - Noticias Radio Reflejos\" \/>\n<meta property=\"og:description\" content=\"A minutos de ser nombrada como Directora de Gobierno de Sierra de la Ventana, entrevistamos a Graciela Bag\u00fa.\" \/>\n<meta property=\"og:url\" content=\"https:\/\/www.noticiasradioreflejos.com.ar\/2021\/dejar-de-lado-las-diferencias-ideologicas-para-trabajar-en-conjunto-por-los-vecinos\/\" \/>\n<meta property=\"og:site_name\" content=\"Noticias Radio Reflejos\" \/>\n<meta property=\"article:published_time\" content=\"2021-08-23T21:52:26+00:00\" \/>\n<meta property=\"og:image\" content=\"https:\/\/live.staticflickr.com\/65535\/51397992683_3c247c15a6_z.jpg\" \/>\n<meta name=\"author\" content=\"Arnaldo Botto\" \/>\n<meta name=\"twitter:card\" content=\"summary_large_image\" \/>\n<script type=\"application\/ld+json\" class=\"yoast-schema-graph\">{\"@context\":\"https:\/\/schema.org\",\"@graph\":[{\"@type\":\"WebPage\",\"@id\":\"https:\/\/www.noticiasradioreflejos.com.ar\/2021\/dejar-de-lado-las-diferencias-ideologicas-para-trabajar-en-conjunto-por-los-vecinos\/\",\"url\":\"https:\/\/www.noticiasradioreflejos.com.ar\/2021\/dejar-de-lado-las-diferencias-ideologicas-para-trabajar-en-conjunto-por-los-vecinos\/\",\"name\":\"\\\"Dejar de lado las diferencias ideol\u00f3gicas para trabajar en conjunto por los vecinos\\\" - Noticias Radio Reflejos\",\"isPartOf\":{\"@id\":\"https:\/\/www.noticiasradioreflejos.com.ar\/2021\/#website\"},\"primaryImageOfPage\":{\"@id\":\"https:\/\/www.noticiasradioreflejos.com.ar\/2021\/dejar-de-lado-las-diferencias-ideologicas-para-trabajar-en-conjunto-por-los-vecinos\/#primaryimage\"},\"image\":{\"@id\":\"https:\/\/www.noticiasradioreflejos.com.ar\/2021\/dejar-de-lado-las-diferencias-ideologicas-para-trabajar-en-conjunto-por-los-vecinos\/#primaryimage\"},\"thumbnailUrl\":\"https:\/\/live.staticflickr.com\/65535\/51397992683_3c247c15a6_z.jpg\",\"datePublished\":\"2021-08-23T21:52:26+00:00\",\"author\":{\"@id\":\"https:\/\/www.noticiasradioreflejos.com.ar\/2021\/#\/schema\/person\/ad82545263dcc5ec0996818884fd5fb1\"},\"breadcrumb\":{\"@id\":\"https:\/\/www.noticiasradioreflejos.com.ar\/2021\/dejar-de-lado-las-diferencias-ideologicas-para-trabajar-en-conjunto-por-los-vecinos\/#breadcrumb\"},\"inLanguage\":\"es\",\"potentialAction\":[{\"@type\":\"ReadAction\",\"target\":[\"https:\/\/www.noticiasradioreflejos.com.ar\/2021\/dejar-de-lado-las-diferencias-ideologicas-para-trabajar-en-conjunto-por-los-vecinos\/\"]}]},{\"@type\":\"ImageObject\",\"inLanguage\":\"es\",\"@id\":\"https:\/\/www.noticiasradioreflejos.com.ar\/2021\/dejar-de-lado-las-diferencias-ideologicas-para-trabajar-en-conjunto-por-los-vecinos\/#primaryimage\",\"url\":\"https:\/\/live.staticflickr.com\/65535\/51397992683_3c247c15a6_z.jpg\",\"contentUrl\":\"https:\/\/live.staticflickr.com\/65535\/51397992683_3c247c15a6_z.jpg\"},{\"@type\":\"BreadcrumbList\",\"@id\":\"https:\/\/www.noticiasradioreflejos.com.ar\/2021\/dejar-de-lado-las-diferencias-ideologicas-para-trabajar-en-conjunto-por-los-vecinos\/#breadcrumb\",\"itemListElement\":[{\"@type\":\"ListItem\",\"position\":1,\"name\":\"Portada\",\"item\":\"https:\/\/www.noticiasradioreflejos.com.ar\/2021\/\"},{\"@type\":\"ListItem\",\"position\":2,\"name\":\"\u00abDejar de lado las diferencias ideol\u00f3gicas para trabajar en conjunto por los vecinos\u00bb\"}]},{\"@type\":\"WebSite\",\"@id\":\"https:\/\/www.noticiasradioreflejos.com.ar\/2021\/#website\",\"url\":\"https:\/\/www.noticiasradioreflejos.com.ar\/2021\/\",\"name\":\"Noticias Radio Reflejos\",\"description\":\"Las noticias de mi comarca\",\"potentialAction\":[{\"@type\":\"SearchAction\",\"target\":{\"@type\":\"EntryPoint\",\"urlTemplate\":\"https:\/\/www.noticiasradioreflejos.com.ar\/2021\/?s={search_term_string}\"},\"query-input\":{\"@type\":\"PropertyValueSpecification\",\"valueRequired\":true,\"valueName\":\"search_term_string\"}}],\"inLanguage\":\"es\"},{\"@type\":\"Person\",\"@id\":\"https:\/\/www.noticiasradioreflejos.com.ar\/2021\/#\/schema\/person\/ad82545263dcc5ec0996818884fd5fb1\",\"name\":\"Arnaldo Botto\",\"image\":{\"@type\":\"ImageObject\",\"inLanguage\":\"es\",\"@id\":\"https:\/\/www.noticiasradioreflejos.com.ar\/2021\/#\/schema\/person\/image\/\",\"url\":\"https:\/\/secure.gravatar.com\/avatar\/55cb5e37c1efa326397366e6974cb338056df65cb50e7d64d1cf314e87504837?s=96&d=mm&r=g\",\"contentUrl\":\"https:\/\/secure.gravatar.com\/avatar\/55cb5e37c1efa326397366e6974cb338056df65cb50e7d64d1cf314e87504837?s=96&d=mm&r=g\",\"caption\":\"Arnaldo Botto\"},\"url\":\"https:\/\/www.noticiasradioreflejos.com.ar\/2021\/author\/arnaldo\/\"}]}<\/script>\n<!-- \/ Yoast SEO plugin. -->","yoast_head_json":{"title":"\"Dejar de lado las diferencias ideol\u00f3gicas para trabajar en conjunto por los vecinos\" - Noticias Radio Reflejos","robots":{"index":"index","follow":"follow","max-snippet":"max-snippet:-1","max-image-preview":"max-image-preview:large","max-video-preview":"max-video-preview:-1"},"canonical":"https:\/\/www.noticiasradioreflejos.com.ar\/2021\/dejar-de-lado-las-diferencias-ideologicas-para-trabajar-en-conjunto-por-los-vecinos\/","og_locale":"es_ES","og_type":"article","og_title":"\"Dejar de lado las diferencias ideol\u00f3gicas para trabajar en conjunto por los vecinos\" - Noticias Radio Reflejos","og_description":"A minutos de ser nombrada como Directora de Gobierno de Sierra de la Ventana, entrevistamos a Graciela Bag\u00fa.","og_url":"https:\/\/www.noticiasradioreflejos.com.ar\/2021\/dejar-de-lado-las-diferencias-ideologicas-para-trabajar-en-conjunto-por-los-vecinos\/","og_site_name":"Noticias Radio Reflejos","article_published_time":"2021-08-23T21:52:26+00:00","og_image":[{"url":"https:\/\/live.staticflickr.com\/65535\/51397992683_3c247c15a6_z.jpg","type":"","width":"","height":""}],"author":"Arnaldo Botto","twitter_card":"summary_large_image","schema":{"@context":"https:\/\/schema.org","@graph":[{"@type":"WebPage","@id":"https:\/\/www.noticiasradioreflejos.com.ar\/2021\/dejar-de-lado-las-diferencias-ideologicas-para-trabajar-en-conjunto-por-los-vecinos\/","url":"https:\/\/www.noticiasradioreflejos.com.ar\/2021\/dejar-de-lado-las-diferencias-ideologicas-para-trabajar-en-conjunto-por-los-vecinos\/","name":"\"Dejar de lado las diferencias ideol\u00f3gicas para trabajar en conjunto por los vecinos\" - Noticias Radio Reflejos","isPartOf":{"@id":"https:\/\/www.noticiasradioreflejos.com.ar\/2021\/#website"},"primaryImageOfPage":{"@id":"https:\/\/www.noticiasradioreflejos.com.ar\/2021\/dejar-de-lado-las-diferencias-ideologicas-para-trabajar-en-conjunto-por-los-vecinos\/#primaryimage"},"image":{"@id":"https:\/\/www.noticiasradioreflejos.com.ar\/2021\/dejar-de-lado-las-diferencias-ideologicas-para-trabajar-en-conjunto-por-los-vecinos\/#primaryimage"},"thumbnailUrl":"https:\/\/live.staticflickr.com\/65535\/51397992683_3c247c15a6_z.jpg","datePublished":"2021-08-23T21:52:26+00:00","author":{"@id":"https:\/\/www.noticiasradioreflejos.com.ar\/2021\/#\/schema\/person\/ad82545263dcc5ec0996818884fd5fb1"},"breadcrumb":{"@id":"https:\/\/www.noticiasradioreflejos.com.ar\/2021\/dejar-de-lado-las-diferencias-ideologicas-para-trabajar-en-conjunto-por-los-vecinos\/#breadcrumb"},"inLanguage":"es","potentialAction":[{"@type":"ReadAction","target":["https:\/\/www.noticiasradioreflejos.com.ar\/2021\/dejar-de-lado-las-diferencias-ideologicas-para-trabajar-en-conjunto-por-los-vecinos\/"]}]},{"@type":"ImageObject","inLanguage":"es","@id":"https:\/\/www.noticiasradioreflejos.com.ar\/2021\/dejar-de-lado-las-diferencias-ideologicas-para-trabajar-en-conjunto-por-los-vecinos\/#primaryimage","url":"https:\/\/live.staticflickr.com\/65535\/51397992683_3c247c15a6_z.jpg","contentUrl":"https:\/\/live.staticflickr.com\/65535\/51397992683_3c247c15a6_z.jpg"},{"@type":"BreadcrumbList","@id":"https:\/\/www.noticiasradioreflejos.com.ar\/2021\/dejar-de-lado-las-diferencias-ideologicas-para-trabajar-en-conjunto-por-los-vecinos\/#breadcrumb","itemListElement":[{"@type":"ListItem","position":1,"name":"Portada","item":"https:\/\/www.noticiasradioreflejos.com.ar\/2021\/"},{"@type":"ListItem","position":2,"name":"\u00abDejar de lado las diferencias ideol\u00f3gicas para trabajar en conjunto por los vecinos\u00bb"}]},{"@type":"WebSite","@id":"https:\/\/www.noticiasradioreflejos.com.ar\/2021\/#website","url":"https:\/\/www.noticiasradioreflejos.com.ar\/2021\/","name":"Noticias Radio Reflejos","description":"Las noticias de mi comarca","potentialAction":[{"@type":"SearchAction","target":{"@type":"EntryPoint","urlTemplate":"https:\/\/www.noticiasradioreflejos.com.ar\/2021\/?s={search_term_string}"},"query-input":{"@type":"PropertyValueSpecification","valueRequired":true,"valueName":"search_term_string"}}],"inLanguage":"es"},{"@type":"Person","@id":"https:\/\/www.noticiasradioreflejos.com.ar\/2021\/#\/schema\/person\/ad82545263dcc5ec0996818884fd5fb1","name":"Arnaldo Botto","image":{"@type":"ImageObject","inLanguage":"es","@id":"https:\/\/www.noticiasradioreflejos.com.ar\/2021\/#\/schema\/person\/image\/","url":"https:\/\/secure.gravatar.com\/avatar\/55cb5e37c1efa326397366e6974cb338056df65cb50e7d64d1cf314e87504837?s=96&d=mm&r=g","contentUrl":"https:\/\/secure.gravatar.com\/avatar\/55cb5e37c1efa326397366e6974cb338056df65cb50e7d64d1cf314e87504837?s=96&d=mm&r=g","caption":"Arnaldo Botto"},"url":"https:\/\/www.noticiasradioreflejos.com.ar\/2021\/author\/arnaldo\/"}]}},"_links":{"self":[{"href":"https:\/\/www.noticiasradioreflejos.com.ar\/2021\/wp-json\/wp\/v2\/posts\/61868","targetHints":{"allow":["GET"]}}],"collection":[{"href":"https:\/\/www.noticiasradioreflejos.com.ar\/2021\/wp-json\/wp\/v2\/posts"}],"about":[{"href":"https:\/\/www.noticiasradioreflejos.com.ar\/2021\/wp-json\/wp\/v2\/types\/post"}],"author":[{"embeddable":true,"href":"https:\/\/www.noticiasradioreflejos.com.ar\/2021\/wp-json\/wp\/v2\/users\/3"}],"replies":[{"embeddable":true,"href":"https:\/\/www.noticiasradioreflejos.com.ar\/2021\/wp-json\/wp\/v2\/comments?post=61868"}],"version-history":[{"count":2,"href":"https:\/\/www.noticiasradioreflejos.com.ar\/2021\/wp-json\/wp\/v2\/posts\/61868\/revisions"}],"predecessor-version":[{"id":61871,"href":"https:\/\/www.noticiasradioreflejos.com.ar\/2021\/wp-json\/wp\/v2\/posts\/61868\/revisions\/61871"}],"wp:attachment":[{"href":"https:\/\/www.noticiasradioreflejos.com.ar\/2021\/wp-json\/wp\/v2\/media?parent=61868"}],"wp:term":[{"taxonomy":"category","embeddable":true,"href":"https:\/\/www.noticiasradioreflejos.com.ar\/2021\/wp-json\/wp\/v2\/categories?post=61868"},{"taxonomy":"post_tag","embeddable":true,"href":"https:\/\/www.noticiasradioreflejos.com.ar\/2021\/wp-json\/wp\/v2\/tags?post=61868"}],"curies":[{"name":"wp","href":"https:\/\/api.w.org\/{rel}","templated":true}]}}