{"id":61842,"date":"2021-08-23T17:25:33","date_gmt":"2021-08-23T17:25:33","guid":{"rendered":"http:\/\/www.noticiasradioreflejos.com.ar\/2021\/?p=61842"},"modified":"2021-08-23T17:32:04","modified_gmt":"2021-08-23T17:32:04","slug":"informe-sesion-ordinaria-17-08-21","status":"publish","type":"post","link":"https:\/\/www.noticiasradioreflejos.com.ar\/2021\/informe-sesion-ordinaria-17-08-21\/","title":{"rendered":"Informe Sesi\u00f3n Ordinaria 17-08-21"},"content":{"rendered":"<p><strong><u>Comunicaciones Oficiales y dict\u00e1menes de las Comisiones:<\/u><\/strong><\/p>\n<p><strong><u>Expte. N\u00ba 195\/20:<\/u><\/strong> &#8211; D.E. &#8211; Autoriza reprogramaci\u00f3n de las deudas municipales ref. \u201cFondo Especial de Emergencia Sanitaria para la contenci\u00f3n fiscal municipal\u201d.-<!--more--><\/p>\n<p>Se solicita tratamiento sobre Tablas.<\/p>\n<p>Se aprueba por unanimidad la Ordenanza con el N\u00ba 3372\/21 por la que\u00a0 se autoriza la reprogramaci\u00f3n de las deudas municipales generadas en el\u00a0 marco del \u201cFondo Especial de Emergencia Sanitaria para la Contenci\u00f3n Fiscal Municipal\u201d creado por el Decreto N\u00ba 264\/20 (ratificado por la Ley N\u00ba 15.174), complementado por el Art\u00edculo 48 de la Ley N\u00b0 15.225 y la Resoluci\u00f3n N\u00b0 4\/21 del Ministerio de Hacienda y Finanzas de la Provincia, por la suma de PESOS CATORCE MILLONES OCHOCIENTOS MIL ($ 14.800.000).-<\/p>\n<p>&nbsp;<\/p>\n<p><strong><u>Expte. N\u00ba 052\/21:<\/u><\/strong> &#8211; D.E. &#8211; Incremento Salarial Ejercicio 2021.-<\/p>\n<p>Se solicita tratamiento sobre Tablas<strong>. <\/strong><\/p>\n<p>Se aprueba por unanimidad la Ordenanza con el N\u00ba 3373\/21 por la que se otorga un incremento salarial del 5% (cinco por ciento) a partir del 1 de agosto de 2021, para todas las categor\u00edas de los sueldos del personal municipal. &#8211;<\/p>\n<p>Se otorga una BONIFICACI\u00d3N ESPECIAL de car\u00e1cter remunerativa de $5.000 (pesos cinco mil), por el mes de agosto de 2021. La misma alcanza a todo el personal municipal, excepto Concejales, Secretario del Honorable Concejo Deliberante y Personal Superior.-<\/p>\n<p>&nbsp;<\/p>\n<p><strong><u>Expte. N\u00ba 216\/21:<\/u><\/strong> &#8211; D.E. \u2013 Autoriza la firma del Convenio celebrado e\/el Ministerio de Infraestructura y Servicios P\u00fablicos de la Ciudad de La Plata y el Municipio de Tornquist.-<\/p>\n<p>Pasa a las Comisiones de Interpretaci\u00f3n y Reglamento y Obras P\u00fablicas<\/p>\n<p>&nbsp;<\/p>\n<p><strong><u>Expte. N\u00ba 217\/21:<\/u><\/strong> &#8211; D.E. \u2013 Convalida la firma del Convenio celebrado entre la Municipalidad de Saavedra y el Municipio de Tornquist<\/p>\n<p>Solicita tratamiento sobre Tablas<strong>. <\/strong><\/p>\n<p>Se aprueba por unanimidad la Ordenanza N\u00ba 3374\/21 por la que\u00a0 se convalida la firma del Convenio celebrado entre la Municipalidad de Tornquist, representada por su Intendente Sr. Sergio Bordoni y la Municipalidad de Saavedra, representada por su Intendente Sr. Gustavo Javier Notararigo, por la otra.- Por el mencionado convenio el Municipio de Saavedra se compromete a la atenci\u00f3n de pacientes carenciados de acuerdo a las prestaciones citadas en el \u00a0Anexo que consta en el Expediente.\u00a0 El Convenio tendr\u00e1 una vigencia de 6 (seis) meses que abarcar\u00e1 desde el 1\u00ba de julio hasta el 31 de diciembre de 2021.-<\/p>\n<p>&nbsp;<\/p>\n<p><strong><u>Expte. N\u00ba 219\/21:<\/u><\/strong> &#8211; N.P.- Socio-Gerente de Bio-Organic Argentina solicita predio de 8 Has. en la Localidad de Saldungaray, para el desarrollo de producci\u00f3n de alimento org\u00e1nico.-<\/p>\n<p>Pasa a las Comisiones de Interpretaci\u00f3n y Reglamento, y Producci\u00f3n, Comercio e Industria.-<\/p>\n<p>&nbsp;<\/p>\n<p><strong><u>Expte. N\u00ba 7302\/21:<\/u><\/strong> &#8211; N.P. &#8211; Sergio Rodr\u00edguez Turismo: Solicita incorporar dentro de las exenciones impositivas\/tasas a las agencias de turismo.<\/p>\n<p>Pasa a las Comisiones de Presupuesto y Hacienda, y Asuntos Municipales.-<\/p>\n<p>&nbsp;<\/p>\n<p><strong><u>Expte. N\u00ba 7304\/21:<\/u><\/strong> &#8211; Bloques Cambiemos Bs. As. y Juntos por el Cambio \u2013 Pedido de Informe: Solicita informaci\u00f3n sobre la iniciativa del talado de Arboles en los boulevares de Tornquist.<\/p>\n<p>Pasa a las Comisiones de Ecolog\u00eda y Medio Ambiente, y Asuntos Municipales.-<\/p>\n<p>&nbsp;<\/p>\n<p><strong><u>Expte. N\u00ba 7305\/21:<\/u><\/strong> &#8211; Bloques Frente de Todos y Frente Justicialista Cumplir \u2013 Minuta de Comunicaci\u00f3n: Solicita pronta implementaci\u00f3n de la Ordenanza N\u00ba 3232\/20 (Ley Micaela).<\/p>\n<p>Pasa a las Comisiones de Interpretaci\u00f3n y Reglamento y Asuntos Municipales.-<\/p>\n<p>&nbsp;<\/p>\n<p><strong><u>Expte. N\u00ba 7311\/21:<\/u><\/strong> &#8211; N.P. \u2013 U.C.R. Sierra de la Ventana: Presenta Proyecto de Comunicaci\u00f3n con el objetivo de instalar al Municipio de Tornquist como destino pionero en Turismo Sanitario.<\/p>\n<p>Pasa a las Comisiones de Turismo y Desarrollo, y Salud P\u00fablica.-<\/p>\n<p><a title=\"WhatsApp Image 2021-08-18 at 12.42.22\" href=\"https:\/\/www.flickr.com\/photos\/182279889@N02\/51396939207\/in\/dateposted-public\/\" data-flickr-embed=\"true\"><img loading=\"lazy\" decoding=\"async\" src=\"https:\/\/live.staticflickr.com\/65535\/51396939207_9d5bff159f_c.jpg\" alt=\"WhatsApp Image 2021-08-18 at 12.42.22\" width=\"601\" height=\"800\" \/><\/a><script async src=\"\/\/embedr.flickr.com\/assets\/client-code.js\" charset=\"utf-8\"><\/script><\/p>\n<p><strong><u>Expte. N\u00ba 7314\/21:<\/u><\/strong> &#8211; N.P. &#8211; Grupo Scout N\u00ba 1519 \u201cSierra de la Ventana\u201d: Ref. becas y subsidio institucional.-<\/p>\n<p>Pasa a las Comisiones de Asuntos Municipales y Presupuesto y Hacienda.-<\/p>\n<p>&nbsp;<\/p>\n<p><strong><u>Expte. N\u00ba 132\/21:<\/u><\/strong> &#8211; S.D. &#8211; \u201cPlan de Desarrollos Educativos Territoriales\u201d.<\/p>\n<p>Este expediente tiene dos dict\u00e1menes:<\/p>\n<p>1\u00ba dictamen:<\/p>\n<p>Tornquist, 11 de agosto de 2021. Las Comisiones de ASUNTOS MUNICIPALES (en mayor\u00eda); Y CULTURA, EDUCACI\u00d3N, CIENCIA Y TECNOLOG\u00cdA; habiendo analizado el Expte. N\u00ba 132\/21, aconsejan realizar las consultas pertinentes al Honorable Tribunal de Cuentas a fin de evaluar su viabilidad. Como as\u00ed tambi\u00e9n se sugiere la creaci\u00f3n de una mesa intersectorial que funcione en forma sistem\u00e1tica y contextualizada a la tem\u00e1tica que se presente como emergente.<\/p>\n<p>&nbsp;<\/p>\n<p>2\u00ba dictamen:<\/p>\n<p>Tornquist 17 de agosto de 2021. La comisi\u00f3n de Asuntos Municipales (en minor\u00eda)\u00a0 habiendo analizado el Expte N\u00ba 132\/21, \u201cPlan de Desarrollos Educativos Territoriales\u201d, aconseja no aprobar el dictamen del resto de la Comisi\u00f3n, ya que a mi criterio el plan propuesto por el Departamento Ejecutivo es claro en su formulaci\u00f3n, expl\u00edcito en el modo que se coordinar\u00e1n acciones planificadas o emergentes, y su procedimiento fue detalladamente explicado en la reuni\u00f3n de trabajo solicitada a los fines de esclarecer dudas.<\/p>\n<p>Por tal motivo se aconseja aprobar el Proyecto de Ordenanza obrante a fs. 69 con su Anexo I obrante de fs. 2 a 65.-<\/p>\n<p>&nbsp;<\/p>\n<p>Se aprueba por mayor\u00eda (votaci\u00f3n 11 a 1) el 1\u00ba dictamen.-<\/p>\n<p>&nbsp;<\/p>\n<p><strong><u>Expte. N\u00ba 7275\/21:<\/u><\/strong> &#8211; Bloques Cambiemos Bs. As. y Juntos por el Cambio &#8211; Proyecto de Ordenanza: Deroga Ordenanza N\u00ba 2662\/14 y reglamenta la comercializaci\u00f3n en la v\u00eda P\u00fablica (Venta Ambulante).<\/p>\n<p>Seg\u00fan el dictamen de las \u00a0Comisiones de ASUNTOS MUNICIPALES e INTERPRETACI\u00d3N y REGLAMENTO, se aprueba por unanimidad la Ordenanza con el N\u00ba 3375\/21 por la que se deroga la Ordenanza 2662\/14 y se reglamenta \u00a0y regula la actividad denominada \u201ccomercializaci\u00f3n en la v\u00eda publica\u201d en el territorio del Distrito de Tornquist (venta ambulante).-<\/p>\n<p>&nbsp;<\/p>\n<p><strong><u>Expte. N\u00ba 7293\/21:<\/u><\/strong> &#8211; N.P. &#8211; Gabriel Fern\u00e1ndez Allende &#8211; Eleva Proyecto de Ordenanza: \u201cAlcohol Cero al Volante\u201d.<\/p>\n<p>De acuerdo al dictamen de las \u00a0Comisiones de ASUNTOS MUNICIPALES; INTERPRETACI\u00d3N y REGLAMENTO, Y SALUD P\u00daBLICA, se aprueba por unanimidad la Resoluci\u00f3n con el N\u00ba 26\/21 por la que \u00a0el Honorable Concejo Deliberante de Tornquist\u00a0 resuelve expresar su adhesi\u00f3n a los proyectos de Leyes sobre:<\/p>\n<p>* Modificaci\u00f3n de los Art\u00edculos 84\u00ba BIS y 94\u00ba bis del C\u00f3digo Penal sobre Homicidio Vehicular y lesiones (Expediente N\u00ba 4986-D-2020).<\/p>\n<p>* Modificaciones a la Ley N\u00ba 24.449 para Prohibir la Conducci\u00f3n con Alcohol en Sangre (Expediente N\u00ba 1489-D-2021), ambos en tratamiento en la Honorable C\u00e1mara de Diputados de la Naci\u00f3n.<\/p>\n<p>El Departamento Ejecutivo deber\u00e1 realizar campa\u00f1as de difusi\u00f3n masiva para la educaci\u00f3n y concientizaci\u00f3n vial en todo el territorio a trav\u00e9s de diversos medios de comunicaci\u00f3n y propaganda. Adem\u00e1s que se implemente desde nivel inicial (jard\u00edn de infantes) educaci\u00f3n vial para concientizar sobre este tema.<\/p>\n<p>Se remite copia digital de la presente Resoluci\u00f3n a los Concejos Deliberantes de la Provincia de Buenos Aires, con el objeto de invitar a pronunciarse en el mismo sentido.<\/p>\n<p>Se remite copia digital de la presente Resoluci\u00f3n al Sr. Gabriel Fernando Allende.<\/p>\n<p>&nbsp;<\/p>\n<p><strong><u>Expte. N\u00ba 7301\/21:<\/u><\/strong> &#8211; N.P. &#8211; Ing. Agr\u00f3nomo Eduardo Issaly: En ref. Iniciativa de talar el arbolado en los boulevares de la ciudad de Tornquist \u2013 Solicita uso Banca Concejal N\u00ba 13.<\/p>\n<p>Se aprueba por unanimidad el dictamen de las Comisiones de ASUNTOS MUNICIPALES, INTERPRETACI\u00d3N Y REGLAMENTO; Y ECOLOG\u00cdA Y MEDIO AMBIENTE<strong>, <\/strong>que aconseja enviar el mismo al Archivo por haberse hecho uso de la Banca 13 el d\u00eda 3 de agosto de 2021.-<\/p>\n<p>&nbsp;<\/p>\n<p><strong><u>Expte. N\u00ba 7315\/21:<\/u><\/strong> &#8211; Bloques Cambiemos Bs. As. y Juntos por el Cambio \u2013 Proyecto de Ordenanza: Implementaci\u00f3n en el sector p\u00fablico municipal de Pol\u00edtica P\u00fablica de Gobierno Abierto.<\/p>\n<p>&nbsp;<\/p>\n<p>Este Expediente tiene dos dict\u00e1menes:<\/p>\n<p>Primer dictamen:<\/p>\n<p>Tornquist, 11 de agosto de 2021. Las Comisiones de ASUNTOS MUNICIPALES (en mayor\u00eda) E INTERPRETACI\u00d3N y REGLAMENTO (en mayor\u00eda), habiendo analizado el Expte. N\u00ba 7315\/21, aconsejan aprobar el Proyecto de Ordenanza obrante de fs. 1 a 6.-<\/p>\n<p>&nbsp;<\/p>\n<p>Segundo dictamen:<\/p>\n<p>Tornquist, 17 de agosto de 2021. Las Comisiones de Asuntos Municipales\u00a0 (en minor\u00eda), e Interpretaci\u00f3n y Reglamento (en minor\u00eda) habiendo analizado el Expediente N\u00b0 7315\/21, \u201cimplementaci\u00f3n\u00a0 en el sector p\u00fablico Municipal pol\u00edtica p\u00fablica de gobierno abierto\u201d, aconsejan no aprobar el Proyecto de Ordenanza obrante de fs. 1 a 6, y sugieren enviar el mismo al Departamento Ejecutivo para su an\u00e1lisis y posible adecuaci\u00f3n a nuestro Distrito, as\u00ed como revisar el articulado ya que varios art\u00edculos hacen referencia a Ordenanzas vigentes y programas de Gobierno Abierto ya implementados.<\/p>\n<p>&nbsp;<\/p>\n<p>Se aprueba por mayor\u00eda el primer dictamen (votaci\u00f3n 11 a 1), por lo que se aprueba por mayor\u00eda la Ordenanza N\u00ba 3376\/21 que establece la obligatoriedad para el Sector P\u00fablico Municipal de implementar una Pol\u00edtica P\u00fablica de Gobierno Abierto bajo los objetivos esenciales de transparencia, apertura de datos p\u00fablicos, disponibilidad de informaci\u00f3n y mecanismos de participaci\u00f3n y colaboraci\u00f3n. La misma ser\u00e1 ejecutada a trav\u00e9s de un Programa Municipal que funcionar\u00e1 bajo los preceptos, principios y criterios que establece la presente Ordenanza.-<\/p>\n<p>&nbsp;<\/p>\n<p><strong><u>Expte. N\u00ba 7318\/21:<\/u><\/strong> &#8211; Bloques Cambiemos Bs. As. y Juntos por el Cambio: Proyecto de Ordenanza: Ref. Parque Ap\u00edcola.<\/p>\n<p>Se aprueba por unanimidad el dictamen de las \u00a0Comisiones de PRODUCCI\u00d3N, COMERCIO E INDUSTRIA; INTERPRETACI\u00d3N Y REGLAMENTO Y ASUNTOS MUNICIPALES,\u00a0 que aconseja enviar el mismo al Departamento Ejecutivo para que el \u00e1rea que corresponda se expida al respecto.-<\/p>\n<p>&nbsp;<\/p>\n<p><strong><u>Expte. N\u00ba 7319\/21:<\/u><\/strong> &#8211; Bloques Frente de Todos y Frente Justicialista Cumplir \u2013 Proyecto de Resoluci\u00f3n: Expresa repudio a la acci\u00f3n del Gobierno por el env\u00edo de material y armamento policial a Bolivia en el A\u00f1o 2019.<\/p>\n<p>&nbsp;<\/p>\n<p>Este expediente tiene dos dict\u00e1menes:<\/p>\n<p>Primer dictamen:<\/p>\n<p>Tornquist, 11 de agosto de 2021. La Comisi\u00f3n de ASUNTOS MUNICIPALES (en mayor\u00eda), habiendo analizado el Expte. N\u00ba 7319\/21, aconseja aprobar el Proyecto de Resoluci\u00f3n obrante de fojas 1 a 3.-<\/p>\n<p>&nbsp;<\/p>\n<p>Segundo dictamen:<\/p>\n<p>La Comisi\u00f3n de Asuntos Municipales (en minor\u00eda), habiendo analizado el Expediente 7319\/21 \u201cExpresa repudio a la acci\u00f3n del gobierno por el env\u00edo del material y armamento policial\u00a0 Bolivia en el a\u00f1o 2019\u201d, aconseja no aprobar el Proyecto de Resoluci\u00f3n obrante de fs. 1 a 3, visto que la Justicia Nacional a\u00fan no se ha expedido al respecto.<\/p>\n<p>&nbsp;<\/p>\n<p>Se aprueba por mayor\u00eda (votaci\u00f3n 7 a 5) el segundo dictamen.<\/p>\n<p>&nbsp;<\/p>\n<p><strong><u>Expte. N\u00ba 7320\/21:<\/u><\/strong> &#8211; Bloques Cambiemos Bs. As. y Juntos por el Cambio: Proyecto de Resoluci\u00f3n: Apoyo al Proyecto de Ley para reglamentar el acompa\u00f1amiento terap\u00e9utico.<\/p>\n<p>De acuerdo al dictamen de las Comisiones de SALUD P\u00daBLICA e INTERPRETACI\u00d3N Y REGLAMENTO, se aprueba por unanimidad la Resoluci\u00f3n N\u00ba 27\/21 por la que el Honorable Concejo Deliberante de la Ciudad de Tornquist expresa su apoyo al Proyecto de Ley presentado por la Diputada Mar\u00eda Alejandra Lorden en la C\u00e1mara de Diputados de la Provincia de Buenos Aires, bajo Exp. \u00a0\u00a0\u00a0\u00a0\u00a0\u00a0\u00a0\u00a0\u00a0\u00a0\u00a0\u00a0D-80\/2020-21, en el que se manifiesta la necesidad de reglamentar la actividad profesional del\/la Acompa\u00f1ante Terap\u00e9utico\/a como trabajador\/a en el \u00e1rea de la Salud y los Derechos Humanos promoviendo la jerarquizaci\u00f3n de la profesi\u00f3n. Se remite copia digital de la presente Resoluci\u00f3n a la Honorable C\u00e1mara Diputados de la Provincia de Buenos Aires, en especial, a la Diputada Provincial Mar\u00eda Alejandra Lorden de la Uni\u00f3n C\u00edvica Radical y a los Concejos Deliberantes de la Provincia de Buenos Aires a fin de invitarlos a adherir a los t\u00e9rminos de la misma.<\/p>\n<p><strong><u>\u00a0<\/u><\/strong><\/p>\n<p><strong><u>Expte. N\u00ba 7321\/21:<\/u><\/strong> &#8211; N.P. &#8211; Cooperativa El\u00e9ctrica Ltda. de Tornquist: Solicita declarar de Inter\u00e9s Municipal el Relevamiento Comunitario de la Fundaci\u00f3n Colsecor.<\/p>\n<p>Seg\u00fan el dictamen de las \u00a0Comisiones de CULTURA, EDUCACI\u00d3N, CIENCIA Y TECNOLOG\u00cdA; Y PRODUCCI\u00d3N, COMERCIO E INDUSTRIA, se aprueba por unanimidad la Resoluci\u00f3n N\u00ba 28\/21 por la que se \u00a0declara de Inter\u00e9s Municipal el \u201cRelevamiento Comunitario de la Fundaci\u00f3n COLSECOR\u201d con la activa participaci\u00f3n de la Cooperativa El\u00e9ctrica LTDA. de Tornquist.<\/p>\n<p>Se env\u00eda copia de la presente a\u00a0 la Cooperativa El\u00e9ctrica Ltda. de Tornquist y a la Fundaci\u00f3n Colsecor.-<\/p>\n<p><strong><u>\u00a0<\/u><\/strong><\/p>\n<p><strong><u>Expte. N\u00ba 7322\/21:<\/u><\/strong> &#8211; N.P. \u2013 Ricardo Dorasio: Solicita renovar la eximici\u00f3n de la Tasa por Conservaci\u00f3n, Reparaci\u00f3n y Mejorado de la Red Vial correspondiente a la Reserva Natural Privada Sierras Grandes (Per\u00edodo 2021).<\/p>\n<p>Se aprueba por unanimidad el dictamen de las Comisiones de PRESUPUESTO Y HACIENDA; Y ASUNTOS MUNICIPALES; <strong>\u00a0<\/strong>que aconseja enviar el mismo a la Secretar\u00eda de Hacienda para que de curso a dicho pedido.-<\/p>\n<p><strong><u>\u00a0<\/u><\/strong><\/p>\n<p><strong><u>Proyectos Presentados<\/u><\/strong><\/p>\n<p><strong>\u00a0<\/strong><\/p>\n<p><strong><u>Bloque Acci\u00f3n por Tornquist- Proyecto de Ordenanza:<\/u><\/strong> Regulaci\u00f3n de Pantallas LED en la via p\u00fablica.<\/p>\n<p>Se solicita formaci\u00f3n de Expediente y pase a Comisi\u00f3n.-<\/p>\n<p>&nbsp;<\/p>\n<p><strong><u>Bloques Juntos por el Cambio y Cambiemos Bs. As. \u2013 Proyecto de Ordenanza:<\/u><\/strong> Adhesi\u00f3n Ley Provincial 15.296 en ref. capacitaci\u00f3n tem\u00e1tica de discapacidad<\/p>\n<p>Se solicita formaci\u00f3n de Expediente y pase a Comisi\u00f3n.<\/p>\n<p>&nbsp;<\/p>\n<p><strong><u>Bloques Cambiemos Bs. As. y Juntos por el Cambio \u2013 Pedido de Informe:<\/u><\/strong> Referente situaci\u00f3n actual de terrenos ubicados en inmediaciones al R\u00edo Sauce Grande (comprendidos en la Ordenanza 3090\/18) localidad de Saldungaray.<\/p>\n<p>Se solicita formaci\u00f3n de Expediente y tratamiento sobre Tablas.<\/p>\n<p>Se forma el expediente N\u00ba \u00a07323\/21 y se aprueba por unanimidad enviar el mismo al Departamento Ejecutivo para que por el \u00e1rea que corresponda se d\u00e9 respuesta a lo solicitado.-<\/p>\n<p><strong><u>\u00a0<\/u><\/strong><\/p>\n<p><strong><u>Bloques Cambiemos Bs. As. y Juntos por el Cambio \u2013 Proyecto de Resoluci\u00f3n:<\/u><\/strong> Manifiesta repudio por el accionar del Presidente de la Naci\u00f3n el d\u00eda 14 de julio del 2020<\/p>\n<p>Se solicita formaci\u00f3n de Expediente y tratamiento sobre Tablas.<\/p>\n<p>No se aprueba tal solicitud, ya que seg\u00fan la votaci\u00f3n (7 por la afirmativa, 5 por la negativa) no llega a los 2\/3 del total de Concejales (que en este caso ser\u00edan 8 votos), por lo que se forma Expediente y pasa a Comisi\u00f3n.<\/p>\n<p>&nbsp;<\/p>\n<p><strong><u>Asuntos Particulares <\/u><\/strong><\/p>\n<p><strong><u>\u00a0<\/u><\/strong><\/p>\n<p><strong><u>N.P. N\u00ba 39\/21- Asociaci\u00f3n Colomb\u00f3fila \u201cAlas Tornquinenses\u201d-<\/u><\/strong> Solicita adhesi\u00f3n a la Ley Nacional de Colombofilia N\u00ba 27.171.-<\/p>\n<p>Se solicita formaci\u00f3n de Expediente y tratamiento sobre Tablas.<\/p>\n<p>Se forma el Expediente N\u00ba 7325\/21 y se aprueba por unanimidad la Resoluci\u00f3n N\u00ba 29\/21 por lo que \u00a0se adhiere \u00a0en todos sus\u00a0 t\u00e9rminos a la Ley Nacional de Colombofilia N\u00ba 27.171, sancionada por la Honorable C\u00e1mara de Diputados de la Naci\u00f3n y por la Honorable C\u00e1mara de Senadores en el a\u00f1o 2015.- Se remite copia digital de la presente a las Honorables C\u00e1maras de Diputados y de Senadores de la Naci\u00f3n; a los Concejos Deliberantes de la Provincia de Buenos Aires, con el objeto de invitar a pronunciarse en el mismo sentido, y a la Sociedad Colomb\u00f3fila \u201cAlas Tornquinenses\u201d.-<\/p>\n<p>&nbsp;<\/p>\n<p><strong><u>N.P. N\u00ba 40\/21- Asociaci\u00f3n Barrio Parque Golf:<\/u><\/strong> Ref. Manzana los Picaflores Lote 20- Construcci\u00f3n irregular en Lote Medianero a dicho predio.<\/p>\n<p>Se solicita formaci\u00f3n de Expediente y pase a Comisi\u00f3n.<\/p>\n<p>&nbsp;<\/p>\n<p><strong><u>N.P. N\u00ba 41\/21- Vecinos de Tornquist-<\/u><\/strong> Solicitan informaci\u00f3n sobre datos espec\u00edficos de la actual situaci\u00f3n del Covid-19 en el Distrito.<\/p>\n<p>Se solicita formaci\u00f3n de Expediente y tratamiento sobre Tablas.<\/p>\n<p>Se forma el Expediente N\u00ba 7324\/21 y se aprueba por unanimidad enviar el mismo al Departamento Ejecutivo para que por el \u00e1rea que corresponda se d\u00e9 respuesta a lo solicitado.-<\/p>\n<p><strong><u>\u00a0<\/u><\/strong><\/p>\n<p><strong><u>N.P. N\u00ba 42\/21- Vecinos de Saldungaray-<\/u><\/strong> Ref. obras de cercado de terreno sobre margen dl R\u00edo Sauce Grande<\/p>\n<p>Se solicita formaci\u00f3n de Expediente y pase a Comisi\u00f3n.<\/p>\n<p>&nbsp;<\/p>\n<p>Alocuciones de los Concejales:<\/p>\n<p>Concejal Juan Manuel Ibarra:<\/p>\n<p>\u201cCon respecto al Expediente N\u00ba 7304\/21, quiero hacer una aclaraci\u00f3n. En primer t\u00e9rmino, decir que las notas que se elevaron del Ejecutivo no fueron iniciativa propia sino que fueron respuestas a un Pedido de Informes que se hizo del Cuerpo Deliberativo. Eso es lo bueno de la Banca 13 del otro d\u00eda, que se contest\u00f3 un Pedido de Informe en tiempo record, y quer\u00eda pedir, programar una reuni\u00f3n con el Consejo de Arbolado P\u00fablico, el Ingeniero Asesor Alejandro Paris, y enviar la consulta a la Direcci\u00f3n Provincial de Bosques. Nada m\u00e1s\u201d<\/p>\n<p>&nbsp;<\/p>\n<p>Se aprueba por unanimidad la moci\u00f3n del Concejal Ibarra de organizar reuni\u00f3n con el Consejo de Arbolado P\u00fablico.<\/p>\n<p><a title=\"WhatsApp Image 2021-08-18 at 12.42.20 (2)\" href=\"https:\/\/www.flickr.com\/photos\/182279889@N02\/51397692886\/in\/dateposted-public\/\" data-flickr-embed=\"true\"><img loading=\"lazy\" decoding=\"async\" src=\"https:\/\/live.staticflickr.com\/65535\/51397692886_e8959d6eea_c.jpg\" alt=\"WhatsApp Image 2021-08-18 at 12.42.20 (2)\" width=\"800\" height=\"601\" \/><\/a><script async src=\"\/\/embedr.flickr.com\/assets\/client-code.js\" charset=\"utf-8\"><\/script><\/p>\n<p>Concejal Elisabet Nori:<\/p>\n<p>\u201cYo me voy a referir al Proyecto de Resoluci\u00f3n de repudio que presentamos en el d\u00eda de hoy, acerca de cierta situaci\u00f3n que se suscit\u00f3 o que se conoci\u00f3 recientemente de un suceso acaecido en el mes de julio del a\u00f1o pasado, en plena, en plena pandemia, y en pleno aislamiento, que sucedi\u00f3 en la Quinta Presidencial de Olivos. Obviamente que dem\u00e1s est\u00e1 decir que ya medi\u00e1ticamente la foto que ha salido a la publicidad, ha tenido la repercusi\u00f3n que todo el mundo sabe, y yo traje a colaci\u00f3n algo, un poco de luz en lo que se refiere a legalidad. Traje aspectos inherentes a la Ley 25.178 que es la Ley de Etica P\u00fablica, promulgada en el a\u00f1o 1999. Esto est\u00e1 sacado de la p\u00e1gina oficial de la Rep\u00fablica Argentina. De acuerdo con la Ley de \u00c9tica P\u00fablica, quienes cumplen funciones p\u00fablicas, deben respetar los siguientes principios y deberes \u00e9ticos, si no lo hacen deben ser sancionados o removidos de sus cargos. Y yo marqu\u00e9 algunas, algunos \u00edtems que consider\u00e9 que eran interesantes recordarlos y refrescarlos. El primer \u00edtems dice respetar las normas, cumplir y hacer cumplir estrictamente la Constituci\u00f3n Nacional, las leyes y los reglamentos que en su consecuencia se dicten, Decretos, Resoluciones, etc. Esto claramente no fue cumplido. Luego, en otro \u00edtem dice: respetar los principios \u00e9ticos, cumplir los valores y pautas \u00e9ticas establecidos en la Ley y en particular, actuar con honestidad pr\u00f3vida, rectitud, buena fe y austeridad republicana. Marco lo de buena fe, \u00a0porque el se\u00f1or Presidente dijo desconocer esta reuni\u00f3n familiar cuando \u00e9l debi\u00f3 haberlo sabido dado que por protocolo de seguridad de un edificio p\u00fablico de esta envergadura \u00e9l tendr\u00eda, o sea se sabe con antelaci\u00f3n quienes son los ingresos a la Casa Rosada y a la Quinta Presidencial de Olivos, eso se sabe con mucha antelaci\u00f3n, con d\u00edas de antelaci\u00f3n. Y austeridad republicana, bueno, la explicaci\u00f3n estar\u00eda dem\u00e1s \u00bfno?, el tema de la austeridad. Usar los bienes, otro \u00edtems, usar los bienes del Estado solo para el cumplimiento de sus tareas, abstenerse de usar las instalaciones y servicios del Estado para su beneficio\u00a0 particular o para el de sus familiares, allegados, o personas ajenas a la funci\u00f3n oficial, a fin de avalar o promover alg\u00fan producto, servicio o empresa. Ello implica que tampoco se pueden usar contactos, relaciones privadas del cargo, eso es lo que dice. Bueno, esto tampoco fue cumplido, dado que se usaron las instalaciones para otros fines que no eran oficiales. Luego tambi\u00e9n, en otro, mas adelante, en la Ley de \u00c9tica P\u00fablica, es m\u00e1s espec\u00edfica, y agrega algunos otros deberes. Por ejemplo, prudencia y pleno conocimiento de las materias sometidas a su consideraci\u00f3n,\u00a0 con la misma diligencia como un administrador emplear\u00eda para con sus propios bienes, inspirando confianza en la comunidad, evitando acciones que pudieran poner en riesgo la finalidad de la funci\u00f3n p\u00fablica, el patrimonio del estado y la imagen que debe tener la sociedad respecto de sus servidores. Bueno, yo quiero tener, digamos, poner en la memoria de la gente que el a\u00f1o pasado, ante situaciones que hab\u00eda, que se suscitaban dentro de la comunidad que no respetaban los DNU que se iban dictando consecuentemente durante todo el a\u00f1o, las autoridades nacionales trataban a los ciudadanos a veces de est\u00fapidos, de bobos, o de vivos, entre comillas, despectivamente.\u00a0 Y diciendo que si la gente no entend\u00eda por las buenas ten\u00edan el poder para entender por las malas. Eso digamos como que no estar\u00eda siendo prudente, por ende este \u00edtems tampoco estar\u00eda cumpli\u00e9ndose, ni estar\u00eda inspirando confianza, \u00bfno?, en la comunidad. Y otro \u00edtems que marqu\u00e9, es el de la veracidad, veracidad en sus relaciones funcionales, tanto con los particulares como con sus superiores, y subordinados contribuyendo tambi\u00e9n al esclarecimiento de la verdad. Esto lo traigo a colaci\u00f3n dado que en principio se neg\u00f3 la existencia de esa foto, luego se dijo que esa foto estaba trucada, y luego se deriv\u00f3 la responsabilidad hacia otra persona, y tambi\u00e9n puedo recordar que cuando surgi\u00f3 lo del famoso vacunatorio vip tambi\u00e9n se manifest\u00f3 desconocimiento acerca de la existencia de esa situaci\u00f3n, cosa muy dif\u00edcil de creer dado que eso sucedi\u00f3 en un edificio p\u00fablico. Bueno, dicho esto, quer\u00eda marcarlo porque, bueno, se ha dicho mucho sobre esto, se han hecho especulaciones, cr\u00edticas, y bueno, la verdad es la legalidad, y la legalidad es esta, es la ley 25.178, Ley de \u00c9tica P\u00fablica. Nada m\u00e1s se\u00f1or Presidente\u201d.<\/p>\n<p>&nbsp;<\/p>\n<p>Concejal Montibeller Viviana:<\/p>\n<p>\u201cBueno, primeramente hacer, sobre el Expediente N\u00ba 7304\/21 , sobre la reuni\u00f3n sugerida por el Ejecutivo, con el consejo de Arbolado y el Ingeniero Agr\u00f3nomo Alejandro Paris. Creo que va a ser una reuni\u00f3n que tendr\u00edamos que nosotros haberla gestionado con anterioridad, por una cuesti\u00f3n de que fuimos hace un tiempito atr\u00e1s los que votamos por este Consejo de Arbolado, ten\u00eda que intervenir en todo este tipo de situaciones. Tambi\u00e9n creo que la quita o no del arbolado en la avenida y en los boulevares va a mejorar la transitabilidad. Si vemos la plaza tambi\u00e9n, en su momento fue muy cuestionada y, o sea, hoy podemos ver que la plaza tiene ejemplares, no me voy a extender mucho en el tema porque mucho de plantas no entiendo pero s\u00ed puedo ver que no es una plaza que qued\u00f3 destrozada ni mucho menos. Bueno, eso con respecto a ese Expediente. Despu\u00e9s quiero tambi\u00e9n hacer referencia al Expediente 132\/21, el cual en mi dictamen no acompa\u00f1o el dictamen ese, y pongo que se aceleren un poco los pasos, cuando presentamos proyectos que tienen que ver con el desarrollo educativo territorial. Hace m\u00e1s de 20 d\u00edas que fue presentado dicho proyecto, y estamos de ac\u00e1 para all\u00e1, para poder aprobarlo. Pero bueno, me parece que es un forma de acelerar el Concejo Deliberante. Despu\u00e9s creo que perdemos, o nos detenemos en cuestiones de una foto, y la verdad que un poco molesta. Tambi\u00e9n quiero hacer referencia al no acompa\u00f1amiento de la Ordenanza de Gobierno Abierto, de la implementaci\u00f3n de Gobierno Abierto. Bueno, primeramente, en el art\u00edculo 5 de la Ordenanza, en mi dictamen ah\u00ed pongo que era necesario enviarla al Ejecutivo para poder consensuarla dicha Ordenanza. Creo que Ordenanzas tan importantes como las que se redact\u00f3 deben ser consensuadas con el Ejecutivo. Primeramente en el Art\u00edculo 5 hacer referencia a servicios que ya existen, como por ejemplo la atenci\u00f3n ciudadana, que atiende todos los reclamos y las consultas de los ciudadanos. Estas consultas y reclamos son seguidas para ver si se resolvieron, o si no fueron resueltas. Tambi\u00e9n hace referencia a una Ordenanza, a la preparaci\u00f3n y hacer un organigrama, \u00a0hay una Ordenanza que cada vez que hablamos del organigrama, la queremos derogar. Cada vez que decimos que esa Ordenanza no sirve, porque no cumple con todo lo que dice, la queremos derogar. Tambi\u00e9n en el Art\u00edculo 10, precisamente pide al Ejecutivo reglamentar art\u00edculos de los cuales no le consulta para la formulaci\u00f3n, \u00bfs\u00ed?, y que ya se han implementado, mediante ordenanzas o servicios como la que nombr\u00e9 reci\u00e9n, la de atenci\u00f3n ciudadana. Despu\u00e9s est\u00e1 el art\u00edculo 11 donde redunda en legislar que el Ejecutivo, perd\u00f3n, voy a leer porque si no me pongo nerviosa, no me gusta mucho hablar en p\u00fablico, voy a leer\u00a0 el 11: Fac\u00faltese al Departamento Ejecutivo a celebrar convenios a t\u00edtulo gratuito con universidades p\u00fablicas o privadas. Esto sabemos que tiene, el Ejecutivo tiene sus convenios con universidades, y sabemos de esos convenios tambi\u00e9n. El art\u00edculo 15 tambi\u00e9n, en donde dice que el usuario pueda acceder a la informaci\u00f3n, por v\u00eda web, o sea que pueda hacerlo mediante internet libremente. Si sabemos que cualquier usuario puede ir a cualquiera de las municipalices y puede tener la conexi\u00f3n gratuita y tambi\u00e9n la conexi\u00f3n gratuita no es una responsabilidad del municipio, sino es responsabilidad de los proveedores del servicio, \u00bfs\u00ed? Tambi\u00e9n el art\u00edculo 16 dice que a trav\u00e9s de pol\u00edticas espec\u00edficas se complementa una red metropolitana. Bueno, tambi\u00e9n parecer\u00eda como, metropolitana un poco mucho, pero es como que son un mont\u00f3n de art\u00edculos que no est\u00e1n adecuados a lo que es nuestro municipio. \u00bfQu\u00e9 tenemos hoy en la web de\u00a0 municipio abierto? Si vamos a la web hay una pesta\u00f1a que dice gobierno abierto, y ah\u00ed tenemos la licitaciones p\u00fablicas, desde noviembre del 2018 hasta la actualidad. La situaci\u00f3n econ\u00f3mica financiera de recursos y gastos hasta el \u00faltimo semestre. Y tambi\u00e9n otro puntito donde est\u00e1 el presupuesto. \u00c1h\u00ed podemos nosotros ver todo lo referido que ya est\u00e1 en esta Ordenanza y que ya est\u00e1 implementado, me parece. As\u00ed que me parece que tendr\u00edamos que haberla consensuado un poco, porque es como no reconocer un mont\u00f3n de Ordenanzas y pasos que hemos hecho, es como que no hay nada hecho, y a trav\u00e9s de esta Ordenanza que\u00a0 digo que es muy importante, es como que no se hizo nada, que no hay nada hecho. Bueno, con respecto a eso y quer\u00eda tambi\u00e9n hacer referencia sobre los terrenos que tanto venimos hablando de Saldungaray, la carta que se ley\u00f3 de una ciudadana de Saldungaray, con respecto a los terrenos. Hay una Ordenanza, que nosotros votamos en el 2018, la 3090 donde se habilita a construir zona residencial. Bueno, lo tengo todo anotado, estoy un poco nerviosa. En el 2018 la Ordenanza 3090 nunca fue convalidada, y en el 2018 el Ejecutivo en esta Ordenanza integr\u00f3 todas las excepciones al C\u00f3digo. Lo que quiero decir es que cuando, tienen due\u00f1o esos terrenos entonces cuando nosotros les decimos que no, que queremos que sean terrenos de espacios verdes, el due\u00f1o se encuentra con que va a Provincia y no figura como un terreno de espacios verdes, sino que es un terreno donde puede construir obviamente mediante aprobaci\u00f3n de sus planos donde puede construirse su casa. Entonces, me parece que a veces debemos tener informaci\u00f3n antes de contarle al pueblo las cosas un poco, no tan con todos los datos, \u00bfs\u00ed?. Bueno, quer\u00eda decir eso, nada m\u00e1s. Gracias se\u00f1or Presidente\u201d.<\/p>\n<p>&nbsp;<\/p>\n<p>Concejal Nori Elisabet:<\/p>\n<p>\u201cYo quer\u00eda responder un poco a lo que dijo la concejal Montibeller respecto del Proyecto de Gobierno Abierto. Respecto a atenci\u00f3n ciudadana, s\u00ed, existe atenci\u00f3n ciudadana, lo que se solicita es que el servicio de atenci\u00f3n ciudadana sea contextualizado a cada \u00e1rea de gobierno, es decir que cada \u00e1rea de gobierno, o al menos las \u00e1reas m\u00e1s significativas tengan su propio servicio de atenci\u00f3n ciudadana, porque las consultas que se reciben son de diversa \u00edndole, entonces un solo servicio de atenci\u00f3n ciudadana puede verse desbordado por una variedad intensa de consultas. Entonces, lo ideal y para trabajar organizadamente y para dar respuesta concreta y celera a las consultas del ciudadano lo ideal es que este servicio est\u00e9 contextualizado a las principales \u00e1reas de gobierno. Respecto del organigrama. El organigrama es un derecho de los ciudadanos conocerlo. Todos los ciudadanos del Distrito de Tornquist, incluso de los otros Distritos, pero bueno, los del Distrito de Tornquist con mucha m\u00e1s raz\u00f3n tienen derecho a tener en claro cu\u00e1l es el organigrama municipal. Y as\u00ed sufra modificaciones este organigrama tiene que esta siendo actualizado permanentemente a trav\u00e9s de la p\u00e1gina web y esto tiene que estar informado a cada vecino del Distrito. Respecto de los convenios, tambi\u00e9n es un derecho de los ciudadanos que sepan con quienes tenemos convenios desde el municipio, como por ejemplo con las universidades u otros organismos estatales o privados porque a trav\u00e9s de esos convenios pueden surgir proyectos, iniciativas e inquietudes que se pueden llevar adelante dado el conocimiento de estos convenios. Respecto de la red metropolitana, quiero aclarar que una metr\u00f3polis se refiere a la ciudad cabecera y el resto de las localidades circundantes\u00a0 a la localidad cabecera, eso es una metr\u00f3polis. Y respecto de que si hay cosas que existen, s\u00ed es verdad,\u00a0 hay cosas que existen, y por eso la existencia de este proyecto de ordenanza, para que se unifique en una misma ordenanza los aspectos que ya est\u00e1n tenidos en cuenta dentro de la p\u00e1gina web del Municipio, y se realicen digamos, se agreguen aquellos aspectos que a\u00fan faltan. Nada m\u00e1s se\u00f1or Presidente\u201d.<\/p>\n<p>&nbsp;<\/p>\n<p>Concejal Montibeller Viviana:<\/p>\n<p>\u201cQuiero decir que los reclamos que llegan al servicio de atenci\u00f3n ciudadana son derivados al \u00e1rea que corresponde, \u00bfs\u00ed?, esos reclamos son atendidos y son monitoreados para ver que se puedan resolver. Nada m\u00e1s se\u00f1or Presidente\u201d.<\/p>\n<p>&nbsp;<\/p>\n<p>Concejal Rosatelli Laura:<\/p>\n<p>\u201cSi, yo quiero referirme a dos puntos, el primero hacer menci\u00f3n al Proyecto de Resoluci\u00f3n del repudio que presentaron hace momentos. La verdad se\u00f1or Presidente que no hay que tener miedo de actuar, y de cometer errores, porque errores cometemos todos, y a cada momento. Lo que s\u00ed creemos, y estamos de acuerdo, el bloque, que fue un error, lo asumimos, coincidimos, pero tambi\u00e9n considero que el\u00a0 se\u00f1or Presidente ya pidi\u00f3 disculpas en varias oportunidades, pidi\u00f3 disculpas y se responsabiliz\u00f3 de las acciones ocurridas, de lo que ocurri\u00f3 en la Quinta de Olivos. Eso por un lado, por otro lado, en estos d\u00edas, recibimos con entusiasmo y con mucha alegr\u00eda, la creaci\u00f3n de cargos que han sido un pedido hist\u00f3rico en las comunidades educativas, se incorporar\u00e1n m\u00e1s de 3000 profesionales para que las escuelas primarias y secundarias estatales cuenten con equipos de orientaci\u00f3n escolar. Sabemos de la importancia de dichos equipos en todos los establecimientos educativos, para lograr abordar con mayor profundidad la realidad que cada comunidad educativa y la singularidad de cada trayectoria escolar. Nada m\u00e1s se\u00f1or Presidente\u201d.<\/p>\n<p>&nbsp;<\/p>\n<p>Concejal Iribarren Claudio:<\/p>\n<p>\u201cBueno, tambi\u00e9n me voy a referir a dos temas espec\u00edficos. Uno, el primero, a los cedros tan mentados del boulevar, que, bueno, el ejecutivo acaba de presentar una nota \u00a0solicitando al Concejo Deliberante que se expida. Reci\u00e9n escuchaba a Viviana, a la Concejal Montibeller mencionar que no conoce de \u00e1rboles, y yo le dir\u00eda: \u201cno ten\u00e9s porque conocer Viviana\u201d, y el problema no se trata de saber o conocer de \u00e1rboles, de arquitectura, de urbanismo. En este caso lo que se trata primero es de respetar la Ley, lo vuelvo a recalcar, creo que no se entiende. En parte la respuesta nuestra desde el Concejo Deliberante va a apuntar a eso, \u00bfno?, le vamos a solicitar al Departamento Ejecutivo que cumpla con la Ley Provincial 12.276 y que encauce todas las intervenciones proyectadas en el arbolado en el marco del plan regulador, el marco del plan regulador, tal como est\u00e1 previsto en la Ley Provincial. La ley, este Municipio a esta Ley adhiri\u00f3 mediante Ordenanza, no recuerdo el n\u00famero, en el 2015 y a la fecha todav\u00eda no ha sido instrumentada, \u00bfse entiende lo que estamos hablando?, estamos discutiendo si tiene que ser, podarse las ra\u00edces, si no se tiene que hacer, hay una Ley, tiene un marco donde se cumple esa Ley, despu\u00e9s discutimos si es esta la especie, si conviene, si conviene poner hormig\u00f3n, pero ese soporte resulta fundamental para no continuar realizando intervenciones arbitrarias, las poda, las tala, la plaza, el boulevar de las carretas en Sierra de la Ventana, sin avales, sin firma de un profesional colegiado, como pide la Ley, sin un \u00e1rea espec\u00edfica a nivel municipal, sin asignarle un presupuesto al \u00e1rea, sin el plan regulador, presenten el plan regulador, armen el plan regulador, en ese marco se puede trabajar, despu\u00e9s es muy factible que se puedan sacar los pinos, si es factible que se puedan sacar, pero en ese marco, sin participaci\u00f3n del Consejo de Arbolado, \u00bfpor qu\u00e9 no particip\u00f3 el Consejo? Porque el Consejo de Arbolado y las comisiones de arbolado locales se hacen para trabajar en el marco de la ley, es la ley la que prev\u00e9 eso, si no estamos cumpliendo con la ley como vamos a legitimar\u00a0 algo desde afuera de la ley, una cosa, creo que no se llega a entender, hemos hablado tantas veces ya, pero bueno, parece o\u00eddos sordos esto. Las reglas son previas al juego, siempre son previas, son pautas que uno tiene y adopta y que decimos, bueno, las vamos a respetar, para eso partimos. Ser\u00edamos c\u00f3mplices nosotros aceptando un debate por fuera del cumplimiento de la ley, \u00bfse entiende a d\u00f3nde queremos ir? Estar\u00edamos legitimando ese accionar entrando en ese juego estamos legitimando ese accionar, hag\u00e1moslo en el marco de la ley. La ley la podemos aplicar o no aplicar, la adhesi\u00f3n no es selectivamente temporal, o sea, no puede ser hoy martes aplico la ley el viernes ya no. Y el Consejo, vuelvo a reiterar de Arbolado se re\u00fane en el marco de la ley, y lo que estamos pidiendo es que se cumpla la ley. La lay que tiene una serie de pasos que se deben cumplir, entre eso el plan regulador, todo esto que numeramos, que hace un profesional con firma colegiada, que haya un \u00e1rea espec\u00edfica, y que nunca se instrument\u00f3, nunca se cumple. \u00bfFigura en el presupuesto el \u00e1rea nuestra y tiene asignado el \u00e1rea de arbolado urbano?, no, no figura, le pod\u00e9s poner el nombre que quieras, le pod\u00e9s poner el presupuesto que quieras pero lo ten\u00e9s que hacer, as\u00ed te lo pauta la ley, si no lo cumplimos estamos hablando de otro juego. Creo que, espero haber sido claro, no s\u00e9 si sirve pero bueno. Por otro lado, hablaron, bueno, del caso del repudio a, bueno, al festejo de la primera dama en la Quinta de Olivos, \u00bfno? Es real, lo que est\u00e1 mal, est\u00e1 mal, y debe cuestionarse, y lo cuestionamos, el Presidente lo reconoci\u00f3, se responsabiliz\u00f3, y se disculp\u00f3, creo que a m\u00ed ya me satisface, y si hay que hacer alguna cuesti\u00f3n legal como no nos aprobaron el tema del env\u00edo de armas a Bolivia porque no se hab\u00eda expedido la justicia, en este caso tampoco se ha expedido la justicia. Lo que s\u00ed, y con esto no quiero decir que una cosa tapa la otra, ni son cuestiones parangonables porque no tienen nada que ver, pero me hace ruido que quienes hoy se horrorizan con esta cuesti\u00f3n, sean los que gobernaron hasta ayer, estoy hablando de Cambiemos, de Macri, de Vidal, de la UCR, del Pro, de la Coalici\u00f3n C\u00edvica, que realmente nos han enterrado hasta los ejes, estamos endeudados de una manera impresionante. Fugaron cuarenta y cinco mil millones de d\u00f3lares, desguazaron y deterioraron todo lo p\u00fablico, el sistema de salud, el sistema educativo, pauperizaron el rol del estado, entre ustedes mismos se espiaron, no solo nos espiaban a nosotros\u00a0 se espiaron entre ustedes mismos, espiaron, espiaron, pusieron esp\u00edas, ya ven\u00edan de la data anterior. Hablaban de educaci\u00f3n, yo recuerdo plenas paritarias con los docentes Vidal llamando a carnerear a docentes en plena paritaria, hablaban de educaci\u00f3n, cerraron las escuelas en el Delta, en las \u00e1reas rurales. Lo que hace ruido, est\u00e1 mal lo que hizo el Presidente, obviamente, uno no va, adherimos al repudio, pero me parec\u00eda que los Considerandos eran realmente, desde donde ven\u00edan, \u00bfquien lo dice?, y lo dice esta gente que ha hecho semejante da\u00f1o, \u00bfno?, y son los que hoy, como dijera Jauretche \u201cse horrorizan ante las sisas de las cocinera\u201d. Nada m\u00e1s, gracias se\u00f1or Presidente\u201d.<\/p>\n<p>&nbsp;<\/p>\n<p>Concejal Fonfr\u00eda Jos\u00e9:<\/p>\n<p>\u201cBueno, en primer lugar hacer referencia a esto que tanto la Concejal Montibeller como la Concejal Rosatelli, como el Concejal Iribarren quisieron minimizar con respecto a nuestra nota de pedido. Uno con que nos quedamos en una foto, otros con lo que hizo el gobierno anterior, al Concejal Iribarren le falt\u00f3 decir \u201ca pero Macri\u201d, es lo \u00fanico que le falt\u00f3 decir. Y recuerdo en este Recinto el Concejal Iribarren decir \u201cyo me imaginaba que hubiera pasado si hubiera estado gobernando Cambiemos\u201d, con respecto a la pandemia. Y yo la verdad que no me puedo imaginar, porque o sea, s\u00ed me puedo imaginar, pero me lo estar\u00eda imaginando, no ir\u00eda sobre cosas concretas, y concretamente s\u00ed puedo decir que hay m\u00e1s de 130.000 muertos, eso s\u00ed lo puedo decir porque es estad\u00edstico, es concreto, lo dem\u00e1s me lo estar\u00eda imaginando justamente. Y bueno, yo creo que s\u00ed, la foto, puede ser, todo lo que quieran, pero lo que no nos podemos olvidar es la gente que el a\u00f1o pasado se reun\u00eda con nosotros porque no ten\u00edan para comer, gente que cuando les hab\u00edan cerrado todo ten\u00edan que caer en Desarrollo Social a pedir, gente que hasta cre\u00eda que era una cuesti\u00f3n del Concejo Deliberante decidir qu\u00e9 se pod\u00eda abrir y qu\u00e9 no. Y despu\u00e9s el Presidente nos dijo que no hab\u00eda ninguna ley que sancionara a los que se adelantaban en la cola cuando fue lo del vacunatorio vip, que le cost\u00f3 el puesto al Ministro de Salud, y bueno, despu\u00e9s de todo eso, mientras est\u00e1bamos todos encerrados, con la econom\u00eda quebrantada, y que reconoc\u00edan que no ten\u00edan un plan, pero primero era salvar las vidas, \u00e9l hac\u00eda todo lo que nos ped\u00eda a nosotros que no hici\u00e9ramos, y voy a citar algo de Arturo Ill\u00eda, que dec\u00eda: \u201cse educa primero con el ejemplo, segundo con el ejemplo, tercero con el ejemplo\u201d. Y voy a citar algunas palabras de Jos\u00e9 Hern\u00e1ndez, que dice: \u201cmuchas cosas pierde el hombre, y a veces las vuelve a hallar, pero les debe ense\u00f1ar y es bueno que lo recuerden, si la verg\u00fcenza se pierde jam\u00e1s se vuelve a encontrar\u201d. Y yo creo que lo que hicieron fue eso, no tener verg\u00fcenza. Pero como digo una cosa tambi\u00e9n digo la otra, el Presidente ha dicho cosas buenas, o ha hecho anuncios buenos, como por ejemplo que le va a pedir a todos sus funcionarios que vayan de candidatos, les vas a pedir la renuncia por el tiempo que dure la campa\u00f1a electoral, despu\u00e9s si asumen tendr\u00e1n que dedicarse a otra cosa, \u00bfno?, ir\u00e1n a otro \u00e1rea, y me gustar\u00eda que el Ejecutivo local hiciera lo mismo, siguiera ese ejemplo justamente, el del Presidente, de pedirle a todos los que sean funcionarios p\u00fablicos, que hoy les estamos pagando el sueldo entre todos, que le pida la renuncia durante la campa\u00f1a electoral. Nada m\u00e1s se\u00f1or Presidente\u201d.<\/p>\n<p>&nbsp;<\/p>\n<p>Concejal Montibeller Viviana:<\/p>\n<p>\u201cPrimeramente este Ejecutivo Municipal durante la pandemia prioriz\u00f3 siempre la salud y el trabajo de todo el Distrito. Sabemos de todos los esfuerzos que se hicieron para que en todas las localidades se pudiera volver a trabajar \u00a0respetando los protocolos. Fue muy dif\u00edcil para todos, y como dec\u00eda el Concejal Fonfr\u00eda muchas personas reca\u00eda sobre nosotros como Concejales la responsabilidad, muchas veces, se pensaba que era nuestra la responsabilidad de mantener o no abierto determinados lugares. Pero siempre se prioriz\u00f3 el trabajo, que creo que fue una premisa de todos los Concejales que hoy estamos ac\u00e1. Con respecto al pedido de los funcionarios que est\u00e1n en funciones y son, y forman parte de las listas, creo que es un pedido que el Ejecutivo puede atenderlo y puede resolverlo y responderlo. As\u00ed que esperaremos que responda. Nada m\u00e1s se\u00f1or Presidente\u201d.<\/p>\n<p>&nbsp;<\/p>\n<p>El Presidente del Concejo, Concejal Cristian Raising solicita que asuma la Presidencia la Concejal Rosatelli Laura, para poder hacer uso de la palabra.<\/p>\n<p>&nbsp;<\/p>\n<p>Concejal Raising Cristian:<\/p>\n<p>\u201cBueno, yo quer\u00eda referirme brevemente, porque parece que tanto el candidato de Acci\u00f3n por Tornquist como quien hoy integra el Concejo Deliberante hablan de mejorar el Concejo y dem\u00e1s. En primer lugar siempre aclarar que\u00a0 hemos tenido responsabilidad institucional todo el Concejo Deliberante, hablaban de acelerar los tiempos, la verdad que hemos otorgado Sesiones Extraordinarias, han subido Expediente horas antes de las Sesiones y los hemos acompa\u00f1ado siempre. Y ya que le gusta decir de mejorar y dem\u00e1s me encantar\u00eda ya que es la interlocutora entre el Ejecutivo y este Cuerpo pedir la misma vehemencia con la que se pide celeridad con las cosas que se hacen ac\u00e1. Puedo recordar brevemente y hablemos de Banco de Tierras, 9 meses que baj\u00f3 al Ejecutivo y ninguna respuesta. Podemos hablar de Deudores Alimentarios, una a\u00f1o estuvo en el \u00e1rea de Legales y no se sabe para qu\u00e9, pero estuvo un a\u00f1o. Empresa Fast Net, tres Pedidos de Informes, una Resoluci\u00f3n, y los palos en cualquier momento se van a caer. Entonces antes de, bueno, de lanzar una cr\u00edtica a la Instituci\u00f3n, que yo creo que con sus errores y aciertos funciona, siempre ha estado como digo, con responsabilidad institucional, jam\u00e1s hemos puesto palos en la rueda, y nada. Por un Proyecto que tarda un poquitito m\u00e1s de los tiempos normales, se dice que esto funciona mal, que hay que cambiarlo, o que hay que hacerlo m\u00e1s r\u00e1pido, y toda esa cuesti\u00f3n, y yo en eso voy a defender a la instituci\u00f3n del Concejo Deliberante y a trav\u00e9s de ella a todos los Concejales que nos tomamos responsablemente la tarea de decir que no hay que mejorar, lo que hay que hacer es respetar las instituciones, respetar los tiempos que manejan las instituciones y despu\u00e9s en base a eso si vemos que no funciona hay que cambiarlo. Pero tirar livianamente que esto hay que mejorarlo solamente porque no aprobamos un proyecto r\u00e1pido, me parece un desprop\u00f3sito. Nada m\u00e1s se\u00f1ora Presidente. Solicito volver a la presidencia\u201d.<\/p>\n<p>&nbsp;<\/p>\n<p>Concejal Montibeller Viviana:<\/p>\n<p>\u201cBueno, primeramente creo que jam\u00e1s dije que esto funcionaba mal, si fue lo que se entendi\u00f3 le pido disculpas pero no fue lo que yo quise decir. Lo que s\u00ed quise decir era que de un proyecto, me parec\u00eda sumamente importante en el que el ejecutivo baj\u00f3 y nos dio todas las respuestas que le pedimos en su momento, se explic\u00f3 c\u00f3mo funcionaba, estuvimos casi dos semanas sin, hab\u00edamos quedado que \u00edbamos a hacer consultas y los que estaban no aprobar, nunca hicieron las consultas, simplemente fue por eso. Jam\u00e1s voy a denostar el trabajo que hacen todos los Concejales porque obviamente soy Concejal y siempre defiendo la labor que todos hacemos en este Recinto. Soy una de las personas que defiende el trabajo que hacemos todos los Concejales, muchas personas nos denostan, o se sientan en otra Banca y denostan a todos los Concejales, y la verdad que a m\u00ed no me gusta, porque yo tomo tambi\u00e9n este trabajo con mucha, much\u00edsima responsabilidad, como lo hace usted y el resto se\u00f1or Presidente. Nada m\u00e1s\u201d.<\/p>\n<p>&nbsp;<\/p>\n<p>Concejal Iribarren Claudio:<\/p>\n<p>\u201cSi, ped\u00ed la palabra un poco antes, casi con Viviana, pero bueno, las disculpas de Viviana, y que corrigi\u00f3 lo que hab\u00eda anunciado anteriormente. Yo simplemente iba a decir que acordaba con las palabras de Cristian, del Concejal Raising, y resaltar que el clima que se vive en este Concejo Deliberante de respeto, o de intercambio, es fant\u00e1stico. O sea jam\u00e1s, jam\u00e1s hemos tenido inconvenientes entre nosotros, pensamos diametralmente opuesto, representamos intereses totalmente opuestos, pero si al algo que tiene este Concejo es intercambio, respeto entre nosotros. Nada m\u00e1s se\u00f1or Presidente, muchas gracias\u201d.<\/p>\n<p>&nbsp;<\/p>\n<p>Concejal Ibarra Juan Manuel:<\/p>\n<p>\u201cQuer\u00eda agregar algo m\u00e1s\u00a0 a lo ya mencionado con respecto a la foto y todo lo sucedido en la Quinta de Olivos. No fue un error, fue un delito, eso tiene que quedar bien claro, errores son otras cosas, pero eso fue un delito, una violaci\u00f3n del propio Decreto que el mismo Presidente firm\u00f3. Por otro lado la realidad, lo que sucedi\u00f3 es que se vio expuesto por la imagen, pero hasta ese momento el Presidente minti\u00f3 neg\u00e1ndola, la neg\u00f3, culp\u00f3 a la oposici\u00f3n, al periodismo, cuando apareci\u00f3 la imagen y seguramente van a aparecer m\u00e1s, acept\u00f3 el error culpando a la mujer, claramente lo dej\u00f3 en evidencia un compa\u00f1ero suyo, me refiero a Sergio Berni. Tampoco nadie escuch\u00e9 que haya salido a defender a la Primera Dama, por haberla hecho culpable el Presidente de tal delito, \u00bfsi?, porque no deja de ser un delito. Y finalmente, cuando se vio acorralado pidi\u00f3 disculpas. A mi particularmente no me alcanzan las disculpas, pero no por una cuesti\u00f3n de soberbia, sino porque creo que es una falta de respeto, aceptar las disculpas y que siga como hasta el momento, como que nada pas\u00f3, es una falta de respeto a las v\u00edctimas del Covid y a todos sus familiares. Cuando el Concejal Iribarren nos menciona a nosotros diciendo que no puede creer que nos asustemos, o nos horrorizamos con la foto, y con el delito que cometi\u00f3 el Presidente, supongamos que nosotros no nos horrorizamos, pero s\u00ed tenemos que mencionar el hecho porque es muy grave, \u00bfs\u00ed?, supongamos que los que se horrorizan son los familiares de las v\u00edctimas, tengo la suerte de ni siquiera haber tenido Covid, y dentro de mi familia tampoco hubo alguien que lo padeciera, pero s\u00ed conozco personas que se fueron, personas v\u00edctimas. Me acuerdo de la familia Balbiano, cuando present\u00f3 un proyecto el a\u00f1o pasado, con el cual est\u00e1bamos todos de acuerdo, y en una reuni\u00f3n nos contaban lo dif\u00edcil que hab\u00eda sido despedirse de su padre. Bueno, yo creo que esas son las personas que m\u00e1s se horrorizan con el delito que cometi\u00f3 el Presidente. No estoy de acuerdo con el juicio pol\u00edtico, considero que tiene que seguir presidiendo el pa\u00eds porque para eso se lo eligi\u00f3, pero hacerse responsable significa pararse frente a juez y asumir, asumir la culpa, eso es hacerse responsable. Nada m\u00e1s se\u00f1or Presidente\u201d.<\/p>\n<p>&nbsp;<\/p>\n<p>Concejal Rosatelli Laura:<\/p>\n<p>\u201csi, quiero contestarle al Concejal Ibarra que no estoy de acuerdo con la palabra \u201cdelito\u201d. No me parece que es as\u00ed, que sea un delito el error que cometi\u00f3 el se\u00f1or Presidente, vuelvo a repetir del cual se hizo cargo, se responsabiliz\u00f3. Yo digo que si con la misma fuerza que marcamos los errores lo har\u00edamos con las cosas\u00a0 positivas y con tantas acciones positivas que se llevan a cabo cuanto mejor estar\u00eda la convivencia entre todos los argentinos. Nada m\u00e1s se\u00f1or Presidente\u201d.<\/p>\n<p>&nbsp;<\/p>\n<p>Concejal Ibarra Juan Manuel:<\/p>\n<p>\u201cYo no estoy dando una opini\u00f3n, le aclaro a la Concejal Rosatelli, no estoy diciendo que para m\u00ed es un delito. Violar un Decreto, o una Ley es claramente un delito, no es error. Nada m\u00e1s se\u00f1or Presidente\u201d.<\/p>\n<p>&nbsp;<\/p>\n<p>HONORABLE CONCEJO DELIBERANTE<\/p>\n","protected":false},"excerpt":{"rendered":"<p>Comunicaciones Oficiales y dict\u00e1menes de las Comisiones: Expte. N\u00ba 195\/20: &#8211; D.E. &#8211; Autoriza reprogramaci\u00f3n de las deudas municipales ref. \u201cFondo Especial de Emergencia Sanitaria para la contenci\u00f3n fiscal municipal\u201d.-<\/p>\n","protected":false},"author":3,"featured_media":0,"comment_status":"closed","ping_status":"closed","sticky":false,"template":"","format":"standard","meta":{"footnotes":""},"categories":[28],"tags":[],"class_list":["post-61842","post","type-post","status-publish","format-standard","hentry","category-municipales"],"yoast_head":"<!-- This site is optimized with the Yoast SEO plugin v25.9 - https:\/\/yoast.com\/wordpress\/plugins\/seo\/ -->\n<title>Informe Sesi\u00f3n Ordinaria 17-08-21 - Noticias Radio Reflejos<\/title>\n<meta name=\"robots\" content=\"index, follow, max-snippet:-1, max-image-preview:large, max-video-preview:-1\" \/>\n<link rel=\"canonical\" href=\"https:\/\/www.noticiasradioreflejos.com.ar\/2021\/informe-sesion-ordinaria-17-08-21\/\" \/>\n<meta property=\"og:locale\" content=\"es_ES\" \/>\n<meta property=\"og:type\" content=\"article\" \/>\n<meta property=\"og:title\" content=\"Informe Sesi\u00f3n Ordinaria 17-08-21 - Noticias Radio Reflejos\" \/>\n<meta property=\"og:description\" content=\"Comunicaciones Oficiales y dict\u00e1menes de las Comisiones: Expte. N\u00ba 195\/20: &#8211; D.E. &#8211; Autoriza reprogramaci\u00f3n de las deudas municipales ref. \u201cFondo Especial de Emergencia Sanitaria para la contenci\u00f3n fiscal municipal\u201d.-\" \/>\n<meta property=\"og:url\" content=\"https:\/\/www.noticiasradioreflejos.com.ar\/2021\/informe-sesion-ordinaria-17-08-21\/\" \/>\n<meta property=\"og:site_name\" content=\"Noticias Radio Reflejos\" \/>\n<meta property=\"article:published_time\" content=\"2021-08-23T17:25:33+00:00\" \/>\n<meta property=\"article:modified_time\" content=\"2021-08-23T17:32:04+00:00\" \/>\n<meta property=\"og:image\" content=\"https:\/\/live.staticflickr.com\/65535\/51396939207_9d5bff159f_c.jpg\" \/>\n<meta name=\"author\" content=\"Arnaldo Botto\" \/>\n<meta name=\"twitter:card\" content=\"summary_large_image\" \/>\n<script type=\"application\/ld+json\" class=\"yoast-schema-graph\">{\"@context\":\"https:\/\/schema.org\",\"@graph\":[{\"@type\":\"WebPage\",\"@id\":\"https:\/\/www.noticiasradioreflejos.com.ar\/2021\/informe-sesion-ordinaria-17-08-21\/\",\"url\":\"https:\/\/www.noticiasradioreflejos.com.ar\/2021\/informe-sesion-ordinaria-17-08-21\/\",\"name\":\"Informe Sesi\u00f3n Ordinaria 17-08-21 - Noticias Radio Reflejos\",\"isPartOf\":{\"@id\":\"https:\/\/www.noticiasradioreflejos.com.ar\/2021\/#website\"},\"primaryImageOfPage\":{\"@id\":\"https:\/\/www.noticiasradioreflejos.com.ar\/2021\/informe-sesion-ordinaria-17-08-21\/#primaryimage\"},\"image\":{\"@id\":\"https:\/\/www.noticiasradioreflejos.com.ar\/2021\/informe-sesion-ordinaria-17-08-21\/#primaryimage\"},\"thumbnailUrl\":\"https:\/\/live.staticflickr.com\/65535\/51396939207_9d5bff159f_c.jpg\",\"datePublished\":\"2021-08-23T17:25:33+00:00\",\"dateModified\":\"2021-08-23T17:32:04+00:00\",\"author\":{\"@id\":\"https:\/\/www.noticiasradioreflejos.com.ar\/2021\/#\/schema\/person\/ad82545263dcc5ec0996818884fd5fb1\"},\"breadcrumb\":{\"@id\":\"https:\/\/www.noticiasradioreflejos.com.ar\/2021\/informe-sesion-ordinaria-17-08-21\/#breadcrumb\"},\"inLanguage\":\"es\",\"potentialAction\":[{\"@type\":\"ReadAction\",\"target\":[\"https:\/\/www.noticiasradioreflejos.com.ar\/2021\/informe-sesion-ordinaria-17-08-21\/\"]}]},{\"@type\":\"ImageObject\",\"inLanguage\":\"es\",\"@id\":\"https:\/\/www.noticiasradioreflejos.com.ar\/2021\/informe-sesion-ordinaria-17-08-21\/#primaryimage\",\"url\":\"https:\/\/live.staticflickr.com\/65535\/51396939207_9d5bff159f_c.jpg\",\"contentUrl\":\"https:\/\/live.staticflickr.com\/65535\/51396939207_9d5bff159f_c.jpg\"},{\"@type\":\"BreadcrumbList\",\"@id\":\"https:\/\/www.noticiasradioreflejos.com.ar\/2021\/informe-sesion-ordinaria-17-08-21\/#breadcrumb\",\"itemListElement\":[{\"@type\":\"ListItem\",\"position\":1,\"name\":\"Portada\",\"item\":\"https:\/\/www.noticiasradioreflejos.com.ar\/2021\/\"},{\"@type\":\"ListItem\",\"position\":2,\"name\":\"Informe Sesi\u00f3n Ordinaria 17-08-21\"}]},{\"@type\":\"WebSite\",\"@id\":\"https:\/\/www.noticiasradioreflejos.com.ar\/2021\/#website\",\"url\":\"https:\/\/www.noticiasradioreflejos.com.ar\/2021\/\",\"name\":\"Noticias Radio Reflejos\",\"description\":\"Las noticias de mi comarca\",\"potentialAction\":[{\"@type\":\"SearchAction\",\"target\":{\"@type\":\"EntryPoint\",\"urlTemplate\":\"https:\/\/www.noticiasradioreflejos.com.ar\/2021\/?s={search_term_string}\"},\"query-input\":{\"@type\":\"PropertyValueSpecification\",\"valueRequired\":true,\"valueName\":\"search_term_string\"}}],\"inLanguage\":\"es\"},{\"@type\":\"Person\",\"@id\":\"https:\/\/www.noticiasradioreflejos.com.ar\/2021\/#\/schema\/person\/ad82545263dcc5ec0996818884fd5fb1\",\"name\":\"Arnaldo Botto\",\"image\":{\"@type\":\"ImageObject\",\"inLanguage\":\"es\",\"@id\":\"https:\/\/www.noticiasradioreflejos.com.ar\/2021\/#\/schema\/person\/image\/\",\"url\":\"https:\/\/secure.gravatar.com\/avatar\/55cb5e37c1efa326397366e6974cb338056df65cb50e7d64d1cf314e87504837?s=96&d=mm&r=g\",\"contentUrl\":\"https:\/\/secure.gravatar.com\/avatar\/55cb5e37c1efa326397366e6974cb338056df65cb50e7d64d1cf314e87504837?s=96&d=mm&r=g\",\"caption\":\"Arnaldo Botto\"},\"url\":\"https:\/\/www.noticiasradioreflejos.com.ar\/2021\/author\/arnaldo\/\"}]}<\/script>\n<!-- \/ Yoast SEO plugin. -->","yoast_head_json":{"title":"Informe Sesi\u00f3n Ordinaria 17-08-21 - Noticias Radio Reflejos","robots":{"index":"index","follow":"follow","max-snippet":"max-snippet:-1","max-image-preview":"max-image-preview:large","max-video-preview":"max-video-preview:-1"},"canonical":"https:\/\/www.noticiasradioreflejos.com.ar\/2021\/informe-sesion-ordinaria-17-08-21\/","og_locale":"es_ES","og_type":"article","og_title":"Informe Sesi\u00f3n Ordinaria 17-08-21 - Noticias Radio Reflejos","og_description":"Comunicaciones Oficiales y dict\u00e1menes de las Comisiones: Expte. N\u00ba 195\/20: &#8211; D.E. &#8211; Autoriza reprogramaci\u00f3n de las deudas municipales ref. \u201cFondo Especial de Emergencia Sanitaria para la contenci\u00f3n fiscal municipal\u201d.-","og_url":"https:\/\/www.noticiasradioreflejos.com.ar\/2021\/informe-sesion-ordinaria-17-08-21\/","og_site_name":"Noticias Radio Reflejos","article_published_time":"2021-08-23T17:25:33+00:00","article_modified_time":"2021-08-23T17:32:04+00:00","og_image":[{"url":"https:\/\/live.staticflickr.com\/65535\/51396939207_9d5bff159f_c.jpg","type":"","width":"","height":""}],"author":"Arnaldo Botto","twitter_card":"summary_large_image","schema":{"@context":"https:\/\/schema.org","@graph":[{"@type":"WebPage","@id":"https:\/\/www.noticiasradioreflejos.com.ar\/2021\/informe-sesion-ordinaria-17-08-21\/","url":"https:\/\/www.noticiasradioreflejos.com.ar\/2021\/informe-sesion-ordinaria-17-08-21\/","name":"Informe Sesi\u00f3n Ordinaria 17-08-21 - Noticias Radio Reflejos","isPartOf":{"@id":"https:\/\/www.noticiasradioreflejos.com.ar\/2021\/#website"},"primaryImageOfPage":{"@id":"https:\/\/www.noticiasradioreflejos.com.ar\/2021\/informe-sesion-ordinaria-17-08-21\/#primaryimage"},"image":{"@id":"https:\/\/www.noticiasradioreflejos.com.ar\/2021\/informe-sesion-ordinaria-17-08-21\/#primaryimage"},"thumbnailUrl":"https:\/\/live.staticflickr.com\/65535\/51396939207_9d5bff159f_c.jpg","datePublished":"2021-08-23T17:25:33+00:00","dateModified":"2021-08-23T17:32:04+00:00","author":{"@id":"https:\/\/www.noticiasradioreflejos.com.ar\/2021\/#\/schema\/person\/ad82545263dcc5ec0996818884fd5fb1"},"breadcrumb":{"@id":"https:\/\/www.noticiasradioreflejos.com.ar\/2021\/informe-sesion-ordinaria-17-08-21\/#breadcrumb"},"inLanguage":"es","potentialAction":[{"@type":"ReadAction","target":["https:\/\/www.noticiasradioreflejos.com.ar\/2021\/informe-sesion-ordinaria-17-08-21\/"]}]},{"@type":"ImageObject","inLanguage":"es","@id":"https:\/\/www.noticiasradioreflejos.com.ar\/2021\/informe-sesion-ordinaria-17-08-21\/#primaryimage","url":"https:\/\/live.staticflickr.com\/65535\/51396939207_9d5bff159f_c.jpg","contentUrl":"https:\/\/live.staticflickr.com\/65535\/51396939207_9d5bff159f_c.jpg"},{"@type":"BreadcrumbList","@id":"https:\/\/www.noticiasradioreflejos.com.ar\/2021\/informe-sesion-ordinaria-17-08-21\/#breadcrumb","itemListElement":[{"@type":"ListItem","position":1,"name":"Portada","item":"https:\/\/www.noticiasradioreflejos.com.ar\/2021\/"},{"@type":"ListItem","position":2,"name":"Informe Sesi\u00f3n Ordinaria 17-08-21"}]},{"@type":"WebSite","@id":"https:\/\/www.noticiasradioreflejos.com.ar\/2021\/#website","url":"https:\/\/www.noticiasradioreflejos.com.ar\/2021\/","name":"Noticias Radio Reflejos","description":"Las noticias de mi comarca","potentialAction":[{"@type":"SearchAction","target":{"@type":"EntryPoint","urlTemplate":"https:\/\/www.noticiasradioreflejos.com.ar\/2021\/?s={search_term_string}"},"query-input":{"@type":"PropertyValueSpecification","valueRequired":true,"valueName":"search_term_string"}}],"inLanguage":"es"},{"@type":"Person","@id":"https:\/\/www.noticiasradioreflejos.com.ar\/2021\/#\/schema\/person\/ad82545263dcc5ec0996818884fd5fb1","name":"Arnaldo Botto","image":{"@type":"ImageObject","inLanguage":"es","@id":"https:\/\/www.noticiasradioreflejos.com.ar\/2021\/#\/schema\/person\/image\/","url":"https:\/\/secure.gravatar.com\/avatar\/55cb5e37c1efa326397366e6974cb338056df65cb50e7d64d1cf314e87504837?s=96&d=mm&r=g","contentUrl":"https:\/\/secure.gravatar.com\/avatar\/55cb5e37c1efa326397366e6974cb338056df65cb50e7d64d1cf314e87504837?s=96&d=mm&r=g","caption":"Arnaldo Botto"},"url":"https:\/\/www.noticiasradioreflejos.com.ar\/2021\/author\/arnaldo\/"}]}},"_links":{"self":[{"href":"https:\/\/www.noticiasradioreflejos.com.ar\/2021\/wp-json\/wp\/v2\/posts\/61842","targetHints":{"allow":["GET"]}}],"collection":[{"href":"https:\/\/www.noticiasradioreflejos.com.ar\/2021\/wp-json\/wp\/v2\/posts"}],"about":[{"href":"https:\/\/www.noticiasradioreflejos.com.ar\/2021\/wp-json\/wp\/v2\/types\/post"}],"author":[{"embeddable":true,"href":"https:\/\/www.noticiasradioreflejos.com.ar\/2021\/wp-json\/wp\/v2\/users\/3"}],"replies":[{"embeddable":true,"href":"https:\/\/www.noticiasradioreflejos.com.ar\/2021\/wp-json\/wp\/v2\/comments?post=61842"}],"version-history":[{"count":3,"href":"https:\/\/www.noticiasradioreflejos.com.ar\/2021\/wp-json\/wp\/v2\/posts\/61842\/revisions"}],"predecessor-version":[{"id":61846,"href":"https:\/\/www.noticiasradioreflejos.com.ar\/2021\/wp-json\/wp\/v2\/posts\/61842\/revisions\/61846"}],"wp:attachment":[{"href":"https:\/\/www.noticiasradioreflejos.com.ar\/2021\/wp-json\/wp\/v2\/media?parent=61842"}],"wp:term":[{"taxonomy":"category","embeddable":true,"href":"https:\/\/www.noticiasradioreflejos.com.ar\/2021\/wp-json\/wp\/v2\/categories?post=61842"},{"taxonomy":"post_tag","embeddable":true,"href":"https:\/\/www.noticiasradioreflejos.com.ar\/2021\/wp-json\/wp\/v2\/tags?post=61842"}],"curies":[{"name":"wp","href":"https:\/\/api.w.org\/{rel}","templated":true}]}}