{"id":61832,"date":"2021-08-23T20:11:14","date_gmt":"2021-08-23T20:11:14","guid":{"rendered":"http:\/\/www.noticiasradioreflejos.com.ar\/2021\/?p=61832"},"modified":"2021-08-23T20:11:14","modified_gmt":"2021-08-23T20:11:14","slug":"ahora-que-si-nos-leen-encuentro-de-escritoras-mujeres-y-lgtbi-de-la-provincia-de-buenos-aires","status":"publish","type":"post","link":"https:\/\/www.noticiasradioreflejos.com.ar\/2021\/ahora-que-si-nos-leen-encuentro-de-escritoras-mujeres-y-lgtbi-de-la-provincia-de-buenos-aires\/","title":{"rendered":"\u00abAHORA QUE S\u00cd NOS LEEN\u00bb Encuentro de escritoras mujeres y LGTBI+ de la provincia de Buenos Aires"},"content":{"rendered":"<p><strong>Modalidad online:\u00a0<\/strong>Plataforma Zoom Pro y transmisi\u00f3n en vivo por YouTube.<\/p>\n<p>\u201cAhora que s\u00ed nos leen\u201d busca impulsar la construcci\u00f3n de un espacio amplio de interrogantes, saberes y desaf\u00edos en torno a la literatura creada por mujeres y LGTBI+ en el territorio de la provincia de Buenos Aires. <!--more--><\/p>\n<p>Asistimos a un \u201cboom\u201d de la literatura escrita por mujeres y diversidades \u00bfpor qu\u00e9? No es casual que esta potencia se produzca junto al reverdecer de las luchas feministas. La literatura producida por escritoras mujeres y LGTBI+ est\u00e1 lejos de ser nueva, pero vive una renovaci\u00f3n que acompa\u00f1a cambios sustanciales en la sociedad. \u00bfSe trata de una moda o de una necesidad hist\u00f3rica? \u00bfC\u00f3mo articula el mercado con la literatura feminista? \u00bfEs una ola pasajera? \u00bfC\u00f3mo pensar el sector literario desde una l\u00f3gica de trabajo?<\/p>\n<p>La literatura nos permite romper convenciones, desafiar mandatos existentes, encontrar la singularidad a partir del extra\u00f1amiento, construir reconocimientos, poner palabras a lo indecible. Tambi\u00e9n es un campo de libertad, creaci\u00f3n y resistencia que contribuye a la gestaci\u00f3n de otros \u00f3rdenes simb\u00f3licos.<\/p>\n<p>El encuentro propone generar di\u00e1logos, debates y puentes para fortalecer la creaci\u00f3n literaria bonaerense y propiciar conversaciones productivas con perspectiva de g\u00e9nero.<\/p>\n<p>&nbsp;<\/p>\n<p>PROGRAMA SINT\u00c9TICO<\/p>\n<p>&nbsp;<\/p>\n<p>18\/10. D\u00eda 1- Conversaciones inaugurales<\/p>\n<p>14 h CONVERSACI\u00d3N DE APERTURA<\/p>\n<p>15.30 h RETRATO de Hebe Huart<\/p>\n<p>16 h GRUPOS DE DISCUSI\u00d3N Mujeres y diversidades que escriben: AHORA QUE S\u00cd NOS LEEN<\/p>\n<p>18 h CHARLA NARRATIVA CONTEMPOR\u00c1NEA Y FEMINISMOS<\/p>\n<p>&nbsp;<\/p>\n<p>19\/10. D\u00eda 2- Expansi\u00f3n po\u00e9tica<\/p>\n<p>14 h TALLER DE CREACI\u00d3N PO\u00c9TICA<\/p>\n<p>15.30 h RETRATO de Pizarnik<\/p>\n<p>16.30 h CHARLA: ENTRE LAS FRONTERAS DE LOS G\u00c9NEROS<\/p>\n<p>18 h CHARLA POETAS BONAERENSES HOY<\/p>\n<p>19.30 h RECITAL DE POES\u00cdA<\/p>\n<p>&nbsp;<\/p>\n<p>20\/10. D\u00eda 3 \u2013 La realidad impuesta (NO FICCI\u00d3N)<\/p>\n<p>14 h TALLER DE NARRATIVA.<\/p>\n<p>15.30 h RETRATO (escritora retrata a Aurora Venturini)<\/p>\n<p>16 h CHARLA LITERATURA, FEMINISMOS Y POL\u00cdTICA<\/p>\n<p>17.30 h CHARLA CONTAR LA MEMORIA<\/p>\n<p>19 h CHARLA NO FICCI\u00d3N<\/p>\n<p>&nbsp;<\/p>\n<p>21\/10. D\u00eda 4- Otros rostros del oficio<\/p>\n<p>14 h TALLER DE BIBLIOTECOLOG\u00cdA FEMINISTA<\/p>\n<p>15.30 h RETRATO (escritora retrata a Manuel Puig)<\/p>\n<p>16 h TALLER DE EDICI\u00d3N ARTESANAL y\/o FANZINE<\/p>\n<p>16.30 h CHARLA ESCRITURAS ORGANIZADAS o ESCRITAS Y ORGANIZADAS<\/p>\n<p>17 h CHARLA EDITORIALES INDEPENDIENTES<\/p>\n<p>18.30 CHARLA UNIVERSIDAD Y LITERATURA<\/p>\n<p>19.30 h CHARLA TALLERES DE ESCRITURA<\/p>\n<p>&nbsp;<\/p>\n<p>22\/10. D\u00eda 5 \u2013Otras narrativas<\/p>\n<p>14 h ANUNCIO GANADORAS ELLAS NO FUERON CONTADAS 2021<\/p>\n<p>14 H -GRUPOS DE CONVERSACI\u00d3N Y PUESTA EN COM\u00daN<\/p>\n<p>15.30 h RETRATO (escritora retrata a M Elena Walsh)<\/p>\n<p>17.30 h CHARLA DRAMATURGAS<\/p>\n<p>18.30 h HOMENAJE A LEOPOLDO BRIZUELA<\/p>\n<p>19.30 CIERRE<\/p>\n<p>&nbsp;<\/p>\n<p><strong>Sociedad de Escritores de la Pcia. de Bs. As.<br \/>\n<\/strong><\/p>\n<p><strong>Sitio Web:\u00a0<\/strong><a href=\"https:\/\/escritoresbonaerenses.com.ar\/\" data-saferedirecturl=\"https:\/\/www.google.com\/url?q=https:\/\/escritoresbonaerenses.com.ar\/&amp;source=gmail&amp;ust=1629816604684000&amp;usg=AFQjCNEkuovz13h72lkz-oMgaNzhmKifeA\">https:\/\/escritoresbonaerenses.com.ar\/<\/a><\/p>\n<p><strong>Facebook:\u00a0<\/strong><\/p>\n<p>@provinciasociedaddeescritores<\/p>\n<p><strong>\u00a0<\/strong><\/p>\n<p><strong>Instagram: @escritores_bonaerenses<\/strong><\/p>\n<p><strong>Tel\u00e9fonos de contacto: whatsapp +5491150452985\u00a0<\/strong><\/p>\n<p><strong>Correo:\u00a0<a href=\"mailto:provinciasociedaddeescritores@gmail.com\">provinciasociedaddeescritores@gmail.com<\/a><\/strong><\/p>\n<p><a href=\"https:\/\/www.youtube.com\/channel\/UC9kZiUGkx0ITp4r8pjCj1xw\/\" data-saferedirecturl=\"https:\/\/www.google.com\/url?q=https:\/\/www.youtube.com\/channel\/UC9kZiUGkx0ITp4r8pjCj1xw\/&amp;source=gmail&amp;ust=1629816604685000&amp;usg=AFQjCNGKUHMRWzFTTVAfsv2PmglQO1mYvQ\"><strong>https:\/\/www.youtube.com\/channel\/UC9kZiUGkx0ITp4r8pjCj1xw\/<\/strong><\/a><\/p>\n","protected":false},"excerpt":{"rendered":"<p>Modalidad online:\u00a0Plataforma Zoom Pro y transmisi\u00f3n en vivo por YouTube. \u201cAhora que s\u00ed nos leen\u201d busca impulsar la construcci\u00f3n de un espacio amplio de interrogantes, saberes y desaf\u00edos en torno a la literatura creada por mujeres y LGTBI+ en el territorio de la provincia de Buenos Aires.<\/p>\n","protected":false},"author":3,"featured_media":0,"comment_status":"closed","ping_status":"closed","sticky":false,"template":"","format":"standard","meta":{"footnotes":""},"categories":[1],"tags":[],"class_list":["post-61832","post","type-post","status-publish","format-standard","hentry","category-sin-categoria"],"yoast_head":"<!-- This site is optimized with the Yoast SEO plugin v25.9 - https:\/\/yoast.com\/wordpress\/plugins\/seo\/ -->\n<title>&quot;AHORA QUE S\u00cd NOS LEEN&quot; Encuentro de escritoras mujeres y LGTBI+ de la provincia de Buenos Aires - Noticias Radio Reflejos<\/title>\n<meta name=\"robots\" content=\"index, follow, max-snippet:-1, max-image-preview:large, max-video-preview:-1\" \/>\n<link rel=\"canonical\" href=\"https:\/\/www.noticiasradioreflejos.com.ar\/2021\/ahora-que-si-nos-leen-encuentro-de-escritoras-mujeres-y-lgtbi-de-la-provincia-de-buenos-aires\/\" \/>\n<meta property=\"og:locale\" content=\"es_ES\" \/>\n<meta property=\"og:type\" content=\"article\" \/>\n<meta property=\"og:title\" content=\"&quot;AHORA QUE S\u00cd NOS LEEN&quot; Encuentro de escritoras mujeres y LGTBI+ de la provincia de Buenos Aires - Noticias Radio Reflejos\" \/>\n<meta property=\"og:description\" content=\"Modalidad online:\u00a0Plataforma Zoom Pro y transmisi\u00f3n en vivo por YouTube. \u201cAhora que s\u00ed nos leen\u201d busca impulsar la construcci\u00f3n de un espacio amplio de interrogantes, saberes y desaf\u00edos en torno a la literatura creada por mujeres y LGTBI+ en el territorio de la provincia de Buenos Aires.\" \/>\n<meta property=\"og:url\" content=\"https:\/\/www.noticiasradioreflejos.com.ar\/2021\/ahora-que-si-nos-leen-encuentro-de-escritoras-mujeres-y-lgtbi-de-la-provincia-de-buenos-aires\/\" \/>\n<meta property=\"og:site_name\" content=\"Noticias Radio Reflejos\" \/>\n<meta property=\"article:published_time\" content=\"2021-08-23T20:11:14+00:00\" \/>\n<meta property=\"og:image\" content=\"https:\/\/www.noticiasradioreflejos.com.ar\/2021\/wp-content\/uploads\/2021\/07\/logosol300x200.png\" \/>\n\t<meta property=\"og:image:width\" content=\"300\" \/>\n\t<meta property=\"og:image:height\" content=\"200\" \/>\n\t<meta property=\"og:image:type\" content=\"image\/png\" \/>\n<meta name=\"author\" content=\"Arnaldo Botto\" \/>\n<meta name=\"twitter:card\" content=\"summary_large_image\" \/>\n<script type=\"application\/ld+json\" class=\"yoast-schema-graph\">{\"@context\":\"https:\/\/schema.org\",\"@graph\":[{\"@type\":\"WebPage\",\"@id\":\"https:\/\/www.noticiasradioreflejos.com.ar\/2021\/ahora-que-si-nos-leen-encuentro-de-escritoras-mujeres-y-lgtbi-de-la-provincia-de-buenos-aires\/\",\"url\":\"https:\/\/www.noticiasradioreflejos.com.ar\/2021\/ahora-que-si-nos-leen-encuentro-de-escritoras-mujeres-y-lgtbi-de-la-provincia-de-buenos-aires\/\",\"name\":\"\\\"AHORA QUE S\u00cd NOS LEEN\\\" Encuentro de escritoras mujeres y LGTBI+ de la provincia de Buenos Aires - Noticias Radio Reflejos\",\"isPartOf\":{\"@id\":\"https:\/\/www.noticiasradioreflejos.com.ar\/2021\/#website\"},\"datePublished\":\"2021-08-23T20:11:14+00:00\",\"author\":{\"@id\":\"https:\/\/www.noticiasradioreflejos.com.ar\/2021\/#\/schema\/person\/ad82545263dcc5ec0996818884fd5fb1\"},\"breadcrumb\":{\"@id\":\"https:\/\/www.noticiasradioreflejos.com.ar\/2021\/ahora-que-si-nos-leen-encuentro-de-escritoras-mujeres-y-lgtbi-de-la-provincia-de-buenos-aires\/#breadcrumb\"},\"inLanguage\":\"es\",\"potentialAction\":[{\"@type\":\"ReadAction\",\"target\":[\"https:\/\/www.noticiasradioreflejos.com.ar\/2021\/ahora-que-si-nos-leen-encuentro-de-escritoras-mujeres-y-lgtbi-de-la-provincia-de-buenos-aires\/\"]}]},{\"@type\":\"BreadcrumbList\",\"@id\":\"https:\/\/www.noticiasradioreflejos.com.ar\/2021\/ahora-que-si-nos-leen-encuentro-de-escritoras-mujeres-y-lgtbi-de-la-provincia-de-buenos-aires\/#breadcrumb\",\"itemListElement\":[{\"@type\":\"ListItem\",\"position\":1,\"name\":\"Portada\",\"item\":\"https:\/\/www.noticiasradioreflejos.com.ar\/2021\/\"},{\"@type\":\"ListItem\",\"position\":2,\"name\":\"\u00abAHORA QUE S\u00cd NOS LEEN\u00bb Encuentro de escritoras mujeres y LGTBI+ de la provincia de Buenos Aires\"}]},{\"@type\":\"WebSite\",\"@id\":\"https:\/\/www.noticiasradioreflejos.com.ar\/2021\/#website\",\"url\":\"https:\/\/www.noticiasradioreflejos.com.ar\/2021\/\",\"name\":\"Noticias Radio Reflejos\",\"description\":\"Las noticias de mi comarca\",\"potentialAction\":[{\"@type\":\"SearchAction\",\"target\":{\"@type\":\"EntryPoint\",\"urlTemplate\":\"https:\/\/www.noticiasradioreflejos.com.ar\/2021\/?s={search_term_string}\"},\"query-input\":{\"@type\":\"PropertyValueSpecification\",\"valueRequired\":true,\"valueName\":\"search_term_string\"}}],\"inLanguage\":\"es\"},{\"@type\":\"Person\",\"@id\":\"https:\/\/www.noticiasradioreflejos.com.ar\/2021\/#\/schema\/person\/ad82545263dcc5ec0996818884fd5fb1\",\"name\":\"Arnaldo Botto\",\"image\":{\"@type\":\"ImageObject\",\"inLanguage\":\"es\",\"@id\":\"https:\/\/www.noticiasradioreflejos.com.ar\/2021\/#\/schema\/person\/image\/\",\"url\":\"https:\/\/secure.gravatar.com\/avatar\/55cb5e37c1efa326397366e6974cb338056df65cb50e7d64d1cf314e87504837?s=96&d=mm&r=g\",\"contentUrl\":\"https:\/\/secure.gravatar.com\/avatar\/55cb5e37c1efa326397366e6974cb338056df65cb50e7d64d1cf314e87504837?s=96&d=mm&r=g\",\"caption\":\"Arnaldo Botto\"},\"url\":\"https:\/\/www.noticiasradioreflejos.com.ar\/2021\/author\/arnaldo\/\"}]}<\/script>\n<!-- \/ Yoast SEO plugin. -->","yoast_head_json":{"title":"\"AHORA QUE S\u00cd NOS LEEN\" Encuentro de escritoras mujeres y LGTBI+ de la provincia de Buenos Aires - Noticias Radio Reflejos","robots":{"index":"index","follow":"follow","max-snippet":"max-snippet:-1","max-image-preview":"max-image-preview:large","max-video-preview":"max-video-preview:-1"},"canonical":"https:\/\/www.noticiasradioreflejos.com.ar\/2021\/ahora-que-si-nos-leen-encuentro-de-escritoras-mujeres-y-lgtbi-de-la-provincia-de-buenos-aires\/","og_locale":"es_ES","og_type":"article","og_title":"\"AHORA QUE S\u00cd NOS LEEN\" Encuentro de escritoras mujeres y LGTBI+ de la provincia de Buenos Aires - Noticias Radio Reflejos","og_description":"Modalidad online:\u00a0Plataforma Zoom Pro y transmisi\u00f3n en vivo por YouTube. \u201cAhora que s\u00ed nos leen\u201d busca impulsar la construcci\u00f3n de un espacio amplio de interrogantes, saberes y desaf\u00edos en torno a la literatura creada por mujeres y LGTBI+ en el territorio de la provincia de Buenos Aires.","og_url":"https:\/\/www.noticiasradioreflejos.com.ar\/2021\/ahora-que-si-nos-leen-encuentro-de-escritoras-mujeres-y-lgtbi-de-la-provincia-de-buenos-aires\/","og_site_name":"Noticias Radio Reflejos","article_published_time":"2021-08-23T20:11:14+00:00","og_image":[{"width":300,"height":200,"url":"https:\/\/www.noticiasradioreflejos.com.ar\/2021\/wp-content\/uploads\/2021\/07\/logosol300x200.png","type":"image\/png"}],"author":"Arnaldo Botto","twitter_card":"summary_large_image","schema":{"@context":"https:\/\/schema.org","@graph":[{"@type":"WebPage","@id":"https:\/\/www.noticiasradioreflejos.com.ar\/2021\/ahora-que-si-nos-leen-encuentro-de-escritoras-mujeres-y-lgtbi-de-la-provincia-de-buenos-aires\/","url":"https:\/\/www.noticiasradioreflejos.com.ar\/2021\/ahora-que-si-nos-leen-encuentro-de-escritoras-mujeres-y-lgtbi-de-la-provincia-de-buenos-aires\/","name":"\"AHORA QUE S\u00cd NOS LEEN\" Encuentro de escritoras mujeres y LGTBI+ de la provincia de Buenos Aires - Noticias Radio Reflejos","isPartOf":{"@id":"https:\/\/www.noticiasradioreflejos.com.ar\/2021\/#website"},"datePublished":"2021-08-23T20:11:14+00:00","author":{"@id":"https:\/\/www.noticiasradioreflejos.com.ar\/2021\/#\/schema\/person\/ad82545263dcc5ec0996818884fd5fb1"},"breadcrumb":{"@id":"https:\/\/www.noticiasradioreflejos.com.ar\/2021\/ahora-que-si-nos-leen-encuentro-de-escritoras-mujeres-y-lgtbi-de-la-provincia-de-buenos-aires\/#breadcrumb"},"inLanguage":"es","potentialAction":[{"@type":"ReadAction","target":["https:\/\/www.noticiasradioreflejos.com.ar\/2021\/ahora-que-si-nos-leen-encuentro-de-escritoras-mujeres-y-lgtbi-de-la-provincia-de-buenos-aires\/"]}]},{"@type":"BreadcrumbList","@id":"https:\/\/www.noticiasradioreflejos.com.ar\/2021\/ahora-que-si-nos-leen-encuentro-de-escritoras-mujeres-y-lgtbi-de-la-provincia-de-buenos-aires\/#breadcrumb","itemListElement":[{"@type":"ListItem","position":1,"name":"Portada","item":"https:\/\/www.noticiasradioreflejos.com.ar\/2021\/"},{"@type":"ListItem","position":2,"name":"\u00abAHORA QUE S\u00cd NOS LEEN\u00bb Encuentro de escritoras mujeres y LGTBI+ de la provincia de Buenos Aires"}]},{"@type":"WebSite","@id":"https:\/\/www.noticiasradioreflejos.com.ar\/2021\/#website","url":"https:\/\/www.noticiasradioreflejos.com.ar\/2021\/","name":"Noticias Radio Reflejos","description":"Las noticias de mi comarca","potentialAction":[{"@type":"SearchAction","target":{"@type":"EntryPoint","urlTemplate":"https:\/\/www.noticiasradioreflejos.com.ar\/2021\/?s={search_term_string}"},"query-input":{"@type":"PropertyValueSpecification","valueRequired":true,"valueName":"search_term_string"}}],"inLanguage":"es"},{"@type":"Person","@id":"https:\/\/www.noticiasradioreflejos.com.ar\/2021\/#\/schema\/person\/ad82545263dcc5ec0996818884fd5fb1","name":"Arnaldo Botto","image":{"@type":"ImageObject","inLanguage":"es","@id":"https:\/\/www.noticiasradioreflejos.com.ar\/2021\/#\/schema\/person\/image\/","url":"https:\/\/secure.gravatar.com\/avatar\/55cb5e37c1efa326397366e6974cb338056df65cb50e7d64d1cf314e87504837?s=96&d=mm&r=g","contentUrl":"https:\/\/secure.gravatar.com\/avatar\/55cb5e37c1efa326397366e6974cb338056df65cb50e7d64d1cf314e87504837?s=96&d=mm&r=g","caption":"Arnaldo Botto"},"url":"https:\/\/www.noticiasradioreflejos.com.ar\/2021\/author\/arnaldo\/"}]}},"_links":{"self":[{"href":"https:\/\/www.noticiasradioreflejos.com.ar\/2021\/wp-json\/wp\/v2\/posts\/61832","targetHints":{"allow":["GET"]}}],"collection":[{"href":"https:\/\/www.noticiasradioreflejos.com.ar\/2021\/wp-json\/wp\/v2\/posts"}],"about":[{"href":"https:\/\/www.noticiasradioreflejos.com.ar\/2021\/wp-json\/wp\/v2\/types\/post"}],"author":[{"embeddable":true,"href":"https:\/\/www.noticiasradioreflejos.com.ar\/2021\/wp-json\/wp\/v2\/users\/3"}],"replies":[{"embeddable":true,"href":"https:\/\/www.noticiasradioreflejos.com.ar\/2021\/wp-json\/wp\/v2\/comments?post=61832"}],"version-history":[{"count":1,"href":"https:\/\/www.noticiasradioreflejos.com.ar\/2021\/wp-json\/wp\/v2\/posts\/61832\/revisions"}],"predecessor-version":[{"id":61865,"href":"https:\/\/www.noticiasradioreflejos.com.ar\/2021\/wp-json\/wp\/v2\/posts\/61832\/revisions\/61865"}],"wp:attachment":[{"href":"https:\/\/www.noticiasradioreflejos.com.ar\/2021\/wp-json\/wp\/v2\/media?parent=61832"}],"wp:term":[{"taxonomy":"category","embeddable":true,"href":"https:\/\/www.noticiasradioreflejos.com.ar\/2021\/wp-json\/wp\/v2\/categories?post=61832"},{"taxonomy":"post_tag","embeddable":true,"href":"https:\/\/www.noticiasradioreflejos.com.ar\/2021\/wp-json\/wp\/v2\/tags?post=61832"}],"curies":[{"name":"wp","href":"https:\/\/api.w.org\/{rel}","templated":true}]}}