{"id":61818,"date":"2021-08-23T11:13:18","date_gmt":"2021-08-23T11:13:18","guid":{"rendered":"http:\/\/www.noticiasradioreflejos.com.ar\/2021\/?p=61818"},"modified":"2021-08-23T11:13:18","modified_gmt":"2021-08-23T11:13:18","slug":"acusan-a-javier-milei-de-copiar-palabra-por-palabra-a-distintos-intelectuales-para-escribir-sus-columnas-de-opinion","status":"publish","type":"post","link":"https:\/\/www.noticiasradioreflejos.com.ar\/2021\/acusan-a-javier-milei-de-copiar-palabra-por-palabra-a-distintos-intelectuales-para-escribir-sus-columnas-de-opinion\/","title":{"rendered":"Acusan a Javier Milei de copiar \u00abpalabra por palabra\u00bb a distintos intelectuales para escribir sus columnas de opini\u00f3n"},"content":{"rendered":"<div class=\"section-2-col article-header\">\n<div class=\"col 2-col\">\n<p>El economista\u00a0<b>Javier Milei<\/b>, conocido por\u00a0<a href=\"https:\/\/www.pagina12.com.ar\/286434-javier-milei-el-profeta-del-caos-que-no-se-cumple\">augurar cat\u00e1strofes que nunca se cumplen<\/a>, sum\u00f3 otro logro en su curr\u00edculum:\u00a0<b>\u00abPlagiador de los principales autores austr\u00edacos\u00bb<\/b>. As\u00ed lo bautiz\u00f3 el creador del\u00a0<a href=\"https:\/\/medium.com\/@marcotullius\/javier-milei-plagiador-de-los-principales-autores-austr%C3%ADacos-6f45adc5ffcc\" target=\"_blank\" rel=\"noopener\">blog @marcotullius,<\/a>\u00a0quien dedic\u00f3 un largo posteo a demostrar c\u00f3mo gran parte de las columnas que\u00a0<b>Javier Milei<\/b>\u00a0public\u00f3 en\u00a0<i>El Cronista<\/i>\u00a0son, en realidad, un \u00abControl C + Contol V\u00bb de los principales autores de la Escuela Austr\u00edaca de Econom\u00eda.<\/p>\n<\/div>\n<\/div>\n<p><!--more--><\/p>\n<div class=\"section-2-col article-main-image\">\n<div class=\"col 2-col\">\n<div class=\"article-main-media-image__container\">\n<div class=\"image-wrapper\">\n<figure>\n<figure class=\"object-fit-block--contain intrinsic-container intrinsic-container-3x2\"><img decoding=\"async\" class=\" lazyloaded\" src=\"https:\/\/images.pagina12.com.ar\/styles\/focal_3_2_960x640\/public\/2021-08\/187680-whatsapp-20image-202021-08-22-20at-2017-18-28.jpeg?itok=VPrbFTbY\" alt=\" (Fuente: NA)\" data-src=\"https:\/\/images.pagina12.com.ar\/styles\/focal_3_2_960x640\/public\/2021-08\/187680-whatsapp-20image-202021-08-22-20at-2017-18-28.jpeg?itok=VPrbFTbY\" \/><\/figure><figcaption>. Imagen: NA<\/figcaption><\/figure>\n<\/div>\n<\/div>\n<\/div>\n<\/div>\n<div class=\"section-2-col article-main-content\">\n<div class=\"col 1-col\"><\/div>\n<div class=\"col 2-col\">\n<div class=\"article-main-content article-text \">\n<p><b>\u00abDesde Ludwig von Mises hasta Murray Rothbard, pasando por F.A. Hayek o Walter Block, Javier Milei los plagi\u00f3 a todos\u00bb<\/b>, afirma el blog,\u00a0que se propone \u00abexponer evidencia que Milei firm\u00f3 notas que \u00e9l no escribi\u00f3 sino copi\u00f3, palabra por palabra, a luminarias del liberalismo cl\u00e1sico y el libertarismo\u00bb.<\/p>\n<div id=\"talkFireEvent\"><\/div>\n<p>Uno de las columnas de Milei acusadas de plagio se titula\u00a0<a href=\"https:\/\/www.cronista.com\/columnistas\/Sobre-la-naturaleza-del-Estado-20190116-0076.html\" target=\"_blank\" rel=\"noopener\">\u00abSobre la naturaleza del Estado\u00bb<\/a>\u00a0y fue publicada en\u00a0<i>El Cronista<\/i>\u00a0el 16 de enero de 2019. En su columna de opini\u00f3n, el economista defini\u00f3 al Estado como \u00ab<i>en palabras de Oppenheimer, la organizaci\u00f3n de los medios pol\u00edticos; es la sistematizaci\u00f3n del proceso predatorio sobre un territorio determinado. Pues el crimen es, en el mejor de los casos, espor\u00e1dico e incierto, su parasitismo es ef\u00edmero y la vida coercitiva y parasitaria puede ser cortada en cualquier momento a trav\u00e9s de la resistencia de v\u00edctimas<\/i>\u00ab. Ahora bien, si uno revisa el libro\u00a0<a href=\"https:\/\/cdn.mises.org\/Anatomia%20del%20Estado.pdf\" target=\"_blank\" rel=\"noopener\">Anatom\u00eda del Estado, de Murray Rothbard<\/a>, la explicaci\u00f3n es exactamente la misma, sin una coma de m\u00e1s.<\/p>\n<div align=\"center\">\n<figure class=\"caption caption-article embedded-entity\" role=\"group\">\n<article>\n<article class=\"media media--type-image media--view-mode-single-media-image-460\">\n<div class=\"field field--name-field-media-image field--type-image field--label-hidden field__item\"><img loading=\"lazy\" decoding=\"async\" class=\"image-style-width960\" src=\"https:\/\/images.pagina12.com.ar\/styles\/width960\/public\/2021-08\/187680-plagio-20milei-201.jpeg?itok=v68pU7vu\" width=\"580\" height=\"121\" \/><\/div>\n<\/article>\n<\/article><figcaption>La explicaci\u00f3n de Rothbard, id\u00e9ntica al p\u00e1rrafo que utiliz\u00f3 Milei.<\/figcaption><\/figure>\n<\/div>\n<p>El plagio no finaliza all\u00ed. En su libro,\u00a0<b>Rothbard aporta otra definici\u00f3n ultra neoliberal a lo que \u00e9l considera como el estado. All\u00ed, el economista estadounidense -integrante de la Escuela Austr\u00edaca- describe al Estado solo por su funci\u00f3n monop\u00f3lica de la violencia.<\/b><\/p>\n<p><b>\u00ab<\/b><i>Brevemente, el Estado es aquella organizaci\u00f3n en la sociedad que intenta mantener un monopolio sobre el uso de la fuerza y la violencia en una determinada \u00e1rea territorial. En particular, el Estado es la \u00fanica organizaci\u00f3n que obtiene sus ingresos, no a trav\u00e9s de contribuciones voluntarias o el pago por servicios prestados, sino a trav\u00e9s de la coerci\u00f3n. Mientras que otros individuos o instituciones obtienen sus ingresos por medio de la producci\u00f3n de bienes y servicios y por la venta voluntaria y pac\u00edfica de dichos bienes y servicios a otros individuos, el Estado obtiene su renta mediante el uso de la compulsi\u00f3n, es decir,\u00a0la amenaza de la c\u00e1rcel y a la bayoneta<\/i>\u00ab, textual de la p\u00e1gina dos del cap\u00edtulo 3.<\/p>\n<p>Milei incorpor\u00f3 esa caraterizaci\u00f3n como propia en la nota, aunque hay que reconocerle una leve modificaci\u00f3n:\u00a0<b>en vez de bayoneta, actualiz\u00f3 el escrito con un arma m\u00e1s moderna, al escribir \u00aba punta de pistola\u00bb<\/b>.<\/p>\n<div align=\"center\">\n<figure class=\"caption caption-article embedded-entity\" role=\"group\">\n<article>\n<article class=\"media media--type-image media--view-mode-single-media-image-460\">\n<div class=\"field field--name-field-media-image field--type-image field--label-hidden field__item\"><img loading=\"lazy\" decoding=\"async\" class=\"image-style-width960\" src=\"https:\/\/images.pagina12.com.ar\/styles\/width960\/public\/2021-08\/187680-milei-20plagio-202.jpeg?itok=LQa0o0FN\" width=\"673\" height=\"320\" \/><\/div>\n<\/article>\n<\/article><figcaption>La columna de Milei en el Cronista.<\/figcaption><\/figure>\n<\/div>\n<p>En total, el autor del blog identific\u00f3 seis p\u00e1rrafos id\u00e9nticos entre esa columna de\u00a0<b>Milei y el escrito de Rothbard.<\/b><\/p>\n<div align=\"center\">\n<figure class=\"caption caption-article embedded-entity\" role=\"group\">\n<article>\n<article class=\"media media--type-image media--view-mode-single-media-image-460\">\n<div class=\"field field--name-field-media-image field--type-image field--label-hidden field__item\"><img loading=\"lazy\" decoding=\"async\" class=\"image-style-width960\" src=\"https:\/\/images.pagina12.com.ar\/styles\/width960\/public\/2021-08\/187680-milei-203.png?itok=V2-ui7qh\" width=\"960\" height=\"591\" \/><\/div>\n<\/article>\n<\/article><figcaption>En fondo blanco, la teor\u00eda de\u00a0Rothbard. Debajo, la columna de Milei.<\/figcaption><\/figure>\n<\/div>\n<h2>Hayek y\u00a0Block, textuales en El Cronista<\/h2>\n<p>Milei repiti\u00f3 ese mismo m\u00e9todo para escribir sus columnas del 28 de octubre de 2016 y del 17 enero de 2017. En la primera, titulada\u00a0<a href=\"https:\/\/www.cronista.com\/columnistas\/La-Justicia-Social-es-injusta-20161028-0043.html\" target=\"_blank\" rel=\"noopener\">\u00abLa Justicia Social es injusta\u00bb<\/a>, el precandidato a diputado\u00a0<b>carga las tintas contra el proceso de redistribuci\u00f3n del ingreso<\/b>. En su nota, el economista lo describe como \u00abun acto autoritario\u00bb y que \u00abderiva en el derrumbe de resultados de alto crecimiento y prosperidad\u00bb. Ahora bien, su diagn\u00f3stico es una traducci\u00f3n del ensayo\u00a0<a href=\"http:\/\/www.hacer.org\/pdf\/rev36_hayek.pdf\" target=\"_blank\" rel=\"noopener\"><i>El atavismo de la justicia social<\/i><\/a>\u00a0de F.A. Hayek, del cual ni siquiera incluy\u00f3 alguna cita textual o referencia bibliogr\u00e1fica.<\/p>\n<div align=\"center\">\n<figure class=\"caption caption-article embedded-entity\" role=\"group\">\n<article>\n<article class=\"media media--type-image media--view-mode-single-media-image-460\">\n<div class=\"field field--name-field-media-image field--type-image field--label-hidden field__item\"><img loading=\"lazy\" decoding=\"async\" class=\"image-style-width960\" src=\"https:\/\/images.pagina12.com.ar\/styles\/width960\/public\/2021-08\/187680-milei-20plagio.png?itok=pEsbS6km\" width=\"526\" height=\"668\" \/><\/div>\n<\/article>\n<\/article><figcaption>Casi id\u00e9nticos: el ensayo de Hayek y la opini\u00f3n de Milei.\u00a0\u00a0<\/figcaption><\/figure>\n<\/div>\n<p>Lo mismo ocurri\u00f3 con\u00a0<strong>Walter Block, otro intelectual neoliberal. En el escrito \u00abEn defensa del avaro\u00bb,\u00a0<\/strong>Milei insiste con su l\u00f3gica neoliberal de evitar cualquier intervenci\u00f3n estatal, redistribuci\u00f3n del ingreso o bien, denota una defensa f\u00e9rrea del \u00abmercado\u00bb como ordenador de los precios de la econom\u00eda. El blog @marcotullius destaca que gran parte del texto se trata, en realidad, de una traducci\u00f3n cuasiliteral del libro de Block,\u00a0<a href=\"https:\/\/cdn.mises.org\/Defending_the_Undefendable_2018.pdf\" target=\"_blank\" rel=\"noopener\">\u00abDefendiendo lo Indefendible\u00bb, que data de 1976<\/a>. Eso s\u00ed, sin citas ni referencia biblogr\u00e1fica.<\/p>\n<div align=\"center\">\n<figure class=\"caption caption-article embedded-entity\" role=\"group\">\n<article>\n<article class=\"media media--type-image media--view-mode-single-media-image-460\">\n<div class=\"field field--name-field-media-image field--type-image field--label-hidden field__item\"><img loading=\"lazy\" decoding=\"async\" class=\"image-style-width960\" src=\"https:\/\/images.pagina12.com.ar\/styles\/width960\/public\/2021-08\/187680-milei-206-0-1.png?itok=UwypERwR\" width=\"960\" height=\"509\" \/><\/div>\n<\/article>\n<\/article><figcaption>Con fondo blanco, textuales de Block. En el recuadro de abajo, la columna de Milei.<\/figcaption><\/figure>\n<\/div>\n<p><b>Atribuirse el trabajo ajeno es una falta \u00e9tica. Atribuirse el trabajo de Mises, Hayek y Rothbard es subestimar a sus lectores\u00bb,\u00a0<\/b>expuso el autor del blog, tras su investigaci\u00f3n.<\/p>\n<h2>Otros plagios<\/h2>\n<p>Tambi\u00e9n\u00a0<i><a href=\"https:\/\/riosmauricio.com\/wp-content\/uploads\/2016\/01\/Huerta_socialismocalculo.pdf\" target=\"_blank\" rel=\"noopener\">Socialismo, C\u00e1lculo Econ\u00f3mico y Funci\u00f3n Empresarial<\/a><\/i>\u00a0de Jes\u00fas Huerta de Soto fue calcado en el art\u00edculo\u00a0<a href=\"https:\/\/www.cronista.com\/columnistas\/Venezuela-otra-victima-del-Socialismo-20170425-0027.html\" target=\"_blank\" rel=\"noopener\">\u00abVenezuela: otra v\u00edctima del Socialismo\u00bb<\/a>, del 25 de abril de 2017.<i><a href=\"https:\/\/www.elcato.org\/bibliotecadelalibertad\/planificacion-para-la-libertad-html\" target=\"_blank\" rel=\"noopener\">Planificaci\u00f3n para la Libertad<\/a>,<\/i>\u00a0de Ludwig von Mises, fue copiado en\u00a0<a href=\"https:\/\/www.cronista.com\/columnistas\/El-castigo-al-exitoso-nos-hunde-en-la-pobreza-20161107-0002.html\" target=\"_blank\" rel=\"noopener\">\u00abEl castigo al exitoso nos hunde en la pobreza\u00bb<\/a>, nota publicada en El Cronista el 7 de noviembre de 2016; y con<i><a href=\"https:\/\/pablomartinscarpini.com\/2019\/03\/07\/el-odio-a-la-maquina-henry-hazlitt\/\" target=\"_blank\" rel=\"noopener\">\u00a0El \u201codio a la maquina\u00bb<\/a><\/i>\u00a0de Henry Hazlitt, tambi\u00e9n plagiado por Milei el 4 de abril de 2016 en una columna de opini\u00f3n publicada en Infobae y titulada \u00abTecnolog\u00eda, empleo y la falacia ludista\u00bb.<\/p>\n<p>Seg\u00fan el autor del blog, el economista argentino fue notificado de que esta informaci\u00f3n se iba a hacer p\u00fablica y \u00abse le di\u00f3 la oportunidad de reconocerlo p\u00fablicamente\u00bb pero \u00abmantuvo silencio\u00bb.<\/p>\n<p>&nbsp;<\/p>\n<p><b>\u00abSi Javier Milei no tiene honestidad intelectual y se atribuye obras ajenas, \u00bfqu\u00e9 grado de confianza se le puede tener c\u00f3mo pol\u00edtico?\u00bb<\/b>, concluye el art\u00edculo.<\/p>\n<\/div>\n<h4><span style=\"color: #000080;\"><strong>Fuente P\u00e1gina 12<\/strong><\/span><\/h4>\n<\/div>\n<\/div>\n","protected":false},"excerpt":{"rendered":"<p>El economista\u00a0Javier Milei, conocido por\u00a0augurar cat\u00e1strofes que nunca se cumplen, sum\u00f3 otro logro en su curr\u00edculum:\u00a0\u00abPlagiador de los principales autores austr\u00edacos\u00bb. As\u00ed lo bautiz\u00f3 el creador del\u00a0blog @marcotullius,\u00a0quien dedic\u00f3 un largo posteo a demostrar c\u00f3mo gran parte de las columnas que\u00a0Javier Milei\u00a0public\u00f3 en\u00a0El Cronista\u00a0son, en realidad, un \u00abControl C + Contol V\u00bb de los principales [&hellip;]<\/p>\n","protected":false},"author":3,"featured_media":0,"comment_status":"closed","ping_status":"closed","sticky":false,"template":"","format":"standard","meta":{"footnotes":""},"categories":[24,26],"tags":[],"class_list":["post-61818","post","type-post","status-publish","format-standard","hentry","category-politica","category-sociedad"],"yoast_head":"<!-- This site is optimized with the Yoast SEO plugin v25.9 - https:\/\/yoast.com\/wordpress\/plugins\/seo\/ -->\n<title>Acusan a Javier Milei de copiar &quot;palabra por palabra&quot; a distintos intelectuales para escribir sus columnas de opini\u00f3n - Noticias Radio Reflejos<\/title>\n<meta name=\"robots\" content=\"index, follow, max-snippet:-1, max-image-preview:large, max-video-preview:-1\" \/>\n<link rel=\"canonical\" href=\"https:\/\/www.noticiasradioreflejos.com.ar\/2021\/acusan-a-javier-milei-de-copiar-palabra-por-palabra-a-distintos-intelectuales-para-escribir-sus-columnas-de-opinion\/\" \/>\n<meta property=\"og:locale\" content=\"es_ES\" \/>\n<meta property=\"og:type\" content=\"article\" \/>\n<meta property=\"og:title\" content=\"Acusan a Javier Milei de copiar &quot;palabra por palabra&quot; a distintos intelectuales para escribir sus columnas de opini\u00f3n - Noticias Radio Reflejos\" \/>\n<meta property=\"og:description\" content=\"El economista\u00a0Javier Milei, conocido por\u00a0augurar cat\u00e1strofes que nunca se cumplen, sum\u00f3 otro logro en su curr\u00edculum:\u00a0\u00abPlagiador de los principales autores austr\u00edacos\u00bb. As\u00ed lo bautiz\u00f3 el creador del\u00a0blog @marcotullius,\u00a0quien dedic\u00f3 un largo posteo a demostrar c\u00f3mo gran parte de las columnas que\u00a0Javier Milei\u00a0public\u00f3 en\u00a0El Cronista\u00a0son, en realidad, un \u00abControl C + Contol V\u00bb de los principales [&hellip;]\" \/>\n<meta property=\"og:url\" content=\"https:\/\/www.noticiasradioreflejos.com.ar\/2021\/acusan-a-javier-milei-de-copiar-palabra-por-palabra-a-distintos-intelectuales-para-escribir-sus-columnas-de-opinion\/\" \/>\n<meta property=\"og:site_name\" content=\"Noticias Radio Reflejos\" \/>\n<meta property=\"article:published_time\" content=\"2021-08-23T11:13:18+00:00\" \/>\n<meta property=\"og:image\" content=\"https:\/\/images.pagina12.com.ar\/styles\/focal_3_2_960x640\/public\/2021-08\/187680-whatsapp-20image-202021-08-22-20at-2017-18-28.jpeg?itok=VPrbFTbY\" \/>\n<meta name=\"author\" content=\"Arnaldo Botto\" \/>\n<meta name=\"twitter:card\" content=\"summary_large_image\" \/>\n<script type=\"application\/ld+json\" class=\"yoast-schema-graph\">{\"@context\":\"https:\/\/schema.org\",\"@graph\":[{\"@type\":\"WebPage\",\"@id\":\"https:\/\/www.noticiasradioreflejos.com.ar\/2021\/acusan-a-javier-milei-de-copiar-palabra-por-palabra-a-distintos-intelectuales-para-escribir-sus-columnas-de-opinion\/\",\"url\":\"https:\/\/www.noticiasradioreflejos.com.ar\/2021\/acusan-a-javier-milei-de-copiar-palabra-por-palabra-a-distintos-intelectuales-para-escribir-sus-columnas-de-opinion\/\",\"name\":\"Acusan a Javier Milei de copiar \\\"palabra por palabra\\\" a distintos intelectuales para escribir sus columnas de opini\u00f3n - Noticias Radio Reflejos\",\"isPartOf\":{\"@id\":\"https:\/\/www.noticiasradioreflejos.com.ar\/2021\/#website\"},\"primaryImageOfPage\":{\"@id\":\"https:\/\/www.noticiasradioreflejos.com.ar\/2021\/acusan-a-javier-milei-de-copiar-palabra-por-palabra-a-distintos-intelectuales-para-escribir-sus-columnas-de-opinion\/#primaryimage\"},\"image\":{\"@id\":\"https:\/\/www.noticiasradioreflejos.com.ar\/2021\/acusan-a-javier-milei-de-copiar-palabra-por-palabra-a-distintos-intelectuales-para-escribir-sus-columnas-de-opinion\/#primaryimage\"},\"thumbnailUrl\":\"https:\/\/images.pagina12.com.ar\/styles\/focal_3_2_960x640\/public\/2021-08\/187680-whatsapp-20image-202021-08-22-20at-2017-18-28.jpeg?itok=VPrbFTbY\",\"datePublished\":\"2021-08-23T11:13:18+00:00\",\"author\":{\"@id\":\"https:\/\/www.noticiasradioreflejos.com.ar\/2021\/#\/schema\/person\/ad82545263dcc5ec0996818884fd5fb1\"},\"breadcrumb\":{\"@id\":\"https:\/\/www.noticiasradioreflejos.com.ar\/2021\/acusan-a-javier-milei-de-copiar-palabra-por-palabra-a-distintos-intelectuales-para-escribir-sus-columnas-de-opinion\/#breadcrumb\"},\"inLanguage\":\"es\",\"potentialAction\":[{\"@type\":\"ReadAction\",\"target\":[\"https:\/\/www.noticiasradioreflejos.com.ar\/2021\/acusan-a-javier-milei-de-copiar-palabra-por-palabra-a-distintos-intelectuales-para-escribir-sus-columnas-de-opinion\/\"]}]},{\"@type\":\"ImageObject\",\"inLanguage\":\"es\",\"@id\":\"https:\/\/www.noticiasradioreflejos.com.ar\/2021\/acusan-a-javier-milei-de-copiar-palabra-por-palabra-a-distintos-intelectuales-para-escribir-sus-columnas-de-opinion\/#primaryimage\",\"url\":\"https:\/\/images.pagina12.com.ar\/styles\/focal_3_2_960x640\/public\/2021-08\/187680-whatsapp-20image-202021-08-22-20at-2017-18-28.jpeg?itok=VPrbFTbY\",\"contentUrl\":\"https:\/\/images.pagina12.com.ar\/styles\/focal_3_2_960x640\/public\/2021-08\/187680-whatsapp-20image-202021-08-22-20at-2017-18-28.jpeg?itok=VPrbFTbY\"},{\"@type\":\"BreadcrumbList\",\"@id\":\"https:\/\/www.noticiasradioreflejos.com.ar\/2021\/acusan-a-javier-milei-de-copiar-palabra-por-palabra-a-distintos-intelectuales-para-escribir-sus-columnas-de-opinion\/#breadcrumb\",\"itemListElement\":[{\"@type\":\"ListItem\",\"position\":1,\"name\":\"Portada\",\"item\":\"https:\/\/www.noticiasradioreflejos.com.ar\/2021\/\"},{\"@type\":\"ListItem\",\"position\":2,\"name\":\"Acusan a Javier Milei de copiar \u00abpalabra por palabra\u00bb a distintos intelectuales para escribir sus columnas de opini\u00f3n\"}]},{\"@type\":\"WebSite\",\"@id\":\"https:\/\/www.noticiasradioreflejos.com.ar\/2021\/#website\",\"url\":\"https:\/\/www.noticiasradioreflejos.com.ar\/2021\/\",\"name\":\"Noticias Radio Reflejos\",\"description\":\"Las noticias de mi comarca\",\"potentialAction\":[{\"@type\":\"SearchAction\",\"target\":{\"@type\":\"EntryPoint\",\"urlTemplate\":\"https:\/\/www.noticiasradioreflejos.com.ar\/2021\/?s={search_term_string}\"},\"query-input\":{\"@type\":\"PropertyValueSpecification\",\"valueRequired\":true,\"valueName\":\"search_term_string\"}}],\"inLanguage\":\"es\"},{\"@type\":\"Person\",\"@id\":\"https:\/\/www.noticiasradioreflejos.com.ar\/2021\/#\/schema\/person\/ad82545263dcc5ec0996818884fd5fb1\",\"name\":\"Arnaldo Botto\",\"image\":{\"@type\":\"ImageObject\",\"inLanguage\":\"es\",\"@id\":\"https:\/\/www.noticiasradioreflejos.com.ar\/2021\/#\/schema\/person\/image\/\",\"url\":\"https:\/\/secure.gravatar.com\/avatar\/55cb5e37c1efa326397366e6974cb338056df65cb50e7d64d1cf314e87504837?s=96&d=mm&r=g\",\"contentUrl\":\"https:\/\/secure.gravatar.com\/avatar\/55cb5e37c1efa326397366e6974cb338056df65cb50e7d64d1cf314e87504837?s=96&d=mm&r=g\",\"caption\":\"Arnaldo Botto\"},\"url\":\"https:\/\/www.noticiasradioreflejos.com.ar\/2021\/author\/arnaldo\/\"}]}<\/script>\n<!-- \/ Yoast SEO plugin. -->","yoast_head_json":{"title":"Acusan a Javier Milei de copiar \"palabra por palabra\" a distintos intelectuales para escribir sus columnas de opini\u00f3n - Noticias Radio Reflejos","robots":{"index":"index","follow":"follow","max-snippet":"max-snippet:-1","max-image-preview":"max-image-preview:large","max-video-preview":"max-video-preview:-1"},"canonical":"https:\/\/www.noticiasradioreflejos.com.ar\/2021\/acusan-a-javier-milei-de-copiar-palabra-por-palabra-a-distintos-intelectuales-para-escribir-sus-columnas-de-opinion\/","og_locale":"es_ES","og_type":"article","og_title":"Acusan a Javier Milei de copiar \"palabra por palabra\" a distintos intelectuales para escribir sus columnas de opini\u00f3n - Noticias Radio Reflejos","og_description":"El economista\u00a0Javier Milei, conocido por\u00a0augurar cat\u00e1strofes que nunca se cumplen, sum\u00f3 otro logro en su curr\u00edculum:\u00a0\u00abPlagiador de los principales autores austr\u00edacos\u00bb. As\u00ed lo bautiz\u00f3 el creador del\u00a0blog @marcotullius,\u00a0quien dedic\u00f3 un largo posteo a demostrar c\u00f3mo gran parte de las columnas que\u00a0Javier Milei\u00a0public\u00f3 en\u00a0El Cronista\u00a0son, en realidad, un \u00abControl C + Contol V\u00bb de los principales [&hellip;]","og_url":"https:\/\/www.noticiasradioreflejos.com.ar\/2021\/acusan-a-javier-milei-de-copiar-palabra-por-palabra-a-distintos-intelectuales-para-escribir-sus-columnas-de-opinion\/","og_site_name":"Noticias Radio Reflejos","article_published_time":"2021-08-23T11:13:18+00:00","og_image":[{"url":"https:\/\/images.pagina12.com.ar\/styles\/focal_3_2_960x640\/public\/2021-08\/187680-whatsapp-20image-202021-08-22-20at-2017-18-28.jpeg?itok=VPrbFTbY","type":"","width":"","height":""}],"author":"Arnaldo Botto","twitter_card":"summary_large_image","schema":{"@context":"https:\/\/schema.org","@graph":[{"@type":"WebPage","@id":"https:\/\/www.noticiasradioreflejos.com.ar\/2021\/acusan-a-javier-milei-de-copiar-palabra-por-palabra-a-distintos-intelectuales-para-escribir-sus-columnas-de-opinion\/","url":"https:\/\/www.noticiasradioreflejos.com.ar\/2021\/acusan-a-javier-milei-de-copiar-palabra-por-palabra-a-distintos-intelectuales-para-escribir-sus-columnas-de-opinion\/","name":"Acusan a Javier Milei de copiar \"palabra por palabra\" a distintos intelectuales para escribir sus columnas de opini\u00f3n - Noticias Radio Reflejos","isPartOf":{"@id":"https:\/\/www.noticiasradioreflejos.com.ar\/2021\/#website"},"primaryImageOfPage":{"@id":"https:\/\/www.noticiasradioreflejos.com.ar\/2021\/acusan-a-javier-milei-de-copiar-palabra-por-palabra-a-distintos-intelectuales-para-escribir-sus-columnas-de-opinion\/#primaryimage"},"image":{"@id":"https:\/\/www.noticiasradioreflejos.com.ar\/2021\/acusan-a-javier-milei-de-copiar-palabra-por-palabra-a-distintos-intelectuales-para-escribir-sus-columnas-de-opinion\/#primaryimage"},"thumbnailUrl":"https:\/\/images.pagina12.com.ar\/styles\/focal_3_2_960x640\/public\/2021-08\/187680-whatsapp-20image-202021-08-22-20at-2017-18-28.jpeg?itok=VPrbFTbY","datePublished":"2021-08-23T11:13:18+00:00","author":{"@id":"https:\/\/www.noticiasradioreflejos.com.ar\/2021\/#\/schema\/person\/ad82545263dcc5ec0996818884fd5fb1"},"breadcrumb":{"@id":"https:\/\/www.noticiasradioreflejos.com.ar\/2021\/acusan-a-javier-milei-de-copiar-palabra-por-palabra-a-distintos-intelectuales-para-escribir-sus-columnas-de-opinion\/#breadcrumb"},"inLanguage":"es","potentialAction":[{"@type":"ReadAction","target":["https:\/\/www.noticiasradioreflejos.com.ar\/2021\/acusan-a-javier-milei-de-copiar-palabra-por-palabra-a-distintos-intelectuales-para-escribir-sus-columnas-de-opinion\/"]}]},{"@type":"ImageObject","inLanguage":"es","@id":"https:\/\/www.noticiasradioreflejos.com.ar\/2021\/acusan-a-javier-milei-de-copiar-palabra-por-palabra-a-distintos-intelectuales-para-escribir-sus-columnas-de-opinion\/#primaryimage","url":"https:\/\/images.pagina12.com.ar\/styles\/focal_3_2_960x640\/public\/2021-08\/187680-whatsapp-20image-202021-08-22-20at-2017-18-28.jpeg?itok=VPrbFTbY","contentUrl":"https:\/\/images.pagina12.com.ar\/styles\/focal_3_2_960x640\/public\/2021-08\/187680-whatsapp-20image-202021-08-22-20at-2017-18-28.jpeg?itok=VPrbFTbY"},{"@type":"BreadcrumbList","@id":"https:\/\/www.noticiasradioreflejos.com.ar\/2021\/acusan-a-javier-milei-de-copiar-palabra-por-palabra-a-distintos-intelectuales-para-escribir-sus-columnas-de-opinion\/#breadcrumb","itemListElement":[{"@type":"ListItem","position":1,"name":"Portada","item":"https:\/\/www.noticiasradioreflejos.com.ar\/2021\/"},{"@type":"ListItem","position":2,"name":"Acusan a Javier Milei de copiar \u00abpalabra por palabra\u00bb a distintos intelectuales para escribir sus columnas de opini\u00f3n"}]},{"@type":"WebSite","@id":"https:\/\/www.noticiasradioreflejos.com.ar\/2021\/#website","url":"https:\/\/www.noticiasradioreflejos.com.ar\/2021\/","name":"Noticias Radio Reflejos","description":"Las noticias de mi comarca","potentialAction":[{"@type":"SearchAction","target":{"@type":"EntryPoint","urlTemplate":"https:\/\/www.noticiasradioreflejos.com.ar\/2021\/?s={search_term_string}"},"query-input":{"@type":"PropertyValueSpecification","valueRequired":true,"valueName":"search_term_string"}}],"inLanguage":"es"},{"@type":"Person","@id":"https:\/\/www.noticiasradioreflejos.com.ar\/2021\/#\/schema\/person\/ad82545263dcc5ec0996818884fd5fb1","name":"Arnaldo Botto","image":{"@type":"ImageObject","inLanguage":"es","@id":"https:\/\/www.noticiasradioreflejos.com.ar\/2021\/#\/schema\/person\/image\/","url":"https:\/\/secure.gravatar.com\/avatar\/55cb5e37c1efa326397366e6974cb338056df65cb50e7d64d1cf314e87504837?s=96&d=mm&r=g","contentUrl":"https:\/\/secure.gravatar.com\/avatar\/55cb5e37c1efa326397366e6974cb338056df65cb50e7d64d1cf314e87504837?s=96&d=mm&r=g","caption":"Arnaldo Botto"},"url":"https:\/\/www.noticiasradioreflejos.com.ar\/2021\/author\/arnaldo\/"}]}},"_links":{"self":[{"href":"https:\/\/www.noticiasradioreflejos.com.ar\/2021\/wp-json\/wp\/v2\/posts\/61818","targetHints":{"allow":["GET"]}}],"collection":[{"href":"https:\/\/www.noticiasradioreflejos.com.ar\/2021\/wp-json\/wp\/v2\/posts"}],"about":[{"href":"https:\/\/www.noticiasradioreflejos.com.ar\/2021\/wp-json\/wp\/v2\/types\/post"}],"author":[{"embeddable":true,"href":"https:\/\/www.noticiasradioreflejos.com.ar\/2021\/wp-json\/wp\/v2\/users\/3"}],"replies":[{"embeddable":true,"href":"https:\/\/www.noticiasradioreflejos.com.ar\/2021\/wp-json\/wp\/v2\/comments?post=61818"}],"version-history":[{"count":1,"href":"https:\/\/www.noticiasradioreflejos.com.ar\/2021\/wp-json\/wp\/v2\/posts\/61818\/revisions"}],"predecessor-version":[{"id":61820,"href":"https:\/\/www.noticiasradioreflejos.com.ar\/2021\/wp-json\/wp\/v2\/posts\/61818\/revisions\/61820"}],"wp:attachment":[{"href":"https:\/\/www.noticiasradioreflejos.com.ar\/2021\/wp-json\/wp\/v2\/media?parent=61818"}],"wp:term":[{"taxonomy":"category","embeddable":true,"href":"https:\/\/www.noticiasradioreflejos.com.ar\/2021\/wp-json\/wp\/v2\/categories?post=61818"},{"taxonomy":"post_tag","embeddable":true,"href":"https:\/\/www.noticiasradioreflejos.com.ar\/2021\/wp-json\/wp\/v2\/tags?post=61818"}],"curies":[{"name":"wp","href":"https:\/\/api.w.org\/{rel}","templated":true}]}}