{"id":61809,"date":"2021-08-23T00:49:58","date_gmt":"2021-08-23T00:49:58","guid":{"rendered":"http:\/\/www.noticiasradioreflejos.com.ar\/2021\/?p=61809"},"modified":"2021-08-23T00:49:58","modified_gmt":"2021-08-23T00:49:58","slug":"fallecio-el-denominado-caso-cero-que-infecto-a-mas-de-35-personas-con-la-variante-delta","status":"publish","type":"post","link":"https:\/\/www.noticiasradioreflejos.com.ar\/2021\/fallecio-el-denominado-caso-cero-que-infecto-a-mas-de-35-personas-con-la-variante-delta\/","title":{"rendered":"Falleci\u00f3 el denominado \u00abcaso cero\u00bb que infect\u00f3 a m\u00e1s de 35 personas con la variante Delta"},"content":{"rendered":"<div class=\"head-content\">\n<p>El deceso se dio por la avanzada complicaci\u00f3n en la salud del hombre que hab\u00eda ingresado al pa\u00eds a mediados de julio desde Per\u00fa y que no respet\u00f3 el aislamiento obligatorio. Ten\u00eda 62 a\u00f1os y sufr\u00eda insuficiencia respiratoria causada por neumon\u00eda bilateral grave.<\/p>\n<\/div>\n<p><!--more--><\/p>\n<div class=\"main-content-block\">\n<div class=\"main-box clearfix\">\n<div class=\"wrapper-main-section clearfix\">\n<div class=\"wrapper-editable-content\">\n<div class=\"editable-content clearfix\">\n<div id=\"image\" class=\"image\">\n<div class=\"epigrafe\">El hombre de nacionalidad boliviana conocido como el \u00abcaso cero\u00bb por introducir la variante Delta de coronavirus a C\u00f3rdoba y generar un brote de contagios falleci\u00f3 esta domingo en el Hospital Rawson, donde se encontraba internado desde hace tres semanas.<\/div>\n<\/div>\n<p>El deceso se dio por su avanzada complicaci\u00f3n en la salud, ya que sufr\u00eda \u00abinsuficiencia respiratoria causada por neumon\u00eda bilateral grave\u00bb, informaron fuentes sanitarias.<\/p>\n<p><strong>El fallecido hab\u00eda ingresado al pa\u00eds a mediados de julio desde Lima, Per\u00fa, y no respet\u00f3 el aislamiento obligatorio<\/strong>, adem\u00e1s de participar de reuniones sociales, y gener\u00f3 un foco de contagios intrafamiliares, donde resultaron contagiadas 35 de las 60 personas que portan o portaron esa variante en la provincia mediterr\u00e1nea.<\/p>\n<p>Mientras,\u00a0<strong>el Ministerio de Salud de C\u00f3rdoba notific\u00f3 que en las \u00faltimas 24 horas se conoci\u00f3 un nuevo caso de contagio de coronavirus con la variante Delta, con lo que suman 60 los infectados.<\/strong><\/p>\n<p>El informe oficial indica que el contagio recientemente registrado est\u00e1 vinculado a un contacto estrecho de otra persona que volvi\u00f3 de viaje desde el exterior y que se encuentra realizando el debido aislamiento.<\/p>\n<p>El caso cero o caso \u00edndice en la provincia fue notificado el 29 de julio y se trata de\u00a0<strong>un viajero de 62 a\u00f1os de origen boliviano<\/strong>, residente en la ciudad de C\u00f3rdoba, que arrib\u00f3 proveniente de Lima (Per\u00fa).<\/p>\n<p>De acuerdo con los datos de la causa judicial, promovida por el Gobierno local, el viajero habr\u00eda violado el aislamiento domiciliario que se le hab\u00eda impuesto y gener\u00f3 un brote intrafamiliar.<strong>El hombre habr\u00eda concurrido a un restaurante con su familia y a centros de compra durante el per\u00edodo en que deb\u00eda estar aislado.<\/strong><\/p>\n<p>La Unidad Fiscal de Emergencia (UFES) investiga la causa que tiene como imputadas a otras cuatro personas que,\u00a0<strong>a sabiendas de que el hombre fallecido portaba el virus, compartieron encuentros.<\/strong><\/p>\n<p>En todos los casos est\u00e1n acusados por violar los art\u00edculos 202 y 205 del C\u00f3digo Penal, que\u00a0<strong>establece penas de entre 3 y 15 a\u00f1os de prisi\u00f3n por realizar acciones que propagan la enfermedad viral.<\/strong><\/p>\n<p>Tras conocerse los primeros contagios a finales del mes pasado, la autoridad sanitaria hab\u00eda impuesto el aislamiento preventivo de 800 personas por ser contactos estrechos, contactos de contactos, y de burbujas escolares vinculadas con el denominado &#8216;caso cero&#8217; y su entorno.<\/p><\/div>\n<\/div>\n<\/div>\n<\/div>\n<\/div>\n","protected":false},"excerpt":{"rendered":"<p>El deceso se dio por la avanzada complicaci\u00f3n en la salud del hombre que hab\u00eda ingresado al pa\u00eds a mediados de julio desde Per\u00fa y que no respet\u00f3 el aislamiento obligatorio. Ten\u00eda 62 a\u00f1os y sufr\u00eda insuficiencia respiratoria causada por neumon\u00eda bilateral grave.<\/p>\n","protected":false},"author":3,"featured_media":0,"comment_status":"closed","ping_status":"closed","sticky":false,"template":"","format":"standard","meta":{"footnotes":""},"categories":[30],"tags":[],"class_list":["post-61809","post","type-post","status-publish","format-standard","hentry","category-salud"],"yoast_head":"<!-- This site is optimized with the Yoast SEO plugin v25.9 - https:\/\/yoast.com\/wordpress\/plugins\/seo\/ -->\n<title>Falleci\u00f3 el denominado &quot;caso cero&quot; que infect\u00f3 a m\u00e1s de 35 personas con la variante Delta - Noticias Radio Reflejos<\/title>\n<meta name=\"robots\" content=\"index, follow, max-snippet:-1, max-image-preview:large, max-video-preview:-1\" \/>\n<link rel=\"canonical\" href=\"https:\/\/www.noticiasradioreflejos.com.ar\/2021\/fallecio-el-denominado-caso-cero-que-infecto-a-mas-de-35-personas-con-la-variante-delta\/\" \/>\n<meta property=\"og:locale\" content=\"es_ES\" \/>\n<meta property=\"og:type\" content=\"article\" \/>\n<meta property=\"og:title\" content=\"Falleci\u00f3 el denominado &quot;caso cero&quot; que infect\u00f3 a m\u00e1s de 35 personas con la variante Delta - Noticias Radio Reflejos\" \/>\n<meta property=\"og:description\" content=\"El deceso se dio por la avanzada complicaci\u00f3n en la salud del hombre que hab\u00eda ingresado al pa\u00eds a mediados de julio desde Per\u00fa y que no respet\u00f3 el aislamiento obligatorio. Ten\u00eda 62 a\u00f1os y sufr\u00eda insuficiencia respiratoria causada por neumon\u00eda bilateral grave.\" \/>\n<meta property=\"og:url\" content=\"https:\/\/www.noticiasradioreflejos.com.ar\/2021\/fallecio-el-denominado-caso-cero-que-infecto-a-mas-de-35-personas-con-la-variante-delta\/\" \/>\n<meta property=\"og:site_name\" content=\"Noticias Radio Reflejos\" \/>\n<meta property=\"article:published_time\" content=\"2021-08-23T00:49:58+00:00\" \/>\n<meta property=\"og:image\" content=\"https:\/\/www.noticiasradioreflejos.com.ar\/2021\/wp-content\/uploads\/2021\/07\/logosol300x200.png\" \/>\n\t<meta property=\"og:image:width\" content=\"300\" \/>\n\t<meta property=\"og:image:height\" content=\"200\" \/>\n\t<meta property=\"og:image:type\" content=\"image\/png\" \/>\n<meta name=\"author\" content=\"Arnaldo Botto\" \/>\n<meta name=\"twitter:card\" content=\"summary_large_image\" \/>\n<script type=\"application\/ld+json\" class=\"yoast-schema-graph\">{\"@context\":\"https:\/\/schema.org\",\"@graph\":[{\"@type\":\"WebPage\",\"@id\":\"https:\/\/www.noticiasradioreflejos.com.ar\/2021\/fallecio-el-denominado-caso-cero-que-infecto-a-mas-de-35-personas-con-la-variante-delta\/\",\"url\":\"https:\/\/www.noticiasradioreflejos.com.ar\/2021\/fallecio-el-denominado-caso-cero-que-infecto-a-mas-de-35-personas-con-la-variante-delta\/\",\"name\":\"Falleci\u00f3 el denominado \\\"caso cero\\\" que infect\u00f3 a m\u00e1s de 35 personas con la variante Delta - Noticias Radio Reflejos\",\"isPartOf\":{\"@id\":\"https:\/\/www.noticiasradioreflejos.com.ar\/2021\/#website\"},\"datePublished\":\"2021-08-23T00:49:58+00:00\",\"author\":{\"@id\":\"https:\/\/www.noticiasradioreflejos.com.ar\/2021\/#\/schema\/person\/ad82545263dcc5ec0996818884fd5fb1\"},\"breadcrumb\":{\"@id\":\"https:\/\/www.noticiasradioreflejos.com.ar\/2021\/fallecio-el-denominado-caso-cero-que-infecto-a-mas-de-35-personas-con-la-variante-delta\/#breadcrumb\"},\"inLanguage\":\"es\",\"potentialAction\":[{\"@type\":\"ReadAction\",\"target\":[\"https:\/\/www.noticiasradioreflejos.com.ar\/2021\/fallecio-el-denominado-caso-cero-que-infecto-a-mas-de-35-personas-con-la-variante-delta\/\"]}]},{\"@type\":\"BreadcrumbList\",\"@id\":\"https:\/\/www.noticiasradioreflejos.com.ar\/2021\/fallecio-el-denominado-caso-cero-que-infecto-a-mas-de-35-personas-con-la-variante-delta\/#breadcrumb\",\"itemListElement\":[{\"@type\":\"ListItem\",\"position\":1,\"name\":\"Portada\",\"item\":\"https:\/\/www.noticiasradioreflejos.com.ar\/2021\/\"},{\"@type\":\"ListItem\",\"position\":2,\"name\":\"Falleci\u00f3 el denominado \u00abcaso cero\u00bb que infect\u00f3 a m\u00e1s de 35 personas con la variante Delta\"}]},{\"@type\":\"WebSite\",\"@id\":\"https:\/\/www.noticiasradioreflejos.com.ar\/2021\/#website\",\"url\":\"https:\/\/www.noticiasradioreflejos.com.ar\/2021\/\",\"name\":\"Noticias Radio Reflejos\",\"description\":\"Las noticias de mi comarca\",\"potentialAction\":[{\"@type\":\"SearchAction\",\"target\":{\"@type\":\"EntryPoint\",\"urlTemplate\":\"https:\/\/www.noticiasradioreflejos.com.ar\/2021\/?s={search_term_string}\"},\"query-input\":{\"@type\":\"PropertyValueSpecification\",\"valueRequired\":true,\"valueName\":\"search_term_string\"}}],\"inLanguage\":\"es\"},{\"@type\":\"Person\",\"@id\":\"https:\/\/www.noticiasradioreflejos.com.ar\/2021\/#\/schema\/person\/ad82545263dcc5ec0996818884fd5fb1\",\"name\":\"Arnaldo Botto\",\"image\":{\"@type\":\"ImageObject\",\"inLanguage\":\"es\",\"@id\":\"https:\/\/www.noticiasradioreflejos.com.ar\/2021\/#\/schema\/person\/image\/\",\"url\":\"https:\/\/secure.gravatar.com\/avatar\/55cb5e37c1efa326397366e6974cb338056df65cb50e7d64d1cf314e87504837?s=96&d=mm&r=g\",\"contentUrl\":\"https:\/\/secure.gravatar.com\/avatar\/55cb5e37c1efa326397366e6974cb338056df65cb50e7d64d1cf314e87504837?s=96&d=mm&r=g\",\"caption\":\"Arnaldo Botto\"},\"url\":\"https:\/\/www.noticiasradioreflejos.com.ar\/2021\/author\/arnaldo\/\"}]}<\/script>\n<!-- \/ Yoast SEO plugin. -->","yoast_head_json":{"title":"Falleci\u00f3 el denominado \"caso cero\" que infect\u00f3 a m\u00e1s de 35 personas con la variante Delta - Noticias Radio Reflejos","robots":{"index":"index","follow":"follow","max-snippet":"max-snippet:-1","max-image-preview":"max-image-preview:large","max-video-preview":"max-video-preview:-1"},"canonical":"https:\/\/www.noticiasradioreflejos.com.ar\/2021\/fallecio-el-denominado-caso-cero-que-infecto-a-mas-de-35-personas-con-la-variante-delta\/","og_locale":"es_ES","og_type":"article","og_title":"Falleci\u00f3 el denominado \"caso cero\" que infect\u00f3 a m\u00e1s de 35 personas con la variante Delta - Noticias Radio Reflejos","og_description":"El deceso se dio por la avanzada complicaci\u00f3n en la salud del hombre que hab\u00eda ingresado al pa\u00eds a mediados de julio desde Per\u00fa y que no respet\u00f3 el aislamiento obligatorio. Ten\u00eda 62 a\u00f1os y sufr\u00eda insuficiencia respiratoria causada por neumon\u00eda bilateral grave.","og_url":"https:\/\/www.noticiasradioreflejos.com.ar\/2021\/fallecio-el-denominado-caso-cero-que-infecto-a-mas-de-35-personas-con-la-variante-delta\/","og_site_name":"Noticias Radio Reflejos","article_published_time":"2021-08-23T00:49:58+00:00","og_image":[{"width":300,"height":200,"url":"https:\/\/www.noticiasradioreflejos.com.ar\/2021\/wp-content\/uploads\/2021\/07\/logosol300x200.png","type":"image\/png"}],"author":"Arnaldo Botto","twitter_card":"summary_large_image","schema":{"@context":"https:\/\/schema.org","@graph":[{"@type":"WebPage","@id":"https:\/\/www.noticiasradioreflejos.com.ar\/2021\/fallecio-el-denominado-caso-cero-que-infecto-a-mas-de-35-personas-con-la-variante-delta\/","url":"https:\/\/www.noticiasradioreflejos.com.ar\/2021\/fallecio-el-denominado-caso-cero-que-infecto-a-mas-de-35-personas-con-la-variante-delta\/","name":"Falleci\u00f3 el denominado \"caso cero\" que infect\u00f3 a m\u00e1s de 35 personas con la variante Delta - Noticias Radio Reflejos","isPartOf":{"@id":"https:\/\/www.noticiasradioreflejos.com.ar\/2021\/#website"},"datePublished":"2021-08-23T00:49:58+00:00","author":{"@id":"https:\/\/www.noticiasradioreflejos.com.ar\/2021\/#\/schema\/person\/ad82545263dcc5ec0996818884fd5fb1"},"breadcrumb":{"@id":"https:\/\/www.noticiasradioreflejos.com.ar\/2021\/fallecio-el-denominado-caso-cero-que-infecto-a-mas-de-35-personas-con-la-variante-delta\/#breadcrumb"},"inLanguage":"es","potentialAction":[{"@type":"ReadAction","target":["https:\/\/www.noticiasradioreflejos.com.ar\/2021\/fallecio-el-denominado-caso-cero-que-infecto-a-mas-de-35-personas-con-la-variante-delta\/"]}]},{"@type":"BreadcrumbList","@id":"https:\/\/www.noticiasradioreflejos.com.ar\/2021\/fallecio-el-denominado-caso-cero-que-infecto-a-mas-de-35-personas-con-la-variante-delta\/#breadcrumb","itemListElement":[{"@type":"ListItem","position":1,"name":"Portada","item":"https:\/\/www.noticiasradioreflejos.com.ar\/2021\/"},{"@type":"ListItem","position":2,"name":"Falleci\u00f3 el denominado \u00abcaso cero\u00bb que infect\u00f3 a m\u00e1s de 35 personas con la variante Delta"}]},{"@type":"WebSite","@id":"https:\/\/www.noticiasradioreflejos.com.ar\/2021\/#website","url":"https:\/\/www.noticiasradioreflejos.com.ar\/2021\/","name":"Noticias Radio Reflejos","description":"Las noticias de mi comarca","potentialAction":[{"@type":"SearchAction","target":{"@type":"EntryPoint","urlTemplate":"https:\/\/www.noticiasradioreflejos.com.ar\/2021\/?s={search_term_string}"},"query-input":{"@type":"PropertyValueSpecification","valueRequired":true,"valueName":"search_term_string"}}],"inLanguage":"es"},{"@type":"Person","@id":"https:\/\/www.noticiasradioreflejos.com.ar\/2021\/#\/schema\/person\/ad82545263dcc5ec0996818884fd5fb1","name":"Arnaldo Botto","image":{"@type":"ImageObject","inLanguage":"es","@id":"https:\/\/www.noticiasradioreflejos.com.ar\/2021\/#\/schema\/person\/image\/","url":"https:\/\/secure.gravatar.com\/avatar\/55cb5e37c1efa326397366e6974cb338056df65cb50e7d64d1cf314e87504837?s=96&d=mm&r=g","contentUrl":"https:\/\/secure.gravatar.com\/avatar\/55cb5e37c1efa326397366e6974cb338056df65cb50e7d64d1cf314e87504837?s=96&d=mm&r=g","caption":"Arnaldo Botto"},"url":"https:\/\/www.noticiasradioreflejos.com.ar\/2021\/author\/arnaldo\/"}]}},"_links":{"self":[{"href":"https:\/\/www.noticiasradioreflejos.com.ar\/2021\/wp-json\/wp\/v2\/posts\/61809","targetHints":{"allow":["GET"]}}],"collection":[{"href":"https:\/\/www.noticiasradioreflejos.com.ar\/2021\/wp-json\/wp\/v2\/posts"}],"about":[{"href":"https:\/\/www.noticiasradioreflejos.com.ar\/2021\/wp-json\/wp\/v2\/types\/post"}],"author":[{"embeddable":true,"href":"https:\/\/www.noticiasradioreflejos.com.ar\/2021\/wp-json\/wp\/v2\/users\/3"}],"replies":[{"embeddable":true,"href":"https:\/\/www.noticiasradioreflejos.com.ar\/2021\/wp-json\/wp\/v2\/comments?post=61809"}],"version-history":[{"count":1,"href":"https:\/\/www.noticiasradioreflejos.com.ar\/2021\/wp-json\/wp\/v2\/posts\/61809\/revisions"}],"predecessor-version":[{"id":61811,"href":"https:\/\/www.noticiasradioreflejos.com.ar\/2021\/wp-json\/wp\/v2\/posts\/61809\/revisions\/61811"}],"wp:attachment":[{"href":"https:\/\/www.noticiasradioreflejos.com.ar\/2021\/wp-json\/wp\/v2\/media?parent=61809"}],"wp:term":[{"taxonomy":"category","embeddable":true,"href":"https:\/\/www.noticiasradioreflejos.com.ar\/2021\/wp-json\/wp\/v2\/categories?post=61809"},{"taxonomy":"post_tag","embeddable":true,"href":"https:\/\/www.noticiasradioreflejos.com.ar\/2021\/wp-json\/wp\/v2\/tags?post=61809"}],"curies":[{"name":"wp","href":"https:\/\/api.w.org\/{rel}","templated":true}]}}