{"id":61759,"date":"2021-08-20T21:44:50","date_gmt":"2021-08-20T21:44:50","guid":{"rendered":"http:\/\/www.noticiasradioreflejos.com.ar\/2021\/?p=61759"},"modified":"2021-08-20T21:44:50","modified_gmt":"2021-08-20T21:44:50","slug":"cerca-de-tres-arroyos-dos-bahienses-murieron-en-un-choque-en-la-ruta-3","status":"publish","type":"post","link":"https:\/\/www.noticiasradioreflejos.com.ar\/2021\/cerca-de-tres-arroyos-dos-bahienses-murieron-en-un-choque-en-la-ruta-3\/","title":{"rendered":"Cerca de Tres Arroyos: dos bahienses murieron en un choque en la Ruta 3"},"content":{"rendered":"<header id=\"mvp-post-head\" class=\"left relative\">Los vecinos de Bah\u00eda Blanca viajaban en un autom\u00f3vil Suzuki Fun. El conductor del otro veh\u00edculo fue hospitalizado.<\/p>\n<\/header>\n<p><!--more--><\/p>\n<div class=\"mvp-post-main-out left relative\">\n<div class=\"mvp-post-main-in\">\n<div id=\"mvp-post-content\" class=\"left relative\">\n<div id=\"mvp-post-feat-img\" class=\"left relative mvp-post-feat-img-wide2\"><img loading=\"lazy\" decoding=\"async\" class=\"attachment- size- wp-post-image\" src=\"https:\/\/www.labrujula24.com\/wp-content\/uploads\/2021\/08\/siniestro.jpg\" sizes=\"auto, (max-width: 1200px) 100vw, 1200px\" srcset=\"https:\/\/www.labrujula24.com\/wp-content\/uploads\/2021\/08\/siniestro.jpg 1200w, https:\/\/www.labrujula24.com\/wp-content\/uploads\/2021\/08\/siniestro-768x486.jpg 768w\" alt=\"\" width=\"1200\" height=\"760\" \/><\/div>\n<p><span style=\"color: #ff6600;\"><em><span class=\"mvp-feat-caption\">EL Suzuki Fun en el que se movilizaban los vecinos bahienses que murieron en el choque. FOTO LA VOZ DEL PUEBLO<\/span><\/em><\/span><\/p>\n<div id=\"mvp-content-wrap\" class=\"left relative\">\n<div class=\"mvp-post-soc-out right relative\">\n<div class=\"mvp-post-soc-in\">\n<div id=\"mvp-content-body\" class=\"left relative\">\n<div id=\"mvp-content-body-top\" class=\"left relative\">\n<div id=\"mvp-content-main\" class=\"left relative\">\n<div id=\"textbody\">\n<div class=\"code-block code-block-2\">\n<div class=\"at-above-post\" data-url=\"https:\/\/www.labrujula24.com\/notas\/2021\/08\/20\/cerca-de-tres-arroyos-dos-bahienses-murieron-en-un-choque-en-la-ruta-3-n152127\/\" data-title=\"Cerca de Tres Arroyos: dos bahienses murieron en un choque en la Ruta 3\" data-description=\"Los vecinos de Bah\u00eda Blanca viajaban en un autom\u00f3vil Suzuki Fun. El conductor del otro veh\u00edculo fue hospitalizado.\">\n<div id=\"atstbx\" class=\"at-resp-share-element at-style-responsive addthis-smartlayers addthis-animated at4-show\" role=\"region\" aria-labelledby=\"at-df1d6577-e87f-4baf-a3a6-d5750285e184\"><span id=\"at-df1d6577-e87f-4baf-a3a6-d5750285e184\" class=\"at4-visually-hidden\"><\/span><\/p>\n<div class=\"at-share-btn-elements\"><\/div>\n<\/div>\n<\/div>\n<\/div>\n<p>Dos vecinos bahienses murieron esta ma\u00f1ana en un fort\u00edsimo choque ocurrido en la Ruta 3, a la altura del kil\u00f3metro 515, cerca del ingreso a Micaela Cascallares y a pocos kil\u00f3metros de la ciudad de Tres Arroyos.<\/p>\n<p>Los fallecidos fueron identificados por la polic\u00eda como Ana Mar\u00eda Domenech, de 77 a\u00f1os (conductora) y Jos\u00e9 Antonio Gordovil, de 82 a\u00f1os.<\/p>\n<div class=\"code-block code-block-11\"><\/div>\n<p>Un tercer protagonista del tr\u00e1gico hecho es el tresarroyense Julio Alfredo Doglioli, quien es asistido de m\u00faltiples lesiones en el Hospital Pirovano.<\/p>\n<p>El siniestro vial sucedi\u00f3 pasadas las 10 cuando chocaron un Suzuki Fun y un Renault Clio.<\/p>\n<div class=\"code-block code-block-1\"><\/div>\n<figure class=\"wp-block-embed is-type-video is-provider-youtube wp-block-embed-youtube wp-embed-aspect-16-9 wp-has-aspect-ratio\">\n<div class=\"wp-block-embed__wrapper\"><iframe loading=\"lazy\" title=\"Tr\u00e1gico accidente en el ingreso a Cascallares: dos fallecidos\" src=\"https:\/\/www.youtube.com\/embed\/qF-Gs_aoskc?start=42&amp;feature=oembed\" width=\"740\" height=\"416\" frameborder=\"0\" allowfullscreen=\"allowfullscreen\" data-mce-fragment=\"1\"><\/iframe><\/div>\n<\/figure>\n<p>Los bahienses fallecieron en el acto y el conductor del Clio fue trasladado \u2013consciente- al centro de salud de Tres Arroyos.<\/p>\n<p>Doglioli, de 59 a\u00f1os, se dirig\u00eda a Bah\u00eda Blanca, donde se realizar\u00eda controles m\u00e9dicos.<\/p>\n<p>Domenech y Gordovil circulaban en sentido hacia Tres Arroyos.<\/p>\n<figure class=\"wp-block-image size-large\"><img loading=\"lazy\" decoding=\"async\" class=\"wp-image-152129\" src=\"https:\/\/www.labrujula24.com\/wp-content\/uploads\/2021\/08\/siniestro-2.jpg\" sizes=\"auto, (max-width: 1200px) 100vw, 1200px\" srcset=\"https:\/\/www.labrujula24.com\/wp-content\/uploads\/2021\/08\/siniestro-2.jpg 1200w, https:\/\/www.labrujula24.com\/wp-content\/uploads\/2021\/08\/siniestro-2-768x567.jpg 768w\" alt=\"\" width=\"1200\" height=\"886\" \/><figcaption><span style=\"color: #ff6600;\"><em>EL RENAULT CLIO QUE PROTAGONIZ\u00d3 EL FORT\u00cdSIMO CHOQUE. FOTO LA VOZ DEL PUEBLO<\/em><\/span><\/figcaption><\/figure>\n<p>Ambos veh\u00edculos quedaron destrozados tras el violento impacto: el Suzuki Fun volcado a un lado de la banquina y el Clio casi sobre la ruta, con su frente visiblemente da\u00f1ado.<\/p>\n<div class=\"code-block code-block-6\"><\/div>\n<p>Fuente: La Voz del Pueblo y LA BR\u00daJULA 24<\/p>\n<\/div>\n<\/div>\n<\/div>\n<\/div>\n<\/div>\n<\/div>\n<\/div>\n<\/div>\n<\/div>\n<\/div>\n","protected":false},"excerpt":{"rendered":"<p>Los vecinos de Bah\u00eda Blanca viajaban en un autom\u00f3vil Suzuki Fun. El conductor del otro veh\u00edculo fue hospitalizado.<\/p>\n","protected":false},"author":3,"featured_media":0,"comment_status":"closed","ping_status":"closed","sticky":false,"template":"","format":"standard","meta":{"footnotes":""},"categories":[29],"tags":[],"class_list":["post-61759","post","type-post","status-publish","format-standard","hentry","category-policiales"],"yoast_head":"<!-- This site is optimized with the Yoast SEO plugin v25.9 - https:\/\/yoast.com\/wordpress\/plugins\/seo\/ -->\n<title>Cerca de Tres Arroyos: dos bahienses murieron en un choque en la Ruta 3 - Noticias Radio Reflejos<\/title>\n<meta name=\"robots\" content=\"index, follow, max-snippet:-1, max-image-preview:large, max-video-preview:-1\" \/>\n<link rel=\"canonical\" href=\"https:\/\/www.noticiasradioreflejos.com.ar\/2021\/cerca-de-tres-arroyos-dos-bahienses-murieron-en-un-choque-en-la-ruta-3\/\" \/>\n<meta property=\"og:locale\" content=\"es_ES\" \/>\n<meta property=\"og:type\" content=\"article\" \/>\n<meta property=\"og:title\" content=\"Cerca de Tres Arroyos: dos bahienses murieron en un choque en la Ruta 3 - Noticias Radio Reflejos\" \/>\n<meta property=\"og:description\" content=\"Los vecinos de Bah\u00eda Blanca viajaban en un autom\u00f3vil Suzuki Fun. El conductor del otro veh\u00edculo fue hospitalizado.\" \/>\n<meta property=\"og:url\" content=\"https:\/\/www.noticiasradioreflejos.com.ar\/2021\/cerca-de-tres-arroyos-dos-bahienses-murieron-en-un-choque-en-la-ruta-3\/\" \/>\n<meta property=\"og:site_name\" content=\"Noticias Radio Reflejos\" \/>\n<meta property=\"article:published_time\" content=\"2021-08-20T21:44:50+00:00\" \/>\n<meta property=\"og:image\" content=\"https:\/\/www.labrujula24.com\/wp-content\/uploads\/2021\/08\/siniestro.jpg\" \/>\n<meta name=\"author\" content=\"Arnaldo Botto\" \/>\n<meta name=\"twitter:card\" content=\"summary_large_image\" \/>\n<script type=\"application\/ld+json\" class=\"yoast-schema-graph\">{\"@context\":\"https:\/\/schema.org\",\"@graph\":[{\"@type\":\"WebPage\",\"@id\":\"https:\/\/www.noticiasradioreflejos.com.ar\/2021\/cerca-de-tres-arroyos-dos-bahienses-murieron-en-un-choque-en-la-ruta-3\/\",\"url\":\"https:\/\/www.noticiasradioreflejos.com.ar\/2021\/cerca-de-tres-arroyos-dos-bahienses-murieron-en-un-choque-en-la-ruta-3\/\",\"name\":\"Cerca de Tres Arroyos: dos bahienses murieron en un choque en la Ruta 3 - Noticias Radio Reflejos\",\"isPartOf\":{\"@id\":\"https:\/\/www.noticiasradioreflejos.com.ar\/2021\/#website\"},\"primaryImageOfPage\":{\"@id\":\"https:\/\/www.noticiasradioreflejos.com.ar\/2021\/cerca-de-tres-arroyos-dos-bahienses-murieron-en-un-choque-en-la-ruta-3\/#primaryimage\"},\"image\":{\"@id\":\"https:\/\/www.noticiasradioreflejos.com.ar\/2021\/cerca-de-tres-arroyos-dos-bahienses-murieron-en-un-choque-en-la-ruta-3\/#primaryimage\"},\"thumbnailUrl\":\"https:\/\/www.labrujula24.com\/wp-content\/uploads\/2021\/08\/siniestro.jpg\",\"datePublished\":\"2021-08-20T21:44:50+00:00\",\"author\":{\"@id\":\"https:\/\/www.noticiasradioreflejos.com.ar\/2021\/#\/schema\/person\/ad82545263dcc5ec0996818884fd5fb1\"},\"breadcrumb\":{\"@id\":\"https:\/\/www.noticiasradioreflejos.com.ar\/2021\/cerca-de-tres-arroyos-dos-bahienses-murieron-en-un-choque-en-la-ruta-3\/#breadcrumb\"},\"inLanguage\":\"es\",\"potentialAction\":[{\"@type\":\"ReadAction\",\"target\":[\"https:\/\/www.noticiasradioreflejos.com.ar\/2021\/cerca-de-tres-arroyos-dos-bahienses-murieron-en-un-choque-en-la-ruta-3\/\"]}]},{\"@type\":\"ImageObject\",\"inLanguage\":\"es\",\"@id\":\"https:\/\/www.noticiasradioreflejos.com.ar\/2021\/cerca-de-tres-arroyos-dos-bahienses-murieron-en-un-choque-en-la-ruta-3\/#primaryimage\",\"url\":\"https:\/\/www.labrujula24.com\/wp-content\/uploads\/2021\/08\/siniestro.jpg\",\"contentUrl\":\"https:\/\/www.labrujula24.com\/wp-content\/uploads\/2021\/08\/siniestro.jpg\"},{\"@type\":\"BreadcrumbList\",\"@id\":\"https:\/\/www.noticiasradioreflejos.com.ar\/2021\/cerca-de-tres-arroyos-dos-bahienses-murieron-en-un-choque-en-la-ruta-3\/#breadcrumb\",\"itemListElement\":[{\"@type\":\"ListItem\",\"position\":1,\"name\":\"Portada\",\"item\":\"https:\/\/www.noticiasradioreflejos.com.ar\/2021\/\"},{\"@type\":\"ListItem\",\"position\":2,\"name\":\"Cerca de Tres Arroyos: dos bahienses murieron en un choque en la Ruta 3\"}]},{\"@type\":\"WebSite\",\"@id\":\"https:\/\/www.noticiasradioreflejos.com.ar\/2021\/#website\",\"url\":\"https:\/\/www.noticiasradioreflejos.com.ar\/2021\/\",\"name\":\"Noticias Radio Reflejos\",\"description\":\"Las noticias de mi comarca\",\"potentialAction\":[{\"@type\":\"SearchAction\",\"target\":{\"@type\":\"EntryPoint\",\"urlTemplate\":\"https:\/\/www.noticiasradioreflejos.com.ar\/2021\/?s={search_term_string}\"},\"query-input\":{\"@type\":\"PropertyValueSpecification\",\"valueRequired\":true,\"valueName\":\"search_term_string\"}}],\"inLanguage\":\"es\"},{\"@type\":\"Person\",\"@id\":\"https:\/\/www.noticiasradioreflejos.com.ar\/2021\/#\/schema\/person\/ad82545263dcc5ec0996818884fd5fb1\",\"name\":\"Arnaldo Botto\",\"image\":{\"@type\":\"ImageObject\",\"inLanguage\":\"es\",\"@id\":\"https:\/\/www.noticiasradioreflejos.com.ar\/2021\/#\/schema\/person\/image\/\",\"url\":\"https:\/\/secure.gravatar.com\/avatar\/55cb5e37c1efa326397366e6974cb338056df65cb50e7d64d1cf314e87504837?s=96&d=mm&r=g\",\"contentUrl\":\"https:\/\/secure.gravatar.com\/avatar\/55cb5e37c1efa326397366e6974cb338056df65cb50e7d64d1cf314e87504837?s=96&d=mm&r=g\",\"caption\":\"Arnaldo Botto\"},\"url\":\"https:\/\/www.noticiasradioreflejos.com.ar\/2021\/author\/arnaldo\/\"}]}<\/script>\n<!-- \/ Yoast SEO plugin. -->","yoast_head_json":{"title":"Cerca de Tres Arroyos: dos bahienses murieron en un choque en la Ruta 3 - Noticias Radio Reflejos","robots":{"index":"index","follow":"follow","max-snippet":"max-snippet:-1","max-image-preview":"max-image-preview:large","max-video-preview":"max-video-preview:-1"},"canonical":"https:\/\/www.noticiasradioreflejos.com.ar\/2021\/cerca-de-tres-arroyos-dos-bahienses-murieron-en-un-choque-en-la-ruta-3\/","og_locale":"es_ES","og_type":"article","og_title":"Cerca de Tres Arroyos: dos bahienses murieron en un choque en la Ruta 3 - Noticias Radio Reflejos","og_description":"Los vecinos de Bah\u00eda Blanca viajaban en un autom\u00f3vil Suzuki Fun. El conductor del otro veh\u00edculo fue hospitalizado.","og_url":"https:\/\/www.noticiasradioreflejos.com.ar\/2021\/cerca-de-tres-arroyos-dos-bahienses-murieron-en-un-choque-en-la-ruta-3\/","og_site_name":"Noticias Radio Reflejos","article_published_time":"2021-08-20T21:44:50+00:00","og_image":[{"url":"https:\/\/www.labrujula24.com\/wp-content\/uploads\/2021\/08\/siniestro.jpg","type":"","width":"","height":""}],"author":"Arnaldo Botto","twitter_card":"summary_large_image","schema":{"@context":"https:\/\/schema.org","@graph":[{"@type":"WebPage","@id":"https:\/\/www.noticiasradioreflejos.com.ar\/2021\/cerca-de-tres-arroyos-dos-bahienses-murieron-en-un-choque-en-la-ruta-3\/","url":"https:\/\/www.noticiasradioreflejos.com.ar\/2021\/cerca-de-tres-arroyos-dos-bahienses-murieron-en-un-choque-en-la-ruta-3\/","name":"Cerca de Tres Arroyos: dos bahienses murieron en un choque en la Ruta 3 - Noticias Radio Reflejos","isPartOf":{"@id":"https:\/\/www.noticiasradioreflejos.com.ar\/2021\/#website"},"primaryImageOfPage":{"@id":"https:\/\/www.noticiasradioreflejos.com.ar\/2021\/cerca-de-tres-arroyos-dos-bahienses-murieron-en-un-choque-en-la-ruta-3\/#primaryimage"},"image":{"@id":"https:\/\/www.noticiasradioreflejos.com.ar\/2021\/cerca-de-tres-arroyos-dos-bahienses-murieron-en-un-choque-en-la-ruta-3\/#primaryimage"},"thumbnailUrl":"https:\/\/www.labrujula24.com\/wp-content\/uploads\/2021\/08\/siniestro.jpg","datePublished":"2021-08-20T21:44:50+00:00","author":{"@id":"https:\/\/www.noticiasradioreflejos.com.ar\/2021\/#\/schema\/person\/ad82545263dcc5ec0996818884fd5fb1"},"breadcrumb":{"@id":"https:\/\/www.noticiasradioreflejos.com.ar\/2021\/cerca-de-tres-arroyos-dos-bahienses-murieron-en-un-choque-en-la-ruta-3\/#breadcrumb"},"inLanguage":"es","potentialAction":[{"@type":"ReadAction","target":["https:\/\/www.noticiasradioreflejos.com.ar\/2021\/cerca-de-tres-arroyos-dos-bahienses-murieron-en-un-choque-en-la-ruta-3\/"]}]},{"@type":"ImageObject","inLanguage":"es","@id":"https:\/\/www.noticiasradioreflejos.com.ar\/2021\/cerca-de-tres-arroyos-dos-bahienses-murieron-en-un-choque-en-la-ruta-3\/#primaryimage","url":"https:\/\/www.labrujula24.com\/wp-content\/uploads\/2021\/08\/siniestro.jpg","contentUrl":"https:\/\/www.labrujula24.com\/wp-content\/uploads\/2021\/08\/siniestro.jpg"},{"@type":"BreadcrumbList","@id":"https:\/\/www.noticiasradioreflejos.com.ar\/2021\/cerca-de-tres-arroyos-dos-bahienses-murieron-en-un-choque-en-la-ruta-3\/#breadcrumb","itemListElement":[{"@type":"ListItem","position":1,"name":"Portada","item":"https:\/\/www.noticiasradioreflejos.com.ar\/2021\/"},{"@type":"ListItem","position":2,"name":"Cerca de Tres Arroyos: dos bahienses murieron en un choque en la Ruta 3"}]},{"@type":"WebSite","@id":"https:\/\/www.noticiasradioreflejos.com.ar\/2021\/#website","url":"https:\/\/www.noticiasradioreflejos.com.ar\/2021\/","name":"Noticias Radio Reflejos","description":"Las noticias de mi comarca","potentialAction":[{"@type":"SearchAction","target":{"@type":"EntryPoint","urlTemplate":"https:\/\/www.noticiasradioreflejos.com.ar\/2021\/?s={search_term_string}"},"query-input":{"@type":"PropertyValueSpecification","valueRequired":true,"valueName":"search_term_string"}}],"inLanguage":"es"},{"@type":"Person","@id":"https:\/\/www.noticiasradioreflejos.com.ar\/2021\/#\/schema\/person\/ad82545263dcc5ec0996818884fd5fb1","name":"Arnaldo Botto","image":{"@type":"ImageObject","inLanguage":"es","@id":"https:\/\/www.noticiasradioreflejos.com.ar\/2021\/#\/schema\/person\/image\/","url":"https:\/\/secure.gravatar.com\/avatar\/55cb5e37c1efa326397366e6974cb338056df65cb50e7d64d1cf314e87504837?s=96&d=mm&r=g","contentUrl":"https:\/\/secure.gravatar.com\/avatar\/55cb5e37c1efa326397366e6974cb338056df65cb50e7d64d1cf314e87504837?s=96&d=mm&r=g","caption":"Arnaldo Botto"},"url":"https:\/\/www.noticiasradioreflejos.com.ar\/2021\/author\/arnaldo\/"}]}},"_links":{"self":[{"href":"https:\/\/www.noticiasradioreflejos.com.ar\/2021\/wp-json\/wp\/v2\/posts\/61759","targetHints":{"allow":["GET"]}}],"collection":[{"href":"https:\/\/www.noticiasradioreflejos.com.ar\/2021\/wp-json\/wp\/v2\/posts"}],"about":[{"href":"https:\/\/www.noticiasradioreflejos.com.ar\/2021\/wp-json\/wp\/v2\/types\/post"}],"author":[{"embeddable":true,"href":"https:\/\/www.noticiasradioreflejos.com.ar\/2021\/wp-json\/wp\/v2\/users\/3"}],"replies":[{"embeddable":true,"href":"https:\/\/www.noticiasradioreflejos.com.ar\/2021\/wp-json\/wp\/v2\/comments?post=61759"}],"version-history":[{"count":1,"href":"https:\/\/www.noticiasradioreflejos.com.ar\/2021\/wp-json\/wp\/v2\/posts\/61759\/revisions"}],"predecessor-version":[{"id":61761,"href":"https:\/\/www.noticiasradioreflejos.com.ar\/2021\/wp-json\/wp\/v2\/posts\/61759\/revisions\/61761"}],"wp:attachment":[{"href":"https:\/\/www.noticiasradioreflejos.com.ar\/2021\/wp-json\/wp\/v2\/media?parent=61759"}],"wp:term":[{"taxonomy":"category","embeddable":true,"href":"https:\/\/www.noticiasradioreflejos.com.ar\/2021\/wp-json\/wp\/v2\/categories?post=61759"},{"taxonomy":"post_tag","embeddable":true,"href":"https:\/\/www.noticiasradioreflejos.com.ar\/2021\/wp-json\/wp\/v2\/tags?post=61759"}],"curies":[{"name":"wp","href":"https:\/\/api.w.org\/{rel}","templated":true}]}}