{"id":61753,"date":"2021-08-20T21:33:26","date_gmt":"2021-08-20T21:33:26","guid":{"rendered":"http:\/\/www.noticiasradioreflejos.com.ar\/2021\/?p=61753"},"modified":"2021-08-20T21:39:53","modified_gmt":"2021-08-20T21:39:53","slug":"sierra-de-la-ventana-luego-de-3-allanamientos-esclarecen-robo-en-el-barrio-golf","status":"publish","type":"post","link":"https:\/\/www.noticiasradioreflejos.com.ar\/2021\/sierra-de-la-ventana-luego-de-3-allanamientos-esclarecen-robo-en-el-barrio-golf\/","title":{"rendered":"Sierra de la Ventana: Luego de 3 allanamientos esclarecen robo en el Barrio Golf"},"content":{"rendered":"<p>Personal de la Subcomisaria de Sierra de la Ventana llev\u00f3 a cabo 3 allanamientos durante la tarde de este jueves 19 de agosto tras lo cual, lograron esclarecer un robo que tuvo lugar en el Barrio Golf de esta localidad. En los allanamientos encontraron marihuana, por lo que se inici\u00f3 una causa por tenencia de Estupefacientes.<!--more--><\/p>\n<h4>Parte de Prensa<\/h4>\n<p>En\u00a0 el d\u00eda de ayer, en horas de la tarde, personal policial de la Subestaci\u00f3n de Polic\u00eda Comunal de Sierra de la Ventana, llev\u00f3 a cabo 3 allanamientos en procura del esclarecimiento de un hecho de Hurto denunciado por el ciudadano Villalba Rodrigo Daniel en su vivienda ubicada en el Barrio Golf de ese medio.<\/p>\n<p>Tras amplias tareas investigativas, relevamiento de c\u00e1maras, como as\u00ed tambi\u00e9n el aporte de vecinos comprometidos con la seguridad de la localidad, se lograron reunir los elementos de prueba necesarios para que el Sr. Ayudante Fiscal a cargo de la Fiscal\u00eda descentralizada de Tornquist solicite al Juzgado de Paz local la correspondiente orden de allanamiento la cual se hizo efectiva en tres domicilios, 2 de ellos en la localidad de Cnel. Su\u00e1rez y el restante en Sierra de la Ventana.<\/p>\n<p>En el domicilio serrano se procedi\u00f3 al secuestro de 190 grs de picadura de marihuana, por cuanto se le dio intervenci\u00f3n a la UFIJ Nro. 19 de Bah\u00eda Blanca, inici\u00e1ndose actuaciones por Infracci\u00f3n Ley 23737. Asimismo en uno de los domicilios de Coronel Su\u00e1rez se procedi\u00f3 al secuestro de 3 frascos de vidrios conteniendo cogollos en su interior, arrojando un pesaje total de 83,1 grs adopt\u00e1ndose igual medida, intervenci\u00f3n a la UFIJ Nro. 19 de Bah\u00eda Blanca, inici\u00e1ndose actuaciones por Infracci\u00f3n Ley 23737, como tambi\u00e9n se procedi\u00f3 al secuestro de prendas de vestir de inter\u00e9s para la presente causa y un Televisor Marca Philips de 42 pulgadas, siendo dicho artefacto el sustra\u00eddo en la vivienda del denunciante.<\/p>\n<p>Se deja constancia que no se aportan los nombres y domicilios allanados a los fines de no entorpecer las investigaciones por tenencia de Estupefacientes.-<\/p>\n<p><strong>Secretaria de Seguridad, Municipalidad de Tornquist.-<\/strong><\/p>\n","protected":false},"excerpt":{"rendered":"<p>Personal de la Subcomisaria de Sierra de la Ventana llev\u00f3 a cabo 3 allanamientos durante la tarde de este jueves 19 de agosto tras lo cual, lograron esclarecer un robo que tuvo lugar en el Barrio Golf de esta localidad. En los allanamientos encontraron marihuana, por lo que se inici\u00f3 una causa por tenencia de [&hellip;]<\/p>\n","protected":false},"author":3,"featured_media":0,"comment_status":"closed","ping_status":"closed","sticky":false,"template":"","format":"standard","meta":{"footnotes":""},"categories":[29],"tags":[48],"class_list":["post-61753","post","type-post","status-publish","format-standard","hentry","category-policiales","tag-destacada"],"yoast_head":"<!-- This site is optimized with the Yoast SEO plugin v25.9 - https:\/\/yoast.com\/wordpress\/plugins\/seo\/ -->\n<title>Sierra de la Ventana: Luego de 3 allanamientos esclarecen robo en el Barrio Golf - Noticias Radio Reflejos<\/title>\n<meta name=\"robots\" content=\"index, follow, max-snippet:-1, max-image-preview:large, max-video-preview:-1\" \/>\n<link rel=\"canonical\" href=\"https:\/\/www.noticiasradioreflejos.com.ar\/2021\/sierra-de-la-ventana-luego-de-3-allanamientos-esclarecen-robo-en-el-barrio-golf\/\" \/>\n<meta property=\"og:locale\" content=\"es_ES\" \/>\n<meta property=\"og:type\" content=\"article\" \/>\n<meta property=\"og:title\" content=\"Sierra de la Ventana: Luego de 3 allanamientos esclarecen robo en el Barrio Golf - Noticias Radio Reflejos\" \/>\n<meta property=\"og:description\" content=\"Personal de la Subcomisaria de Sierra de la Ventana llev\u00f3 a cabo 3 allanamientos durante la tarde de este jueves 19 de agosto tras lo cual, lograron esclarecer un robo que tuvo lugar en el Barrio Golf de esta localidad. En los allanamientos encontraron marihuana, por lo que se inici\u00f3 una causa por tenencia de [&hellip;]\" \/>\n<meta property=\"og:url\" content=\"https:\/\/www.noticiasradioreflejos.com.ar\/2021\/sierra-de-la-ventana-luego-de-3-allanamientos-esclarecen-robo-en-el-barrio-golf\/\" \/>\n<meta property=\"og:site_name\" content=\"Noticias Radio Reflejos\" \/>\n<meta property=\"article:published_time\" content=\"2021-08-20T21:33:26+00:00\" \/>\n<meta property=\"article:modified_time\" content=\"2021-08-20T21:39:53+00:00\" \/>\n<meta property=\"og:image\" content=\"https:\/\/www.noticiasradioreflejos.com.ar\/2021\/wp-content\/uploads\/2021\/07\/logosol300x200.png\" \/>\n\t<meta property=\"og:image:width\" content=\"300\" \/>\n\t<meta property=\"og:image:height\" content=\"200\" \/>\n\t<meta property=\"og:image:type\" content=\"image\/png\" \/>\n<meta name=\"author\" content=\"Arnaldo Botto\" \/>\n<meta name=\"twitter:card\" content=\"summary_large_image\" \/>\n<script type=\"application\/ld+json\" class=\"yoast-schema-graph\">{\"@context\":\"https:\/\/schema.org\",\"@graph\":[{\"@type\":\"WebPage\",\"@id\":\"https:\/\/www.noticiasradioreflejos.com.ar\/2021\/sierra-de-la-ventana-luego-de-3-allanamientos-esclarecen-robo-en-el-barrio-golf\/\",\"url\":\"https:\/\/www.noticiasradioreflejos.com.ar\/2021\/sierra-de-la-ventana-luego-de-3-allanamientos-esclarecen-robo-en-el-barrio-golf\/\",\"name\":\"Sierra de la Ventana: Luego de 3 allanamientos esclarecen robo en el Barrio Golf - Noticias Radio Reflejos\",\"isPartOf\":{\"@id\":\"https:\/\/www.noticiasradioreflejos.com.ar\/2021\/#website\"},\"datePublished\":\"2021-08-20T21:33:26+00:00\",\"dateModified\":\"2021-08-20T21:39:53+00:00\",\"author\":{\"@id\":\"https:\/\/www.noticiasradioreflejos.com.ar\/2021\/#\/schema\/person\/ad82545263dcc5ec0996818884fd5fb1\"},\"breadcrumb\":{\"@id\":\"https:\/\/www.noticiasradioreflejos.com.ar\/2021\/sierra-de-la-ventana-luego-de-3-allanamientos-esclarecen-robo-en-el-barrio-golf\/#breadcrumb\"},\"inLanguage\":\"es\",\"potentialAction\":[{\"@type\":\"ReadAction\",\"target\":[\"https:\/\/www.noticiasradioreflejos.com.ar\/2021\/sierra-de-la-ventana-luego-de-3-allanamientos-esclarecen-robo-en-el-barrio-golf\/\"]}]},{\"@type\":\"BreadcrumbList\",\"@id\":\"https:\/\/www.noticiasradioreflejos.com.ar\/2021\/sierra-de-la-ventana-luego-de-3-allanamientos-esclarecen-robo-en-el-barrio-golf\/#breadcrumb\",\"itemListElement\":[{\"@type\":\"ListItem\",\"position\":1,\"name\":\"Portada\",\"item\":\"https:\/\/www.noticiasradioreflejos.com.ar\/2021\/\"},{\"@type\":\"ListItem\",\"position\":2,\"name\":\"Sierra de la Ventana: Luego de 3 allanamientos esclarecen robo en el Barrio Golf\"}]},{\"@type\":\"WebSite\",\"@id\":\"https:\/\/www.noticiasradioreflejos.com.ar\/2021\/#website\",\"url\":\"https:\/\/www.noticiasradioreflejos.com.ar\/2021\/\",\"name\":\"Noticias Radio Reflejos\",\"description\":\"Las noticias de mi comarca\",\"potentialAction\":[{\"@type\":\"SearchAction\",\"target\":{\"@type\":\"EntryPoint\",\"urlTemplate\":\"https:\/\/www.noticiasradioreflejos.com.ar\/2021\/?s={search_term_string}\"},\"query-input\":{\"@type\":\"PropertyValueSpecification\",\"valueRequired\":true,\"valueName\":\"search_term_string\"}}],\"inLanguage\":\"es\"},{\"@type\":\"Person\",\"@id\":\"https:\/\/www.noticiasradioreflejos.com.ar\/2021\/#\/schema\/person\/ad82545263dcc5ec0996818884fd5fb1\",\"name\":\"Arnaldo Botto\",\"image\":{\"@type\":\"ImageObject\",\"inLanguage\":\"es\",\"@id\":\"https:\/\/www.noticiasradioreflejos.com.ar\/2021\/#\/schema\/person\/image\/\",\"url\":\"https:\/\/secure.gravatar.com\/avatar\/55cb5e37c1efa326397366e6974cb338056df65cb50e7d64d1cf314e87504837?s=96&d=mm&r=g\",\"contentUrl\":\"https:\/\/secure.gravatar.com\/avatar\/55cb5e37c1efa326397366e6974cb338056df65cb50e7d64d1cf314e87504837?s=96&d=mm&r=g\",\"caption\":\"Arnaldo Botto\"},\"url\":\"https:\/\/www.noticiasradioreflejos.com.ar\/2021\/author\/arnaldo\/\"}]}<\/script>\n<!-- \/ Yoast SEO plugin. -->","yoast_head_json":{"title":"Sierra de la Ventana: Luego de 3 allanamientos esclarecen robo en el Barrio Golf - Noticias Radio Reflejos","robots":{"index":"index","follow":"follow","max-snippet":"max-snippet:-1","max-image-preview":"max-image-preview:large","max-video-preview":"max-video-preview:-1"},"canonical":"https:\/\/www.noticiasradioreflejos.com.ar\/2021\/sierra-de-la-ventana-luego-de-3-allanamientos-esclarecen-robo-en-el-barrio-golf\/","og_locale":"es_ES","og_type":"article","og_title":"Sierra de la Ventana: Luego de 3 allanamientos esclarecen robo en el Barrio Golf - Noticias Radio Reflejos","og_description":"Personal de la Subcomisaria de Sierra de la Ventana llev\u00f3 a cabo 3 allanamientos durante la tarde de este jueves 19 de agosto tras lo cual, lograron esclarecer un robo que tuvo lugar en el Barrio Golf de esta localidad. En los allanamientos encontraron marihuana, por lo que se inici\u00f3 una causa por tenencia de [&hellip;]","og_url":"https:\/\/www.noticiasradioreflejos.com.ar\/2021\/sierra-de-la-ventana-luego-de-3-allanamientos-esclarecen-robo-en-el-barrio-golf\/","og_site_name":"Noticias Radio Reflejos","article_published_time":"2021-08-20T21:33:26+00:00","article_modified_time":"2021-08-20T21:39:53+00:00","og_image":[{"width":300,"height":200,"url":"https:\/\/www.noticiasradioreflejos.com.ar\/2021\/wp-content\/uploads\/2021\/07\/logosol300x200.png","type":"image\/png"}],"author":"Arnaldo Botto","twitter_card":"summary_large_image","schema":{"@context":"https:\/\/schema.org","@graph":[{"@type":"WebPage","@id":"https:\/\/www.noticiasradioreflejos.com.ar\/2021\/sierra-de-la-ventana-luego-de-3-allanamientos-esclarecen-robo-en-el-barrio-golf\/","url":"https:\/\/www.noticiasradioreflejos.com.ar\/2021\/sierra-de-la-ventana-luego-de-3-allanamientos-esclarecen-robo-en-el-barrio-golf\/","name":"Sierra de la Ventana: Luego de 3 allanamientos esclarecen robo en el Barrio Golf - Noticias Radio Reflejos","isPartOf":{"@id":"https:\/\/www.noticiasradioreflejos.com.ar\/2021\/#website"},"datePublished":"2021-08-20T21:33:26+00:00","dateModified":"2021-08-20T21:39:53+00:00","author":{"@id":"https:\/\/www.noticiasradioreflejos.com.ar\/2021\/#\/schema\/person\/ad82545263dcc5ec0996818884fd5fb1"},"breadcrumb":{"@id":"https:\/\/www.noticiasradioreflejos.com.ar\/2021\/sierra-de-la-ventana-luego-de-3-allanamientos-esclarecen-robo-en-el-barrio-golf\/#breadcrumb"},"inLanguage":"es","potentialAction":[{"@type":"ReadAction","target":["https:\/\/www.noticiasradioreflejos.com.ar\/2021\/sierra-de-la-ventana-luego-de-3-allanamientos-esclarecen-robo-en-el-barrio-golf\/"]}]},{"@type":"BreadcrumbList","@id":"https:\/\/www.noticiasradioreflejos.com.ar\/2021\/sierra-de-la-ventana-luego-de-3-allanamientos-esclarecen-robo-en-el-barrio-golf\/#breadcrumb","itemListElement":[{"@type":"ListItem","position":1,"name":"Portada","item":"https:\/\/www.noticiasradioreflejos.com.ar\/2021\/"},{"@type":"ListItem","position":2,"name":"Sierra de la Ventana: Luego de 3 allanamientos esclarecen robo en el Barrio Golf"}]},{"@type":"WebSite","@id":"https:\/\/www.noticiasradioreflejos.com.ar\/2021\/#website","url":"https:\/\/www.noticiasradioreflejos.com.ar\/2021\/","name":"Noticias Radio Reflejos","description":"Las noticias de mi comarca","potentialAction":[{"@type":"SearchAction","target":{"@type":"EntryPoint","urlTemplate":"https:\/\/www.noticiasradioreflejos.com.ar\/2021\/?s={search_term_string}"},"query-input":{"@type":"PropertyValueSpecification","valueRequired":true,"valueName":"search_term_string"}}],"inLanguage":"es"},{"@type":"Person","@id":"https:\/\/www.noticiasradioreflejos.com.ar\/2021\/#\/schema\/person\/ad82545263dcc5ec0996818884fd5fb1","name":"Arnaldo Botto","image":{"@type":"ImageObject","inLanguage":"es","@id":"https:\/\/www.noticiasradioreflejos.com.ar\/2021\/#\/schema\/person\/image\/","url":"https:\/\/secure.gravatar.com\/avatar\/55cb5e37c1efa326397366e6974cb338056df65cb50e7d64d1cf314e87504837?s=96&d=mm&r=g","contentUrl":"https:\/\/secure.gravatar.com\/avatar\/55cb5e37c1efa326397366e6974cb338056df65cb50e7d64d1cf314e87504837?s=96&d=mm&r=g","caption":"Arnaldo Botto"},"url":"https:\/\/www.noticiasradioreflejos.com.ar\/2021\/author\/arnaldo\/"}]}},"_links":{"self":[{"href":"https:\/\/www.noticiasradioreflejos.com.ar\/2021\/wp-json\/wp\/v2\/posts\/61753","targetHints":{"allow":["GET"]}}],"collection":[{"href":"https:\/\/www.noticiasradioreflejos.com.ar\/2021\/wp-json\/wp\/v2\/posts"}],"about":[{"href":"https:\/\/www.noticiasradioreflejos.com.ar\/2021\/wp-json\/wp\/v2\/types\/post"}],"author":[{"embeddable":true,"href":"https:\/\/www.noticiasradioreflejos.com.ar\/2021\/wp-json\/wp\/v2\/users\/3"}],"replies":[{"embeddable":true,"href":"https:\/\/www.noticiasradioreflejos.com.ar\/2021\/wp-json\/wp\/v2\/comments?post=61753"}],"version-history":[{"count":2,"href":"https:\/\/www.noticiasradioreflejos.com.ar\/2021\/wp-json\/wp\/v2\/posts\/61753\/revisions"}],"predecessor-version":[{"id":61758,"href":"https:\/\/www.noticiasradioreflejos.com.ar\/2021\/wp-json\/wp\/v2\/posts\/61753\/revisions\/61758"}],"wp:attachment":[{"href":"https:\/\/www.noticiasradioreflejos.com.ar\/2021\/wp-json\/wp\/v2\/media?parent=61753"}],"wp:term":[{"taxonomy":"category","embeddable":true,"href":"https:\/\/www.noticiasradioreflejos.com.ar\/2021\/wp-json\/wp\/v2\/categories?post=61753"},{"taxonomy":"post_tag","embeddable":true,"href":"https:\/\/www.noticiasradioreflejos.com.ar\/2021\/wp-json\/wp\/v2\/tags?post=61753"}],"curies":[{"name":"wp","href":"https:\/\/api.w.org\/{rel}","templated":true}]}}