{"id":61749,"date":"2021-08-20T22:12:15","date_gmt":"2021-08-20T22:12:15","guid":{"rendered":"http:\/\/www.noticiasradioreflejos.com.ar\/2021\/?p=61749"},"modified":"2021-08-20T22:12:15","modified_gmt":"2021-08-20T22:12:15","slug":"juegos-bonaerenses-obtuvo-la-medalla-de-plata-en-el-2019-en-tenis-de-mesa-y-este-ano-va-por-mas","status":"publish","type":"post","link":"https:\/\/www.noticiasradioreflejos.com.ar\/2021\/juegos-bonaerenses-obtuvo-la-medalla-de-plata-en-el-2019-en-tenis-de-mesa-y-este-ano-va-por-mas\/","title":{"rendered":"Juegos Bonaerenses: Obtuvo la medalla de plata en el 2019 en tenis de mesa y este a\u00f1o va por m\u00e1s."},"content":{"rendered":"<p>Candela Buffatelli, representando a Sierra de la Ventana en los torneos juveniles, logr\u00f3 la clasificaci\u00f3n en tenis de mesa para ir a Mar del Plata. Esta ma\u00f1ana la entrevistamos para que nos cuente c\u00f3mo se acerc\u00f3 al deporte y c\u00f3mo se ve para competir en esta instancia.<!--more--><\/p>\n<p>\u00abHice varios deportes, desde muy chica. Y bueno&#8230; un d\u00eda me enganch\u00e9 con el tenis de mesa\u00bb mencion\u00f3 Candela al comenzar la nota. La joven cuenta que a mediados del 2018 Pablo Mayer le comunic\u00f3 que el tenis de mesa estaba entre las actividades que se realizaban en el C.E.F. de Sierra de la Ventana. \u00abYo ya hac\u00eda tenis, dije pruebo con el tenis de mesa y me termin\u00e9 enganchando\u00bb cont\u00f3.<\/p>\n<p>Entre los deportes que Candela practic\u00f3 est\u00e1n gimnasia art\u00edstica, nataci\u00f3n, tenis, basket y handball. En 2019 pas\u00f3 la etapa distrital y la regional. En Mar del Plata, se llev\u00f3 la medalla de plata. Le preguntamos c\u00f3mo se siente este a\u00f1o, a lo que contest\u00f3 con optimismo: \u00abEsperemos que me vaya bien y me lleve el primer lugar\u00bb. Explic\u00f3 que con el tiempo fue ganando confianza para volverse m\u00e1s ofensiva en el juego y por eso se tiene mucha fe.<\/p>\n<p>Candela coment\u00f3 que el 4 de Septiembre tambi\u00e9n viajar\u00e1 a Buenos Aires para competir en el Torneo Nacional de Tenis de Mesa.<\/p>\n<p>Nota completa a continuaci\u00f3n:<br \/>\n<iframe loading=\"lazy\" src=\"https:\/\/w.soundcloud.com\/player\/?url=https%3A\/\/api.soundcloud.com\/tracks\/1109742805&amp;color=%23ff5500&amp;auto_play=false&amp;hide_related=false&amp;show_comments=true&amp;show_user=true&amp;show_reposts=false&amp;show_teaser=true\" width=\"100%\" height=\"166\" frameborder=\"no\" scrolling=\"no\"><\/iframe><\/p>\n<div style=\"font-size: 10px; color: #cccccc; line-break: anywhere; word-break: normal; overflow: hidden; white-space: nowrap; text-overflow: ellipsis; font-family: Interstate,Lucida Grande,Lucida Sans Unicode,Lucida Sans,Garuda,Verdana,Tahoma,sans-serif; font-weight: 100;\"><a style=\"color: #cccccc; text-decoration: none;\" title=\"fmreflejos 103.7\" href=\"https:\/\/soundcloud.com\/fmreflejos-103-7\" target=\"_blank\" rel=\"noopener\">fmreflejos 103.7<\/a> \u00b7 <a style=\"color: #cccccc; text-decoration: none;\" title=\"Candela Buffateli\" href=\"https:\/\/soundcloud.com\/fmreflejos-103-7\/candela-buffateli\" target=\"_blank\" rel=\"noopener\">Candela Buffateli<\/a><\/div>\n","protected":false},"excerpt":{"rendered":"<p>Candela Buffatelli, representando a Sierra de la Ventana en los torneos juveniles, logr\u00f3 la clasificaci\u00f3n en tenis de mesa para ir a Mar del Plata. Esta ma\u00f1ana la entrevistamos para que nos cuente c\u00f3mo se acerc\u00f3 al deporte y c\u00f3mo se ve para competir en esta instancia.<\/p>\n","protected":false},"author":3,"featured_media":0,"comment_status":"closed","ping_status":"closed","sticky":false,"template":"","format":"standard","meta":{"footnotes":""},"categories":[27],"tags":[48],"class_list":["post-61749","post","type-post","status-publish","format-standard","hentry","category-deportes","tag-destacada"],"yoast_head":"<!-- This site is optimized with the Yoast SEO plugin v25.9 - https:\/\/yoast.com\/wordpress\/plugins\/seo\/ -->\n<title>Juegos Bonaerenses: Obtuvo la medalla de plata en el 2019 en tenis de mesa y este a\u00f1o va por m\u00e1s. - Noticias Radio Reflejos<\/title>\n<meta name=\"robots\" content=\"index, follow, max-snippet:-1, max-image-preview:large, max-video-preview:-1\" \/>\n<link rel=\"canonical\" href=\"https:\/\/www.noticiasradioreflejos.com.ar\/2021\/juegos-bonaerenses-obtuvo-la-medalla-de-plata-en-el-2019-en-tenis-de-mesa-y-este-ano-va-por-mas\/\" \/>\n<meta property=\"og:locale\" content=\"es_ES\" \/>\n<meta property=\"og:type\" content=\"article\" \/>\n<meta property=\"og:title\" content=\"Juegos Bonaerenses: Obtuvo la medalla de plata en el 2019 en tenis de mesa y este a\u00f1o va por m\u00e1s. - Noticias Radio Reflejos\" \/>\n<meta property=\"og:description\" content=\"Candela Buffatelli, representando a Sierra de la Ventana en los torneos juveniles, logr\u00f3 la clasificaci\u00f3n en tenis de mesa para ir a Mar del Plata. Esta ma\u00f1ana la entrevistamos para que nos cuente c\u00f3mo se acerc\u00f3 al deporte y c\u00f3mo se ve para competir en esta instancia.\" \/>\n<meta property=\"og:url\" content=\"https:\/\/www.noticiasradioreflejos.com.ar\/2021\/juegos-bonaerenses-obtuvo-la-medalla-de-plata-en-el-2019-en-tenis-de-mesa-y-este-ano-va-por-mas\/\" \/>\n<meta property=\"og:site_name\" content=\"Noticias Radio Reflejos\" \/>\n<meta property=\"article:published_time\" content=\"2021-08-20T22:12:15+00:00\" \/>\n<meta property=\"og:image\" content=\"https:\/\/www.noticiasradioreflejos.com.ar\/2021\/wp-content\/uploads\/2021\/07\/logosol300x200.png\" \/>\n\t<meta property=\"og:image:width\" content=\"300\" \/>\n\t<meta property=\"og:image:height\" content=\"200\" \/>\n\t<meta property=\"og:image:type\" content=\"image\/png\" \/>\n<meta name=\"author\" content=\"Arnaldo Botto\" \/>\n<meta name=\"twitter:card\" content=\"summary_large_image\" \/>\n<script type=\"application\/ld+json\" class=\"yoast-schema-graph\">{\"@context\":\"https:\/\/schema.org\",\"@graph\":[{\"@type\":\"WebPage\",\"@id\":\"https:\/\/www.noticiasradioreflejos.com.ar\/2021\/juegos-bonaerenses-obtuvo-la-medalla-de-plata-en-el-2019-en-tenis-de-mesa-y-este-ano-va-por-mas\/\",\"url\":\"https:\/\/www.noticiasradioreflejos.com.ar\/2021\/juegos-bonaerenses-obtuvo-la-medalla-de-plata-en-el-2019-en-tenis-de-mesa-y-este-ano-va-por-mas\/\",\"name\":\"Juegos Bonaerenses: Obtuvo la medalla de plata en el 2019 en tenis de mesa y este a\u00f1o va por m\u00e1s. - Noticias Radio Reflejos\",\"isPartOf\":{\"@id\":\"https:\/\/www.noticiasradioreflejos.com.ar\/2021\/#website\"},\"datePublished\":\"2021-08-20T22:12:15+00:00\",\"author\":{\"@id\":\"https:\/\/www.noticiasradioreflejos.com.ar\/2021\/#\/schema\/person\/ad82545263dcc5ec0996818884fd5fb1\"},\"breadcrumb\":{\"@id\":\"https:\/\/www.noticiasradioreflejos.com.ar\/2021\/juegos-bonaerenses-obtuvo-la-medalla-de-plata-en-el-2019-en-tenis-de-mesa-y-este-ano-va-por-mas\/#breadcrumb\"},\"inLanguage\":\"es\",\"potentialAction\":[{\"@type\":\"ReadAction\",\"target\":[\"https:\/\/www.noticiasradioreflejos.com.ar\/2021\/juegos-bonaerenses-obtuvo-la-medalla-de-plata-en-el-2019-en-tenis-de-mesa-y-este-ano-va-por-mas\/\"]}]},{\"@type\":\"BreadcrumbList\",\"@id\":\"https:\/\/www.noticiasradioreflejos.com.ar\/2021\/juegos-bonaerenses-obtuvo-la-medalla-de-plata-en-el-2019-en-tenis-de-mesa-y-este-ano-va-por-mas\/#breadcrumb\",\"itemListElement\":[{\"@type\":\"ListItem\",\"position\":1,\"name\":\"Portada\",\"item\":\"https:\/\/www.noticiasradioreflejos.com.ar\/2021\/\"},{\"@type\":\"ListItem\",\"position\":2,\"name\":\"Juegos Bonaerenses: Obtuvo la medalla de plata en el 2019 en tenis de mesa y este a\u00f1o va por m\u00e1s.\"}]},{\"@type\":\"WebSite\",\"@id\":\"https:\/\/www.noticiasradioreflejos.com.ar\/2021\/#website\",\"url\":\"https:\/\/www.noticiasradioreflejos.com.ar\/2021\/\",\"name\":\"Noticias Radio Reflejos\",\"description\":\"Las noticias de mi comarca\",\"potentialAction\":[{\"@type\":\"SearchAction\",\"target\":{\"@type\":\"EntryPoint\",\"urlTemplate\":\"https:\/\/www.noticiasradioreflejos.com.ar\/2021\/?s={search_term_string}\"},\"query-input\":{\"@type\":\"PropertyValueSpecification\",\"valueRequired\":true,\"valueName\":\"search_term_string\"}}],\"inLanguage\":\"es\"},{\"@type\":\"Person\",\"@id\":\"https:\/\/www.noticiasradioreflejos.com.ar\/2021\/#\/schema\/person\/ad82545263dcc5ec0996818884fd5fb1\",\"name\":\"Arnaldo Botto\",\"image\":{\"@type\":\"ImageObject\",\"inLanguage\":\"es\",\"@id\":\"https:\/\/www.noticiasradioreflejos.com.ar\/2021\/#\/schema\/person\/image\/\",\"url\":\"https:\/\/secure.gravatar.com\/avatar\/55cb5e37c1efa326397366e6974cb338056df65cb50e7d64d1cf314e87504837?s=96&d=mm&r=g\",\"contentUrl\":\"https:\/\/secure.gravatar.com\/avatar\/55cb5e37c1efa326397366e6974cb338056df65cb50e7d64d1cf314e87504837?s=96&d=mm&r=g\",\"caption\":\"Arnaldo Botto\"},\"url\":\"https:\/\/www.noticiasradioreflejos.com.ar\/2021\/author\/arnaldo\/\"}]}<\/script>\n<!-- \/ Yoast SEO plugin. -->","yoast_head_json":{"title":"Juegos Bonaerenses: Obtuvo la medalla de plata en el 2019 en tenis de mesa y este a\u00f1o va por m\u00e1s. - Noticias Radio Reflejos","robots":{"index":"index","follow":"follow","max-snippet":"max-snippet:-1","max-image-preview":"max-image-preview:large","max-video-preview":"max-video-preview:-1"},"canonical":"https:\/\/www.noticiasradioreflejos.com.ar\/2021\/juegos-bonaerenses-obtuvo-la-medalla-de-plata-en-el-2019-en-tenis-de-mesa-y-este-ano-va-por-mas\/","og_locale":"es_ES","og_type":"article","og_title":"Juegos Bonaerenses: Obtuvo la medalla de plata en el 2019 en tenis de mesa y este a\u00f1o va por m\u00e1s. - Noticias Radio Reflejos","og_description":"Candela Buffatelli, representando a Sierra de la Ventana en los torneos juveniles, logr\u00f3 la clasificaci\u00f3n en tenis de mesa para ir a Mar del Plata. Esta ma\u00f1ana la entrevistamos para que nos cuente c\u00f3mo se acerc\u00f3 al deporte y c\u00f3mo se ve para competir en esta instancia.","og_url":"https:\/\/www.noticiasradioreflejos.com.ar\/2021\/juegos-bonaerenses-obtuvo-la-medalla-de-plata-en-el-2019-en-tenis-de-mesa-y-este-ano-va-por-mas\/","og_site_name":"Noticias Radio Reflejos","article_published_time":"2021-08-20T22:12:15+00:00","og_image":[{"width":300,"height":200,"url":"https:\/\/www.noticiasradioreflejos.com.ar\/2021\/wp-content\/uploads\/2021\/07\/logosol300x200.png","type":"image\/png"}],"author":"Arnaldo Botto","twitter_card":"summary_large_image","schema":{"@context":"https:\/\/schema.org","@graph":[{"@type":"WebPage","@id":"https:\/\/www.noticiasradioreflejos.com.ar\/2021\/juegos-bonaerenses-obtuvo-la-medalla-de-plata-en-el-2019-en-tenis-de-mesa-y-este-ano-va-por-mas\/","url":"https:\/\/www.noticiasradioreflejos.com.ar\/2021\/juegos-bonaerenses-obtuvo-la-medalla-de-plata-en-el-2019-en-tenis-de-mesa-y-este-ano-va-por-mas\/","name":"Juegos Bonaerenses: Obtuvo la medalla de plata en el 2019 en tenis de mesa y este a\u00f1o va por m\u00e1s. - Noticias Radio Reflejos","isPartOf":{"@id":"https:\/\/www.noticiasradioreflejos.com.ar\/2021\/#website"},"datePublished":"2021-08-20T22:12:15+00:00","author":{"@id":"https:\/\/www.noticiasradioreflejos.com.ar\/2021\/#\/schema\/person\/ad82545263dcc5ec0996818884fd5fb1"},"breadcrumb":{"@id":"https:\/\/www.noticiasradioreflejos.com.ar\/2021\/juegos-bonaerenses-obtuvo-la-medalla-de-plata-en-el-2019-en-tenis-de-mesa-y-este-ano-va-por-mas\/#breadcrumb"},"inLanguage":"es","potentialAction":[{"@type":"ReadAction","target":["https:\/\/www.noticiasradioreflejos.com.ar\/2021\/juegos-bonaerenses-obtuvo-la-medalla-de-plata-en-el-2019-en-tenis-de-mesa-y-este-ano-va-por-mas\/"]}]},{"@type":"BreadcrumbList","@id":"https:\/\/www.noticiasradioreflejos.com.ar\/2021\/juegos-bonaerenses-obtuvo-la-medalla-de-plata-en-el-2019-en-tenis-de-mesa-y-este-ano-va-por-mas\/#breadcrumb","itemListElement":[{"@type":"ListItem","position":1,"name":"Portada","item":"https:\/\/www.noticiasradioreflejos.com.ar\/2021\/"},{"@type":"ListItem","position":2,"name":"Juegos Bonaerenses: Obtuvo la medalla de plata en el 2019 en tenis de mesa y este a\u00f1o va por m\u00e1s."}]},{"@type":"WebSite","@id":"https:\/\/www.noticiasradioreflejos.com.ar\/2021\/#website","url":"https:\/\/www.noticiasradioreflejos.com.ar\/2021\/","name":"Noticias Radio Reflejos","description":"Las noticias de mi comarca","potentialAction":[{"@type":"SearchAction","target":{"@type":"EntryPoint","urlTemplate":"https:\/\/www.noticiasradioreflejos.com.ar\/2021\/?s={search_term_string}"},"query-input":{"@type":"PropertyValueSpecification","valueRequired":true,"valueName":"search_term_string"}}],"inLanguage":"es"},{"@type":"Person","@id":"https:\/\/www.noticiasradioreflejos.com.ar\/2021\/#\/schema\/person\/ad82545263dcc5ec0996818884fd5fb1","name":"Arnaldo Botto","image":{"@type":"ImageObject","inLanguage":"es","@id":"https:\/\/www.noticiasradioreflejos.com.ar\/2021\/#\/schema\/person\/image\/","url":"https:\/\/secure.gravatar.com\/avatar\/55cb5e37c1efa326397366e6974cb338056df65cb50e7d64d1cf314e87504837?s=96&d=mm&r=g","contentUrl":"https:\/\/secure.gravatar.com\/avatar\/55cb5e37c1efa326397366e6974cb338056df65cb50e7d64d1cf314e87504837?s=96&d=mm&r=g","caption":"Arnaldo Botto"},"url":"https:\/\/www.noticiasradioreflejos.com.ar\/2021\/author\/arnaldo\/"}]}},"_links":{"self":[{"href":"https:\/\/www.noticiasradioreflejos.com.ar\/2021\/wp-json\/wp\/v2\/posts\/61749","targetHints":{"allow":["GET"]}}],"collection":[{"href":"https:\/\/www.noticiasradioreflejos.com.ar\/2021\/wp-json\/wp\/v2\/posts"}],"about":[{"href":"https:\/\/www.noticiasradioreflejos.com.ar\/2021\/wp-json\/wp\/v2\/types\/post"}],"author":[{"embeddable":true,"href":"https:\/\/www.noticiasradioreflejos.com.ar\/2021\/wp-json\/wp\/v2\/users\/3"}],"replies":[{"embeddable":true,"href":"https:\/\/www.noticiasradioreflejos.com.ar\/2021\/wp-json\/wp\/v2\/comments?post=61749"}],"version-history":[{"count":2,"href":"https:\/\/www.noticiasradioreflejos.com.ar\/2021\/wp-json\/wp\/v2\/posts\/61749\/revisions"}],"predecessor-version":[{"id":61763,"href":"https:\/\/www.noticiasradioreflejos.com.ar\/2021\/wp-json\/wp\/v2\/posts\/61749\/revisions\/61763"}],"wp:attachment":[{"href":"https:\/\/www.noticiasradioreflejos.com.ar\/2021\/wp-json\/wp\/v2\/media?parent=61749"}],"wp:term":[{"taxonomy":"category","embeddable":true,"href":"https:\/\/www.noticiasradioreflejos.com.ar\/2021\/wp-json\/wp\/v2\/categories?post=61749"},{"taxonomy":"post_tag","embeddable":true,"href":"https:\/\/www.noticiasradioreflejos.com.ar\/2021\/wp-json\/wp\/v2\/tags?post=61749"}],"curies":[{"name":"wp","href":"https:\/\/api.w.org\/{rel}","templated":true}]}}