{"id":61746,"date":"2021-08-20T19:44:38","date_gmt":"2021-08-20T19:44:38","guid":{"rendered":"http:\/\/www.noticiasradioreflejos.com.ar\/2021\/?p=61746"},"modified":"2021-08-20T19:44:38","modified_gmt":"2021-08-20T19:44:38","slug":"el-gobierno-envio-a-diputados-el-dnu-con-los-nuevos-creditos-a-tasa-cero-para-monotributistas","status":"publish","type":"post","link":"https:\/\/www.noticiasradioreflejos.com.ar\/2021\/el-gobierno-envio-a-diputados-el-dnu-con-los-nuevos-creditos-a-tasa-cero-para-monotributistas\/","title":{"rendered":"El Gobierno envi\u00f3 a Diputados el DNU con los nuevos cr\u00e9ditos a Tasa Cero para monotributistas"},"content":{"rendered":"<div class=\"head-content\">\n<p>El programa tiene el objetivo de asistir a trabajadores y trabajadoras adheridos y adheridas al R\u00e9gimen Simplificado para Peque\u00f1os Contribuyentes, con el fin de acompa\u00f1ar el proceso de recuperaci\u00f3n productiva.<\/p>\n<\/div>\n<p><!--more--><\/p>\n<div class=\"main-content-block\">\n<div class=\"main-box clearfix\">\n<div class=\"wrapper-main-section clearfix\">\n<div class=\"wrapper-editable-content\">\n<div class=\"editable-content clearfix\">\n<div id=\"image\" class=\"image\"><img decoding=\"async\" title=\"Los pr\u00e9stamos otorgados contar\u00e1n con seis meses de gracia.\" src=\"https:\/\/www.telam.com.ar\/advf\/imagenes\/2017\/01\/5878db9936a15_1004x565.jpg\" alt=\"Los pr\u00e9stamos otorgados contar\u00e1n con seis meses de gracia.\" \/><\/p>\n<div class=\"epigrafe\">Los pr\u00e9stamos otorgados contar\u00e1n con seis meses de gracia.<\/div>\n<\/div>\n<p>El Gobierno envi\u00f3 a la C\u00e1mara de Diputados el decreto que establece la creaci\u00f3n del Programa Cr\u00e9dito a Tasa Cero 2021, que ofrecer\u00e1 financiamiento de hasta $ 150.000 para un mill\u00f3n y medio de monotributistas de todo el pa\u00eds.<\/p>\n<p>El mensaje con el DNU 312\/21 del Poder Ejecutivo ingres\u00f3 en las \u00faltimas horas a la C\u00e1mara de Diputados.<\/p>\n<p>El programa tiene el objetivo de asistir a trabajadores y trabajadoras adheridos y adheridas al R\u00e9gimen Simplificado para Peque\u00f1os Contribuyentes (RS), con el fin de acompa\u00f1ar el proceso de recuperaci\u00f3n productiva.<\/p>\n<p>De acuerdo con la iniciativa, el programa Cr\u00e9dito a Tasa Cero 2021 consistir\u00e1 en la obtenci\u00f3n, por parte de las beneficiarias y los beneficiarios, de un cr\u00e9dito con subsidio del 100% del costo financiero total.<\/p>\n<blockquote><p>El programa Cr\u00e9dito a Tasa Cero 2021 consistir\u00e1 en la obtenci\u00f3n, por parte de las beneficiarias y los beneficiarios, de un cr\u00e9dito con subsidio del 100% del costo financiero total<\/p><\/blockquote>\n<p>Seg\u00fan se establece, podr\u00e1n revestir la condici\u00f3n de beneficiarias y beneficiarios del Programa los sujetos que se encuentren adheridos al Monotributo, y cumplan con las condiciones que establezca el Ministerio de Desarrollo Productivo.<\/p>\n<p>En tanto, no se encuentran comprendidos en el Programa los sujetos adheridos al R\u00e9gimen Simplificado para Peque\u00f1os Contribuyentes (RS) que perciban ingresos en relaci\u00f3n de dependencia, o est\u00e9n inscriptos en el Sistema Integral Previsional Argentino (SIPA) como trabajadores aut\u00f3nomos.<\/p>\n<p>Los pr\u00e9stamos otorgados contar\u00e1n con seis meses de gracia y la devoluci\u00f3n se realizar\u00e1 en 12 cuotas sin inter\u00e9s y se estima que, a fin de este mes, est\u00e1 abierta la posibilidad de solicitarlos. Adem\u00e1s, Desarrollo Productivo podr\u00e1 definir otros sujetos no comprendidos en el presente Programa.<\/p>\n<p>El Cr\u00e9dito a Tasa Cero 2021 consistir\u00e1 en una financiaci\u00f3n cuyo importe, seg\u00fan cada categor\u00eda del Monotributo, no podr\u00e1 exceder de $ 90.000 para la A; $ 120.000 para la B y $ 150.000 para las restantes.<\/p>\n<p>La obtenci\u00f3n del financiamiento ser\u00e1 compatible con haber recibido un Cr\u00e9dito a Tasa Cero el a\u00f1o pasado.<\/p>\n<p>En el caso de monotributistas que no se encuentren en mora en el cumplimiento de sus obligaciones ni en las condiciones de vigencia de los beneficios que les fueran acordados, as\u00ed como tampoco se encuentren con ejecuci\u00f3n en tr\u00e1mite, o se les hubiera ejecutado la garant\u00eda del Fondo de Garant\u00edas Argentino (FoGAr), podr\u00e1n acceder al nuevo cr\u00e9dito en las mismas condiciones que qui\u00e9nes no hayan accedido en 2020.<\/p>\n<blockquote><p>El Poder Ejecutivo destaca que \u00abse observa una recuperaci\u00f3n parcial y heterog\u00e9nea de la actividad econ\u00f3mica sin que a\u00fan se hayan podido alcanzar los niveles de producci\u00f3n observados con anterioridad a la irrupci\u00f3n de la pandemia\u00bb<\/p><\/blockquote>\n<p>En los considerandos, el Poder Ejecutivo pone de relieve que \u00aben raz\u00f3n de la emergencia declarada, se adoptaron distintas medidas destinadas a ralentizar la expansi\u00f3n del virus SARS-CoV-2 por lo cual se debi\u00f3 limitar la circulaci\u00f3n de personas y el desarrollo de actividades determinadas, lo que conllev\u00f3 un impacto econ\u00f3mico negativo que afect\u00f3 a empresas y familias\u00bb.<\/p>\n<p>Sostiene que, en este contexto, \u00abno s\u00f3lo se adoptaron medidas tendientes a la protecci\u00f3n de la salud p\u00fablica sino que tambi\u00e9n se coordinaron esfuerzos y se dictaron medidas para morigerar el impacto de aquellas sobre los procesos productivos y el empleo\u00bb.<\/p>\n<p>Adem\u00e1s, el Poder Ejecutivo destaca que \u00abse observa una recuperaci\u00f3n parcial y heterog\u00e9nea de la actividad econ\u00f3mica sin que a\u00fan se hayan podido alcanzar los niveles de producci\u00f3n observados con anterioridad a la irrupci\u00f3n de la pandemia\u00bb.<\/p>\n<p>En ese marco, se\u00f1ala que \u00aben la actual coyuntura de reactivaci\u00f3n econ\u00f3mica del sector productivo, corresponde que el Gobierno nacional adopte medidas tendientes a acompa\u00f1ar la misma e incentivar el consumo, en el contexto de recuperaci\u00f3n y reconstrucci\u00f3n productiva de nuestro pa\u00eds\u00bb.<\/p>\n<p>Entre otras cuestiones, la medida establece adem\u00e1s que en el caso de qui\u00e9nes hubieran obtenido un Cr\u00e9dito a Tasa Cero en el marco del Programa ATP y se encuentren en mora en el cumplimiento del cr\u00e9dito 2020, deber\u00e1n destinar el monto del nuevo cr\u00e9dito a cancelar la totalidad del monto adeudado y podr\u00e1n gozar libremente del saldo, si quedare remanente.<\/p>\n<div id=\"image\" class=\"image\"><img decoding=\"async\" title=\"La obtenci\u00f3n del financiamiento ser\u00e1 compatible con haber recibido un Cr\u00e9dito a Tasa Cero el a\u00f1o pasado.\" src=\"https:\/\/www.telam.com.ar\/advf\/imagenes\/2021\/08\/611519c11a070_1004x565.jpg\" alt=\"La obtenci\u00f3n del financiamiento ser\u00e1 compatible con haber recibido un Cr\u00e9dito a Tasa Cero el a\u00f1o pasado.\" \/><\/p>\n<div class=\"epigrafe\">La obtenci\u00f3n del financiamiento ser\u00e1 compatible con haber recibido un Cr\u00e9dito a Tasa Cero el a\u00f1o pasado.<\/div>\n<\/div>\n<p>Por su parte, los monotributistas que hubieran obtenido un Cr\u00e9dito a Tasa Cero en 2020, respecto de las o los cuales, la entidad financiera otorgante del cr\u00e9dito hubiera iniciado la ejecuci\u00f3n o ejecutado la garant\u00eda del Fondo de Garant\u00edas Argentino (FoGAr), estar\u00e1n excluidas y excluidos del nuevo beneficio.<\/p>\n<p>En este sentido, el FoGAr podr\u00e1 establecer pautas especiales para la obtenci\u00f3n de una refinanciaci\u00f3n sobre el saldo de capital del cr\u00e9dito adeudado.<\/p>\n<p>Asimismo, los beneficiarios y las beneficiarias del nuevo programa, hasta la cancelaci\u00f3n total de la financiaci\u00f3n, no podr\u00e1n acceder al Mercado \u00danico y Libre de Cambios para realizar operaciones correspondientes a la formaci\u00f3n de activos externos.<\/p>\n<p>Tampoco, podr\u00e1n concertar ventas en el pa\u00eds de t\u00edtulos valores con liquidaci\u00f3n en moneda extranjera, o canjes de t\u00edtulos valores por otros activos externos o transferencias de los mismos a entidades depositarias del exterior.<\/p>\n<div class=\"btn_externos\"><\/div>\n<\/div>\n<\/div>\n<div class=\"wrapper-tags\">\n<div class=\"tags-bar clearfix\">ETIQUETAS<\/div>\n<\/div>\n<\/div>\n<\/div>\n<\/div>\n","protected":false},"excerpt":{"rendered":"<p>El programa tiene el objetivo de asistir a trabajadores y trabajadoras adheridos y adheridas al R\u00e9gimen Simplificado para Peque\u00f1os Contribuyentes, con el fin de acompa\u00f1ar el proceso de recuperaci\u00f3n productiva.<\/p>\n","protected":false},"author":3,"featured_media":0,"comment_status":"closed","ping_status":"closed","sticky":false,"template":"","format":"standard","meta":{"footnotes":""},"categories":[36,24],"tags":[],"class_list":["post-61746","post","type-post","status-publish","format-standard","hentry","category-economia","category-politica"],"yoast_head":"<!-- This site is optimized with the Yoast SEO plugin v25.9 - https:\/\/yoast.com\/wordpress\/plugins\/seo\/ -->\n<title>El Gobierno envi\u00f3 a Diputados el DNU con los nuevos cr\u00e9ditos a Tasa Cero para monotributistas - Noticias Radio Reflejos<\/title>\n<meta name=\"robots\" content=\"index, follow, max-snippet:-1, max-image-preview:large, max-video-preview:-1\" \/>\n<link rel=\"canonical\" href=\"https:\/\/www.noticiasradioreflejos.com.ar\/2021\/el-gobierno-envio-a-diputados-el-dnu-con-los-nuevos-creditos-a-tasa-cero-para-monotributistas\/\" \/>\n<meta property=\"og:locale\" content=\"es_ES\" \/>\n<meta property=\"og:type\" content=\"article\" \/>\n<meta property=\"og:title\" content=\"El Gobierno envi\u00f3 a Diputados el DNU con los nuevos cr\u00e9ditos a Tasa Cero para monotributistas - Noticias Radio Reflejos\" \/>\n<meta property=\"og:description\" content=\"El programa tiene el objetivo de asistir a trabajadores y trabajadoras adheridos y adheridas al R\u00e9gimen Simplificado para Peque\u00f1os Contribuyentes, con el fin de acompa\u00f1ar el proceso de recuperaci\u00f3n productiva.\" \/>\n<meta property=\"og:url\" content=\"https:\/\/www.noticiasradioreflejos.com.ar\/2021\/el-gobierno-envio-a-diputados-el-dnu-con-los-nuevos-creditos-a-tasa-cero-para-monotributistas\/\" \/>\n<meta property=\"og:site_name\" content=\"Noticias Radio Reflejos\" \/>\n<meta property=\"article:published_time\" content=\"2021-08-20T19:44:38+00:00\" \/>\n<meta property=\"og:image\" content=\"https:\/\/www.telam.com.ar\/advf\/imagenes\/2017\/01\/5878db9936a15_1004x565.jpg\" \/>\n<meta name=\"author\" content=\"Arnaldo Botto\" \/>\n<meta name=\"twitter:card\" content=\"summary_large_image\" \/>\n<script type=\"application\/ld+json\" class=\"yoast-schema-graph\">{\"@context\":\"https:\/\/schema.org\",\"@graph\":[{\"@type\":\"WebPage\",\"@id\":\"https:\/\/www.noticiasradioreflejos.com.ar\/2021\/el-gobierno-envio-a-diputados-el-dnu-con-los-nuevos-creditos-a-tasa-cero-para-monotributistas\/\",\"url\":\"https:\/\/www.noticiasradioreflejos.com.ar\/2021\/el-gobierno-envio-a-diputados-el-dnu-con-los-nuevos-creditos-a-tasa-cero-para-monotributistas\/\",\"name\":\"El Gobierno envi\u00f3 a Diputados el DNU con los nuevos cr\u00e9ditos a Tasa Cero para monotributistas - Noticias Radio Reflejos\",\"isPartOf\":{\"@id\":\"https:\/\/www.noticiasradioreflejos.com.ar\/2021\/#website\"},\"primaryImageOfPage\":{\"@id\":\"https:\/\/www.noticiasradioreflejos.com.ar\/2021\/el-gobierno-envio-a-diputados-el-dnu-con-los-nuevos-creditos-a-tasa-cero-para-monotributistas\/#primaryimage\"},\"image\":{\"@id\":\"https:\/\/www.noticiasradioreflejos.com.ar\/2021\/el-gobierno-envio-a-diputados-el-dnu-con-los-nuevos-creditos-a-tasa-cero-para-monotributistas\/#primaryimage\"},\"thumbnailUrl\":\"https:\/\/www.telam.com.ar\/advf\/imagenes\/2017\/01\/5878db9936a15_1004x565.jpg\",\"datePublished\":\"2021-08-20T19:44:38+00:00\",\"author\":{\"@id\":\"https:\/\/www.noticiasradioreflejos.com.ar\/2021\/#\/schema\/person\/ad82545263dcc5ec0996818884fd5fb1\"},\"breadcrumb\":{\"@id\":\"https:\/\/www.noticiasradioreflejos.com.ar\/2021\/el-gobierno-envio-a-diputados-el-dnu-con-los-nuevos-creditos-a-tasa-cero-para-monotributistas\/#breadcrumb\"},\"inLanguage\":\"es\",\"potentialAction\":[{\"@type\":\"ReadAction\",\"target\":[\"https:\/\/www.noticiasradioreflejos.com.ar\/2021\/el-gobierno-envio-a-diputados-el-dnu-con-los-nuevos-creditos-a-tasa-cero-para-monotributistas\/\"]}]},{\"@type\":\"ImageObject\",\"inLanguage\":\"es\",\"@id\":\"https:\/\/www.noticiasradioreflejos.com.ar\/2021\/el-gobierno-envio-a-diputados-el-dnu-con-los-nuevos-creditos-a-tasa-cero-para-monotributistas\/#primaryimage\",\"url\":\"https:\/\/www.telam.com.ar\/advf\/imagenes\/2017\/01\/5878db9936a15_1004x565.jpg\",\"contentUrl\":\"https:\/\/www.telam.com.ar\/advf\/imagenes\/2017\/01\/5878db9936a15_1004x565.jpg\"},{\"@type\":\"BreadcrumbList\",\"@id\":\"https:\/\/www.noticiasradioreflejos.com.ar\/2021\/el-gobierno-envio-a-diputados-el-dnu-con-los-nuevos-creditos-a-tasa-cero-para-monotributistas\/#breadcrumb\",\"itemListElement\":[{\"@type\":\"ListItem\",\"position\":1,\"name\":\"Portada\",\"item\":\"https:\/\/www.noticiasradioreflejos.com.ar\/2021\/\"},{\"@type\":\"ListItem\",\"position\":2,\"name\":\"El Gobierno envi\u00f3 a Diputados el DNU con los nuevos cr\u00e9ditos a Tasa Cero para monotributistas\"}]},{\"@type\":\"WebSite\",\"@id\":\"https:\/\/www.noticiasradioreflejos.com.ar\/2021\/#website\",\"url\":\"https:\/\/www.noticiasradioreflejos.com.ar\/2021\/\",\"name\":\"Noticias Radio Reflejos\",\"description\":\"Las noticias de mi comarca\",\"potentialAction\":[{\"@type\":\"SearchAction\",\"target\":{\"@type\":\"EntryPoint\",\"urlTemplate\":\"https:\/\/www.noticiasradioreflejos.com.ar\/2021\/?s={search_term_string}\"},\"query-input\":{\"@type\":\"PropertyValueSpecification\",\"valueRequired\":true,\"valueName\":\"search_term_string\"}}],\"inLanguage\":\"es\"},{\"@type\":\"Person\",\"@id\":\"https:\/\/www.noticiasradioreflejos.com.ar\/2021\/#\/schema\/person\/ad82545263dcc5ec0996818884fd5fb1\",\"name\":\"Arnaldo Botto\",\"image\":{\"@type\":\"ImageObject\",\"inLanguage\":\"es\",\"@id\":\"https:\/\/www.noticiasradioreflejos.com.ar\/2021\/#\/schema\/person\/image\/\",\"url\":\"https:\/\/secure.gravatar.com\/avatar\/55cb5e37c1efa326397366e6974cb338056df65cb50e7d64d1cf314e87504837?s=96&d=mm&r=g\",\"contentUrl\":\"https:\/\/secure.gravatar.com\/avatar\/55cb5e37c1efa326397366e6974cb338056df65cb50e7d64d1cf314e87504837?s=96&d=mm&r=g\",\"caption\":\"Arnaldo Botto\"},\"url\":\"https:\/\/www.noticiasradioreflejos.com.ar\/2021\/author\/arnaldo\/\"}]}<\/script>\n<!-- \/ Yoast SEO plugin. -->","yoast_head_json":{"title":"El Gobierno envi\u00f3 a Diputados el DNU con los nuevos cr\u00e9ditos a Tasa Cero para monotributistas - Noticias Radio Reflejos","robots":{"index":"index","follow":"follow","max-snippet":"max-snippet:-1","max-image-preview":"max-image-preview:large","max-video-preview":"max-video-preview:-1"},"canonical":"https:\/\/www.noticiasradioreflejos.com.ar\/2021\/el-gobierno-envio-a-diputados-el-dnu-con-los-nuevos-creditos-a-tasa-cero-para-monotributistas\/","og_locale":"es_ES","og_type":"article","og_title":"El Gobierno envi\u00f3 a Diputados el DNU con los nuevos cr\u00e9ditos a Tasa Cero para monotributistas - Noticias Radio Reflejos","og_description":"El programa tiene el objetivo de asistir a trabajadores y trabajadoras adheridos y adheridas al R\u00e9gimen Simplificado para Peque\u00f1os Contribuyentes, con el fin de acompa\u00f1ar el proceso de recuperaci\u00f3n productiva.","og_url":"https:\/\/www.noticiasradioreflejos.com.ar\/2021\/el-gobierno-envio-a-diputados-el-dnu-con-los-nuevos-creditos-a-tasa-cero-para-monotributistas\/","og_site_name":"Noticias Radio Reflejos","article_published_time":"2021-08-20T19:44:38+00:00","og_image":[{"url":"https:\/\/www.telam.com.ar\/advf\/imagenes\/2017\/01\/5878db9936a15_1004x565.jpg","type":"","width":"","height":""}],"author":"Arnaldo Botto","twitter_card":"summary_large_image","schema":{"@context":"https:\/\/schema.org","@graph":[{"@type":"WebPage","@id":"https:\/\/www.noticiasradioreflejos.com.ar\/2021\/el-gobierno-envio-a-diputados-el-dnu-con-los-nuevos-creditos-a-tasa-cero-para-monotributistas\/","url":"https:\/\/www.noticiasradioreflejos.com.ar\/2021\/el-gobierno-envio-a-diputados-el-dnu-con-los-nuevos-creditos-a-tasa-cero-para-monotributistas\/","name":"El Gobierno envi\u00f3 a Diputados el DNU con los nuevos cr\u00e9ditos a Tasa Cero para monotributistas - Noticias Radio Reflejos","isPartOf":{"@id":"https:\/\/www.noticiasradioreflejos.com.ar\/2021\/#website"},"primaryImageOfPage":{"@id":"https:\/\/www.noticiasradioreflejos.com.ar\/2021\/el-gobierno-envio-a-diputados-el-dnu-con-los-nuevos-creditos-a-tasa-cero-para-monotributistas\/#primaryimage"},"image":{"@id":"https:\/\/www.noticiasradioreflejos.com.ar\/2021\/el-gobierno-envio-a-diputados-el-dnu-con-los-nuevos-creditos-a-tasa-cero-para-monotributistas\/#primaryimage"},"thumbnailUrl":"https:\/\/www.telam.com.ar\/advf\/imagenes\/2017\/01\/5878db9936a15_1004x565.jpg","datePublished":"2021-08-20T19:44:38+00:00","author":{"@id":"https:\/\/www.noticiasradioreflejos.com.ar\/2021\/#\/schema\/person\/ad82545263dcc5ec0996818884fd5fb1"},"breadcrumb":{"@id":"https:\/\/www.noticiasradioreflejos.com.ar\/2021\/el-gobierno-envio-a-diputados-el-dnu-con-los-nuevos-creditos-a-tasa-cero-para-monotributistas\/#breadcrumb"},"inLanguage":"es","potentialAction":[{"@type":"ReadAction","target":["https:\/\/www.noticiasradioreflejos.com.ar\/2021\/el-gobierno-envio-a-diputados-el-dnu-con-los-nuevos-creditos-a-tasa-cero-para-monotributistas\/"]}]},{"@type":"ImageObject","inLanguage":"es","@id":"https:\/\/www.noticiasradioreflejos.com.ar\/2021\/el-gobierno-envio-a-diputados-el-dnu-con-los-nuevos-creditos-a-tasa-cero-para-monotributistas\/#primaryimage","url":"https:\/\/www.telam.com.ar\/advf\/imagenes\/2017\/01\/5878db9936a15_1004x565.jpg","contentUrl":"https:\/\/www.telam.com.ar\/advf\/imagenes\/2017\/01\/5878db9936a15_1004x565.jpg"},{"@type":"BreadcrumbList","@id":"https:\/\/www.noticiasradioreflejos.com.ar\/2021\/el-gobierno-envio-a-diputados-el-dnu-con-los-nuevos-creditos-a-tasa-cero-para-monotributistas\/#breadcrumb","itemListElement":[{"@type":"ListItem","position":1,"name":"Portada","item":"https:\/\/www.noticiasradioreflejos.com.ar\/2021\/"},{"@type":"ListItem","position":2,"name":"El Gobierno envi\u00f3 a Diputados el DNU con los nuevos cr\u00e9ditos a Tasa Cero para monotributistas"}]},{"@type":"WebSite","@id":"https:\/\/www.noticiasradioreflejos.com.ar\/2021\/#website","url":"https:\/\/www.noticiasradioreflejos.com.ar\/2021\/","name":"Noticias Radio Reflejos","description":"Las noticias de mi comarca","potentialAction":[{"@type":"SearchAction","target":{"@type":"EntryPoint","urlTemplate":"https:\/\/www.noticiasradioreflejos.com.ar\/2021\/?s={search_term_string}"},"query-input":{"@type":"PropertyValueSpecification","valueRequired":true,"valueName":"search_term_string"}}],"inLanguage":"es"},{"@type":"Person","@id":"https:\/\/www.noticiasradioreflejos.com.ar\/2021\/#\/schema\/person\/ad82545263dcc5ec0996818884fd5fb1","name":"Arnaldo Botto","image":{"@type":"ImageObject","inLanguage":"es","@id":"https:\/\/www.noticiasradioreflejos.com.ar\/2021\/#\/schema\/person\/image\/","url":"https:\/\/secure.gravatar.com\/avatar\/55cb5e37c1efa326397366e6974cb338056df65cb50e7d64d1cf314e87504837?s=96&d=mm&r=g","contentUrl":"https:\/\/secure.gravatar.com\/avatar\/55cb5e37c1efa326397366e6974cb338056df65cb50e7d64d1cf314e87504837?s=96&d=mm&r=g","caption":"Arnaldo Botto"},"url":"https:\/\/www.noticiasradioreflejos.com.ar\/2021\/author\/arnaldo\/"}]}},"_links":{"self":[{"href":"https:\/\/www.noticiasradioreflejos.com.ar\/2021\/wp-json\/wp\/v2\/posts\/61746","targetHints":{"allow":["GET"]}}],"collection":[{"href":"https:\/\/www.noticiasradioreflejos.com.ar\/2021\/wp-json\/wp\/v2\/posts"}],"about":[{"href":"https:\/\/www.noticiasradioreflejos.com.ar\/2021\/wp-json\/wp\/v2\/types\/post"}],"author":[{"embeddable":true,"href":"https:\/\/www.noticiasradioreflejos.com.ar\/2021\/wp-json\/wp\/v2\/users\/3"}],"replies":[{"embeddable":true,"href":"https:\/\/www.noticiasradioreflejos.com.ar\/2021\/wp-json\/wp\/v2\/comments?post=61746"}],"version-history":[{"count":1,"href":"https:\/\/www.noticiasradioreflejos.com.ar\/2021\/wp-json\/wp\/v2\/posts\/61746\/revisions"}],"predecessor-version":[{"id":61748,"href":"https:\/\/www.noticiasradioreflejos.com.ar\/2021\/wp-json\/wp\/v2\/posts\/61746\/revisions\/61748"}],"wp:attachment":[{"href":"https:\/\/www.noticiasradioreflejos.com.ar\/2021\/wp-json\/wp\/v2\/media?parent=61746"}],"wp:term":[{"taxonomy":"category","embeddable":true,"href":"https:\/\/www.noticiasradioreflejos.com.ar\/2021\/wp-json\/wp\/v2\/categories?post=61746"},{"taxonomy":"post_tag","embeddable":true,"href":"https:\/\/www.noticiasradioreflejos.com.ar\/2021\/wp-json\/wp\/v2\/tags?post=61746"}],"curies":[{"name":"wp","href":"https:\/\/api.w.org\/{rel}","templated":true}]}}