{"id":61719,"date":"2021-08-20T19:21:17","date_gmt":"2021-08-20T19:21:17","guid":{"rendered":"http:\/\/www.noticiasradioreflejos.com.ar\/2021\/?p=61719"},"modified":"2021-08-20T19:21:58","modified_gmt":"2021-08-20T19:21:58","slug":"nombramiento-de-graciela-bagu-a-muchos-de-los-que-estan-en-politica-no-les-alcanza-ni-para-lustrarle-los-zapatos","status":"publish","type":"post","link":"https:\/\/www.noticiasradioreflejos.com.ar\/2021\/nombramiento-de-graciela-bagu-a-muchos-de-los-que-estan-en-politica-no-les-alcanza-ni-para-lustrarle-los-zapatos\/","title":{"rendered":"Nombramiento de Graciela Bag\u00fa: \u00abA muchos de los que est\u00e1n en pol\u00edtica no les alcanza ni para lustrarle los zapatos\u00bb"},"content":{"rendered":"<p>El\u00a0 Intendente de Tornquist Municipio, anuncia el nombramiento de Graciela Bag\u00fa como nueva Directora de Gobierno de Sierra de la Ventana. Seg\u00fan el jefe comunal, se trata de un cargo necesario a partir del crecimiento del pueblo como localidad. Adem\u00e1s, aprovecha para contestarles a quienes salieron a criticar su decisi\u00f3n.<!--more--><\/p>\n<p>El intendente comenz\u00f3 la nota explicando que se agregar\u00e1 un cargo para apoyar a la Delegaci\u00f3n de Sierra de la Ventana. \u00abEse cargo lo cre\u00e9 para Gobierno y se llama Directora de Gobierno, va a estar bajo mi supervisi\u00f3n y del Delegado, van a trabajar de manera conjunta\u00bb. Agreg\u00f3 que la persona elegida y, seg\u00fan \u00e9l, la indicada, por ser una referente pol\u00edtica del pueblo, es Graciela Bag\u00fa. Sergio explic\u00f3 que ve\u00eda necesario la creaci\u00f3n del puesto por el crecimiento que ha tenido Sierra de la Ventana todo este \u00faltimo tiempo, sobre todo en el \u00e1mbito sanitario.<\/p>\n<p>\u00abEl radicalismo tendr\u00eda que llamarse al silencio\u00bb sentenci\u00f3 Bordoni cuando le comentamos acerca del repudio que public\u00f3 la UCR y los comentarios negativos de los vecinos por las redes sociales al enterarse del nombramiento de Graciela como Directora de Gobierno de Sierra de la Ventana.<\/p>\n<p><img loading=\"lazy\" decoding=\"async\" class=\"aligncenter size-full wp-image-50950\" src=\"http:\/\/www.noticiasradioreflejos.com.ar\/2021\/wp-content\/uploads\/2021\/01\/imagen.jpg\" alt=\"\" width=\"1032\" height=\"581\" \/><\/p>\n<p><span style=\"color: #ff9900;\"><em>En su despacho, el Intendente de Tornquist, Sergio Bordoni<\/em><\/span><\/p>\n<p>\u00abLuis Castro, cuando estuvo 2 d\u00edas de Concejal, pidi\u00f3 la renuncia del Secretario de Salud de Tornquist. En ese \u00ednterin, lo pongo a trabajar en el Hospital para que el lugar que \u00e9l denunciara, lo fiscalizara. Denunci\u00f3 persecuci\u00f3n pol\u00edtica, pidi\u00f3 licencia sin goce de haberes y, despu\u00e9s, pidieron un puesto en el Concejo Deliberante que no estaba presupuestado para que este se\u00f1or est\u00e9 en la secretar\u00eda y no cumpla con su trabajo. Justamente ellos quieren hablar de \u00e9tica y de clanes\u00bb lapid\u00f3 el intendente. Aprovech\u00f3 para recordar el prestigio pol\u00edtico con el que cuenta Graciela Bagur en la localidad, \u00aba muchos de los que est\u00e1n en pol\u00edtica no les alcanza ni para lustrarle los zapatos\u00bb.<\/p>\n<p>\u00abYo creo que cuando hablan, es porque no tienen nada para hacer. El \u00fanico p\u00e1jaro que hace algo con el pico es el hornero, los dem\u00e1s tienen que ponerse a trabajar. Hablando y haciendo denuncias, como le gusta a este radicalismo, es solo oposici\u00f3n por oposici\u00f3n\u00bb concluy\u00f3 con el tema.<\/p>\n<p>Bordoni mencion\u00f3 que probablemente siga faltando personal en Sierra de la Ventana que cumpla tareas administrativas que tengan que ver con el Poder Ejecutivo. \u00abEl presupuesto es alto, pero toda la gente que ha entrado este \u00faltimo tiempo ha entrado para salud\u00bb justific\u00f3.<\/p>\n<p>El intendente anunci\u00f3 la ampliaci\u00f3n de los cementerios de Saldungaray y Tornquist. Bordoni coment\u00f3 que se encuentran en negociaciones con los due\u00f1os de las tierras que podr\u00edan ser usadas para la ampliaci\u00f3n.<\/p>\n<p>Entre las preocupaciones que tienen los vecinos de Sierra de la Ventana se encuentran las viviendas. Es imposible alquilar una casa para cualquier trabajador y, mucho menos, comprar un lote y edificar debido a los altos costos de los terrenos del \u00e1rea de la ventana. \u00abAl no haber terrenos, el valor de la tierra es mucho m\u00e1s caro, y ese es el problema que tenemos\u00bb mencion\u00f3.<\/p>\n<p>Tambi\u00e9n estuvo informando acerca de las obras ya pactadas para las instituciones educativas de la zona. \u00abVan a licitar las aulas del Jard\u00edn 907 y sale esta semana la licitaci\u00f3n del de Villa que hab\u00eda quedado desierta, la ampliaci\u00f3n de un aula y del ba\u00f1o\u00bb. Mencion\u00f3 que el Jefe de Infraestructura de la Provincia ya est\u00e1 trabajando en el proyecto de la ampliaci\u00f3n de la Escuela Agropecuaria para la extensi\u00f3n de su infraestructura para centralizar el funcionamiento de la misma.<\/p>\n<p><strong>Nota completa a continuaci\u00f3n:<\/strong><\/p>\n<p><iframe loading=\"lazy\" src=\"https:\/\/w.soundcloud.com\/player\/?url=https%3A\/\/api.soundcloud.com\/tracks\/1109555413&amp;color=%23ff5500&amp;auto_play=false&amp;hide_related=false&amp;show_comments=true&amp;show_user=true&amp;show_reposts=false&amp;show_teaser=true\" width=\"100%\" height=\"166\" frameborder=\"no\" scrolling=\"no\"><\/iframe><\/p>\n<div style=\"font-size: 10px; color: #cccccc; line-break: anywhere; word-break: normal; overflow: hidden; white-space: nowrap; text-overflow: ellipsis; font-family: Interstate,Lucida Grande,Lucida Sans Unicode,Lucida Sans,Garuda,Verdana,Tahoma,sans-serif; font-weight: 100;\"><a style=\"color: #cccccc; text-decoration: none;\" title=\"fmreflejos 103.7\" href=\"https:\/\/soundcloud.com\/fmreflejos-103-7\" target=\"_blank\" rel=\"noopener\">fmreflejos 103.7<\/a> \u00b7 <a style=\"color: #cccccc; text-decoration: none;\" title=\"Nota Sergio Bordoni\" href=\"https:\/\/soundcloud.com\/fmreflejos-103-7\/nota-sergio-bordoni-192916195\" target=\"_blank\" rel=\"noopener\">Nota Sergio Bordoni<\/a><\/div>\n","protected":false},"excerpt":{"rendered":"<p>El\u00a0 Intendente de Tornquist Municipio, anuncia el nombramiento de Graciela Bag\u00fa como nueva Directora de Gobierno de Sierra de la Ventana. Seg\u00fan el jefe comunal, se trata de un cargo necesario a partir del crecimiento del pueblo como localidad. Adem\u00e1s, aprovecha para contestarles a quienes salieron a criticar su decisi\u00f3n.<\/p>\n","protected":false},"author":3,"featured_media":0,"comment_status":"closed","ping_status":"closed","sticky":false,"template":"","format":"standard","meta":{"footnotes":""},"categories":[24],"tags":[48],"class_list":["post-61719","post","type-post","status-publish","format-standard","hentry","category-politica","tag-destacada"],"yoast_head":"<!-- This site is optimized with the Yoast SEO plugin v25.9 - https:\/\/yoast.com\/wordpress\/plugins\/seo\/ -->\n<title>Nombramiento de Graciela Bag\u00fa: &quot;A muchos de los que est\u00e1n en pol\u00edtica no les alcanza ni para lustrarle los zapatos&quot; - Noticias Radio Reflejos<\/title>\n<meta name=\"robots\" content=\"index, follow, max-snippet:-1, max-image-preview:large, max-video-preview:-1\" \/>\n<link rel=\"canonical\" href=\"https:\/\/www.noticiasradioreflejos.com.ar\/2021\/nombramiento-de-graciela-bagu-a-muchos-de-los-que-estan-en-politica-no-les-alcanza-ni-para-lustrarle-los-zapatos\/\" \/>\n<meta property=\"og:locale\" content=\"es_ES\" \/>\n<meta property=\"og:type\" content=\"article\" \/>\n<meta property=\"og:title\" content=\"Nombramiento de Graciela Bag\u00fa: &quot;A muchos de los que est\u00e1n en pol\u00edtica no les alcanza ni para lustrarle los zapatos&quot; - Noticias Radio Reflejos\" \/>\n<meta property=\"og:description\" content=\"El\u00a0 Intendente de Tornquist Municipio, anuncia el nombramiento de Graciela Bag\u00fa como nueva Directora de Gobierno de Sierra de la Ventana. Seg\u00fan el jefe comunal, se trata de un cargo necesario a partir del crecimiento del pueblo como localidad. Adem\u00e1s, aprovecha para contestarles a quienes salieron a criticar su decisi\u00f3n.\" \/>\n<meta property=\"og:url\" content=\"https:\/\/www.noticiasradioreflejos.com.ar\/2021\/nombramiento-de-graciela-bagu-a-muchos-de-los-que-estan-en-politica-no-les-alcanza-ni-para-lustrarle-los-zapatos\/\" \/>\n<meta property=\"og:site_name\" content=\"Noticias Radio Reflejos\" \/>\n<meta property=\"article:published_time\" content=\"2021-08-20T19:21:17+00:00\" \/>\n<meta property=\"article:modified_time\" content=\"2021-08-20T19:21:58+00:00\" \/>\n<meta property=\"og:image\" content=\"http:\/\/www.noticiasradioreflejos.com.ar\/2021\/wp-content\/uploads\/2021\/01\/imagen.jpg\" \/>\n<meta name=\"author\" content=\"Arnaldo Botto\" \/>\n<meta name=\"twitter:card\" content=\"summary_large_image\" \/>\n<script type=\"application\/ld+json\" class=\"yoast-schema-graph\">{\"@context\":\"https:\/\/schema.org\",\"@graph\":[{\"@type\":\"WebPage\",\"@id\":\"https:\/\/www.noticiasradioreflejos.com.ar\/2021\/nombramiento-de-graciela-bagu-a-muchos-de-los-que-estan-en-politica-no-les-alcanza-ni-para-lustrarle-los-zapatos\/\",\"url\":\"https:\/\/www.noticiasradioreflejos.com.ar\/2021\/nombramiento-de-graciela-bagu-a-muchos-de-los-que-estan-en-politica-no-les-alcanza-ni-para-lustrarle-los-zapatos\/\",\"name\":\"Nombramiento de Graciela Bag\u00fa: \\\"A muchos de los que est\u00e1n en pol\u00edtica no les alcanza ni para lustrarle los zapatos\\\" - Noticias Radio Reflejos\",\"isPartOf\":{\"@id\":\"https:\/\/www.noticiasradioreflejos.com.ar\/2021\/#website\"},\"primaryImageOfPage\":{\"@id\":\"https:\/\/www.noticiasradioreflejos.com.ar\/2021\/nombramiento-de-graciela-bagu-a-muchos-de-los-que-estan-en-politica-no-les-alcanza-ni-para-lustrarle-los-zapatos\/#primaryimage\"},\"image\":{\"@id\":\"https:\/\/www.noticiasradioreflejos.com.ar\/2021\/nombramiento-de-graciela-bagu-a-muchos-de-los-que-estan-en-politica-no-les-alcanza-ni-para-lustrarle-los-zapatos\/#primaryimage\"},\"thumbnailUrl\":\"http:\/\/www.noticiasradioreflejos.com.ar\/2021\/wp-content\/uploads\/2021\/01\/imagen.jpg\",\"datePublished\":\"2021-08-20T19:21:17+00:00\",\"dateModified\":\"2021-08-20T19:21:58+00:00\",\"author\":{\"@id\":\"https:\/\/www.noticiasradioreflejos.com.ar\/2021\/#\/schema\/person\/ad82545263dcc5ec0996818884fd5fb1\"},\"breadcrumb\":{\"@id\":\"https:\/\/www.noticiasradioreflejos.com.ar\/2021\/nombramiento-de-graciela-bagu-a-muchos-de-los-que-estan-en-politica-no-les-alcanza-ni-para-lustrarle-los-zapatos\/#breadcrumb\"},\"inLanguage\":\"es\",\"potentialAction\":[{\"@type\":\"ReadAction\",\"target\":[\"https:\/\/www.noticiasradioreflejos.com.ar\/2021\/nombramiento-de-graciela-bagu-a-muchos-de-los-que-estan-en-politica-no-les-alcanza-ni-para-lustrarle-los-zapatos\/\"]}]},{\"@type\":\"ImageObject\",\"inLanguage\":\"es\",\"@id\":\"https:\/\/www.noticiasradioreflejos.com.ar\/2021\/nombramiento-de-graciela-bagu-a-muchos-de-los-que-estan-en-politica-no-les-alcanza-ni-para-lustrarle-los-zapatos\/#primaryimage\",\"url\":\"\",\"contentUrl\":\"\"},{\"@type\":\"BreadcrumbList\",\"@id\":\"https:\/\/www.noticiasradioreflejos.com.ar\/2021\/nombramiento-de-graciela-bagu-a-muchos-de-los-que-estan-en-politica-no-les-alcanza-ni-para-lustrarle-los-zapatos\/#breadcrumb\",\"itemListElement\":[{\"@type\":\"ListItem\",\"position\":1,\"name\":\"Portada\",\"item\":\"https:\/\/www.noticiasradioreflejos.com.ar\/2021\/\"},{\"@type\":\"ListItem\",\"position\":2,\"name\":\"Nombramiento de Graciela Bag\u00fa: \u00abA muchos de los que est\u00e1n en pol\u00edtica no les alcanza ni para lustrarle los zapatos\u00bb\"}]},{\"@type\":\"WebSite\",\"@id\":\"https:\/\/www.noticiasradioreflejos.com.ar\/2021\/#website\",\"url\":\"https:\/\/www.noticiasradioreflejos.com.ar\/2021\/\",\"name\":\"Noticias Radio Reflejos\",\"description\":\"Las noticias de mi comarca\",\"potentialAction\":[{\"@type\":\"SearchAction\",\"target\":{\"@type\":\"EntryPoint\",\"urlTemplate\":\"https:\/\/www.noticiasradioreflejos.com.ar\/2021\/?s={search_term_string}\"},\"query-input\":{\"@type\":\"PropertyValueSpecification\",\"valueRequired\":true,\"valueName\":\"search_term_string\"}}],\"inLanguage\":\"es\"},{\"@type\":\"Person\",\"@id\":\"https:\/\/www.noticiasradioreflejos.com.ar\/2021\/#\/schema\/person\/ad82545263dcc5ec0996818884fd5fb1\",\"name\":\"Arnaldo Botto\",\"image\":{\"@type\":\"ImageObject\",\"inLanguage\":\"es\",\"@id\":\"https:\/\/www.noticiasradioreflejos.com.ar\/2021\/#\/schema\/person\/image\/\",\"url\":\"https:\/\/secure.gravatar.com\/avatar\/55cb5e37c1efa326397366e6974cb338056df65cb50e7d64d1cf314e87504837?s=96&d=mm&r=g\",\"contentUrl\":\"https:\/\/secure.gravatar.com\/avatar\/55cb5e37c1efa326397366e6974cb338056df65cb50e7d64d1cf314e87504837?s=96&d=mm&r=g\",\"caption\":\"Arnaldo Botto\"},\"url\":\"https:\/\/www.noticiasradioreflejos.com.ar\/2021\/author\/arnaldo\/\"}]}<\/script>\n<!-- \/ Yoast SEO plugin. -->","yoast_head_json":{"title":"Nombramiento de Graciela Bag\u00fa: \"A muchos de los que est\u00e1n en pol\u00edtica no les alcanza ni para lustrarle los zapatos\" - Noticias Radio Reflejos","robots":{"index":"index","follow":"follow","max-snippet":"max-snippet:-1","max-image-preview":"max-image-preview:large","max-video-preview":"max-video-preview:-1"},"canonical":"https:\/\/www.noticiasradioreflejos.com.ar\/2021\/nombramiento-de-graciela-bagu-a-muchos-de-los-que-estan-en-politica-no-les-alcanza-ni-para-lustrarle-los-zapatos\/","og_locale":"es_ES","og_type":"article","og_title":"Nombramiento de Graciela Bag\u00fa: \"A muchos de los que est\u00e1n en pol\u00edtica no les alcanza ni para lustrarle los zapatos\" - Noticias Radio Reflejos","og_description":"El\u00a0 Intendente de Tornquist Municipio, anuncia el nombramiento de Graciela Bag\u00fa como nueva Directora de Gobierno de Sierra de la Ventana. Seg\u00fan el jefe comunal, se trata de un cargo necesario a partir del crecimiento del pueblo como localidad. Adem\u00e1s, aprovecha para contestarles a quienes salieron a criticar su decisi\u00f3n.","og_url":"https:\/\/www.noticiasradioreflejos.com.ar\/2021\/nombramiento-de-graciela-bagu-a-muchos-de-los-que-estan-en-politica-no-les-alcanza-ni-para-lustrarle-los-zapatos\/","og_site_name":"Noticias Radio Reflejos","article_published_time":"2021-08-20T19:21:17+00:00","article_modified_time":"2021-08-20T19:21:58+00:00","og_image":[{"url":"http:\/\/www.noticiasradioreflejos.com.ar\/2021\/wp-content\/uploads\/2021\/01\/imagen.jpg","type":"","width":"","height":""}],"author":"Arnaldo Botto","twitter_card":"summary_large_image","schema":{"@context":"https:\/\/schema.org","@graph":[{"@type":"WebPage","@id":"https:\/\/www.noticiasradioreflejos.com.ar\/2021\/nombramiento-de-graciela-bagu-a-muchos-de-los-que-estan-en-politica-no-les-alcanza-ni-para-lustrarle-los-zapatos\/","url":"https:\/\/www.noticiasradioreflejos.com.ar\/2021\/nombramiento-de-graciela-bagu-a-muchos-de-los-que-estan-en-politica-no-les-alcanza-ni-para-lustrarle-los-zapatos\/","name":"Nombramiento de Graciela Bag\u00fa: \"A muchos de los que est\u00e1n en pol\u00edtica no les alcanza ni para lustrarle los zapatos\" - Noticias Radio Reflejos","isPartOf":{"@id":"https:\/\/www.noticiasradioreflejos.com.ar\/2021\/#website"},"primaryImageOfPage":{"@id":"https:\/\/www.noticiasradioreflejos.com.ar\/2021\/nombramiento-de-graciela-bagu-a-muchos-de-los-que-estan-en-politica-no-les-alcanza-ni-para-lustrarle-los-zapatos\/#primaryimage"},"image":{"@id":"https:\/\/www.noticiasradioreflejos.com.ar\/2021\/nombramiento-de-graciela-bagu-a-muchos-de-los-que-estan-en-politica-no-les-alcanza-ni-para-lustrarle-los-zapatos\/#primaryimage"},"thumbnailUrl":"http:\/\/www.noticiasradioreflejos.com.ar\/2021\/wp-content\/uploads\/2021\/01\/imagen.jpg","datePublished":"2021-08-20T19:21:17+00:00","dateModified":"2021-08-20T19:21:58+00:00","author":{"@id":"https:\/\/www.noticiasradioreflejos.com.ar\/2021\/#\/schema\/person\/ad82545263dcc5ec0996818884fd5fb1"},"breadcrumb":{"@id":"https:\/\/www.noticiasradioreflejos.com.ar\/2021\/nombramiento-de-graciela-bagu-a-muchos-de-los-que-estan-en-politica-no-les-alcanza-ni-para-lustrarle-los-zapatos\/#breadcrumb"},"inLanguage":"es","potentialAction":[{"@type":"ReadAction","target":["https:\/\/www.noticiasradioreflejos.com.ar\/2021\/nombramiento-de-graciela-bagu-a-muchos-de-los-que-estan-en-politica-no-les-alcanza-ni-para-lustrarle-los-zapatos\/"]}]},{"@type":"ImageObject","inLanguage":"es","@id":"https:\/\/www.noticiasradioreflejos.com.ar\/2021\/nombramiento-de-graciela-bagu-a-muchos-de-los-que-estan-en-politica-no-les-alcanza-ni-para-lustrarle-los-zapatos\/#primaryimage","url":"","contentUrl":""},{"@type":"BreadcrumbList","@id":"https:\/\/www.noticiasradioreflejos.com.ar\/2021\/nombramiento-de-graciela-bagu-a-muchos-de-los-que-estan-en-politica-no-les-alcanza-ni-para-lustrarle-los-zapatos\/#breadcrumb","itemListElement":[{"@type":"ListItem","position":1,"name":"Portada","item":"https:\/\/www.noticiasradioreflejos.com.ar\/2021\/"},{"@type":"ListItem","position":2,"name":"Nombramiento de Graciela Bag\u00fa: \u00abA muchos de los que est\u00e1n en pol\u00edtica no les alcanza ni para lustrarle los zapatos\u00bb"}]},{"@type":"WebSite","@id":"https:\/\/www.noticiasradioreflejos.com.ar\/2021\/#website","url":"https:\/\/www.noticiasradioreflejos.com.ar\/2021\/","name":"Noticias Radio Reflejos","description":"Las noticias de mi comarca","potentialAction":[{"@type":"SearchAction","target":{"@type":"EntryPoint","urlTemplate":"https:\/\/www.noticiasradioreflejos.com.ar\/2021\/?s={search_term_string}"},"query-input":{"@type":"PropertyValueSpecification","valueRequired":true,"valueName":"search_term_string"}}],"inLanguage":"es"},{"@type":"Person","@id":"https:\/\/www.noticiasradioreflejos.com.ar\/2021\/#\/schema\/person\/ad82545263dcc5ec0996818884fd5fb1","name":"Arnaldo Botto","image":{"@type":"ImageObject","inLanguage":"es","@id":"https:\/\/www.noticiasradioreflejos.com.ar\/2021\/#\/schema\/person\/image\/","url":"https:\/\/secure.gravatar.com\/avatar\/55cb5e37c1efa326397366e6974cb338056df65cb50e7d64d1cf314e87504837?s=96&d=mm&r=g","contentUrl":"https:\/\/secure.gravatar.com\/avatar\/55cb5e37c1efa326397366e6974cb338056df65cb50e7d64d1cf314e87504837?s=96&d=mm&r=g","caption":"Arnaldo Botto"},"url":"https:\/\/www.noticiasradioreflejos.com.ar\/2021\/author\/arnaldo\/"}]}},"_links":{"self":[{"href":"https:\/\/www.noticiasradioreflejos.com.ar\/2021\/wp-json\/wp\/v2\/posts\/61719","targetHints":{"allow":["GET"]}}],"collection":[{"href":"https:\/\/www.noticiasradioreflejos.com.ar\/2021\/wp-json\/wp\/v2\/posts"}],"about":[{"href":"https:\/\/www.noticiasradioreflejos.com.ar\/2021\/wp-json\/wp\/v2\/types\/post"}],"author":[{"embeddable":true,"href":"https:\/\/www.noticiasradioreflejos.com.ar\/2021\/wp-json\/wp\/v2\/users\/3"}],"replies":[{"embeddable":true,"href":"https:\/\/www.noticiasradioreflejos.com.ar\/2021\/wp-json\/wp\/v2\/comments?post=61719"}],"version-history":[{"count":6,"href":"https:\/\/www.noticiasradioreflejos.com.ar\/2021\/wp-json\/wp\/v2\/posts\/61719\/revisions"}],"predecessor-version":[{"id":61742,"href":"https:\/\/www.noticiasradioreflejos.com.ar\/2021\/wp-json\/wp\/v2\/posts\/61719\/revisions\/61742"}],"wp:attachment":[{"href":"https:\/\/www.noticiasradioreflejos.com.ar\/2021\/wp-json\/wp\/v2\/media?parent=61719"}],"wp:term":[{"taxonomy":"category","embeddable":true,"href":"https:\/\/www.noticiasradioreflejos.com.ar\/2021\/wp-json\/wp\/v2\/categories?post=61719"},{"taxonomy":"post_tag","embeddable":true,"href":"https:\/\/www.noticiasradioreflejos.com.ar\/2021\/wp-json\/wp\/v2\/tags?post=61719"}],"curies":[{"name":"wp","href":"https:\/\/api.w.org\/{rel}","templated":true}]}}