{"id":61707,"date":"2021-08-20T12:03:08","date_gmt":"2021-08-20T12:03:08","guid":{"rendered":"http:\/\/www.noticiasradioreflejos.com.ar\/2021\/?p=61707"},"modified":"2021-08-20T12:03:08","modified_gmt":"2021-08-20T12:03:08","slug":"iglesias-evangelicas-acusaron-a-el-reino-de-propiciar-que-su-cultura-desaparezca","status":"publish","type":"post","link":"https:\/\/www.noticiasradioreflejos.com.ar\/2021\/iglesias-evangelicas-acusaron-a-el-reino-de-propiciar-que-su-cultura-desaparezca\/","title":{"rendered":"Iglesias Evang\u00e9licas acusaron a \u00abEl Reino\u00bb de propiciar que su cultura desaparezca"},"content":{"rendered":"<div class=\"head-content\">\n<p>Escritores y espectadores respaldaron en las redes sociales a la escritora luego de que la Alianza Cristiana de Iglesias Evang\u00e9licas (Aciera) emitiera un comunicado con una dura cr\u00edtica por \u00abel contenido y el mensaje que busca transmitir la obra\u00bb.<\/p>\n<\/div>\n<p><!--more--><\/p>\n<div class=\"main-content-block\">\n<div class=\"main-box clearfix\">\n<div class=\"wrapper-main-section clearfix\">\n<div class=\"wrapper-editable-content\">\n<div class=\"editable-content clearfix\">\n<div id=\"image\" class=\"image\"><img decoding=\"async\" title=\"La escritora cuestion\u00f3 el intento de censura de una tira de ficci\u00f3n. \" src=\"https:\/\/www.telam.com.ar\/advf\/imagenes\/2021\/07\/60e0b3ef8e988_1004x565.jpg\" alt=\"La escritora cuestion\u00f3 el intento de censura de una tira de ficci\u00f3n. \" \/><\/p>\n<div class=\"epigrafe\">La escritora cuestion\u00f3 el intento de censura de una tira de ficci\u00f3n.<\/div>\n<\/div>\n<p>La\u00a0<strong>Alianza Cristiana de las Iglesias Evang\u00e9licas de la Rep\u00fablica Argentina (Aciera)\u00a0<\/strong>acus\u00f3 a los creadores de la serie de Netflix, \u00abEl Reino\u00bb, de \u00abusar el arte\u00bb para \u00abcrear en el imaginario popular la percepci\u00f3n\u00bb de que sus pastores \u00absolo tienen ambiciones de poder o de dinero\u00bb, a fines de \u00absegregar, marcar en listas y se\u00f1alar como peligrosos y fundamentalistas\u00bb a sus fieles y que se \u00abdebiliten y desaparezcan\u00bb.<\/p>\n<p><strong>\u00abEl Reino\u00bb<\/strong>\u00a0cuenta la historia del pastor\u00a0<strong>Emilio V\u00e1zquez Pena,<\/strong>\u00a0encarnado por Diego Peretti, y c\u00f3mo su vida y la de su entorno familiar se ven sacudidos a partir del atentado contra el candidato a presidente de la rep\u00fablica: tras el horror, llega la oportunidad, y el religioso podr\u00eda convertirse en el m\u00e1ximo mandatario de la Naci\u00f3n. Entre intrigas, Emilio intentar\u00e1 descifrar las causas del crimen y a su instigador, todo mientras el ojo p\u00fablico escudri\u00f1a entre sus secretos y los de la lucrativa iglesia dirigida por la familia.<\/p>\n<p>A trav\u00e9s de<strong>\u00a0un documento firmado por su Consejo Directivo Nacional,\u00a0<\/strong>desde la entidad refirieron a un \u00abcomportamiento fascista\u00bb y apuntaron contra Claudia Pi\u00f1eiro, guionista y creadora de la serie junto a Marcelo Pi\u00f1eyro, de tener \u00abun encono\u00bb contra la \u00abcultura evang\u00e9lica de la Argentina\u00bb derivada de su \u00abmilitancia feminista durante el debate de la ley del aborto\u00bb.<\/p>\n<p>\u00abNo es que la narradora lo hace por mero desconocimiento de dichas comunidades; pareciera ser que el objetivo ser\u00eda buscar destruir la trayectoria y el testimonio que con mucho esfuerzo han logrado alcanzar socialmente dichas iglesias a trav\u00e9s de tantos a\u00f1os. A los que antes se los atacaba diciendo que eran sectas, ahora se los trata de encasillar como &#8216;seguidores de Bolsonaro&#8217;, &#8216;reaccionarios de derecha&#8217;, agentes del mal contra los ideales que promueve el colectivo que la guionista representa\u00bb, acusaron.<\/p>\n<p>En otro pasaje del texto, invitan a los creadores de \u00abEl Reino\u00bb, \u00absin intenci\u00f3n alguna de censurar su obra\u00bb, a que \u00abvengan a ver la obra real que hacen esos &#8216;reaccionarios de derecha&#8217; en las villas, c\u00e1rceles, hospitales y entre la gente necesitada\u00bb.<\/p>\n<div id=\"image\" class=\"image\"><img decoding=\"async\" title=\"El Reino, la nueva tira argentina estrenada en Netflix.\" src=\"https:\/\/www.telam.com.ar\/advf\/imagenes\/2021\/08\/61130bab9e425_1004x565.jpg\" alt=\"El Reino, la nueva tira argentina estrenada en Netflix.\" \/><\/p>\n<div class=\"epigrafe\">El Reino, la nueva tira argentina estrenada en Netflix.<\/div>\n<\/div>\n<p><strong>La prestigiosa escritora respondi\u00f3 escueta pero contundentemente a trav\u00e9s de su cuenta de Twitter con dos frases: \u00ab<\/strong>La censura es censura, la quieras disfrazar de lo que la quieras disfrazar\u00bb y \u00abAhora censurar una ficci\u00f3n ya parece medieval\u00bb.<\/p>\n<p>D\u00edas atr\u00e1s durante una entrevista con T\u00e9lam,\u00a0<strong>Pi\u00f1eiro consider\u00f3 que en la ficci\u00f3n de la serie los mundos de la pol\u00edtica y la religi\u00f3n \u00abcomparten una agenda de conservadurismo, de no aceptaci\u00f3n de determinados derechos de las personas, estar en contra de la ESI, del aborto, de la ley del matrimonio igualitario\u00bb.<\/strong><\/p>\n<p>\u00abEntonces -continu\u00f3-, como comparten esa agenda de restricci\u00f3n de derechos personales, estos pol\u00edticos dicen &#8216;aunemos esfuerzos y hagamos esto que nos interesa a los dos&#8217;. Despu\u00e9s el pol\u00edtico saca otros beneficios, que son sumar cantidad de votos, y esta iglesia suma los suyos, que tendr\u00e1n que ver con prebendas econ\u00f3micas y otro tipo de cosas\u00bb.<\/p>\n<p>Luego de que se conociera el pronunciamiento y para frenar el hostigamiento que comenz\u00f3 a recibir en la red social, la autora de \u00abCatedrales\u00bb decidi\u00f3 volver privada su cuenta, mientras recib\u00eda el apoyo de colegas y de muchos espectadores de la tira.<\/p>\n<p>\u201cMuy preocupante el comunicado medieval de Aciera que pretende definir qu\u00e9 ser\u00eda la pureza art\u00edstica y la `contaminaci\u00f3n\u00b4 ideol\u00f3gica para atacar a Claudia Pi\u00f1eiro como guionista de &#8216;El Reino&#8217;. Toda la solidaridad con ella\u201d, sostuvo el escritor\u00a0<strong>Guillermo Mart\u00ednez<\/strong>\u00a0desde su cuenta en Twitter.<\/p>\n<p>Por su parte, el novelista y guionista\u00a0<strong>Marcelo Figueras<\/strong>\u00a0opin\u00f3 que \u201cnadie que haya visto &#8216;El Reino &#8216;entiende que el pastor que encarna Peretti es la medida de todos los pastores; al contrario, queda claro que se trata de uno muy particular, en el seno de una ficci\u00f3n que ni siquiera pretende ser estrictamente realista. Antes que la reivindicaci\u00f3n de su gente, el comunicado de ACIERA suena a ataque puntual a una mujer, Claudia Pi\u00f1eiro, de conocida militancia en favor de la Interrupci\u00f3n Voluntaria del Embarazo\u201d.<\/p>\n<p>La escritora y poeta\u00a0<strong>Marina Mariasch\u00a0<\/strong>advirti\u00f3 sobre una suerte de doble estandar a la hora de evaluar c\u00f3mo la ficci\u00f3n retrata a las religiones: \u201cMe pregunto si pasa o pas\u00f3 algo as\u00ed cada vez que sale una ficci\u00f3n sobre jud\u00edos (como \u201cPoco ortodoxa\u201d), cat\u00f3licos. \u00bfHay temas que no se pueden tocar en la ficci\u00f3n? pfff\u201d.<\/p>\n<p><strong>La Uni\u00f3n Argentina de Escritoras y Escritores<\/strong>\u00a0escribi\u00f3 en la misma red: \u00abRepudiamos de modo contundente el ataque recibido por nuestra colega y compa\u00f1era Claudia Pi\u00f1eiro por su trabajo como guionista de la serie \u2018El Reino\u2019. No es necesario aclarar que se trata de una obra de ficci\u00f3n que debe gozar de plena libertad para desarrollarse. Consideramos un hecho grave que se pretenda confundir al p\u00fablico y manipularlo para hacerle creer que un hecho ficticio tiene alg\u00fan correlato con la realidad\u201d.<\/p>\n<p>Y a\u00f1adi\u00f3: \u201cVivimos un tiempo atravesado por una reacci\u00f3n conservadora que pretende cercenar derechos, silenciar a quienes piensan distinto y atacar la creaci\u00f3n art\u00edstica confundiendo deliberadamente la realidad con la ficci\u00f3n\u201d.<\/p>\n<p>Por su parte, Mercedes Mor\u00e1n, otra de las protagonistas de la serie, escribi\u00f3: Toda mi solidaridad, mi agradecimiento y mi amor a @claudiapineiro ante los ataques que est\u00e1 sufriendo\u201d.<\/p><\/div>\n<\/div>\n<\/div>\n<\/div>\n<\/div>\n","protected":false},"excerpt":{"rendered":"<p>Escritores y espectadores respaldaron en las redes sociales a la escritora luego de que la Alianza Cristiana de Iglesias Evang\u00e9licas (Aciera) emitiera un comunicado con una dura cr\u00edtica por \u00abel contenido y el mensaje que busca transmitir la obra\u00bb.<\/p>\n","protected":false},"author":3,"featured_media":0,"comment_status":"closed","ping_status":"closed","sticky":false,"template":"","format":"standard","meta":{"footnotes":""},"categories":[24,26],"tags":[],"class_list":["post-61707","post","type-post","status-publish","format-standard","hentry","category-politica","category-sociedad"],"yoast_head":"<!-- This site is optimized with the Yoast SEO plugin v25.9 - https:\/\/yoast.com\/wordpress\/plugins\/seo\/ -->\n<title>Iglesias Evang\u00e9licas acusaron a &quot;El Reino&quot; de propiciar que su cultura desaparezca - Noticias Radio Reflejos<\/title>\n<meta name=\"robots\" content=\"index, follow, max-snippet:-1, max-image-preview:large, max-video-preview:-1\" \/>\n<link rel=\"canonical\" href=\"https:\/\/www.noticiasradioreflejos.com.ar\/2021\/iglesias-evangelicas-acusaron-a-el-reino-de-propiciar-que-su-cultura-desaparezca\/\" \/>\n<meta property=\"og:locale\" content=\"es_ES\" \/>\n<meta property=\"og:type\" content=\"article\" \/>\n<meta property=\"og:title\" content=\"Iglesias Evang\u00e9licas acusaron a &quot;El Reino&quot; de propiciar que su cultura desaparezca - Noticias Radio Reflejos\" \/>\n<meta property=\"og:description\" content=\"Escritores y espectadores respaldaron en las redes sociales a la escritora luego de que la Alianza Cristiana de Iglesias Evang\u00e9licas (Aciera) emitiera un comunicado con una dura cr\u00edtica por \u00abel contenido y el mensaje que busca transmitir la obra\u00bb.\" \/>\n<meta property=\"og:url\" content=\"https:\/\/www.noticiasradioreflejos.com.ar\/2021\/iglesias-evangelicas-acusaron-a-el-reino-de-propiciar-que-su-cultura-desaparezca\/\" \/>\n<meta property=\"og:site_name\" content=\"Noticias Radio Reflejos\" \/>\n<meta property=\"article:published_time\" content=\"2021-08-20T12:03:08+00:00\" \/>\n<meta property=\"og:image\" content=\"https:\/\/www.telam.com.ar\/advf\/imagenes\/2021\/07\/60e0b3ef8e988_1004x565.jpg\" \/>\n<meta name=\"author\" content=\"Arnaldo Botto\" \/>\n<meta name=\"twitter:card\" content=\"summary_large_image\" \/>\n<script type=\"application\/ld+json\" class=\"yoast-schema-graph\">{\"@context\":\"https:\/\/schema.org\",\"@graph\":[{\"@type\":\"WebPage\",\"@id\":\"https:\/\/www.noticiasradioreflejos.com.ar\/2021\/iglesias-evangelicas-acusaron-a-el-reino-de-propiciar-que-su-cultura-desaparezca\/\",\"url\":\"https:\/\/www.noticiasradioreflejos.com.ar\/2021\/iglesias-evangelicas-acusaron-a-el-reino-de-propiciar-que-su-cultura-desaparezca\/\",\"name\":\"Iglesias Evang\u00e9licas acusaron a \\\"El Reino\\\" de propiciar que su cultura desaparezca - Noticias Radio Reflejos\",\"isPartOf\":{\"@id\":\"https:\/\/www.noticiasradioreflejos.com.ar\/2021\/#website\"},\"primaryImageOfPage\":{\"@id\":\"https:\/\/www.noticiasradioreflejos.com.ar\/2021\/iglesias-evangelicas-acusaron-a-el-reino-de-propiciar-que-su-cultura-desaparezca\/#primaryimage\"},\"image\":{\"@id\":\"https:\/\/www.noticiasradioreflejos.com.ar\/2021\/iglesias-evangelicas-acusaron-a-el-reino-de-propiciar-que-su-cultura-desaparezca\/#primaryimage\"},\"thumbnailUrl\":\"https:\/\/www.telam.com.ar\/advf\/imagenes\/2021\/07\/60e0b3ef8e988_1004x565.jpg\",\"datePublished\":\"2021-08-20T12:03:08+00:00\",\"author\":{\"@id\":\"https:\/\/www.noticiasradioreflejos.com.ar\/2021\/#\/schema\/person\/ad82545263dcc5ec0996818884fd5fb1\"},\"breadcrumb\":{\"@id\":\"https:\/\/www.noticiasradioreflejos.com.ar\/2021\/iglesias-evangelicas-acusaron-a-el-reino-de-propiciar-que-su-cultura-desaparezca\/#breadcrumb\"},\"inLanguage\":\"es\",\"potentialAction\":[{\"@type\":\"ReadAction\",\"target\":[\"https:\/\/www.noticiasradioreflejos.com.ar\/2021\/iglesias-evangelicas-acusaron-a-el-reino-de-propiciar-que-su-cultura-desaparezca\/\"]}]},{\"@type\":\"ImageObject\",\"inLanguage\":\"es\",\"@id\":\"https:\/\/www.noticiasradioreflejos.com.ar\/2021\/iglesias-evangelicas-acusaron-a-el-reino-de-propiciar-que-su-cultura-desaparezca\/#primaryimage\",\"url\":\"https:\/\/www.telam.com.ar\/advf\/imagenes\/2021\/07\/60e0b3ef8e988_1004x565.jpg\",\"contentUrl\":\"https:\/\/www.telam.com.ar\/advf\/imagenes\/2021\/07\/60e0b3ef8e988_1004x565.jpg\"},{\"@type\":\"BreadcrumbList\",\"@id\":\"https:\/\/www.noticiasradioreflejos.com.ar\/2021\/iglesias-evangelicas-acusaron-a-el-reino-de-propiciar-que-su-cultura-desaparezca\/#breadcrumb\",\"itemListElement\":[{\"@type\":\"ListItem\",\"position\":1,\"name\":\"Portada\",\"item\":\"https:\/\/www.noticiasradioreflejos.com.ar\/2021\/\"},{\"@type\":\"ListItem\",\"position\":2,\"name\":\"Iglesias Evang\u00e9licas acusaron a \u00abEl Reino\u00bb de propiciar que su cultura desaparezca\"}]},{\"@type\":\"WebSite\",\"@id\":\"https:\/\/www.noticiasradioreflejos.com.ar\/2021\/#website\",\"url\":\"https:\/\/www.noticiasradioreflejos.com.ar\/2021\/\",\"name\":\"Noticias Radio Reflejos\",\"description\":\"Las noticias de mi comarca\",\"potentialAction\":[{\"@type\":\"SearchAction\",\"target\":{\"@type\":\"EntryPoint\",\"urlTemplate\":\"https:\/\/www.noticiasradioreflejos.com.ar\/2021\/?s={search_term_string}\"},\"query-input\":{\"@type\":\"PropertyValueSpecification\",\"valueRequired\":true,\"valueName\":\"search_term_string\"}}],\"inLanguage\":\"es\"},{\"@type\":\"Person\",\"@id\":\"https:\/\/www.noticiasradioreflejos.com.ar\/2021\/#\/schema\/person\/ad82545263dcc5ec0996818884fd5fb1\",\"name\":\"Arnaldo Botto\",\"image\":{\"@type\":\"ImageObject\",\"inLanguage\":\"es\",\"@id\":\"https:\/\/www.noticiasradioreflejos.com.ar\/2021\/#\/schema\/person\/image\/\",\"url\":\"https:\/\/secure.gravatar.com\/avatar\/55cb5e37c1efa326397366e6974cb338056df65cb50e7d64d1cf314e87504837?s=96&d=mm&r=g\",\"contentUrl\":\"https:\/\/secure.gravatar.com\/avatar\/55cb5e37c1efa326397366e6974cb338056df65cb50e7d64d1cf314e87504837?s=96&d=mm&r=g\",\"caption\":\"Arnaldo Botto\"},\"url\":\"https:\/\/www.noticiasradioreflejos.com.ar\/2021\/author\/arnaldo\/\"}]}<\/script>\n<!-- \/ Yoast SEO plugin. -->","yoast_head_json":{"title":"Iglesias Evang\u00e9licas acusaron a \"El Reino\" de propiciar que su cultura desaparezca - Noticias Radio Reflejos","robots":{"index":"index","follow":"follow","max-snippet":"max-snippet:-1","max-image-preview":"max-image-preview:large","max-video-preview":"max-video-preview:-1"},"canonical":"https:\/\/www.noticiasradioreflejos.com.ar\/2021\/iglesias-evangelicas-acusaron-a-el-reino-de-propiciar-que-su-cultura-desaparezca\/","og_locale":"es_ES","og_type":"article","og_title":"Iglesias Evang\u00e9licas acusaron a \"El Reino\" de propiciar que su cultura desaparezca - Noticias Radio Reflejos","og_description":"Escritores y espectadores respaldaron en las redes sociales a la escritora luego de que la Alianza Cristiana de Iglesias Evang\u00e9licas (Aciera) emitiera un comunicado con una dura cr\u00edtica por \u00abel contenido y el mensaje que busca transmitir la obra\u00bb.","og_url":"https:\/\/www.noticiasradioreflejos.com.ar\/2021\/iglesias-evangelicas-acusaron-a-el-reino-de-propiciar-que-su-cultura-desaparezca\/","og_site_name":"Noticias Radio Reflejos","article_published_time":"2021-08-20T12:03:08+00:00","og_image":[{"url":"https:\/\/www.telam.com.ar\/advf\/imagenes\/2021\/07\/60e0b3ef8e988_1004x565.jpg","type":"","width":"","height":""}],"author":"Arnaldo Botto","twitter_card":"summary_large_image","schema":{"@context":"https:\/\/schema.org","@graph":[{"@type":"WebPage","@id":"https:\/\/www.noticiasradioreflejos.com.ar\/2021\/iglesias-evangelicas-acusaron-a-el-reino-de-propiciar-que-su-cultura-desaparezca\/","url":"https:\/\/www.noticiasradioreflejos.com.ar\/2021\/iglesias-evangelicas-acusaron-a-el-reino-de-propiciar-que-su-cultura-desaparezca\/","name":"Iglesias Evang\u00e9licas acusaron a \"El Reino\" de propiciar que su cultura desaparezca - Noticias Radio Reflejos","isPartOf":{"@id":"https:\/\/www.noticiasradioreflejos.com.ar\/2021\/#website"},"primaryImageOfPage":{"@id":"https:\/\/www.noticiasradioreflejos.com.ar\/2021\/iglesias-evangelicas-acusaron-a-el-reino-de-propiciar-que-su-cultura-desaparezca\/#primaryimage"},"image":{"@id":"https:\/\/www.noticiasradioreflejos.com.ar\/2021\/iglesias-evangelicas-acusaron-a-el-reino-de-propiciar-que-su-cultura-desaparezca\/#primaryimage"},"thumbnailUrl":"https:\/\/www.telam.com.ar\/advf\/imagenes\/2021\/07\/60e0b3ef8e988_1004x565.jpg","datePublished":"2021-08-20T12:03:08+00:00","author":{"@id":"https:\/\/www.noticiasradioreflejos.com.ar\/2021\/#\/schema\/person\/ad82545263dcc5ec0996818884fd5fb1"},"breadcrumb":{"@id":"https:\/\/www.noticiasradioreflejos.com.ar\/2021\/iglesias-evangelicas-acusaron-a-el-reino-de-propiciar-que-su-cultura-desaparezca\/#breadcrumb"},"inLanguage":"es","potentialAction":[{"@type":"ReadAction","target":["https:\/\/www.noticiasradioreflejos.com.ar\/2021\/iglesias-evangelicas-acusaron-a-el-reino-de-propiciar-que-su-cultura-desaparezca\/"]}]},{"@type":"ImageObject","inLanguage":"es","@id":"https:\/\/www.noticiasradioreflejos.com.ar\/2021\/iglesias-evangelicas-acusaron-a-el-reino-de-propiciar-que-su-cultura-desaparezca\/#primaryimage","url":"https:\/\/www.telam.com.ar\/advf\/imagenes\/2021\/07\/60e0b3ef8e988_1004x565.jpg","contentUrl":"https:\/\/www.telam.com.ar\/advf\/imagenes\/2021\/07\/60e0b3ef8e988_1004x565.jpg"},{"@type":"BreadcrumbList","@id":"https:\/\/www.noticiasradioreflejos.com.ar\/2021\/iglesias-evangelicas-acusaron-a-el-reino-de-propiciar-que-su-cultura-desaparezca\/#breadcrumb","itemListElement":[{"@type":"ListItem","position":1,"name":"Portada","item":"https:\/\/www.noticiasradioreflejos.com.ar\/2021\/"},{"@type":"ListItem","position":2,"name":"Iglesias Evang\u00e9licas acusaron a \u00abEl Reino\u00bb de propiciar que su cultura desaparezca"}]},{"@type":"WebSite","@id":"https:\/\/www.noticiasradioreflejos.com.ar\/2021\/#website","url":"https:\/\/www.noticiasradioreflejos.com.ar\/2021\/","name":"Noticias Radio Reflejos","description":"Las noticias de mi comarca","potentialAction":[{"@type":"SearchAction","target":{"@type":"EntryPoint","urlTemplate":"https:\/\/www.noticiasradioreflejos.com.ar\/2021\/?s={search_term_string}"},"query-input":{"@type":"PropertyValueSpecification","valueRequired":true,"valueName":"search_term_string"}}],"inLanguage":"es"},{"@type":"Person","@id":"https:\/\/www.noticiasradioreflejos.com.ar\/2021\/#\/schema\/person\/ad82545263dcc5ec0996818884fd5fb1","name":"Arnaldo Botto","image":{"@type":"ImageObject","inLanguage":"es","@id":"https:\/\/www.noticiasradioreflejos.com.ar\/2021\/#\/schema\/person\/image\/","url":"https:\/\/secure.gravatar.com\/avatar\/55cb5e37c1efa326397366e6974cb338056df65cb50e7d64d1cf314e87504837?s=96&d=mm&r=g","contentUrl":"https:\/\/secure.gravatar.com\/avatar\/55cb5e37c1efa326397366e6974cb338056df65cb50e7d64d1cf314e87504837?s=96&d=mm&r=g","caption":"Arnaldo Botto"},"url":"https:\/\/www.noticiasradioreflejos.com.ar\/2021\/author\/arnaldo\/"}]}},"_links":{"self":[{"href":"https:\/\/www.noticiasradioreflejos.com.ar\/2021\/wp-json\/wp\/v2\/posts\/61707","targetHints":{"allow":["GET"]}}],"collection":[{"href":"https:\/\/www.noticiasradioreflejos.com.ar\/2021\/wp-json\/wp\/v2\/posts"}],"about":[{"href":"https:\/\/www.noticiasradioreflejos.com.ar\/2021\/wp-json\/wp\/v2\/types\/post"}],"author":[{"embeddable":true,"href":"https:\/\/www.noticiasradioreflejos.com.ar\/2021\/wp-json\/wp\/v2\/users\/3"}],"replies":[{"embeddable":true,"href":"https:\/\/www.noticiasradioreflejos.com.ar\/2021\/wp-json\/wp\/v2\/comments?post=61707"}],"version-history":[{"count":1,"href":"https:\/\/www.noticiasradioreflejos.com.ar\/2021\/wp-json\/wp\/v2\/posts\/61707\/revisions"}],"predecessor-version":[{"id":61709,"href":"https:\/\/www.noticiasradioreflejos.com.ar\/2021\/wp-json\/wp\/v2\/posts\/61707\/revisions\/61709"}],"wp:attachment":[{"href":"https:\/\/www.noticiasradioreflejos.com.ar\/2021\/wp-json\/wp\/v2\/media?parent=61707"}],"wp:term":[{"taxonomy":"category","embeddable":true,"href":"https:\/\/www.noticiasradioreflejos.com.ar\/2021\/wp-json\/wp\/v2\/categories?post=61707"},{"taxonomy":"post_tag","embeddable":true,"href":"https:\/\/www.noticiasradioreflejos.com.ar\/2021\/wp-json\/wp\/v2\/tags?post=61707"}],"curies":[{"name":"wp","href":"https:\/\/api.w.org\/{rel}","templated":true}]}}