{"id":61702,"date":"2021-08-20T11:40:35","date_gmt":"2021-08-20T11:40:35","guid":{"rendered":"http:\/\/www.noticiasradioreflejos.com.ar\/2021\/?p=61702"},"modified":"2021-08-20T11:40:35","modified_gmt":"2021-08-20T11:40:35","slug":"hallan-restos-de-cinco-soldados-argentinos-en-la-tumba-c-1-10-del-cementerio-de-darwin","status":"publish","type":"post","link":"https:\/\/www.noticiasradioreflejos.com.ar\/2021\/hallan-restos-de-cinco-soldados-argentinos-en-la-tumba-c-1-10-del-cementerio-de-darwin\/","title":{"rendered":"Hallan restos de cinco soldados argentinos en la tumba C.1.10. del cementerio de Darwin"},"content":{"rendered":"<div class=\"head-content\">\n<p>El Gobierno nacional celebr\u00f3 los avances preliminares del equipo del Comit\u00e9 Internacional de la Cruz Roja (CICR)\u00a0 en las islas Malvinas. Originalmente se pensaba que en esa tumba colectiva estaban los restos de cuatro soldados ca\u00eddos.<\/p>\n<\/div>\n<p><!--more--><\/p>\n<div class=\"main-content-block\">\n<div class=\"main-box clearfix\">\n<div class=\"wrapper-main-section clearfix\">\n<div class=\"wrapper-editable-content\">\n<div class=\"editable-content clearfix\">\n<div id=\"image\" class=\"image\">\n<div class=\"epigrafe\">El Gobierno nacional celebr\u00f3 los avances preliminares del equipo del Comit\u00e9 Internacional de la Cruz Roja (CICR) que realiza en las islas Malvinas una nueva etapa de identificaci\u00f3n de soldados argentinos ca\u00eddos en la guerra de 1982, <strong><a href=\"https:\/\/www.telam.com.ar\/notas\/202108\/565636-malvinas-identificacion-excombatientes-argentinos.html\" target=\"_blank\" rel=\"noopener\">con el hallazgo de restos de cinco personas, y no de cuatro como se pensaba originalmente en la exhumaci\u00f3n realizada sobre una tumba colectiva C.1.10, en el cementerio de Darwin<\/a><\/strong>.<\/div>\n<\/div>\n<p>En una conferencia de prensa ofrecida este jueves por la tarde en el Palacio San Martin, el secretario de Asuntos Relativos a Malvinas, Ant\u00e1rtida y Atl\u00e1ntico Sur, Daniel Filmus, y el viceministro de Justicia, Juan Mart\u00edn Mena, brindaron detalles sobre el desarrollo de la segunda etapa del Plan Proyecto Humanitario (PPH2) para la identificaci\u00f3n de restos de excombatientes argentinos ca\u00eddos en la Guerra de Malvinas de 1982.<\/p>\n<div id=\"image\" class=\"image\"><img decoding=\"async\" title=\"El trabajo reciente habla de, al menos,cinco soldados en la tumba C.1.10. Foto: Alfredo Luna.\" src=\"https:\/\/www.telam.com.ar\/advf\/imagenes\/2021\/08\/611ed396b2150_1004x565.jpg\" alt=\"El trabajo reciente habla de, al menos,cinco soldados en la tumba C.1.10. Foto: Alfredo Luna.\" \/><\/p>\n<div class=\"epigrafe\">El trabajo reciente habla de, al menos,cinco soldados en la tumba C.1.10. Foto: Alfredo Luna.<\/div>\n<\/div>\n<p>Filmus y Mena se refirieron al anuncio realizado previamente por el equipo del Comit\u00e9 Internacional de la Cruz Roja, tambi\u00e9n en una conferencia de prensa, donde se inform\u00f3 que en la exhumaci\u00f3n realizada el mi\u00e9rcoles sobre una tumba colectiva se encontraron restos de cinco personas y no de cuatro como se pensaba originalmente.<\/p>\n<p>Filmus inici\u00f3 su intervenci\u00f3n agradeciendo al equipo internacional de seis expertos forenses -entre ellos dos argentinos-, coordinado por el CICR, por el \u00abenorme esfuerzo\u00bb puesto en posibilitar el inicio de la del Segundo Plan de Proyecto Hum (PPH 2).<\/p>\n<p>El secretario inform\u00f3 que<strong>\u00a0en el marco del trabajo que realiza el equipo forense se \u00abencontraron preliminarmente restos de al menos cinco personas, cuando la presunci\u00f3n era de cuatro\u00bb enterrados en esa tumba m\u00faltiple<\/strong>\u00a0lo que, sostuvo, \u00abpermite avanzar sobre la identificaci\u00f3n de un soldado m\u00e1s\u00bb.<\/p>\n<p>En ese sentido, adelant\u00f3 que\u00a0<strong>el pr\u00f3ximo 26 de agosto el jefe del equipo forense, Luis Fondebrider, viajar\u00e1 desde las Islas Malvinas a la ciudad de C\u00f3rdoba para llevar las muestras de tejido esquel\u00e9tico al Laboratorio de Gen\u00e9tica Forense del Equipo Argentino de Antropolog\u00eda Forense (LGF-EAAF), cuyos resultados se esperan para fines de octubre<\/strong>.<\/p>\n<p>Filmus confirm\u00f3 adem\u00e1s que este viernes el equipo forense del CICR se trasladar\u00e1 a Caleta Trullo \u00abcon el prop\u00f3sito de realizar la b\u00fasqueda e identificaci\u00f3n de una posible tumba de guerra temporaria, que podr\u00eda contener restos de soldados argentinos no identificados\u00bb.<\/p>\n<p>\u00abQuiero agradecer por parte del gobierno argentino a la Cruz Roja por el enorme esfuerzo que ha realizado para poder iniciar esta segunda etapa del proyecto humanitario en el cementerio de Darwin, en la tumba C.1.10\u00bb, agreg\u00f3 el funcionario.<\/p>\n<div id=\"image\" class=\"image\"><img decoding=\"async\" title=\"Filmus adelant\u00f3 que el pr\u00f3ximo 26 de agosto el jefe del equipo forense, Luis Fondebrider, viajar\u00e1 desde las Islas Malvinas a la ciudad de C\u00f3rdoba para llevar las muestras de tejido esquel\u00e9tico al Laboratorio de Gen\u00e9tica Forense del Equipo Argentino de Ant\" src=\"https:\/\/www.telam.com.ar\/advf\/imagenes\/2021\/08\/611ed396c5b1b_1004x565.jpg\" alt=\"Filmus adelant\u00f3 que el pr\u00f3ximo 26 de agosto el jefe del equipo forense, Luis Fondebrider, viajar\u00e1 desde las Islas Malvinas a la ciudad de C\u00f3rdoba para llevar las muestras de tejido esquel\u00e9tico al Laboratorio de Gen\u00e9tica Forense del Equipo Argentino de Ant\" \/><\/p>\n<div class=\"epigrafe\">Filmus adelant\u00f3 que el pr\u00f3ximo 26 de agosto el jefe del equipo forense, Luis Fondebrider, viajar\u00e1 desde las Islas Malvinas a la ciudad de C\u00f3rdoba para llevar las muestras de tejido esquel\u00e9tico al Laboratorio de Gen\u00e9tica Forense del Equipo Argentino de Ant<\/div>\n<\/div>\n<p>Como Filmus, a su turno, Mena agradeci\u00f3 tambi\u00e9n a la CICR por encabezar \u00abuno de los proyectos humanitarios m\u00e1s conmovedores de los \u00faltimos a\u00f1os en torno a la identificaci\u00f3n de soldados argentinos que no estaban identificados en el Cementerio de Darwin.\u00bb<\/p>\n<p>Ambos funcionarios remarcaron que el proceso de identificaci\u00f3n de los soldados argentinos se inici\u00f3 en 2012, durante el gobierno de Cristina Fern\u00e1ndez de Kirchner, cuando se envi\u00f3 una carta al CICR para solicitar su intervenci\u00f3n con el objetivo de hacer posible la identificaci\u00f3n de los restos de los combatientes fallecidos y enterrados como NN en el cementerio de Darwin.<\/p>\n<p>En ese sentido,\u00a0<strong>Filmus enfatiz\u00f3 que el proceso de identificaciones constituye \u00abuna verdadera pol\u00edtica de Estado\u00bb, que tuvo su continuidad durante la administraci\u00f3n de Mauricio Macri y que fue retomada por el actual Gobierno<\/strong>.<\/p>\n<p>Recordaron que en 2013 se conform\u00f3 un equipo de trabajo bajo la coordinaci\u00f3n del Ministerio de Justicia y Derechos Humanos para elaborar protocolos que permitieran obtener informaci\u00f3n de cada familia sobre su ser querido ca\u00eddo en Malvinas.<\/p>\n<p>Desde entonces, un equipo constituido por miembros del EAAF, funcionarios de los ministerios de Justicia y Desarrollo Social m\u00e1s la Escriban\u00eda General de Gobierno y el Centro Ulloa de asistencia psicol\u00f3gica realiz\u00f3 entrevistas y tom\u00f3 muestras en todo el pa\u00eds a los familiares de los combatientes fallecidos, con el objetivo de crear un banco de sangre.<\/p>\n<p>Finalmente,<strong>\u00a0en diciembre de 2016, la Argentina y el Reino Unido firmaron el primer acuerdo para iniciar las tareas de identificaci\u00f3n en junio de 2017 y cuatro a\u00f1os despu\u00e9s, en marzo pasado, se firm\u00f3 el segundo acuerdo para posibilitar los trabajos en las islas<\/strong>, que comenzaron esta semana.<\/p>\n<div id=\"image\" class=\"image\"><img decoding=\"async\" title=\"Mena: &quot;Vencimos enormes dificultades, pero con la Cruz Roja y su equipo pudimos dar respuesta los familiares y honrar a nuestros h\u00e9roes de Malvinas con su nombre en cada tumba como corresponde&quot; Foto: Alfredo Luna.\" src=\"https:\/\/www.telam.com.ar\/advf\/imagenes\/2021\/08\/611ed396d7e4f_1004x565.jpg\" alt=\"Mena: &quot;Vencimos enormes dificultades, pero con la Cruz Roja y su equipo pudimos dar respuesta los familiares y honrar a nuestros h\u00e9roes de Malvinas con su nombre en cada tumba como corresponde&quot; Foto: Alfredo Luna.\" \/><\/p>\n<div class=\"epigrafe\">Mena: \u00abVencimos enormes dificultades, pero con la Cruz Roja y su equipo pudimos dar respuesta los familiares y honrar a nuestros h\u00e9roes de Malvinas con su nombre en cada tumba como corresponde\u00bb Foto: Alfredo Luna.<\/div>\n<\/div>\n<p>En tanto, el julio pasado el embajador argentino ante los Organismos Internacionales en Ginebra, Federico Villegas, su par brit\u00e1nico Simon Manley, y el vicepresidente del Comit\u00e9 Internacional de la Cruz Roja, Giles Carbonier, suscribieron los instrumentos internacionales que permitir\u00e1n avanzar en la b\u00fasqueda e identificaci\u00f3n de una posible tumba de guerra temporaria en Caleta Trullo.<\/p>\n<p>Con la misma perspectiva humanitaria que tuvo la primera fase iniciada en 2012 con el primer Plan de Proyecto Humanitario, estos acuerdos tienen el fin de llegar a la identificaci\u00f3n de los restos de los soldados argentinos que lucharon por la recuperaci\u00f3n del ejercicio de la soberan\u00eda nacional en las Malvinas y perdieron la vida en las islas, as\u00ed como para dar respuestas a sus familias en cuanto al lugar donde rendir honores a sus seres queridos, destacaron desde la Canciller\u00eda argentina.<\/p>\n<p>\u00abCuando regresamos en esta gesti\u00f3n de Gobierno nos pusimos a trabajar para continuar y finalizar esta tarea porque hab\u00eda algunos familiares que todav\u00eda no ten\u00edan identificados a sus seres queridos\u00bb, remarc\u00f3 el viceministro de Justicia y celebr\u00f3 que el \u00abprimer resultado positivo\u00bb obtenido este mi\u00e9rcoles por el equipo de forenses que desde el lunes pasado trabaja sobre la tumba colectiva C.1.10 \u00abarroja una posibilidad muy grande de que podamos devolver la identidad a los soldados enterrados en el cementerio de Darwin\u00bb.<\/p>\n<p>\u00abEs una alegr\u00eda muy grande poder retomar esta tarea\u00bb, dijo Mena, y agreg\u00f3 que desde el Gobierno nacional se trabajar\u00e1 \u00abincansablemente todos los d\u00edas\u00bb en la continuidad de los trabajos de identificaciones, pedido desde el inicio de la gesti\u00f3n por parte del presidente Alberto Fern\u00e1ndez y la vicepresidenta, Cristina Fern\u00e1ndez de Kirchner.<\/p>\n<p>Por \u00faltimo, Mena subray\u00f3 que \u00abvencimos enormes dificultades, pero con la Cruz Roja y su equipo pudimos dar respuesta los familiares y honrar a nuestros h\u00e9roes de Malvinas con su nombre en cada tumba como corresponde\u00bb.<\/p><\/div>\n<\/div>\n<\/div>\n<\/div>\n<\/div>\n","protected":false},"excerpt":{"rendered":"<p>El Gobierno nacional celebr\u00f3 los avances preliminares del equipo del Comit\u00e9 Internacional de la Cruz Roja (CICR)\u00a0 en las islas Malvinas. Originalmente se pensaba que en esa tumba colectiva estaban los restos de cuatro soldados ca\u00eddos.<\/p>\n","protected":false},"author":3,"featured_media":0,"comment_status":"closed","ping_status":"closed","sticky":false,"template":"","format":"standard","meta":{"footnotes":""},"categories":[24,26],"tags":[],"class_list":["post-61702","post","type-post","status-publish","format-standard","hentry","category-politica","category-sociedad"],"yoast_head":"<!-- This site is optimized with the Yoast SEO plugin v25.9 - https:\/\/yoast.com\/wordpress\/plugins\/seo\/ -->\n<title>Hallan restos de cinco soldados argentinos en la tumba C.1.10. del cementerio de Darwin - Noticias Radio Reflejos<\/title>\n<meta name=\"robots\" content=\"index, follow, max-snippet:-1, max-image-preview:large, max-video-preview:-1\" \/>\n<link rel=\"canonical\" href=\"https:\/\/www.noticiasradioreflejos.com.ar\/2021\/hallan-restos-de-cinco-soldados-argentinos-en-la-tumba-c-1-10-del-cementerio-de-darwin\/\" \/>\n<meta property=\"og:locale\" content=\"es_ES\" \/>\n<meta property=\"og:type\" content=\"article\" \/>\n<meta property=\"og:title\" content=\"Hallan restos de cinco soldados argentinos en la tumba C.1.10. del cementerio de Darwin - Noticias Radio Reflejos\" \/>\n<meta property=\"og:description\" content=\"El Gobierno nacional celebr\u00f3 los avances preliminares del equipo del Comit\u00e9 Internacional de la Cruz Roja (CICR)\u00a0 en las islas Malvinas. Originalmente se pensaba que en esa tumba colectiva estaban los restos de cuatro soldados ca\u00eddos.\" \/>\n<meta property=\"og:url\" content=\"https:\/\/www.noticiasradioreflejos.com.ar\/2021\/hallan-restos-de-cinco-soldados-argentinos-en-la-tumba-c-1-10-del-cementerio-de-darwin\/\" \/>\n<meta property=\"og:site_name\" content=\"Noticias Radio Reflejos\" \/>\n<meta property=\"article:published_time\" content=\"2021-08-20T11:40:35+00:00\" \/>\n<meta property=\"og:image\" content=\"https:\/\/www.telam.com.ar\/advf\/imagenes\/2021\/08\/611ed396b2150_1004x565.jpg\" \/>\n<meta name=\"author\" content=\"Arnaldo Botto\" \/>\n<meta name=\"twitter:card\" content=\"summary_large_image\" \/>\n<script type=\"application\/ld+json\" class=\"yoast-schema-graph\">{\"@context\":\"https:\/\/schema.org\",\"@graph\":[{\"@type\":\"WebPage\",\"@id\":\"https:\/\/www.noticiasradioreflejos.com.ar\/2021\/hallan-restos-de-cinco-soldados-argentinos-en-la-tumba-c-1-10-del-cementerio-de-darwin\/\",\"url\":\"https:\/\/www.noticiasradioreflejos.com.ar\/2021\/hallan-restos-de-cinco-soldados-argentinos-en-la-tumba-c-1-10-del-cementerio-de-darwin\/\",\"name\":\"Hallan restos de cinco soldados argentinos en la tumba C.1.10. del cementerio de Darwin - Noticias Radio Reflejos\",\"isPartOf\":{\"@id\":\"https:\/\/www.noticiasradioreflejos.com.ar\/2021\/#website\"},\"primaryImageOfPage\":{\"@id\":\"https:\/\/www.noticiasradioreflejos.com.ar\/2021\/hallan-restos-de-cinco-soldados-argentinos-en-la-tumba-c-1-10-del-cementerio-de-darwin\/#primaryimage\"},\"image\":{\"@id\":\"https:\/\/www.noticiasradioreflejos.com.ar\/2021\/hallan-restos-de-cinco-soldados-argentinos-en-la-tumba-c-1-10-del-cementerio-de-darwin\/#primaryimage\"},\"thumbnailUrl\":\"https:\/\/www.telam.com.ar\/advf\/imagenes\/2021\/08\/611ed396b2150_1004x565.jpg\",\"datePublished\":\"2021-08-20T11:40:35+00:00\",\"author\":{\"@id\":\"https:\/\/www.noticiasradioreflejos.com.ar\/2021\/#\/schema\/person\/ad82545263dcc5ec0996818884fd5fb1\"},\"breadcrumb\":{\"@id\":\"https:\/\/www.noticiasradioreflejos.com.ar\/2021\/hallan-restos-de-cinco-soldados-argentinos-en-la-tumba-c-1-10-del-cementerio-de-darwin\/#breadcrumb\"},\"inLanguage\":\"es\",\"potentialAction\":[{\"@type\":\"ReadAction\",\"target\":[\"https:\/\/www.noticiasradioreflejos.com.ar\/2021\/hallan-restos-de-cinco-soldados-argentinos-en-la-tumba-c-1-10-del-cementerio-de-darwin\/\"]}]},{\"@type\":\"ImageObject\",\"inLanguage\":\"es\",\"@id\":\"https:\/\/www.noticiasradioreflejos.com.ar\/2021\/hallan-restos-de-cinco-soldados-argentinos-en-la-tumba-c-1-10-del-cementerio-de-darwin\/#primaryimage\",\"url\":\"https:\/\/www.telam.com.ar\/advf\/imagenes\/2021\/08\/611ed396b2150_1004x565.jpg\",\"contentUrl\":\"https:\/\/www.telam.com.ar\/advf\/imagenes\/2021\/08\/611ed396b2150_1004x565.jpg\"},{\"@type\":\"BreadcrumbList\",\"@id\":\"https:\/\/www.noticiasradioreflejos.com.ar\/2021\/hallan-restos-de-cinco-soldados-argentinos-en-la-tumba-c-1-10-del-cementerio-de-darwin\/#breadcrumb\",\"itemListElement\":[{\"@type\":\"ListItem\",\"position\":1,\"name\":\"Portada\",\"item\":\"https:\/\/www.noticiasradioreflejos.com.ar\/2021\/\"},{\"@type\":\"ListItem\",\"position\":2,\"name\":\"Hallan restos de cinco soldados argentinos en la tumba C.1.10. del cementerio de Darwin\"}]},{\"@type\":\"WebSite\",\"@id\":\"https:\/\/www.noticiasradioreflejos.com.ar\/2021\/#website\",\"url\":\"https:\/\/www.noticiasradioreflejos.com.ar\/2021\/\",\"name\":\"Noticias Radio Reflejos\",\"description\":\"Las noticias de mi comarca\",\"potentialAction\":[{\"@type\":\"SearchAction\",\"target\":{\"@type\":\"EntryPoint\",\"urlTemplate\":\"https:\/\/www.noticiasradioreflejos.com.ar\/2021\/?s={search_term_string}\"},\"query-input\":{\"@type\":\"PropertyValueSpecification\",\"valueRequired\":true,\"valueName\":\"search_term_string\"}}],\"inLanguage\":\"es\"},{\"@type\":\"Person\",\"@id\":\"https:\/\/www.noticiasradioreflejos.com.ar\/2021\/#\/schema\/person\/ad82545263dcc5ec0996818884fd5fb1\",\"name\":\"Arnaldo Botto\",\"image\":{\"@type\":\"ImageObject\",\"inLanguage\":\"es\",\"@id\":\"https:\/\/www.noticiasradioreflejos.com.ar\/2021\/#\/schema\/person\/image\/\",\"url\":\"https:\/\/secure.gravatar.com\/avatar\/55cb5e37c1efa326397366e6974cb338056df65cb50e7d64d1cf314e87504837?s=96&d=mm&r=g\",\"contentUrl\":\"https:\/\/secure.gravatar.com\/avatar\/55cb5e37c1efa326397366e6974cb338056df65cb50e7d64d1cf314e87504837?s=96&d=mm&r=g\",\"caption\":\"Arnaldo Botto\"},\"url\":\"https:\/\/www.noticiasradioreflejos.com.ar\/2021\/author\/arnaldo\/\"}]}<\/script>\n<!-- \/ Yoast SEO plugin. -->","yoast_head_json":{"title":"Hallan restos de cinco soldados argentinos en la tumba C.1.10. del cementerio de Darwin - Noticias Radio Reflejos","robots":{"index":"index","follow":"follow","max-snippet":"max-snippet:-1","max-image-preview":"max-image-preview:large","max-video-preview":"max-video-preview:-1"},"canonical":"https:\/\/www.noticiasradioreflejos.com.ar\/2021\/hallan-restos-de-cinco-soldados-argentinos-en-la-tumba-c-1-10-del-cementerio-de-darwin\/","og_locale":"es_ES","og_type":"article","og_title":"Hallan restos de cinco soldados argentinos en la tumba C.1.10. del cementerio de Darwin - Noticias Radio Reflejos","og_description":"El Gobierno nacional celebr\u00f3 los avances preliminares del equipo del Comit\u00e9 Internacional de la Cruz Roja (CICR)\u00a0 en las islas Malvinas. Originalmente se pensaba que en esa tumba colectiva estaban los restos de cuatro soldados ca\u00eddos.","og_url":"https:\/\/www.noticiasradioreflejos.com.ar\/2021\/hallan-restos-de-cinco-soldados-argentinos-en-la-tumba-c-1-10-del-cementerio-de-darwin\/","og_site_name":"Noticias Radio Reflejos","article_published_time":"2021-08-20T11:40:35+00:00","og_image":[{"url":"https:\/\/www.telam.com.ar\/advf\/imagenes\/2021\/08\/611ed396b2150_1004x565.jpg","type":"","width":"","height":""}],"author":"Arnaldo Botto","twitter_card":"summary_large_image","schema":{"@context":"https:\/\/schema.org","@graph":[{"@type":"WebPage","@id":"https:\/\/www.noticiasradioreflejos.com.ar\/2021\/hallan-restos-de-cinco-soldados-argentinos-en-la-tumba-c-1-10-del-cementerio-de-darwin\/","url":"https:\/\/www.noticiasradioreflejos.com.ar\/2021\/hallan-restos-de-cinco-soldados-argentinos-en-la-tumba-c-1-10-del-cementerio-de-darwin\/","name":"Hallan restos de cinco soldados argentinos en la tumba C.1.10. del cementerio de Darwin - Noticias Radio Reflejos","isPartOf":{"@id":"https:\/\/www.noticiasradioreflejos.com.ar\/2021\/#website"},"primaryImageOfPage":{"@id":"https:\/\/www.noticiasradioreflejos.com.ar\/2021\/hallan-restos-de-cinco-soldados-argentinos-en-la-tumba-c-1-10-del-cementerio-de-darwin\/#primaryimage"},"image":{"@id":"https:\/\/www.noticiasradioreflejos.com.ar\/2021\/hallan-restos-de-cinco-soldados-argentinos-en-la-tumba-c-1-10-del-cementerio-de-darwin\/#primaryimage"},"thumbnailUrl":"https:\/\/www.telam.com.ar\/advf\/imagenes\/2021\/08\/611ed396b2150_1004x565.jpg","datePublished":"2021-08-20T11:40:35+00:00","author":{"@id":"https:\/\/www.noticiasradioreflejos.com.ar\/2021\/#\/schema\/person\/ad82545263dcc5ec0996818884fd5fb1"},"breadcrumb":{"@id":"https:\/\/www.noticiasradioreflejos.com.ar\/2021\/hallan-restos-de-cinco-soldados-argentinos-en-la-tumba-c-1-10-del-cementerio-de-darwin\/#breadcrumb"},"inLanguage":"es","potentialAction":[{"@type":"ReadAction","target":["https:\/\/www.noticiasradioreflejos.com.ar\/2021\/hallan-restos-de-cinco-soldados-argentinos-en-la-tumba-c-1-10-del-cementerio-de-darwin\/"]}]},{"@type":"ImageObject","inLanguage":"es","@id":"https:\/\/www.noticiasradioreflejos.com.ar\/2021\/hallan-restos-de-cinco-soldados-argentinos-en-la-tumba-c-1-10-del-cementerio-de-darwin\/#primaryimage","url":"https:\/\/www.telam.com.ar\/advf\/imagenes\/2021\/08\/611ed396b2150_1004x565.jpg","contentUrl":"https:\/\/www.telam.com.ar\/advf\/imagenes\/2021\/08\/611ed396b2150_1004x565.jpg"},{"@type":"BreadcrumbList","@id":"https:\/\/www.noticiasradioreflejos.com.ar\/2021\/hallan-restos-de-cinco-soldados-argentinos-en-la-tumba-c-1-10-del-cementerio-de-darwin\/#breadcrumb","itemListElement":[{"@type":"ListItem","position":1,"name":"Portada","item":"https:\/\/www.noticiasradioreflejos.com.ar\/2021\/"},{"@type":"ListItem","position":2,"name":"Hallan restos de cinco soldados argentinos en la tumba C.1.10. del cementerio de Darwin"}]},{"@type":"WebSite","@id":"https:\/\/www.noticiasradioreflejos.com.ar\/2021\/#website","url":"https:\/\/www.noticiasradioreflejos.com.ar\/2021\/","name":"Noticias Radio Reflejos","description":"Las noticias de mi comarca","potentialAction":[{"@type":"SearchAction","target":{"@type":"EntryPoint","urlTemplate":"https:\/\/www.noticiasradioreflejos.com.ar\/2021\/?s={search_term_string}"},"query-input":{"@type":"PropertyValueSpecification","valueRequired":true,"valueName":"search_term_string"}}],"inLanguage":"es"},{"@type":"Person","@id":"https:\/\/www.noticiasradioreflejos.com.ar\/2021\/#\/schema\/person\/ad82545263dcc5ec0996818884fd5fb1","name":"Arnaldo Botto","image":{"@type":"ImageObject","inLanguage":"es","@id":"https:\/\/www.noticiasradioreflejos.com.ar\/2021\/#\/schema\/person\/image\/","url":"https:\/\/secure.gravatar.com\/avatar\/55cb5e37c1efa326397366e6974cb338056df65cb50e7d64d1cf314e87504837?s=96&d=mm&r=g","contentUrl":"https:\/\/secure.gravatar.com\/avatar\/55cb5e37c1efa326397366e6974cb338056df65cb50e7d64d1cf314e87504837?s=96&d=mm&r=g","caption":"Arnaldo Botto"},"url":"https:\/\/www.noticiasradioreflejos.com.ar\/2021\/author\/arnaldo\/"}]}},"_links":{"self":[{"href":"https:\/\/www.noticiasradioreflejos.com.ar\/2021\/wp-json\/wp\/v2\/posts\/61702","targetHints":{"allow":["GET"]}}],"collection":[{"href":"https:\/\/www.noticiasradioreflejos.com.ar\/2021\/wp-json\/wp\/v2\/posts"}],"about":[{"href":"https:\/\/www.noticiasradioreflejos.com.ar\/2021\/wp-json\/wp\/v2\/types\/post"}],"author":[{"embeddable":true,"href":"https:\/\/www.noticiasradioreflejos.com.ar\/2021\/wp-json\/wp\/v2\/users\/3"}],"replies":[{"embeddable":true,"href":"https:\/\/www.noticiasradioreflejos.com.ar\/2021\/wp-json\/wp\/v2\/comments?post=61702"}],"version-history":[{"count":1,"href":"https:\/\/www.noticiasradioreflejos.com.ar\/2021\/wp-json\/wp\/v2\/posts\/61702\/revisions"}],"predecessor-version":[{"id":61704,"href":"https:\/\/www.noticiasradioreflejos.com.ar\/2021\/wp-json\/wp\/v2\/posts\/61702\/revisions\/61704"}],"wp:attachment":[{"href":"https:\/\/www.noticiasradioreflejos.com.ar\/2021\/wp-json\/wp\/v2\/media?parent=61702"}],"wp:term":[{"taxonomy":"category","embeddable":true,"href":"https:\/\/www.noticiasradioreflejos.com.ar\/2021\/wp-json\/wp\/v2\/categories?post=61702"},{"taxonomy":"post_tag","embeddable":true,"href":"https:\/\/www.noticiasradioreflejos.com.ar\/2021\/wp-json\/wp\/v2\/tags?post=61702"}],"curies":[{"name":"wp","href":"https:\/\/api.w.org\/{rel}","templated":true}]}}