{"id":61698,"date":"2021-08-20T11:34:30","date_gmt":"2021-08-20T11:34:30","guid":{"rendered":"http:\/\/www.noticiasradioreflejos.com.ar\/2021\/?p=61698"},"modified":"2021-08-20T11:37:44","modified_gmt":"2021-08-20T11:37:44","slug":"61698-2","status":"publish","type":"post","link":"https:\/\/www.noticiasradioreflejos.com.ar\/2021\/61698-2\/","title":{"rendered":"Calendario de pagos de hoy viernes 20 de agosto"},"content":{"rendered":"<p style=\"font-weight: 400;\">ANSES\u00a0informa que hoy se abonan jubilaciones, pensiones, Asignaci\u00f3n Universal por Hijo, Asignaciones Familiares y los programas Hogar, Alimentario PAMI y Acompa\u00f1ar. Cabe destacar que este mes se deposita, junto con los haberes mensuales, el bono de 5000 pesos para titulares previsionales. As\u00ed, las personas que considerando la suma de todas sus prestaciones cobran hasta dos haberes m\u00ednimos (46.129,40 pesos) reciben el monto total y las que perciben entre 46.129,41 y 51.129,40 pesos, el equivalente hasta alcanzar esta \u00faltima cifra.<!--more--><\/p>\n<p style=\"font-weight: 400;\"><strong>Jubilaciones\u00a0y\u00a0pensiones\u00a0<\/strong><\/p>\n<p style=\"font-weight: 400;\">Las sucursales bancarias habilitadas atender\u00e1n por ventanilla a jubilados, jubiladas, pensionados y pensionadas con documentos terminados en\u00a0<strong>8\u00a0<\/strong>cuyos<strong>\u00a0haberes NO SUPEREN la suma de 25.923 pesos<\/strong>.<\/p>\n<p style=\"font-weight: 400;\"><strong>Asignaci\u00f3n Universal por Hijo y Asignaci\u00f3n Familiar por Hijo<\/strong><\/p>\n<p style=\"font-weight: 400;\">Con la utilizaci\u00f3n de la tarjeta de d\u00e9bito, hoy perciben la Asignaci\u00f3n Universal por Hijo y la Asignaci\u00f3n Familiar por Hijo titulares con documentos concluidos en\u00a0<strong>8<\/strong>.<\/p>\n<p style=\"font-weight: 400;\"><strong>\u00a0<\/strong><\/p>\n<p style=\"font-weight: 400;\"><strong>Asignaci\u00f3n por Embarazo<\/strong><\/p>\n<p style=\"font-weight: 400;\">Con la utilizaci\u00f3n de la tarjeta de d\u00e9bito,\u00a0<strong>hoy<\/strong>\u00a0cobran la Asignaci\u00f3n por Embarazo las titulares con documentos finalizados en\u00a0<strong>7<\/strong>.<\/p>\n<p style=\"font-weight: 400;\"><strong>Programa Hogar<\/strong><\/p>\n<p style=\"font-weight: 400;\">La ANSES y la Secretar\u00eda de Energ\u00eda impulsan en conjunto el Programa Hogar, mediante el cual se otorga un subsidio para la compra de garrafas en viviendas que no est\u00e1n conectadas a la red de gas natural. Hoy cobran este beneficio las personas con documentos terminados en\u00a0<strong>8<\/strong>.<\/p>\n<p style=\"font-weight: 400;\"><strong>Programa Alimentario PAMI<\/strong><\/p>\n<p style=\"font-weight: 400;\">En el marco del Programa Alimentario PAMI, la ANSES abona hoy el pago extraordinario equivalente al monto del bols\u00f3n de alimentos para\u00a0jubilados, jubiladas, pensionados y pensionadas con documentos concluidos en\u00a0<strong>8\u00a0<\/strong>cuyos<strong>\u00a0haberes NO SUPEREN la suma de 25.923 pesos<\/strong>. Para m\u00e1s informaci\u00f3n se puede ingresar\u00a0<a href=\"http:\/\/www.pami.org.ar\/programa-alimentario\" data-saferedirecturl=\"https:\/\/www.google.com\/url?q=http:\/\/www.pami.org.ar\/programa-alimentario&amp;source=gmail&amp;ust=1629543688069000&amp;usg=AFQjCNERkhBzFw2y-5bPZXeCY__Y19wPqA\">www.pami.org.ar\/programa-alimentario<\/a>.<\/p>\n<p style=\"font-weight: 400;\"><strong>Programa Acompa\u00f1ar<\/strong><\/p>\n<p style=\"font-weight: 400;\"><strong>Hoy se realiza el pago del Programa Acompa\u00f1ar del Ministerio de las Mujeres, G\u00e9neros y Diversidad de la Naci\u00f3n, con el objetivo de promover la autonom\u00eda de las mujeres y personas LGBTI+ que se encuentran en riesgo por violencias por motivos de g\u00e9nero.<\/strong><\/p>\n<p style=\"font-weight: 400;\"><strong>\u00a0<\/strong><\/p>\n<p style=\"font-weight: 400;\"><strong>+ Im\u00e1genes de calendarios adjuntas<\/strong><\/p>\n<p style=\"font-weight: 400;\"><strong><a href=\"http:\/\/www.anses.gob.ar\/\" data-saferedirecturl=\"https:\/\/www.google.com\/url?q=http:\/\/www.anses.gob.ar&amp;source=gmail&amp;ust=1629543688069000&amp;usg=AFQjCNFa6Js_SbDboEwLgpRDI91-v_FVYA\">www.anses.gob.ar<\/a><\/strong><\/p>\n","protected":false},"excerpt":{"rendered":"<p>ANSES\u00a0informa que hoy se abonan jubilaciones, pensiones, Asignaci\u00f3n Universal por Hijo, Asignaciones Familiares y los programas Hogar, Alimentario PAMI y Acompa\u00f1ar. Cabe destacar que este mes se deposita, junto con los haberes mensuales, el bono de 5000 pesos para titulares previsionales. As\u00ed, las personas que considerando la suma de todas sus prestaciones cobran hasta dos [&hellip;]<\/p>\n","protected":false},"author":3,"featured_media":56580,"comment_status":"closed","ping_status":"closed","sticky":false,"template":"","format":"standard","meta":{"footnotes":""},"categories":[26],"tags":[],"class_list":["post-61698","post","type-post","status-publish","format-standard","has-post-thumbnail","hentry","category-sociedad"],"yoast_head":"<!-- This site is optimized with the Yoast SEO plugin v25.9 - https:\/\/yoast.com\/wordpress\/plugins\/seo\/ -->\n<title>Calendario de pagos de hoy viernes 20 de agosto - Noticias Radio Reflejos<\/title>\n<meta name=\"robots\" content=\"index, follow, max-snippet:-1, max-image-preview:large, max-video-preview:-1\" \/>\n<link rel=\"canonical\" href=\"https:\/\/www.noticiasradioreflejos.com.ar\/2021\/61698-2\/\" \/>\n<meta property=\"og:locale\" content=\"es_ES\" \/>\n<meta property=\"og:type\" content=\"article\" \/>\n<meta property=\"og:title\" content=\"Calendario de pagos de hoy viernes 20 de agosto - Noticias Radio Reflejos\" \/>\n<meta property=\"og:description\" content=\"ANSES\u00a0informa que hoy se abonan jubilaciones, pensiones, Asignaci\u00f3n Universal por Hijo, Asignaciones Familiares y los programas Hogar, Alimentario PAMI y Acompa\u00f1ar. Cabe destacar que este mes se deposita, junto con los haberes mensuales, el bono de 5000 pesos para titulares previsionales. As\u00ed, las personas que considerando la suma de todas sus prestaciones cobran hasta dos [&hellip;]\" \/>\n<meta property=\"og:url\" content=\"https:\/\/www.noticiasradioreflejos.com.ar\/2021\/61698-2\/\" \/>\n<meta property=\"og:site_name\" content=\"Noticias Radio Reflejos\" \/>\n<meta property=\"article:published_time\" content=\"2021-08-20T11:34:30+00:00\" \/>\n<meta property=\"article:modified_time\" content=\"2021-08-20T11:37:44+00:00\" \/>\n<meta property=\"og:image\" content=\"https:\/\/www.noticiasradioreflejos.com.ar\/2021\/wp-content\/uploads\/2021\/05\/calendario-pagos-la-anses.jpg\" \/>\n\t<meta property=\"og:image:width\" content=\"770\" \/>\n\t<meta property=\"og:image:height\" content=\"433\" \/>\n\t<meta property=\"og:image:type\" content=\"image\/jpeg\" \/>\n<meta name=\"author\" content=\"Arnaldo Botto\" \/>\n<meta name=\"twitter:card\" content=\"summary_large_image\" \/>\n<script type=\"application\/ld+json\" class=\"yoast-schema-graph\">{\"@context\":\"https:\/\/schema.org\",\"@graph\":[{\"@type\":\"WebPage\",\"@id\":\"https:\/\/www.noticiasradioreflejos.com.ar\/2021\/61698-2\/\",\"url\":\"https:\/\/www.noticiasradioreflejos.com.ar\/2021\/61698-2\/\",\"name\":\"Calendario de pagos de hoy viernes 20 de agosto - Noticias Radio Reflejos\",\"isPartOf\":{\"@id\":\"https:\/\/www.noticiasradioreflejos.com.ar\/2021\/#website\"},\"primaryImageOfPage\":{\"@id\":\"https:\/\/www.noticiasradioreflejos.com.ar\/2021\/61698-2\/#primaryimage\"},\"image\":{\"@id\":\"https:\/\/www.noticiasradioreflejos.com.ar\/2021\/61698-2\/#primaryimage\"},\"thumbnailUrl\":\"https:\/\/www.noticiasradioreflejos.com.ar\/2021\/wp-content\/uploads\/2021\/05\/calendario-pagos-la-anses.jpg\",\"datePublished\":\"2021-08-20T11:34:30+00:00\",\"dateModified\":\"2021-08-20T11:37:44+00:00\",\"author\":{\"@id\":\"https:\/\/www.noticiasradioreflejos.com.ar\/2021\/#\/schema\/person\/ad82545263dcc5ec0996818884fd5fb1\"},\"breadcrumb\":{\"@id\":\"https:\/\/www.noticiasradioreflejos.com.ar\/2021\/61698-2\/#breadcrumb\"},\"inLanguage\":\"es\",\"potentialAction\":[{\"@type\":\"ReadAction\",\"target\":[\"https:\/\/www.noticiasradioreflejos.com.ar\/2021\/61698-2\/\"]}]},{\"@type\":\"ImageObject\",\"inLanguage\":\"es\",\"@id\":\"https:\/\/www.noticiasradioreflejos.com.ar\/2021\/61698-2\/#primaryimage\",\"url\":\"https:\/\/www.noticiasradioreflejos.com.ar\/2021\/wp-content\/uploads\/2021\/05\/calendario-pagos-la-anses.jpg\",\"contentUrl\":\"https:\/\/www.noticiasradioreflejos.com.ar\/2021\/wp-content\/uploads\/2021\/05\/calendario-pagos-la-anses.jpg\",\"width\":770,\"height\":433},{\"@type\":\"BreadcrumbList\",\"@id\":\"https:\/\/www.noticiasradioreflejos.com.ar\/2021\/61698-2\/#breadcrumb\",\"itemListElement\":[{\"@type\":\"ListItem\",\"position\":1,\"name\":\"Portada\",\"item\":\"https:\/\/www.noticiasradioreflejos.com.ar\/2021\/\"},{\"@type\":\"ListItem\",\"position\":2,\"name\":\"Calendario de pagos de hoy viernes 20 de agosto\"}]},{\"@type\":\"WebSite\",\"@id\":\"https:\/\/www.noticiasradioreflejos.com.ar\/2021\/#website\",\"url\":\"https:\/\/www.noticiasradioreflejos.com.ar\/2021\/\",\"name\":\"Noticias Radio Reflejos\",\"description\":\"Las noticias de mi comarca\",\"potentialAction\":[{\"@type\":\"SearchAction\",\"target\":{\"@type\":\"EntryPoint\",\"urlTemplate\":\"https:\/\/www.noticiasradioreflejos.com.ar\/2021\/?s={search_term_string}\"},\"query-input\":{\"@type\":\"PropertyValueSpecification\",\"valueRequired\":true,\"valueName\":\"search_term_string\"}}],\"inLanguage\":\"es\"},{\"@type\":\"Person\",\"@id\":\"https:\/\/www.noticiasradioreflejos.com.ar\/2021\/#\/schema\/person\/ad82545263dcc5ec0996818884fd5fb1\",\"name\":\"Arnaldo Botto\",\"image\":{\"@type\":\"ImageObject\",\"inLanguage\":\"es\",\"@id\":\"https:\/\/www.noticiasradioreflejos.com.ar\/2021\/#\/schema\/person\/image\/\",\"url\":\"https:\/\/secure.gravatar.com\/avatar\/55cb5e37c1efa326397366e6974cb338056df65cb50e7d64d1cf314e87504837?s=96&d=mm&r=g\",\"contentUrl\":\"https:\/\/secure.gravatar.com\/avatar\/55cb5e37c1efa326397366e6974cb338056df65cb50e7d64d1cf314e87504837?s=96&d=mm&r=g\",\"caption\":\"Arnaldo Botto\"},\"url\":\"https:\/\/www.noticiasradioreflejos.com.ar\/2021\/author\/arnaldo\/\"}]}<\/script>\n<!-- \/ Yoast SEO plugin. -->","yoast_head_json":{"title":"Calendario de pagos de hoy viernes 20 de agosto - Noticias Radio Reflejos","robots":{"index":"index","follow":"follow","max-snippet":"max-snippet:-1","max-image-preview":"max-image-preview:large","max-video-preview":"max-video-preview:-1"},"canonical":"https:\/\/www.noticiasradioreflejos.com.ar\/2021\/61698-2\/","og_locale":"es_ES","og_type":"article","og_title":"Calendario de pagos de hoy viernes 20 de agosto - Noticias Radio Reflejos","og_description":"ANSES\u00a0informa que hoy se abonan jubilaciones, pensiones, Asignaci\u00f3n Universal por Hijo, Asignaciones Familiares y los programas Hogar, Alimentario PAMI y Acompa\u00f1ar. Cabe destacar que este mes se deposita, junto con los haberes mensuales, el bono de 5000 pesos para titulares previsionales. As\u00ed, las personas que considerando la suma de todas sus prestaciones cobran hasta dos [&hellip;]","og_url":"https:\/\/www.noticiasradioreflejos.com.ar\/2021\/61698-2\/","og_site_name":"Noticias Radio Reflejos","article_published_time":"2021-08-20T11:34:30+00:00","article_modified_time":"2021-08-20T11:37:44+00:00","og_image":[{"width":770,"height":433,"url":"https:\/\/www.noticiasradioreflejos.com.ar\/2021\/wp-content\/uploads\/2021\/05\/calendario-pagos-la-anses.jpg","type":"image\/jpeg"}],"author":"Arnaldo Botto","twitter_card":"summary_large_image","schema":{"@context":"https:\/\/schema.org","@graph":[{"@type":"WebPage","@id":"https:\/\/www.noticiasradioreflejos.com.ar\/2021\/61698-2\/","url":"https:\/\/www.noticiasradioreflejos.com.ar\/2021\/61698-2\/","name":"Calendario de pagos de hoy viernes 20 de agosto - Noticias Radio Reflejos","isPartOf":{"@id":"https:\/\/www.noticiasradioreflejos.com.ar\/2021\/#website"},"primaryImageOfPage":{"@id":"https:\/\/www.noticiasradioreflejos.com.ar\/2021\/61698-2\/#primaryimage"},"image":{"@id":"https:\/\/www.noticiasradioreflejos.com.ar\/2021\/61698-2\/#primaryimage"},"thumbnailUrl":"https:\/\/www.noticiasradioreflejos.com.ar\/2021\/wp-content\/uploads\/2021\/05\/calendario-pagos-la-anses.jpg","datePublished":"2021-08-20T11:34:30+00:00","dateModified":"2021-08-20T11:37:44+00:00","author":{"@id":"https:\/\/www.noticiasradioreflejos.com.ar\/2021\/#\/schema\/person\/ad82545263dcc5ec0996818884fd5fb1"},"breadcrumb":{"@id":"https:\/\/www.noticiasradioreflejos.com.ar\/2021\/61698-2\/#breadcrumb"},"inLanguage":"es","potentialAction":[{"@type":"ReadAction","target":["https:\/\/www.noticiasradioreflejos.com.ar\/2021\/61698-2\/"]}]},{"@type":"ImageObject","inLanguage":"es","@id":"https:\/\/www.noticiasradioreflejos.com.ar\/2021\/61698-2\/#primaryimage","url":"https:\/\/www.noticiasradioreflejos.com.ar\/2021\/wp-content\/uploads\/2021\/05\/calendario-pagos-la-anses.jpg","contentUrl":"https:\/\/www.noticiasradioreflejos.com.ar\/2021\/wp-content\/uploads\/2021\/05\/calendario-pagos-la-anses.jpg","width":770,"height":433},{"@type":"BreadcrumbList","@id":"https:\/\/www.noticiasradioreflejos.com.ar\/2021\/61698-2\/#breadcrumb","itemListElement":[{"@type":"ListItem","position":1,"name":"Portada","item":"https:\/\/www.noticiasradioreflejos.com.ar\/2021\/"},{"@type":"ListItem","position":2,"name":"Calendario de pagos de hoy viernes 20 de agosto"}]},{"@type":"WebSite","@id":"https:\/\/www.noticiasradioreflejos.com.ar\/2021\/#website","url":"https:\/\/www.noticiasradioreflejos.com.ar\/2021\/","name":"Noticias Radio Reflejos","description":"Las noticias de mi comarca","potentialAction":[{"@type":"SearchAction","target":{"@type":"EntryPoint","urlTemplate":"https:\/\/www.noticiasradioreflejos.com.ar\/2021\/?s={search_term_string}"},"query-input":{"@type":"PropertyValueSpecification","valueRequired":true,"valueName":"search_term_string"}}],"inLanguage":"es"},{"@type":"Person","@id":"https:\/\/www.noticiasradioreflejos.com.ar\/2021\/#\/schema\/person\/ad82545263dcc5ec0996818884fd5fb1","name":"Arnaldo Botto","image":{"@type":"ImageObject","inLanguage":"es","@id":"https:\/\/www.noticiasradioreflejos.com.ar\/2021\/#\/schema\/person\/image\/","url":"https:\/\/secure.gravatar.com\/avatar\/55cb5e37c1efa326397366e6974cb338056df65cb50e7d64d1cf314e87504837?s=96&d=mm&r=g","contentUrl":"https:\/\/secure.gravatar.com\/avatar\/55cb5e37c1efa326397366e6974cb338056df65cb50e7d64d1cf314e87504837?s=96&d=mm&r=g","caption":"Arnaldo Botto"},"url":"https:\/\/www.noticiasradioreflejos.com.ar\/2021\/author\/arnaldo\/"}]}},"_links":{"self":[{"href":"https:\/\/www.noticiasradioreflejos.com.ar\/2021\/wp-json\/wp\/v2\/posts\/61698","targetHints":{"allow":["GET"]}}],"collection":[{"href":"https:\/\/www.noticiasradioreflejos.com.ar\/2021\/wp-json\/wp\/v2\/posts"}],"about":[{"href":"https:\/\/www.noticiasradioreflejos.com.ar\/2021\/wp-json\/wp\/v2\/types\/post"}],"author":[{"embeddable":true,"href":"https:\/\/www.noticiasradioreflejos.com.ar\/2021\/wp-json\/wp\/v2\/users\/3"}],"replies":[{"embeddable":true,"href":"https:\/\/www.noticiasradioreflejos.com.ar\/2021\/wp-json\/wp\/v2\/comments?post=61698"}],"version-history":[{"count":3,"href":"https:\/\/www.noticiasradioreflejos.com.ar\/2021\/wp-json\/wp\/v2\/posts\/61698\/revisions"}],"predecessor-version":[{"id":61701,"href":"https:\/\/www.noticiasradioreflejos.com.ar\/2021\/wp-json\/wp\/v2\/posts\/61698\/revisions\/61701"}],"wp:featuredmedia":[{"embeddable":true,"href":"https:\/\/www.noticiasradioreflejos.com.ar\/2021\/wp-json\/wp\/v2\/media\/56580"}],"wp:attachment":[{"href":"https:\/\/www.noticiasradioreflejos.com.ar\/2021\/wp-json\/wp\/v2\/media?parent=61698"}],"wp:term":[{"taxonomy":"category","embeddable":true,"href":"https:\/\/www.noticiasradioreflejos.com.ar\/2021\/wp-json\/wp\/v2\/categories?post=61698"},{"taxonomy":"post_tag","embeddable":true,"href":"https:\/\/www.noticiasradioreflejos.com.ar\/2021\/wp-json\/wp\/v2\/tags?post=61698"}],"curies":[{"name":"wp","href":"https:\/\/api.w.org\/{rel}","templated":true}]}}