{"id":61691,"date":"2021-08-20T11:21:22","date_gmt":"2021-08-20T11:21:22","guid":{"rendered":"http:\/\/www.noticiasradioreflejos.com.ar\/2021\/?p=61691"},"modified":"2021-08-20T11:21:37","modified_gmt":"2021-08-20T11:21:37","slug":"saldungaray-un-camion-choco-contra-un-tren-de-carga","status":"publish","type":"post","link":"https:\/\/www.noticiasradioreflejos.com.ar\/2021\/saldungaray-un-camion-choco-contra-un-tren-de-carga\/","title":{"rendered":"Saldungaray: Un cami\u00f3n choc\u00f3 contra un tren de carga."},"content":{"rendered":"<p>En la madrugada de este viernes 20 de agosto un cami\u00f3n que se dirig\u00eda desde Sierra de la Ventana a Saldungaray colision\u00f3 contra un vag\u00f3n de una formaci\u00f3n ferroviaria de cargas en el paso a nivel sobre la ruta 72 en el acceso a la localidad serrana.<!--more--><\/p>\n<p><a title=\"WhatsApp Image 2021-08-20 at 01.40.02\" href=\"https:\/\/www.flickr.com\/photos\/182279889@N02\/51390351373\/in\/dateposted-public\/\" data-flickr-embed=\"true\"><img loading=\"lazy\" decoding=\"async\" src=\"https:\/\/live.staticflickr.com\/65535\/51390351373_4941a32245_c.jpg\" alt=\"WhatsApp Image 2021-08-20 at 01.40.02\" width=\"800\" height=\"600\" \/><\/a><script async src=\"\/\/embedr.flickr.com\/assets\/client-code.js\" charset=\"utf-8\"><\/script><\/p>\n<p>Esta madrugada a las 00.20 hs aproximadamente, en la entrada de Saldungaray sobre las v\u00edas del ferrocarril se produjo un accidente de tr\u00e1nsito, cuando un cami\u00f3n con acoplando que transportaba cereal choc\u00f3 contra\u00a0 la formaci\u00f3n del tren que pasaba en direcci\u00f3n Sierra de la ventana &#8211; Saldungaray.<\/p>\n<p><a title=\"WhatsApp Image 2021-08-20 at 01.40.01 (1)\" href=\"https:\/\/www.flickr.com\/photos\/182279889@N02\/51389335752\/in\/dateposted-public\/\" data-flickr-embed=\"true\"><img loading=\"lazy\" decoding=\"async\" src=\"https:\/\/live.staticflickr.com\/65535\/51389335752_fa02d43c71_c.jpg\" alt=\"WhatsApp Image 2021-08-20 at 01.40.01 (1)\" width=\"800\" height=\"600\" \/><\/a><script async src=\"\/\/embedr.flickr.com\/assets\/client-code.js\" charset=\"utf-8\"><\/script><\/p>\n<p>El cami\u00f3n impacto contra el primer vag\u00f3n del tren y a ra\u00edz de ello el conductor tuvo algunos golpes que no comprometen su vida; no obstante, el mismo fue derivado a Coronel Su\u00e1rez por prevenci\u00f3n.<\/p>\n<p>El conductor del cami\u00f3n es oriundo de Coronel Su\u00e1rez, de apellido Gim\u00e9nez mientras que el maquinista de Ferrosur es de Bah\u00eda Blanca de apellido Montero.<\/p>\n<p>Se instruye actuaciones con car\u00e1tula por Lesiones culposas<br \/>\nTrabajaron en el siniestro Polic\u00eda de la subcomisaria de Saldungaray, Bomberos Voluntarios, Polic\u00eda }cient\u00edfica y personal municipal.<\/p>\n<p><a title=\"WhatsApp Image 2021-08-20 at 01.40.02 (1)\" href=\"https:\/\/www.flickr.com\/photos\/182279889@N02\/51390351343\/in\/dateposted-public\/\" data-flickr-embed=\"true\"><img loading=\"lazy\" decoding=\"async\" src=\"https:\/\/live.staticflickr.com\/65535\/51390351343_cf522f91eb_c.jpg\" alt=\"WhatsApp Image 2021-08-20 at 01.40.02 (1)\" width=\"800\" height=\"600\" \/><\/a><script async src=\"\/\/embedr.flickr.com\/assets\/client-code.js\" charset=\"utf-8\"><\/script><\/p>\n","protected":false},"excerpt":{"rendered":"<p>En la madrugada de este viernes 20 de agosto un cami\u00f3n que se dirig\u00eda desde Sierra de la Ventana a Saldungaray colision\u00f3 contra un vag\u00f3n de una formaci\u00f3n ferroviaria de cargas en el paso a nivel sobre la ruta 72 en el acceso a la localidad serrana.<\/p>\n","protected":false},"author":3,"featured_media":0,"comment_status":"closed","ping_status":"closed","sticky":false,"template":"","format":"standard","meta":{"footnotes":""},"categories":[29],"tags":[],"class_list":["post-61691","post","type-post","status-publish","format-standard","hentry","category-policiales"],"yoast_head":"<!-- This site is optimized with the Yoast SEO plugin v25.9 - https:\/\/yoast.com\/wordpress\/plugins\/seo\/ -->\n<title>Saldungaray: Un cami\u00f3n choc\u00f3 contra un tren de carga. - Noticias Radio Reflejos<\/title>\n<meta name=\"robots\" content=\"index, follow, max-snippet:-1, max-image-preview:large, max-video-preview:-1\" \/>\n<link rel=\"canonical\" href=\"https:\/\/www.noticiasradioreflejos.com.ar\/2021\/saldungaray-un-camion-choco-contra-un-tren-de-carga\/\" \/>\n<meta property=\"og:locale\" content=\"es_ES\" \/>\n<meta property=\"og:type\" content=\"article\" \/>\n<meta property=\"og:title\" content=\"Saldungaray: Un cami\u00f3n choc\u00f3 contra un tren de carga. - Noticias Radio Reflejos\" \/>\n<meta property=\"og:description\" content=\"En la madrugada de este viernes 20 de agosto un cami\u00f3n que se dirig\u00eda desde Sierra de la Ventana a Saldungaray colision\u00f3 contra un vag\u00f3n de una formaci\u00f3n ferroviaria de cargas en el paso a nivel sobre la ruta 72 en el acceso a la localidad serrana.\" \/>\n<meta property=\"og:url\" content=\"https:\/\/www.noticiasradioreflejos.com.ar\/2021\/saldungaray-un-camion-choco-contra-un-tren-de-carga\/\" \/>\n<meta property=\"og:site_name\" content=\"Noticias Radio Reflejos\" \/>\n<meta property=\"article:published_time\" content=\"2021-08-20T11:21:22+00:00\" \/>\n<meta property=\"article:modified_time\" content=\"2021-08-20T11:21:37+00:00\" \/>\n<meta property=\"og:image\" content=\"https:\/\/live.staticflickr.com\/65535\/51390351373_4941a32245_c.jpg\" \/>\n<meta name=\"author\" content=\"Arnaldo Botto\" \/>\n<meta name=\"twitter:card\" content=\"summary_large_image\" \/>\n<script type=\"application\/ld+json\" class=\"yoast-schema-graph\">{\"@context\":\"https:\/\/schema.org\",\"@graph\":[{\"@type\":\"WebPage\",\"@id\":\"https:\/\/www.noticiasradioreflejos.com.ar\/2021\/saldungaray-un-camion-choco-contra-un-tren-de-carga\/\",\"url\":\"https:\/\/www.noticiasradioreflejos.com.ar\/2021\/saldungaray-un-camion-choco-contra-un-tren-de-carga\/\",\"name\":\"Saldungaray: Un cami\u00f3n choc\u00f3 contra un tren de carga. - Noticias Radio Reflejos\",\"isPartOf\":{\"@id\":\"https:\/\/www.noticiasradioreflejos.com.ar\/2021\/#website\"},\"primaryImageOfPage\":{\"@id\":\"https:\/\/www.noticiasradioreflejos.com.ar\/2021\/saldungaray-un-camion-choco-contra-un-tren-de-carga\/#primaryimage\"},\"image\":{\"@id\":\"https:\/\/www.noticiasradioreflejos.com.ar\/2021\/saldungaray-un-camion-choco-contra-un-tren-de-carga\/#primaryimage\"},\"thumbnailUrl\":\"https:\/\/live.staticflickr.com\/65535\/51390351373_4941a32245_c.jpg\",\"datePublished\":\"2021-08-20T11:21:22+00:00\",\"dateModified\":\"2021-08-20T11:21:37+00:00\",\"author\":{\"@id\":\"https:\/\/www.noticiasradioreflejos.com.ar\/2021\/#\/schema\/person\/ad82545263dcc5ec0996818884fd5fb1\"},\"breadcrumb\":{\"@id\":\"https:\/\/www.noticiasradioreflejos.com.ar\/2021\/saldungaray-un-camion-choco-contra-un-tren-de-carga\/#breadcrumb\"},\"inLanguage\":\"es\",\"potentialAction\":[{\"@type\":\"ReadAction\",\"target\":[\"https:\/\/www.noticiasradioreflejos.com.ar\/2021\/saldungaray-un-camion-choco-contra-un-tren-de-carga\/\"]}]},{\"@type\":\"ImageObject\",\"inLanguage\":\"es\",\"@id\":\"https:\/\/www.noticiasradioreflejos.com.ar\/2021\/saldungaray-un-camion-choco-contra-un-tren-de-carga\/#primaryimage\",\"url\":\"https:\/\/live.staticflickr.com\/65535\/51390351373_4941a32245_c.jpg\",\"contentUrl\":\"https:\/\/live.staticflickr.com\/65535\/51390351373_4941a32245_c.jpg\"},{\"@type\":\"BreadcrumbList\",\"@id\":\"https:\/\/www.noticiasradioreflejos.com.ar\/2021\/saldungaray-un-camion-choco-contra-un-tren-de-carga\/#breadcrumb\",\"itemListElement\":[{\"@type\":\"ListItem\",\"position\":1,\"name\":\"Portada\",\"item\":\"https:\/\/www.noticiasradioreflejos.com.ar\/2021\/\"},{\"@type\":\"ListItem\",\"position\":2,\"name\":\"Saldungaray: Un cami\u00f3n choc\u00f3 contra un tren de carga.\"}]},{\"@type\":\"WebSite\",\"@id\":\"https:\/\/www.noticiasradioreflejos.com.ar\/2021\/#website\",\"url\":\"https:\/\/www.noticiasradioreflejos.com.ar\/2021\/\",\"name\":\"Noticias Radio Reflejos\",\"description\":\"Las noticias de mi comarca\",\"potentialAction\":[{\"@type\":\"SearchAction\",\"target\":{\"@type\":\"EntryPoint\",\"urlTemplate\":\"https:\/\/www.noticiasradioreflejos.com.ar\/2021\/?s={search_term_string}\"},\"query-input\":{\"@type\":\"PropertyValueSpecification\",\"valueRequired\":true,\"valueName\":\"search_term_string\"}}],\"inLanguage\":\"es\"},{\"@type\":\"Person\",\"@id\":\"https:\/\/www.noticiasradioreflejos.com.ar\/2021\/#\/schema\/person\/ad82545263dcc5ec0996818884fd5fb1\",\"name\":\"Arnaldo Botto\",\"image\":{\"@type\":\"ImageObject\",\"inLanguage\":\"es\",\"@id\":\"https:\/\/www.noticiasradioreflejos.com.ar\/2021\/#\/schema\/person\/image\/\",\"url\":\"https:\/\/secure.gravatar.com\/avatar\/55cb5e37c1efa326397366e6974cb338056df65cb50e7d64d1cf314e87504837?s=96&d=mm&r=g\",\"contentUrl\":\"https:\/\/secure.gravatar.com\/avatar\/55cb5e37c1efa326397366e6974cb338056df65cb50e7d64d1cf314e87504837?s=96&d=mm&r=g\",\"caption\":\"Arnaldo Botto\"},\"url\":\"https:\/\/www.noticiasradioreflejos.com.ar\/2021\/author\/arnaldo\/\"}]}<\/script>\n<!-- \/ Yoast SEO plugin. -->","yoast_head_json":{"title":"Saldungaray: Un cami\u00f3n choc\u00f3 contra un tren de carga. - Noticias Radio Reflejos","robots":{"index":"index","follow":"follow","max-snippet":"max-snippet:-1","max-image-preview":"max-image-preview:large","max-video-preview":"max-video-preview:-1"},"canonical":"https:\/\/www.noticiasradioreflejos.com.ar\/2021\/saldungaray-un-camion-choco-contra-un-tren-de-carga\/","og_locale":"es_ES","og_type":"article","og_title":"Saldungaray: Un cami\u00f3n choc\u00f3 contra un tren de carga. - Noticias Radio Reflejos","og_description":"En la madrugada de este viernes 20 de agosto un cami\u00f3n que se dirig\u00eda desde Sierra de la Ventana a Saldungaray colision\u00f3 contra un vag\u00f3n de una formaci\u00f3n ferroviaria de cargas en el paso a nivel sobre la ruta 72 en el acceso a la localidad serrana.","og_url":"https:\/\/www.noticiasradioreflejos.com.ar\/2021\/saldungaray-un-camion-choco-contra-un-tren-de-carga\/","og_site_name":"Noticias Radio Reflejos","article_published_time":"2021-08-20T11:21:22+00:00","article_modified_time":"2021-08-20T11:21:37+00:00","og_image":[{"url":"https:\/\/live.staticflickr.com\/65535\/51390351373_4941a32245_c.jpg","type":"","width":"","height":""}],"author":"Arnaldo Botto","twitter_card":"summary_large_image","schema":{"@context":"https:\/\/schema.org","@graph":[{"@type":"WebPage","@id":"https:\/\/www.noticiasradioreflejos.com.ar\/2021\/saldungaray-un-camion-choco-contra-un-tren-de-carga\/","url":"https:\/\/www.noticiasradioreflejos.com.ar\/2021\/saldungaray-un-camion-choco-contra-un-tren-de-carga\/","name":"Saldungaray: Un cami\u00f3n choc\u00f3 contra un tren de carga. - Noticias Radio Reflejos","isPartOf":{"@id":"https:\/\/www.noticiasradioreflejos.com.ar\/2021\/#website"},"primaryImageOfPage":{"@id":"https:\/\/www.noticiasradioreflejos.com.ar\/2021\/saldungaray-un-camion-choco-contra-un-tren-de-carga\/#primaryimage"},"image":{"@id":"https:\/\/www.noticiasradioreflejos.com.ar\/2021\/saldungaray-un-camion-choco-contra-un-tren-de-carga\/#primaryimage"},"thumbnailUrl":"https:\/\/live.staticflickr.com\/65535\/51390351373_4941a32245_c.jpg","datePublished":"2021-08-20T11:21:22+00:00","dateModified":"2021-08-20T11:21:37+00:00","author":{"@id":"https:\/\/www.noticiasradioreflejos.com.ar\/2021\/#\/schema\/person\/ad82545263dcc5ec0996818884fd5fb1"},"breadcrumb":{"@id":"https:\/\/www.noticiasradioreflejos.com.ar\/2021\/saldungaray-un-camion-choco-contra-un-tren-de-carga\/#breadcrumb"},"inLanguage":"es","potentialAction":[{"@type":"ReadAction","target":["https:\/\/www.noticiasradioreflejos.com.ar\/2021\/saldungaray-un-camion-choco-contra-un-tren-de-carga\/"]}]},{"@type":"ImageObject","inLanguage":"es","@id":"https:\/\/www.noticiasradioreflejos.com.ar\/2021\/saldungaray-un-camion-choco-contra-un-tren-de-carga\/#primaryimage","url":"https:\/\/live.staticflickr.com\/65535\/51390351373_4941a32245_c.jpg","contentUrl":"https:\/\/live.staticflickr.com\/65535\/51390351373_4941a32245_c.jpg"},{"@type":"BreadcrumbList","@id":"https:\/\/www.noticiasradioreflejos.com.ar\/2021\/saldungaray-un-camion-choco-contra-un-tren-de-carga\/#breadcrumb","itemListElement":[{"@type":"ListItem","position":1,"name":"Portada","item":"https:\/\/www.noticiasradioreflejos.com.ar\/2021\/"},{"@type":"ListItem","position":2,"name":"Saldungaray: Un cami\u00f3n choc\u00f3 contra un tren de carga."}]},{"@type":"WebSite","@id":"https:\/\/www.noticiasradioreflejos.com.ar\/2021\/#website","url":"https:\/\/www.noticiasradioreflejos.com.ar\/2021\/","name":"Noticias Radio Reflejos","description":"Las noticias de mi comarca","potentialAction":[{"@type":"SearchAction","target":{"@type":"EntryPoint","urlTemplate":"https:\/\/www.noticiasradioreflejos.com.ar\/2021\/?s={search_term_string}"},"query-input":{"@type":"PropertyValueSpecification","valueRequired":true,"valueName":"search_term_string"}}],"inLanguage":"es"},{"@type":"Person","@id":"https:\/\/www.noticiasradioreflejos.com.ar\/2021\/#\/schema\/person\/ad82545263dcc5ec0996818884fd5fb1","name":"Arnaldo Botto","image":{"@type":"ImageObject","inLanguage":"es","@id":"https:\/\/www.noticiasradioreflejos.com.ar\/2021\/#\/schema\/person\/image\/","url":"https:\/\/secure.gravatar.com\/avatar\/55cb5e37c1efa326397366e6974cb338056df65cb50e7d64d1cf314e87504837?s=96&d=mm&r=g","contentUrl":"https:\/\/secure.gravatar.com\/avatar\/55cb5e37c1efa326397366e6974cb338056df65cb50e7d64d1cf314e87504837?s=96&d=mm&r=g","caption":"Arnaldo Botto"},"url":"https:\/\/www.noticiasradioreflejos.com.ar\/2021\/author\/arnaldo\/"}]}},"_links":{"self":[{"href":"https:\/\/www.noticiasradioreflejos.com.ar\/2021\/wp-json\/wp\/v2\/posts\/61691","targetHints":{"allow":["GET"]}}],"collection":[{"href":"https:\/\/www.noticiasradioreflejos.com.ar\/2021\/wp-json\/wp\/v2\/posts"}],"about":[{"href":"https:\/\/www.noticiasradioreflejos.com.ar\/2021\/wp-json\/wp\/v2\/types\/post"}],"author":[{"embeddable":true,"href":"https:\/\/www.noticiasradioreflejos.com.ar\/2021\/wp-json\/wp\/v2\/users\/3"}],"replies":[{"embeddable":true,"href":"https:\/\/www.noticiasradioreflejos.com.ar\/2021\/wp-json\/wp\/v2\/comments?post=61691"}],"version-history":[{"count":2,"href":"https:\/\/www.noticiasradioreflejos.com.ar\/2021\/wp-json\/wp\/v2\/posts\/61691\/revisions"}],"predecessor-version":[{"id":61694,"href":"https:\/\/www.noticiasradioreflejos.com.ar\/2021\/wp-json\/wp\/v2\/posts\/61691\/revisions\/61694"}],"wp:attachment":[{"href":"https:\/\/www.noticiasradioreflejos.com.ar\/2021\/wp-json\/wp\/v2\/media?parent=61691"}],"wp:term":[{"taxonomy":"category","embeddable":true,"href":"https:\/\/www.noticiasradioreflejos.com.ar\/2021\/wp-json\/wp\/v2\/categories?post=61691"},{"taxonomy":"post_tag","embeddable":true,"href":"https:\/\/www.noticiasradioreflejos.com.ar\/2021\/wp-json\/wp\/v2\/tags?post=61691"}],"curies":[{"name":"wp","href":"https:\/\/api.w.org\/{rel}","templated":true}]}}