{"id":61679,"date":"2021-08-19T19:52:28","date_gmt":"2021-08-19T19:52:28","guid":{"rendered":"http:\/\/www.noticiasradioreflejos.com.ar\/2021\/?p=61679"},"modified":"2021-08-19T19:52:28","modified_gmt":"2021-08-19T19:52:28","slug":"identificaron-una-nueva-especie-de-murcielago-que-habita-el-sur-de-santa-fe","status":"publish","type":"post","link":"https:\/\/www.noticiasradioreflejos.com.ar\/2021\/identificaron-una-nueva-especie-de-murcielago-que-habita-el-sur-de-santa-fe\/","title":{"rendered":"Identificaron una nueva especie de murci\u00e9lago que habita el sur de Santa Fe"},"content":{"rendered":"<div class=\"head-content\">\n<p>El \u00e1rea de Zoolog\u00eda del Museo \u00ab\u00c1ngel Gallardo\u00bb identific\u00f3 esta nueva especie que se distingue por su coloraci\u00f3n general fuertemente anaranjada y que habita el sur de la laguna Melincu\u00e9.<\/p>\n<div class=\"addthis_custom_sharing\" data-url=\"https:\/\/www.telam.com.ar\/notas\/202108\/565626-santa-fe-nueva-especie-murcielago.html\" data-title=\"Identificaron una nueva especie de murci\u00e9lago que habita el sur de Santa Fe\" data-description=\"El \u00e1rea de Zoolog\u00eda del Museo &quot;\u00c1ngel Gallardo&quot; identific\u00f3 esta nueva especie que se distingue por su coloraci\u00f3n general fuertemente anaranjada y que habita el sur de la laguna Melincu\u00e9.\">\n<div id=\"atstbx\" class=\"at-resp-share-element at-style-responsive addthis-smartlayers addthis-animated at4-show\" role=\"region\" aria-labelledby=\"at-08321407-02a8-49bc-baa3-440787e61a46\"><\/div>\n<\/div>\n<\/div>\n<p><!--more--><\/p>\n<div class=\"main-content-block\">\n<div class=\"main-box clearfix\">\n<div class=\"wrapper-main-section clearfix\">\n<div class=\"wrapper-editable-content\">\n<div class=\"editable-content clearfix\">\n<div id=\"image\" class=\"image\">\n<p><img decoding=\"async\" title=\"El murci\u00e9lago &quot;Molossus melini&quot; presenta rasgos en su dentici\u00f3n, cr\u00e1neo y mand\u00edbula que lo diferencian. Foto: TW @GobSantaFe\" src=\"https:\/\/www.telam.com.ar\/advf\/imagenes\/2021\/08\/611ea1ee7081d.08.2021%20foto%20tw%20@gobsantafe%20565_1004x565.jpg\" alt=\"El murci\u00e9lago &quot;Molossus melini&quot; presenta rasgos en su dentici\u00f3n, cr\u00e1neo y mand\u00edbula que lo diferencian. Foto: TW @GobSantaFe\" \/><\/p>\n<div class=\"epigrafe\">El murci\u00e9lago \u00abMolossus melini\u00bb presenta rasgos en su dentici\u00f3n, cr\u00e1neo y mand\u00edbula que lo diferencian. Foto: TW @GobSantaFe<\/div>\n<\/div>\n<p>El \u00e1rea de Zoolog\u00eda del Museo de la provincia de Santa Fe \u00ab\u00c1ngel Gallardo\u00bb identific\u00f3 una nueva especie de murci\u00e9lago a la cual denominaron \u00abMolossus melini\u00bb, que habita el sur de esa provincia en la zona de la laguna Melincu\u00e9, informaron este jueves fuentes oficiales.<\/p>\n<p>Para identificar la nueva variedad de murci\u00e9lagos<strong>\u00a0\u00abse realizaron estudios exhaustivos a nivel gen\u00e9tico que han permitido separar a esta especie como v\u00e1lida, diferente de las otras conocidas dentro del g\u00e9nero\u00bb<\/strong>, indicaron fuentes del Museo.<\/p>\n<p>Externamente, el murci\u00e9lago Molossus melini se distingue de otras especies del mismo g\u00e9nero por su coloraci\u00f3n general fuertemente anaranjada, la longitud de su antebrazo que es mayor a 41 mm, pelos dorsales largos de 5 mm aproximadamente, explicaron.<\/p>\n<p>A su vez, presenta rasgos en su dentici\u00f3n, cr\u00e1neo y mand\u00edbula que lo diferencian de las dem\u00e1s especies del g\u00e9nero, detallaron.<\/p>\n<blockquote class=\"twitter-tweet\" data-width=\"500\" data-dnt=\"true\">\n<p lang=\"es\" dir=\"ltr\">\ud83e\udd87 El Museo Provincial \u00c1ngel Gallardo identific\u00f3 una nueva especie de murci\u00e9lago en Argentina<\/p>\n<p>\ud83d\udc49\ud83c\udffb La detectaron integrantes del equipo de Zoolog\u00eda y la clasificaron dentro del g\u00e9nero Molossus \u2013Chiroptera: Molossidae\u2013 en el pa\u00eds.<\/p>\n<p>\ud83d\udd17\ud83d\udcf2<a href=\"https:\/\/t.co\/Klj2VOOZgx\">https:\/\/t.co\/Klj2VOOZgx<\/a> <a href=\"https:\/\/t.co\/bHR3jGw2dD\">pic.twitter.com\/bHR3jGw2dD<\/a><\/p>\n<p>&mdash; Gobierno de Santa Fe (@GobSantaFe) <a href=\"https:\/\/twitter.com\/GobSantaFe\/status\/1428391914102009860?ref_src=twsrc%5Etfw\">August 19, 2021<\/a><\/p><\/blockquote>\n<p><script async src=\"https:\/\/platform.twitter.com\/widgets.js\" charset=\"utf-8\"><\/script><\/p>\n<p>El nombre \u00abmelini\u00bb refiere al cacique Melin, l\u00edder de la tribu ind\u00edgena de la regi\u00f3n \u00abLos Ranqueles\u00bb, quien fue abatido en las costas de la laguna de Melincu\u00e9 en cuyas inmediaciones habita el murci\u00e9lago.<\/p>\n<p>En el Neotr\u00f3pico -regi\u00f3n tropical del continente americano que incluye casi la totalidad de Sudam\u00e9rica, Centroam\u00e9rica, Antillas, parte de Estados Unidos y M\u00e9xico-\u00a0<strong>se conocen actualmente 14 especies del g\u00e9nero Molossus<\/strong>, de las cuales tres se encuentran en la Argentina.<\/p>\n<\/div>\n<\/div>\n<\/div>\n<\/div>\n<\/div>\n","protected":false},"excerpt":{"rendered":"<p>El \u00e1rea de Zoolog\u00eda del Museo \u00ab\u00c1ngel Gallardo\u00bb identific\u00f3 esta nueva especie que se distingue por su coloraci\u00f3n general fuertemente anaranjada y que habita el sur de la laguna Melincu\u00e9.<\/p>\n","protected":false},"author":3,"featured_media":0,"comment_status":"closed","ping_status":"closed","sticky":false,"template":"","format":"standard","meta":{"footnotes":""},"categories":[46,26],"tags":[],"class_list":["post-61679","post","type-post","status-publish","format-standard","hentry","category-ciencia-y-tecnologia","category-sociedad"],"yoast_head":"<!-- This site is optimized with the Yoast SEO plugin v25.9 - https:\/\/yoast.com\/wordpress\/plugins\/seo\/ -->\n<title>Identificaron una nueva especie de murci\u00e9lago que habita el sur de Santa Fe - Noticias Radio Reflejos<\/title>\n<meta name=\"robots\" content=\"index, follow, max-snippet:-1, max-image-preview:large, max-video-preview:-1\" \/>\n<link rel=\"canonical\" href=\"https:\/\/www.noticiasradioreflejos.com.ar\/2021\/identificaron-una-nueva-especie-de-murcielago-que-habita-el-sur-de-santa-fe\/\" \/>\n<meta property=\"og:locale\" content=\"es_ES\" \/>\n<meta property=\"og:type\" content=\"article\" \/>\n<meta property=\"og:title\" content=\"Identificaron una nueva especie de murci\u00e9lago que habita el sur de Santa Fe - Noticias Radio Reflejos\" \/>\n<meta property=\"og:description\" content=\"El \u00e1rea de Zoolog\u00eda del Museo \u00ab\u00c1ngel Gallardo\u00bb identific\u00f3 esta nueva especie que se distingue por su coloraci\u00f3n general fuertemente anaranjada y que habita el sur de la laguna Melincu\u00e9.\" \/>\n<meta property=\"og:url\" content=\"https:\/\/www.noticiasradioreflejos.com.ar\/2021\/identificaron-una-nueva-especie-de-murcielago-que-habita-el-sur-de-santa-fe\/\" \/>\n<meta property=\"og:site_name\" content=\"Noticias Radio Reflejos\" \/>\n<meta property=\"article:published_time\" content=\"2021-08-19T19:52:28+00:00\" \/>\n<meta property=\"og:image\" content=\"https:\/\/www.telam.com.ar\/advf\/imagenes\/2021\/08\/611ea1ee7081d.08.2021%20foto%20tw%20@gobsantafe%20565_1004x565.jpg\" \/>\n<meta name=\"author\" content=\"Arnaldo Botto\" \/>\n<meta name=\"twitter:card\" content=\"summary_large_image\" \/>\n<script type=\"application\/ld+json\" class=\"yoast-schema-graph\">{\"@context\":\"https:\/\/schema.org\",\"@graph\":[{\"@type\":\"WebPage\",\"@id\":\"https:\/\/www.noticiasradioreflejos.com.ar\/2021\/identificaron-una-nueva-especie-de-murcielago-que-habita-el-sur-de-santa-fe\/\",\"url\":\"https:\/\/www.noticiasradioreflejos.com.ar\/2021\/identificaron-una-nueva-especie-de-murcielago-que-habita-el-sur-de-santa-fe\/\",\"name\":\"Identificaron una nueva especie de murci\u00e9lago que habita el sur de Santa Fe - Noticias Radio Reflejos\",\"isPartOf\":{\"@id\":\"https:\/\/www.noticiasradioreflejos.com.ar\/2021\/#website\"},\"primaryImageOfPage\":{\"@id\":\"https:\/\/www.noticiasradioreflejos.com.ar\/2021\/identificaron-una-nueva-especie-de-murcielago-que-habita-el-sur-de-santa-fe\/#primaryimage\"},\"image\":{\"@id\":\"https:\/\/www.noticiasradioreflejos.com.ar\/2021\/identificaron-una-nueva-especie-de-murcielago-que-habita-el-sur-de-santa-fe\/#primaryimage\"},\"thumbnailUrl\":\"https:\/\/www.telam.com.ar\/advf\/imagenes\/2021\/08\/611ea1ee7081d.08.2021%20foto%20tw%20@gobsantafe%20565_1004x565.jpg\",\"datePublished\":\"2021-08-19T19:52:28+00:00\",\"author\":{\"@id\":\"https:\/\/www.noticiasradioreflejos.com.ar\/2021\/#\/schema\/person\/ad82545263dcc5ec0996818884fd5fb1\"},\"breadcrumb\":{\"@id\":\"https:\/\/www.noticiasradioreflejos.com.ar\/2021\/identificaron-una-nueva-especie-de-murcielago-que-habita-el-sur-de-santa-fe\/#breadcrumb\"},\"inLanguage\":\"es\",\"potentialAction\":[{\"@type\":\"ReadAction\",\"target\":[\"https:\/\/www.noticiasradioreflejos.com.ar\/2021\/identificaron-una-nueva-especie-de-murcielago-que-habita-el-sur-de-santa-fe\/\"]}]},{\"@type\":\"ImageObject\",\"inLanguage\":\"es\",\"@id\":\"https:\/\/www.noticiasradioreflejos.com.ar\/2021\/identificaron-una-nueva-especie-de-murcielago-que-habita-el-sur-de-santa-fe\/#primaryimage\",\"url\":\"https:\/\/www.telam.com.ar\/advf\/imagenes\/2021\/08\/611ea1ee7081d.08.2021%20foto%20tw%20@gobsantafe%20565_1004x565.jpg\",\"contentUrl\":\"https:\/\/www.telam.com.ar\/advf\/imagenes\/2021\/08\/611ea1ee7081d.08.2021%20foto%20tw%20@gobsantafe%20565_1004x565.jpg\"},{\"@type\":\"BreadcrumbList\",\"@id\":\"https:\/\/www.noticiasradioreflejos.com.ar\/2021\/identificaron-una-nueva-especie-de-murcielago-que-habita-el-sur-de-santa-fe\/#breadcrumb\",\"itemListElement\":[{\"@type\":\"ListItem\",\"position\":1,\"name\":\"Portada\",\"item\":\"https:\/\/www.noticiasradioreflejos.com.ar\/2021\/\"},{\"@type\":\"ListItem\",\"position\":2,\"name\":\"Identificaron una nueva especie de murci\u00e9lago que habita el sur de Santa Fe\"}]},{\"@type\":\"WebSite\",\"@id\":\"https:\/\/www.noticiasradioreflejos.com.ar\/2021\/#website\",\"url\":\"https:\/\/www.noticiasradioreflejos.com.ar\/2021\/\",\"name\":\"Noticias Radio Reflejos\",\"description\":\"Las noticias de mi comarca\",\"potentialAction\":[{\"@type\":\"SearchAction\",\"target\":{\"@type\":\"EntryPoint\",\"urlTemplate\":\"https:\/\/www.noticiasradioreflejos.com.ar\/2021\/?s={search_term_string}\"},\"query-input\":{\"@type\":\"PropertyValueSpecification\",\"valueRequired\":true,\"valueName\":\"search_term_string\"}}],\"inLanguage\":\"es\"},{\"@type\":\"Person\",\"@id\":\"https:\/\/www.noticiasradioreflejos.com.ar\/2021\/#\/schema\/person\/ad82545263dcc5ec0996818884fd5fb1\",\"name\":\"Arnaldo Botto\",\"image\":{\"@type\":\"ImageObject\",\"inLanguage\":\"es\",\"@id\":\"https:\/\/www.noticiasradioreflejos.com.ar\/2021\/#\/schema\/person\/image\/\",\"url\":\"https:\/\/secure.gravatar.com\/avatar\/55cb5e37c1efa326397366e6974cb338056df65cb50e7d64d1cf314e87504837?s=96&d=mm&r=g\",\"contentUrl\":\"https:\/\/secure.gravatar.com\/avatar\/55cb5e37c1efa326397366e6974cb338056df65cb50e7d64d1cf314e87504837?s=96&d=mm&r=g\",\"caption\":\"Arnaldo Botto\"},\"url\":\"https:\/\/www.noticiasradioreflejos.com.ar\/2021\/author\/arnaldo\/\"}]}<\/script>\n<!-- \/ Yoast SEO plugin. -->","yoast_head_json":{"title":"Identificaron una nueva especie de murci\u00e9lago que habita el sur de Santa Fe - Noticias Radio Reflejos","robots":{"index":"index","follow":"follow","max-snippet":"max-snippet:-1","max-image-preview":"max-image-preview:large","max-video-preview":"max-video-preview:-1"},"canonical":"https:\/\/www.noticiasradioreflejos.com.ar\/2021\/identificaron-una-nueva-especie-de-murcielago-que-habita-el-sur-de-santa-fe\/","og_locale":"es_ES","og_type":"article","og_title":"Identificaron una nueva especie de murci\u00e9lago que habita el sur de Santa Fe - Noticias Radio Reflejos","og_description":"El \u00e1rea de Zoolog\u00eda del Museo \u00ab\u00c1ngel Gallardo\u00bb identific\u00f3 esta nueva especie que se distingue por su coloraci\u00f3n general fuertemente anaranjada y que habita el sur de la laguna Melincu\u00e9.","og_url":"https:\/\/www.noticiasradioreflejos.com.ar\/2021\/identificaron-una-nueva-especie-de-murcielago-que-habita-el-sur-de-santa-fe\/","og_site_name":"Noticias Radio Reflejos","article_published_time":"2021-08-19T19:52:28+00:00","og_image":[{"url":"https:\/\/www.telam.com.ar\/advf\/imagenes\/2021\/08\/611ea1ee7081d.08.2021%20foto%20tw%20@gobsantafe%20565_1004x565.jpg","type":"","width":"","height":""}],"author":"Arnaldo Botto","twitter_card":"summary_large_image","schema":{"@context":"https:\/\/schema.org","@graph":[{"@type":"WebPage","@id":"https:\/\/www.noticiasradioreflejos.com.ar\/2021\/identificaron-una-nueva-especie-de-murcielago-que-habita-el-sur-de-santa-fe\/","url":"https:\/\/www.noticiasradioreflejos.com.ar\/2021\/identificaron-una-nueva-especie-de-murcielago-que-habita-el-sur-de-santa-fe\/","name":"Identificaron una nueva especie de murci\u00e9lago que habita el sur de Santa Fe - Noticias Radio Reflejos","isPartOf":{"@id":"https:\/\/www.noticiasradioreflejos.com.ar\/2021\/#website"},"primaryImageOfPage":{"@id":"https:\/\/www.noticiasradioreflejos.com.ar\/2021\/identificaron-una-nueva-especie-de-murcielago-que-habita-el-sur-de-santa-fe\/#primaryimage"},"image":{"@id":"https:\/\/www.noticiasradioreflejos.com.ar\/2021\/identificaron-una-nueva-especie-de-murcielago-que-habita-el-sur-de-santa-fe\/#primaryimage"},"thumbnailUrl":"https:\/\/www.telam.com.ar\/advf\/imagenes\/2021\/08\/611ea1ee7081d.08.2021%20foto%20tw%20@gobsantafe%20565_1004x565.jpg","datePublished":"2021-08-19T19:52:28+00:00","author":{"@id":"https:\/\/www.noticiasradioreflejos.com.ar\/2021\/#\/schema\/person\/ad82545263dcc5ec0996818884fd5fb1"},"breadcrumb":{"@id":"https:\/\/www.noticiasradioreflejos.com.ar\/2021\/identificaron-una-nueva-especie-de-murcielago-que-habita-el-sur-de-santa-fe\/#breadcrumb"},"inLanguage":"es","potentialAction":[{"@type":"ReadAction","target":["https:\/\/www.noticiasradioreflejos.com.ar\/2021\/identificaron-una-nueva-especie-de-murcielago-que-habita-el-sur-de-santa-fe\/"]}]},{"@type":"ImageObject","inLanguage":"es","@id":"https:\/\/www.noticiasradioreflejos.com.ar\/2021\/identificaron-una-nueva-especie-de-murcielago-que-habita-el-sur-de-santa-fe\/#primaryimage","url":"https:\/\/www.telam.com.ar\/advf\/imagenes\/2021\/08\/611ea1ee7081d.08.2021%20foto%20tw%20@gobsantafe%20565_1004x565.jpg","contentUrl":"https:\/\/www.telam.com.ar\/advf\/imagenes\/2021\/08\/611ea1ee7081d.08.2021%20foto%20tw%20@gobsantafe%20565_1004x565.jpg"},{"@type":"BreadcrumbList","@id":"https:\/\/www.noticiasradioreflejos.com.ar\/2021\/identificaron-una-nueva-especie-de-murcielago-que-habita-el-sur-de-santa-fe\/#breadcrumb","itemListElement":[{"@type":"ListItem","position":1,"name":"Portada","item":"https:\/\/www.noticiasradioreflejos.com.ar\/2021\/"},{"@type":"ListItem","position":2,"name":"Identificaron una nueva especie de murci\u00e9lago que habita el sur de Santa Fe"}]},{"@type":"WebSite","@id":"https:\/\/www.noticiasradioreflejos.com.ar\/2021\/#website","url":"https:\/\/www.noticiasradioreflejos.com.ar\/2021\/","name":"Noticias Radio Reflejos","description":"Las noticias de mi comarca","potentialAction":[{"@type":"SearchAction","target":{"@type":"EntryPoint","urlTemplate":"https:\/\/www.noticiasradioreflejos.com.ar\/2021\/?s={search_term_string}"},"query-input":{"@type":"PropertyValueSpecification","valueRequired":true,"valueName":"search_term_string"}}],"inLanguage":"es"},{"@type":"Person","@id":"https:\/\/www.noticiasradioreflejos.com.ar\/2021\/#\/schema\/person\/ad82545263dcc5ec0996818884fd5fb1","name":"Arnaldo Botto","image":{"@type":"ImageObject","inLanguage":"es","@id":"https:\/\/www.noticiasradioreflejos.com.ar\/2021\/#\/schema\/person\/image\/","url":"https:\/\/secure.gravatar.com\/avatar\/55cb5e37c1efa326397366e6974cb338056df65cb50e7d64d1cf314e87504837?s=96&d=mm&r=g","contentUrl":"https:\/\/secure.gravatar.com\/avatar\/55cb5e37c1efa326397366e6974cb338056df65cb50e7d64d1cf314e87504837?s=96&d=mm&r=g","caption":"Arnaldo Botto"},"url":"https:\/\/www.noticiasradioreflejos.com.ar\/2021\/author\/arnaldo\/"}]}},"_links":{"self":[{"href":"https:\/\/www.noticiasradioreflejos.com.ar\/2021\/wp-json\/wp\/v2\/posts\/61679","targetHints":{"allow":["GET"]}}],"collection":[{"href":"https:\/\/www.noticiasradioreflejos.com.ar\/2021\/wp-json\/wp\/v2\/posts"}],"about":[{"href":"https:\/\/www.noticiasradioreflejos.com.ar\/2021\/wp-json\/wp\/v2\/types\/post"}],"author":[{"embeddable":true,"href":"https:\/\/www.noticiasradioreflejos.com.ar\/2021\/wp-json\/wp\/v2\/users\/3"}],"replies":[{"embeddable":true,"href":"https:\/\/www.noticiasradioreflejos.com.ar\/2021\/wp-json\/wp\/v2\/comments?post=61679"}],"version-history":[{"count":1,"href":"https:\/\/www.noticiasradioreflejos.com.ar\/2021\/wp-json\/wp\/v2\/posts\/61679\/revisions"}],"predecessor-version":[{"id":61681,"href":"https:\/\/www.noticiasradioreflejos.com.ar\/2021\/wp-json\/wp\/v2\/posts\/61679\/revisions\/61681"}],"wp:attachment":[{"href":"https:\/\/www.noticiasradioreflejos.com.ar\/2021\/wp-json\/wp\/v2\/media?parent=61679"}],"wp:term":[{"taxonomy":"category","embeddable":true,"href":"https:\/\/www.noticiasradioreflejos.com.ar\/2021\/wp-json\/wp\/v2\/categories?post=61679"},{"taxonomy":"post_tag","embeddable":true,"href":"https:\/\/www.noticiasradioreflejos.com.ar\/2021\/wp-json\/wp\/v2\/tags?post=61679"}],"curies":[{"name":"wp","href":"https:\/\/api.w.org\/{rel}","templated":true}]}}