{"id":61676,"date":"2021-08-19T19:49:21","date_gmt":"2021-08-19T19:49:21","guid":{"rendered":"http:\/\/www.noticiasradioreflejos.com.ar\/2021\/?p=61676"},"modified":"2021-08-19T19:49:21","modified_gmt":"2021-08-19T19:49:21","slug":"capacitaran-a-600-000-agentes-para-el-censo-2022","status":"publish","type":"post","link":"https:\/\/www.noticiasradioreflejos.com.ar\/2021\/capacitaran-a-600-000-agentes-para-el-censo-2022\/","title":{"rendered":"Capacitar\u00e1n a 600.000 agentes para el censo 2022"},"content":{"rendered":"<div class=\"head-content\">\n<p>Marco Lavagna, titular del Indec, se\u00f1al\u00f3 que el censo poblacional del a\u00f1o pr\u00f3ximo est\u00e1 dise\u00f1ado en dos etapas: una virtual y la tradicional presencial con visita del censista en los domicilios.<\/p>\n<div class=\"addthis_custom_sharing\" data-url=\"https:\/\/www.telam.com.ar\/notas\/202108\/565615-censo-2022-indec-capacitacion.html\" data-title=\"Capacitar\u00e1n a 600.000 agentes para el censo 2022\" data-description=\"Marco Lavagna, titular del Indec, se\u00f1al\u00f3 que el censo poblacional del a\u00f1o pr\u00f3ximo est\u00e1 dise\u00f1ado en dos etapas: una virtual y la tradicional presencial con visita del censista en los domicilios.\">\n<div id=\"atstbx\" class=\"at-resp-share-element at-style-responsive addthis-smartlayers addthis-animated at4-show\" role=\"region\" aria-labelledby=\"at-9ed99bfb-32a7-4ec7-9126-5d43b8b8bbee\"><\/div>\n<\/div>\n<\/div>\n<p><!--more--><\/p>\n<div class=\"main-content-block\">\n<div class=\"main-box clearfix\">\n<div class=\"wrapper-main-section clearfix\">\n<div class=\"wrapper-editable-content\">\n<div class=\"editable-content clearfix\">\n<div id=\"image\" class=\"image\"><img decoding=\"async\" title=\"El Censo Nacional 2022 tendr\u00e1 dos etapas, una virtual y la domiciliaria. Foto: Carlos Cermele\" src=\"https:\/\/www.telam.com.ar\/advf\/imagenes\/2021\/08\/611e90a0030fb_1004x565.jpg\" alt=\"El Censo Nacional 2022 tendr\u00e1 dos etapas, una virtual y la domiciliaria. Foto: Carlos Cermele\" \/><\/p>\n<div class=\"epigrafe\">El Censo Nacional 2022 tendr\u00e1 dos etapas, una virtual y la domiciliaria. Foto: Carlos Cermele<\/div>\n<\/div>\n<p>El Indec capacitar\u00e1 a 600.000 agentes para el censo poblacional del a\u00f1o pr\u00f3ximo, cuyo cronograma establece una primera etapa virtual (e-Censo), a partir del 16 de marzo, y otra presencial, el 18 de mayo.<\/p>\n<p><strong>\u00abHaremos un entrenamiento virtual, capacitando a 600.000 personas en todo el pa\u00eds que se van a requerir para el proceso del censo. Queremos asegurarnos que estamos llegando hasta el \u00faltimo rinc\u00f3n del pa\u00eds\u00bb<\/strong>, se\u00f1al\u00f3 esta ma\u00f1ana el titular del Indec, Marco Lavagna, en declaraciones formuladas esta ma\u00f1ana a Radio Nacional.<\/p>\n<p>En cuanto a las caracter\u00edsticas del Censo Nacional 2022, aclar\u00f3 que\u00a0<strong>\u00abpor primera vez vamos a empezar con un autoempadronamiento, un censo digital, que habilitaremos durante dos meses desde el 16 de marzo pr\u00f3ximo\u00bb<\/strong>.<\/p>\n<p>\u00abEl 18 de mayo ser\u00e1 la fecha que va a pasar el censista. Quienes no hayan completado el censo digital responder\u00e1n una serie de preguntas y quienes lo hayan hecho van a entregar un c\u00f3digo para que el censista contin\u00fae a la casa siguiente\u00bb, explic\u00f3 el titular del Indec.<\/p>\n<p>Lavagna, adem\u00e1s, destac\u00f3 la necesidad de \u00abtener una nueva foto de la realidad social, lo que nos permitir\u00e1 planificar hacia adelante\u00bb.<\/p>\n<div class=\"video\">\n<div class=\"fluid-width-video-wrapper\"><iframe src=\"https:\/\/www.youtube.com\/embed\/_-0i3AqwFVg?wmode=transparent&amp;showinfo=0&amp;autohide=1&amp;rel=0\" name=\"fitvid0\" frameborder=\"0\" allowfullscreen=\"allowfullscreen\" data-mce-fragment=\"1\"><\/iframe><\/div>\n<\/div>\n<div class=\"epigrafe\">Alberto Fern\u00e1ndez destac\u00f3 la importancia del censo para conocer \u00abfortalezas y debilidades\u00bb del pa\u00eds<\/div>\n<p>Respecto de eventuales dudas que pudieran surgir en la veracidad de los datos de la etapa virtual, asegur\u00f3 que se \u00abincorporaron registros para validar la informaci\u00f3n y todos los datos estar\u00e1n encriptados\u00bb.<\/p>\n<p><strong>Para el e-Censo, la gente -de manera opcional- podr\u00e1 empadronarse a trav\u00e9s de la web<\/strong>, y responder las mismas 56 preguntas que se realizar\u00e1n de manera presencial.<\/p>\n<p>Al hacerlo de manera anticipada, recibir\u00e1 un c\u00f3digo tras completar el formulario. Es un procedimiento que se utiliza ya en otros pa\u00edses y estar\u00e1 abierto por 60 d\u00edas para ser completado.<\/p>\n<p>Luego, el mi\u00e9rcoles 18 de mayo del pr\u00f3ximo a\u00f1o, se realizar\u00e1 el Censo de manera presencial con unos 600.000 agentes en todo el pa\u00eds.<strong>\u00a0Ese d\u00eda no ser\u00e1 laborable y tendr\u00e1 las restricciones que operan en todo acto de ese tipo o elecciones.<\/strong><\/p>\n<p>Si bien el 18 de mayo se realizar\u00e1 el censo de manera presencial, los agentes se tomar\u00e1n una semana m\u00e1s para relevar aquellos que no hayan sido posible censar durante esa jornada.<\/p><\/div>\n<\/div>\n<\/div>\n<\/div>\n<\/div>\n","protected":false},"excerpt":{"rendered":"<p>Marco Lavagna, titular del Indec, se\u00f1al\u00f3 que el censo poblacional del a\u00f1o pr\u00f3ximo est\u00e1 dise\u00f1ado en dos etapas: una virtual y la tradicional presencial con visita del censista en los domicilios.<\/p>\n","protected":false},"author":3,"featured_media":0,"comment_status":"closed","ping_status":"closed","sticky":false,"template":"","format":"standard","meta":{"footnotes":""},"categories":[24],"tags":[],"class_list":["post-61676","post","type-post","status-publish","format-standard","hentry","category-politica"],"yoast_head":"<!-- This site is optimized with the Yoast SEO plugin v25.9 - https:\/\/yoast.com\/wordpress\/plugins\/seo\/ -->\n<title>Capacitar\u00e1n a 600.000 agentes para el censo 2022 - Noticias Radio Reflejos<\/title>\n<meta name=\"robots\" content=\"index, follow, max-snippet:-1, max-image-preview:large, max-video-preview:-1\" \/>\n<link rel=\"canonical\" href=\"https:\/\/www.noticiasradioreflejos.com.ar\/2021\/capacitaran-a-600-000-agentes-para-el-censo-2022\/\" \/>\n<meta property=\"og:locale\" content=\"es_ES\" \/>\n<meta property=\"og:type\" content=\"article\" \/>\n<meta property=\"og:title\" content=\"Capacitar\u00e1n a 600.000 agentes para el censo 2022 - Noticias Radio Reflejos\" \/>\n<meta property=\"og:description\" content=\"Marco Lavagna, titular del Indec, se\u00f1al\u00f3 que el censo poblacional del a\u00f1o pr\u00f3ximo est\u00e1 dise\u00f1ado en dos etapas: una virtual y la tradicional presencial con visita del censista en los domicilios.\" \/>\n<meta property=\"og:url\" content=\"https:\/\/www.noticiasradioreflejos.com.ar\/2021\/capacitaran-a-600-000-agentes-para-el-censo-2022\/\" \/>\n<meta property=\"og:site_name\" content=\"Noticias Radio Reflejos\" \/>\n<meta property=\"article:published_time\" content=\"2021-08-19T19:49:21+00:00\" \/>\n<meta property=\"og:image\" content=\"https:\/\/www.telam.com.ar\/advf\/imagenes\/2021\/08\/611e90a0030fb_1004x565.jpg\" \/>\n<meta name=\"author\" content=\"Arnaldo Botto\" \/>\n<meta name=\"twitter:card\" content=\"summary_large_image\" \/>\n<script type=\"application\/ld+json\" class=\"yoast-schema-graph\">{\"@context\":\"https:\/\/schema.org\",\"@graph\":[{\"@type\":\"WebPage\",\"@id\":\"https:\/\/www.noticiasradioreflejos.com.ar\/2021\/capacitaran-a-600-000-agentes-para-el-censo-2022\/\",\"url\":\"https:\/\/www.noticiasradioreflejos.com.ar\/2021\/capacitaran-a-600-000-agentes-para-el-censo-2022\/\",\"name\":\"Capacitar\u00e1n a 600.000 agentes para el censo 2022 - Noticias Radio Reflejos\",\"isPartOf\":{\"@id\":\"https:\/\/www.noticiasradioreflejos.com.ar\/2021\/#website\"},\"primaryImageOfPage\":{\"@id\":\"https:\/\/www.noticiasradioreflejos.com.ar\/2021\/capacitaran-a-600-000-agentes-para-el-censo-2022\/#primaryimage\"},\"image\":{\"@id\":\"https:\/\/www.noticiasradioreflejos.com.ar\/2021\/capacitaran-a-600-000-agentes-para-el-censo-2022\/#primaryimage\"},\"thumbnailUrl\":\"https:\/\/www.telam.com.ar\/advf\/imagenes\/2021\/08\/611e90a0030fb_1004x565.jpg\",\"datePublished\":\"2021-08-19T19:49:21+00:00\",\"author\":{\"@id\":\"https:\/\/www.noticiasradioreflejos.com.ar\/2021\/#\/schema\/person\/ad82545263dcc5ec0996818884fd5fb1\"},\"breadcrumb\":{\"@id\":\"https:\/\/www.noticiasradioreflejos.com.ar\/2021\/capacitaran-a-600-000-agentes-para-el-censo-2022\/#breadcrumb\"},\"inLanguage\":\"es\",\"potentialAction\":[{\"@type\":\"ReadAction\",\"target\":[\"https:\/\/www.noticiasradioreflejos.com.ar\/2021\/capacitaran-a-600-000-agentes-para-el-censo-2022\/\"]}]},{\"@type\":\"ImageObject\",\"inLanguage\":\"es\",\"@id\":\"https:\/\/www.noticiasradioreflejos.com.ar\/2021\/capacitaran-a-600-000-agentes-para-el-censo-2022\/#primaryimage\",\"url\":\"https:\/\/www.telam.com.ar\/advf\/imagenes\/2021\/08\/611e90a0030fb_1004x565.jpg\",\"contentUrl\":\"https:\/\/www.telam.com.ar\/advf\/imagenes\/2021\/08\/611e90a0030fb_1004x565.jpg\"},{\"@type\":\"BreadcrumbList\",\"@id\":\"https:\/\/www.noticiasradioreflejos.com.ar\/2021\/capacitaran-a-600-000-agentes-para-el-censo-2022\/#breadcrumb\",\"itemListElement\":[{\"@type\":\"ListItem\",\"position\":1,\"name\":\"Portada\",\"item\":\"https:\/\/www.noticiasradioreflejos.com.ar\/2021\/\"},{\"@type\":\"ListItem\",\"position\":2,\"name\":\"Capacitar\u00e1n a 600.000 agentes para el censo 2022\"}]},{\"@type\":\"WebSite\",\"@id\":\"https:\/\/www.noticiasradioreflejos.com.ar\/2021\/#website\",\"url\":\"https:\/\/www.noticiasradioreflejos.com.ar\/2021\/\",\"name\":\"Noticias Radio Reflejos\",\"description\":\"Las noticias de mi comarca\",\"potentialAction\":[{\"@type\":\"SearchAction\",\"target\":{\"@type\":\"EntryPoint\",\"urlTemplate\":\"https:\/\/www.noticiasradioreflejos.com.ar\/2021\/?s={search_term_string}\"},\"query-input\":{\"@type\":\"PropertyValueSpecification\",\"valueRequired\":true,\"valueName\":\"search_term_string\"}}],\"inLanguage\":\"es\"},{\"@type\":\"Person\",\"@id\":\"https:\/\/www.noticiasradioreflejos.com.ar\/2021\/#\/schema\/person\/ad82545263dcc5ec0996818884fd5fb1\",\"name\":\"Arnaldo Botto\",\"image\":{\"@type\":\"ImageObject\",\"inLanguage\":\"es\",\"@id\":\"https:\/\/www.noticiasradioreflejos.com.ar\/2021\/#\/schema\/person\/image\/\",\"url\":\"https:\/\/secure.gravatar.com\/avatar\/55cb5e37c1efa326397366e6974cb338056df65cb50e7d64d1cf314e87504837?s=96&d=mm&r=g\",\"contentUrl\":\"https:\/\/secure.gravatar.com\/avatar\/55cb5e37c1efa326397366e6974cb338056df65cb50e7d64d1cf314e87504837?s=96&d=mm&r=g\",\"caption\":\"Arnaldo Botto\"},\"url\":\"https:\/\/www.noticiasradioreflejos.com.ar\/2021\/author\/arnaldo\/\"}]}<\/script>\n<!-- \/ Yoast SEO plugin. -->","yoast_head_json":{"title":"Capacitar\u00e1n a 600.000 agentes para el censo 2022 - Noticias Radio Reflejos","robots":{"index":"index","follow":"follow","max-snippet":"max-snippet:-1","max-image-preview":"max-image-preview:large","max-video-preview":"max-video-preview:-1"},"canonical":"https:\/\/www.noticiasradioreflejos.com.ar\/2021\/capacitaran-a-600-000-agentes-para-el-censo-2022\/","og_locale":"es_ES","og_type":"article","og_title":"Capacitar\u00e1n a 600.000 agentes para el censo 2022 - Noticias Radio Reflejos","og_description":"Marco Lavagna, titular del Indec, se\u00f1al\u00f3 que el censo poblacional del a\u00f1o pr\u00f3ximo est\u00e1 dise\u00f1ado en dos etapas: una virtual y la tradicional presencial con visita del censista en los domicilios.","og_url":"https:\/\/www.noticiasradioreflejos.com.ar\/2021\/capacitaran-a-600-000-agentes-para-el-censo-2022\/","og_site_name":"Noticias Radio Reflejos","article_published_time":"2021-08-19T19:49:21+00:00","og_image":[{"url":"https:\/\/www.telam.com.ar\/advf\/imagenes\/2021\/08\/611e90a0030fb_1004x565.jpg","type":"","width":"","height":""}],"author":"Arnaldo Botto","twitter_card":"summary_large_image","schema":{"@context":"https:\/\/schema.org","@graph":[{"@type":"WebPage","@id":"https:\/\/www.noticiasradioreflejos.com.ar\/2021\/capacitaran-a-600-000-agentes-para-el-censo-2022\/","url":"https:\/\/www.noticiasradioreflejos.com.ar\/2021\/capacitaran-a-600-000-agentes-para-el-censo-2022\/","name":"Capacitar\u00e1n a 600.000 agentes para el censo 2022 - Noticias Radio Reflejos","isPartOf":{"@id":"https:\/\/www.noticiasradioreflejos.com.ar\/2021\/#website"},"primaryImageOfPage":{"@id":"https:\/\/www.noticiasradioreflejos.com.ar\/2021\/capacitaran-a-600-000-agentes-para-el-censo-2022\/#primaryimage"},"image":{"@id":"https:\/\/www.noticiasradioreflejos.com.ar\/2021\/capacitaran-a-600-000-agentes-para-el-censo-2022\/#primaryimage"},"thumbnailUrl":"https:\/\/www.telam.com.ar\/advf\/imagenes\/2021\/08\/611e90a0030fb_1004x565.jpg","datePublished":"2021-08-19T19:49:21+00:00","author":{"@id":"https:\/\/www.noticiasradioreflejos.com.ar\/2021\/#\/schema\/person\/ad82545263dcc5ec0996818884fd5fb1"},"breadcrumb":{"@id":"https:\/\/www.noticiasradioreflejos.com.ar\/2021\/capacitaran-a-600-000-agentes-para-el-censo-2022\/#breadcrumb"},"inLanguage":"es","potentialAction":[{"@type":"ReadAction","target":["https:\/\/www.noticiasradioreflejos.com.ar\/2021\/capacitaran-a-600-000-agentes-para-el-censo-2022\/"]}]},{"@type":"ImageObject","inLanguage":"es","@id":"https:\/\/www.noticiasradioreflejos.com.ar\/2021\/capacitaran-a-600-000-agentes-para-el-censo-2022\/#primaryimage","url":"https:\/\/www.telam.com.ar\/advf\/imagenes\/2021\/08\/611e90a0030fb_1004x565.jpg","contentUrl":"https:\/\/www.telam.com.ar\/advf\/imagenes\/2021\/08\/611e90a0030fb_1004x565.jpg"},{"@type":"BreadcrumbList","@id":"https:\/\/www.noticiasradioreflejos.com.ar\/2021\/capacitaran-a-600-000-agentes-para-el-censo-2022\/#breadcrumb","itemListElement":[{"@type":"ListItem","position":1,"name":"Portada","item":"https:\/\/www.noticiasradioreflejos.com.ar\/2021\/"},{"@type":"ListItem","position":2,"name":"Capacitar\u00e1n a 600.000 agentes para el censo 2022"}]},{"@type":"WebSite","@id":"https:\/\/www.noticiasradioreflejos.com.ar\/2021\/#website","url":"https:\/\/www.noticiasradioreflejos.com.ar\/2021\/","name":"Noticias Radio Reflejos","description":"Las noticias de mi comarca","potentialAction":[{"@type":"SearchAction","target":{"@type":"EntryPoint","urlTemplate":"https:\/\/www.noticiasradioreflejos.com.ar\/2021\/?s={search_term_string}"},"query-input":{"@type":"PropertyValueSpecification","valueRequired":true,"valueName":"search_term_string"}}],"inLanguage":"es"},{"@type":"Person","@id":"https:\/\/www.noticiasradioreflejos.com.ar\/2021\/#\/schema\/person\/ad82545263dcc5ec0996818884fd5fb1","name":"Arnaldo Botto","image":{"@type":"ImageObject","inLanguage":"es","@id":"https:\/\/www.noticiasradioreflejos.com.ar\/2021\/#\/schema\/person\/image\/","url":"https:\/\/secure.gravatar.com\/avatar\/55cb5e37c1efa326397366e6974cb338056df65cb50e7d64d1cf314e87504837?s=96&d=mm&r=g","contentUrl":"https:\/\/secure.gravatar.com\/avatar\/55cb5e37c1efa326397366e6974cb338056df65cb50e7d64d1cf314e87504837?s=96&d=mm&r=g","caption":"Arnaldo Botto"},"url":"https:\/\/www.noticiasradioreflejos.com.ar\/2021\/author\/arnaldo\/"}]}},"_links":{"self":[{"href":"https:\/\/www.noticiasradioreflejos.com.ar\/2021\/wp-json\/wp\/v2\/posts\/61676","targetHints":{"allow":["GET"]}}],"collection":[{"href":"https:\/\/www.noticiasradioreflejos.com.ar\/2021\/wp-json\/wp\/v2\/posts"}],"about":[{"href":"https:\/\/www.noticiasradioreflejos.com.ar\/2021\/wp-json\/wp\/v2\/types\/post"}],"author":[{"embeddable":true,"href":"https:\/\/www.noticiasradioreflejos.com.ar\/2021\/wp-json\/wp\/v2\/users\/3"}],"replies":[{"embeddable":true,"href":"https:\/\/www.noticiasradioreflejos.com.ar\/2021\/wp-json\/wp\/v2\/comments?post=61676"}],"version-history":[{"count":1,"href":"https:\/\/www.noticiasradioreflejos.com.ar\/2021\/wp-json\/wp\/v2\/posts\/61676\/revisions"}],"predecessor-version":[{"id":61678,"href":"https:\/\/www.noticiasradioreflejos.com.ar\/2021\/wp-json\/wp\/v2\/posts\/61676\/revisions\/61678"}],"wp:attachment":[{"href":"https:\/\/www.noticiasradioreflejos.com.ar\/2021\/wp-json\/wp\/v2\/media?parent=61676"}],"wp:term":[{"taxonomy":"category","embeddable":true,"href":"https:\/\/www.noticiasradioreflejos.com.ar\/2021\/wp-json\/wp\/v2\/categories?post=61676"},{"taxonomy":"post_tag","embeddable":true,"href":"https:\/\/www.noticiasradioreflejos.com.ar\/2021\/wp-json\/wp\/v2\/tags?post=61676"}],"curies":[{"name":"wp","href":"https:\/\/api.w.org\/{rel}","templated":true}]}}