{"id":61668,"date":"2021-08-19T17:32:34","date_gmt":"2021-08-19T17:32:34","guid":{"rendered":"http:\/\/www.noticiasradioreflejos.com.ar\/2021\/?p=61668"},"modified":"2021-08-19T17:32:34","modified_gmt":"2021-08-19T17:32:34","slug":"parque-provincial-ernesto-tornquist-jornada-de-asesoramiento-tecnico-de-defensa-ante-incendios-forestales","status":"publish","type":"post","link":"https:\/\/www.noticiasradioreflejos.com.ar\/2021\/parque-provincial-ernesto-tornquist-jornada-de-asesoramiento-tecnico-de-defensa-ante-incendios-forestales\/","title":{"rendered":"Parque provincial Ernesto Tornquist: Jornada de Asesoramiento T\u00e9cnico de defensa ante incendios forestales"},"content":{"rendered":"<div class=\"kvgmc6g5 cxmmr5t8 oygrvhab hcukyx3x c1et5uql ii04i59q\">\n<div dir=\"auto\">trabajadores y las trabajadoras del Parque Provincial Ernesto Tornquist, participaron de una Jornada de Asesoramiento T\u00e9cnico para diagramar tareas que mejoren las l\u00edneas de defensa ante incendios forestales.<br \/>\n<!--more--><br \/>\n<a title=\"238531642_1920358364805395_22164620343884778_n\" href=\"https:\/\/www.flickr.com\/photos\/182279889@N02\/51389710910\/in\/dateposted-public\/\" data-flickr-embed=\"true\"><img loading=\"lazy\" decoding=\"async\" src=\"https:\/\/live.staticflickr.com\/65535\/51389710910_f0da076f7f_z.jpg\" alt=\"238531642_1920358364805395_22164620343884778_n\" width=\"640\" height=\"640\" \/><\/a><script async src=\"\/\/embedr.flickr.com\/assets\/client-code.js\" charset=\"utf-8\"><\/script>&gt;La capacitaci\u00f3n brindada por los Cuarteles de Bomberos de las localidades de Sierra de la Ventana, Tornquist y Villa Ventana, cont\u00f3 adem\u00e1s, con la presencia de la Subsecretaria de Servicios Urbanos del municipio de Tornquist.<\/p>\n<\/div>\n<\/div>\n<div class=\"o9v6fnle cxmmr5t8 oygrvhab hcukyx3x c1et5uql ii04i59q\">\n<div dir=\"auto\">Hasta el momento las zonas trabajadas incluyen la remoci\u00f3n de material combustible en el Sector Base del Cerro Bah\u00eda Blanca, puesta a punto del equipo utilizado en el combate de incendios forestales y el repaso de l\u00edneas de defensa del Parque.<\/div>\n<\/div>\n<div class=\"o9v6fnle cxmmr5t8 oygrvhab hcukyx3x c1et5uql ii04i59q\">\n<div dir=\"auto\">Continuamos trabajando de forma colectiva en la coordinaci\u00f3n de los recursos y hacia la construcci\u00f3n de procedimientos de prevenci\u00f3n y control de incendios en las \u00e1reas naturales protegidas.<\/div>\n<p><a data-flickr-embed=\"true\" href=\"https:\/\/www.flickr.com\/photos\/182279889@N02\/51387935187\/in\/dateposted-public\/\" title=\"235867817_1920358411472057_2925273242464689986_n\"><img loading=\"lazy\" decoding=\"async\" src=\"https:\/\/live.staticflickr.com\/65535\/51387935187_7e5ce432f3_z.jpg\" width=\"640\" height=\"640\" alt=\"235867817_1920358411472057_2925273242464689986_n\"><\/a><script async src=\"\/\/embedr.flickr.com\/assets\/client-code.js\" charset=\"utf-8\"><\/script><\/p>\n","protected":false},"excerpt":{"rendered":"<p>trabajadores y las trabajadoras del Parque Provincial Ernesto Tornquist, participaron de una Jornada de Asesoramiento T\u00e9cnico para diagramar tareas que mejoren las l\u00edneas de defensa ante incendios forestales.<\/p>\n","protected":false},"author":3,"featured_media":0,"comment_status":"closed","ping_status":"closed","sticky":false,"template":"","format":"standard","meta":{"footnotes":""},"categories":[24,26],"tags":[],"class_list":["post-61668","post","type-post","status-publish","format-standard","hentry","category-politica","category-sociedad"],"yoast_head":"<!-- This site is optimized with the Yoast SEO plugin v25.9 - https:\/\/yoast.com\/wordpress\/plugins\/seo\/ -->\n<title>Parque provincial Ernesto Tornquist: Jornada de Asesoramiento T\u00e9cnico de defensa ante incendios forestales - Noticias Radio Reflejos<\/title>\n<meta name=\"robots\" content=\"index, follow, max-snippet:-1, max-image-preview:large, max-video-preview:-1\" \/>\n<link rel=\"canonical\" href=\"https:\/\/www.noticiasradioreflejos.com.ar\/2021\/parque-provincial-ernesto-tornquist-jornada-de-asesoramiento-tecnico-de-defensa-ante-incendios-forestales\/\" \/>\n<meta property=\"og:locale\" content=\"es_ES\" \/>\n<meta property=\"og:type\" content=\"article\" \/>\n<meta property=\"og:title\" content=\"Parque provincial Ernesto Tornquist: Jornada de Asesoramiento T\u00e9cnico de defensa ante incendios forestales - Noticias Radio Reflejos\" \/>\n<meta property=\"og:description\" content=\"trabajadores y las trabajadoras del Parque Provincial Ernesto Tornquist, participaron de una Jornada de Asesoramiento T\u00e9cnico para diagramar tareas que mejoren las l\u00edneas de defensa ante incendios forestales.\" \/>\n<meta property=\"og:url\" content=\"https:\/\/www.noticiasradioreflejos.com.ar\/2021\/parque-provincial-ernesto-tornquist-jornada-de-asesoramiento-tecnico-de-defensa-ante-incendios-forestales\/\" \/>\n<meta property=\"og:site_name\" content=\"Noticias Radio Reflejos\" \/>\n<meta property=\"article:published_time\" content=\"2021-08-19T17:32:34+00:00\" \/>\n<meta property=\"og:image\" content=\"https:\/\/live.staticflickr.com\/65535\/51389710910_f0da076f7f_z.jpg\" \/>\n<meta name=\"author\" content=\"Arnaldo Botto\" \/>\n<meta name=\"twitter:card\" content=\"summary_large_image\" \/>\n<script type=\"application\/ld+json\" class=\"yoast-schema-graph\">{\"@context\":\"https:\/\/schema.org\",\"@graph\":[{\"@type\":\"WebPage\",\"@id\":\"https:\/\/www.noticiasradioreflejos.com.ar\/2021\/parque-provincial-ernesto-tornquist-jornada-de-asesoramiento-tecnico-de-defensa-ante-incendios-forestales\/\",\"url\":\"https:\/\/www.noticiasradioreflejos.com.ar\/2021\/parque-provincial-ernesto-tornquist-jornada-de-asesoramiento-tecnico-de-defensa-ante-incendios-forestales\/\",\"name\":\"Parque provincial Ernesto Tornquist: Jornada de Asesoramiento T\u00e9cnico de defensa ante incendios forestales - Noticias Radio Reflejos\",\"isPartOf\":{\"@id\":\"https:\/\/www.noticiasradioreflejos.com.ar\/2021\/#website\"},\"primaryImageOfPage\":{\"@id\":\"https:\/\/www.noticiasradioreflejos.com.ar\/2021\/parque-provincial-ernesto-tornquist-jornada-de-asesoramiento-tecnico-de-defensa-ante-incendios-forestales\/#primaryimage\"},\"image\":{\"@id\":\"https:\/\/www.noticiasradioreflejos.com.ar\/2021\/parque-provincial-ernesto-tornquist-jornada-de-asesoramiento-tecnico-de-defensa-ante-incendios-forestales\/#primaryimage\"},\"thumbnailUrl\":\"https:\/\/live.staticflickr.com\/65535\/51389710910_f0da076f7f_z.jpg\",\"datePublished\":\"2021-08-19T17:32:34+00:00\",\"author\":{\"@id\":\"https:\/\/www.noticiasradioreflejos.com.ar\/2021\/#\/schema\/person\/ad82545263dcc5ec0996818884fd5fb1\"},\"breadcrumb\":{\"@id\":\"https:\/\/www.noticiasradioreflejos.com.ar\/2021\/parque-provincial-ernesto-tornquist-jornada-de-asesoramiento-tecnico-de-defensa-ante-incendios-forestales\/#breadcrumb\"},\"inLanguage\":\"es\",\"potentialAction\":[{\"@type\":\"ReadAction\",\"target\":[\"https:\/\/www.noticiasradioreflejos.com.ar\/2021\/parque-provincial-ernesto-tornquist-jornada-de-asesoramiento-tecnico-de-defensa-ante-incendios-forestales\/\"]}]},{\"@type\":\"ImageObject\",\"inLanguage\":\"es\",\"@id\":\"https:\/\/www.noticiasradioreflejos.com.ar\/2021\/parque-provincial-ernesto-tornquist-jornada-de-asesoramiento-tecnico-de-defensa-ante-incendios-forestales\/#primaryimage\",\"url\":\"https:\/\/live.staticflickr.com\/65535\/51389710910_f0da076f7f_z.jpg\",\"contentUrl\":\"https:\/\/live.staticflickr.com\/65535\/51389710910_f0da076f7f_z.jpg\"},{\"@type\":\"BreadcrumbList\",\"@id\":\"https:\/\/www.noticiasradioreflejos.com.ar\/2021\/parque-provincial-ernesto-tornquist-jornada-de-asesoramiento-tecnico-de-defensa-ante-incendios-forestales\/#breadcrumb\",\"itemListElement\":[{\"@type\":\"ListItem\",\"position\":1,\"name\":\"Portada\",\"item\":\"https:\/\/www.noticiasradioreflejos.com.ar\/2021\/\"},{\"@type\":\"ListItem\",\"position\":2,\"name\":\"Parque provincial Ernesto Tornquist: Jornada de Asesoramiento T\u00e9cnico de defensa ante incendios forestales\"}]},{\"@type\":\"WebSite\",\"@id\":\"https:\/\/www.noticiasradioreflejos.com.ar\/2021\/#website\",\"url\":\"https:\/\/www.noticiasradioreflejos.com.ar\/2021\/\",\"name\":\"Noticias Radio Reflejos\",\"description\":\"Las noticias de mi comarca\",\"potentialAction\":[{\"@type\":\"SearchAction\",\"target\":{\"@type\":\"EntryPoint\",\"urlTemplate\":\"https:\/\/www.noticiasradioreflejos.com.ar\/2021\/?s={search_term_string}\"},\"query-input\":{\"@type\":\"PropertyValueSpecification\",\"valueRequired\":true,\"valueName\":\"search_term_string\"}}],\"inLanguage\":\"es\"},{\"@type\":\"Person\",\"@id\":\"https:\/\/www.noticiasradioreflejos.com.ar\/2021\/#\/schema\/person\/ad82545263dcc5ec0996818884fd5fb1\",\"name\":\"Arnaldo Botto\",\"image\":{\"@type\":\"ImageObject\",\"inLanguage\":\"es\",\"@id\":\"https:\/\/www.noticiasradioreflejos.com.ar\/2021\/#\/schema\/person\/image\/\",\"url\":\"https:\/\/secure.gravatar.com\/avatar\/55cb5e37c1efa326397366e6974cb338056df65cb50e7d64d1cf314e87504837?s=96&d=mm&r=g\",\"contentUrl\":\"https:\/\/secure.gravatar.com\/avatar\/55cb5e37c1efa326397366e6974cb338056df65cb50e7d64d1cf314e87504837?s=96&d=mm&r=g\",\"caption\":\"Arnaldo Botto\"},\"url\":\"https:\/\/www.noticiasradioreflejos.com.ar\/2021\/author\/arnaldo\/\"}]}<\/script>\n<!-- \/ Yoast SEO plugin. -->","yoast_head_json":{"title":"Parque provincial Ernesto Tornquist: Jornada de Asesoramiento T\u00e9cnico de defensa ante incendios forestales - Noticias Radio Reflejos","robots":{"index":"index","follow":"follow","max-snippet":"max-snippet:-1","max-image-preview":"max-image-preview:large","max-video-preview":"max-video-preview:-1"},"canonical":"https:\/\/www.noticiasradioreflejos.com.ar\/2021\/parque-provincial-ernesto-tornquist-jornada-de-asesoramiento-tecnico-de-defensa-ante-incendios-forestales\/","og_locale":"es_ES","og_type":"article","og_title":"Parque provincial Ernesto Tornquist: Jornada de Asesoramiento T\u00e9cnico de defensa ante incendios forestales - Noticias Radio Reflejos","og_description":"trabajadores y las trabajadoras del Parque Provincial Ernesto Tornquist, participaron de una Jornada de Asesoramiento T\u00e9cnico para diagramar tareas que mejoren las l\u00edneas de defensa ante incendios forestales.","og_url":"https:\/\/www.noticiasradioreflejos.com.ar\/2021\/parque-provincial-ernesto-tornquist-jornada-de-asesoramiento-tecnico-de-defensa-ante-incendios-forestales\/","og_site_name":"Noticias Radio Reflejos","article_published_time":"2021-08-19T17:32:34+00:00","og_image":[{"url":"https:\/\/live.staticflickr.com\/65535\/51389710910_f0da076f7f_z.jpg","type":"","width":"","height":""}],"author":"Arnaldo Botto","twitter_card":"summary_large_image","schema":{"@context":"https:\/\/schema.org","@graph":[{"@type":"WebPage","@id":"https:\/\/www.noticiasradioreflejos.com.ar\/2021\/parque-provincial-ernesto-tornquist-jornada-de-asesoramiento-tecnico-de-defensa-ante-incendios-forestales\/","url":"https:\/\/www.noticiasradioreflejos.com.ar\/2021\/parque-provincial-ernesto-tornquist-jornada-de-asesoramiento-tecnico-de-defensa-ante-incendios-forestales\/","name":"Parque provincial Ernesto Tornquist: Jornada de Asesoramiento T\u00e9cnico de defensa ante incendios forestales - Noticias Radio Reflejos","isPartOf":{"@id":"https:\/\/www.noticiasradioreflejos.com.ar\/2021\/#website"},"primaryImageOfPage":{"@id":"https:\/\/www.noticiasradioreflejos.com.ar\/2021\/parque-provincial-ernesto-tornquist-jornada-de-asesoramiento-tecnico-de-defensa-ante-incendios-forestales\/#primaryimage"},"image":{"@id":"https:\/\/www.noticiasradioreflejos.com.ar\/2021\/parque-provincial-ernesto-tornquist-jornada-de-asesoramiento-tecnico-de-defensa-ante-incendios-forestales\/#primaryimage"},"thumbnailUrl":"https:\/\/live.staticflickr.com\/65535\/51389710910_f0da076f7f_z.jpg","datePublished":"2021-08-19T17:32:34+00:00","author":{"@id":"https:\/\/www.noticiasradioreflejos.com.ar\/2021\/#\/schema\/person\/ad82545263dcc5ec0996818884fd5fb1"},"breadcrumb":{"@id":"https:\/\/www.noticiasradioreflejos.com.ar\/2021\/parque-provincial-ernesto-tornquist-jornada-de-asesoramiento-tecnico-de-defensa-ante-incendios-forestales\/#breadcrumb"},"inLanguage":"es","potentialAction":[{"@type":"ReadAction","target":["https:\/\/www.noticiasradioreflejos.com.ar\/2021\/parque-provincial-ernesto-tornquist-jornada-de-asesoramiento-tecnico-de-defensa-ante-incendios-forestales\/"]}]},{"@type":"ImageObject","inLanguage":"es","@id":"https:\/\/www.noticiasradioreflejos.com.ar\/2021\/parque-provincial-ernesto-tornquist-jornada-de-asesoramiento-tecnico-de-defensa-ante-incendios-forestales\/#primaryimage","url":"https:\/\/live.staticflickr.com\/65535\/51389710910_f0da076f7f_z.jpg","contentUrl":"https:\/\/live.staticflickr.com\/65535\/51389710910_f0da076f7f_z.jpg"},{"@type":"BreadcrumbList","@id":"https:\/\/www.noticiasradioreflejos.com.ar\/2021\/parque-provincial-ernesto-tornquist-jornada-de-asesoramiento-tecnico-de-defensa-ante-incendios-forestales\/#breadcrumb","itemListElement":[{"@type":"ListItem","position":1,"name":"Portada","item":"https:\/\/www.noticiasradioreflejos.com.ar\/2021\/"},{"@type":"ListItem","position":2,"name":"Parque provincial Ernesto Tornquist: Jornada de Asesoramiento T\u00e9cnico de defensa ante incendios forestales"}]},{"@type":"WebSite","@id":"https:\/\/www.noticiasradioreflejos.com.ar\/2021\/#website","url":"https:\/\/www.noticiasradioreflejos.com.ar\/2021\/","name":"Noticias Radio Reflejos","description":"Las noticias de mi comarca","potentialAction":[{"@type":"SearchAction","target":{"@type":"EntryPoint","urlTemplate":"https:\/\/www.noticiasradioreflejos.com.ar\/2021\/?s={search_term_string}"},"query-input":{"@type":"PropertyValueSpecification","valueRequired":true,"valueName":"search_term_string"}}],"inLanguage":"es"},{"@type":"Person","@id":"https:\/\/www.noticiasradioreflejos.com.ar\/2021\/#\/schema\/person\/ad82545263dcc5ec0996818884fd5fb1","name":"Arnaldo Botto","image":{"@type":"ImageObject","inLanguage":"es","@id":"https:\/\/www.noticiasradioreflejos.com.ar\/2021\/#\/schema\/person\/image\/","url":"https:\/\/secure.gravatar.com\/avatar\/55cb5e37c1efa326397366e6974cb338056df65cb50e7d64d1cf314e87504837?s=96&d=mm&r=g","contentUrl":"https:\/\/secure.gravatar.com\/avatar\/55cb5e37c1efa326397366e6974cb338056df65cb50e7d64d1cf314e87504837?s=96&d=mm&r=g","caption":"Arnaldo Botto"},"url":"https:\/\/www.noticiasradioreflejos.com.ar\/2021\/author\/arnaldo\/"}]}},"_links":{"self":[{"href":"https:\/\/www.noticiasradioreflejos.com.ar\/2021\/wp-json\/wp\/v2\/posts\/61668","targetHints":{"allow":["GET"]}}],"collection":[{"href":"https:\/\/www.noticiasradioreflejos.com.ar\/2021\/wp-json\/wp\/v2\/posts"}],"about":[{"href":"https:\/\/www.noticiasradioreflejos.com.ar\/2021\/wp-json\/wp\/v2\/types\/post"}],"author":[{"embeddable":true,"href":"https:\/\/www.noticiasradioreflejos.com.ar\/2021\/wp-json\/wp\/v2\/users\/3"}],"replies":[{"embeddable":true,"href":"https:\/\/www.noticiasradioreflejos.com.ar\/2021\/wp-json\/wp\/v2\/comments?post=61668"}],"version-history":[{"count":1,"href":"https:\/\/www.noticiasradioreflejos.com.ar\/2021\/wp-json\/wp\/v2\/posts\/61668\/revisions"}],"predecessor-version":[{"id":61670,"href":"https:\/\/www.noticiasradioreflejos.com.ar\/2021\/wp-json\/wp\/v2\/posts\/61668\/revisions\/61670"}],"wp:attachment":[{"href":"https:\/\/www.noticiasradioreflejos.com.ar\/2021\/wp-json\/wp\/v2\/media?parent=61668"}],"wp:term":[{"taxonomy":"category","embeddable":true,"href":"https:\/\/www.noticiasradioreflejos.com.ar\/2021\/wp-json\/wp\/v2\/categories?post=61668"},{"taxonomy":"post_tag","embeddable":true,"href":"https:\/\/www.noticiasradioreflejos.com.ar\/2021\/wp-json\/wp\/v2\/tags?post=61668"}],"curies":[{"name":"wp","href":"https:\/\/api.w.org\/{rel}","templated":true}]}}