{"id":61656,"date":"2021-08-19T16:29:19","date_gmt":"2021-08-19T16:29:19","guid":{"rendered":"http:\/\/www.noticiasradioreflejos.com.ar\/2021\/?p=61656"},"modified":"2021-08-20T22:11:39","modified_gmt":"2021-08-20T22:11:39","slug":"juegos-bonaerenses-tornquist-fue-sede-de-la-etapa-regional-de-tenis-de-mesa-y-futbol-5","status":"publish","type":"post","link":"https:\/\/www.noticiasradioreflejos.com.ar\/2021\/juegos-bonaerenses-tornquist-fue-sede-de-la-etapa-regional-de-tenis-de-mesa-y-futbol-5\/","title":{"rendered":"Juegos Bonaerenses: Tornquist fue sede de la etapa Regional de tenis de mesa y f\u00fatbol 5"},"content":{"rendered":"<p>Comenz\u00f3 a disputarse la etapa Regional de los Juegos Bonaerenses de Deportes. En ese marco, esta semana Tornquist fue sede de las disciplinas tenis de mesa y f\u00fatbol 5 femenino.<!--more--><br \/>\n<img loading=\"lazy\" decoding=\"async\" class=\"aligncenter size-full wp-image-61657\" src=\"http:\/\/www.noticiasradioreflejos.com.ar\/2021\/wp-content\/uploads\/2021\/08\/JB-Tenis-de-mesa-1.jpg\" alt=\"\" width=\"1500\" height=\"1000\" \/><\/p>\n<p>El martes en el Gimnasio Municipal, tuvo lugar tenis de mesa, donde tres representantes del distrito clasificaron a la Final Provincial: Candela Buffatelli en Sub 18 Femenino, Agostina Pollio en categor\u00eda Universitario y Uriel Szwarc en Sub 18 Masculino.<\/p>\n<p>En tanto, en Sub 14 Masculino gan\u00f3 H. Yrigoyen, en Sub 16 Masculino Daireaux, y en Sub 16 femenino Puan.<\/p>\n<p>Por otra parte, el mi\u00e9rcoles en el predio del Club Uni\u00f3n se desarroll\u00f3 f\u00fatbol 5 femenino. En Sub 14 se impuso Adolfo Alsina, en Sub 16 H. Yrigoyen y en Sub 18 Coronel Su\u00e1rez. En las tres categor\u00edas tuvo representantes Tornquist.<\/p>\n<p>El 20 de septiembre, el distrito ser\u00e1 nuevamente anfitri\u00f3n de la etapa Regional, en esa oportunidad en Handball.<\/p>\n<p>&nbsp;<\/p>\n<p><a title=\"JB Futbol 5 Fem (5)\" href=\"https:\/\/www.flickr.com\/photos\/182279889@N02\/51389587925\/in\/dateposted-public\/\" data-flickr-embed=\"true\"><img loading=\"lazy\" decoding=\"async\" src=\"https:\/\/live.staticflickr.com\/65535\/51389587925_b58d75a166_z.jpg\" alt=\"JB Futbol 5 Fem (5)\" width=\"640\" height=\"427\" \/><\/a><script async src=\"\/\/embedr.flickr.com\/assets\/client-code.js\" charset=\"utf-8\"><\/script><\/p>\n<p><a title=\"JB Futbol 5 Fem (3)\" href=\"https:\/\/www.flickr.com\/photos\/182279889@N02\/51389311314\/in\/dateposted-public\/\" data-flickr-embed=\"true\"><img loading=\"lazy\" decoding=\"async\" src=\"https:\/\/live.staticflickr.com\/65535\/51389311314_25afc25022_z.jpg\" alt=\"JB Futbol 5 Fem (3)\" width=\"640\" height=\"427\" \/><\/a><script async src=\"\/\/embedr.flickr.com\/assets\/client-code.js\" charset=\"utf-8\"><\/script><\/p>\n<p><a title=\"JB Tenis de mesa (5)\" href=\"https:\/\/www.flickr.com\/photos\/182279889@N02\/51389311339\/in\/dateposted-public\/\" data-flickr-embed=\"true\"><img loading=\"lazy\" decoding=\"async\" src=\"https:\/\/live.staticflickr.com\/65535\/51389311339_c40584f2e7_z.jpg\" alt=\"JB Tenis de mesa (5)\" width=\"640\" height=\"427\" \/><\/a><script async src=\"\/\/embedr.flickr.com\/assets\/client-code.js\" charset=\"utf-8\"><\/script><\/p>\n","protected":false},"excerpt":{"rendered":"<p>Comenz\u00f3 a disputarse la etapa Regional de los Juegos Bonaerenses de Deportes. En ese marco, esta semana Tornquist fue sede de las disciplinas tenis de mesa y f\u00fatbol 5 femenino.<\/p>\n","protected":false},"author":3,"featured_media":0,"comment_status":"closed","ping_status":"closed","sticky":false,"template":"","format":"standard","meta":{"footnotes":""},"categories":[27,28],"tags":[],"class_list":["post-61656","post","type-post","status-publish","format-standard","hentry","category-deportes","category-municipales"],"yoast_head":"<!-- This site is optimized with the Yoast SEO plugin v25.9 - https:\/\/yoast.com\/wordpress\/plugins\/seo\/ -->\n<title>Juegos Bonaerenses: Tornquist fue sede de la etapa Regional de tenis de mesa y f\u00fatbol 5 - Noticias Radio Reflejos<\/title>\n<meta name=\"robots\" content=\"index, follow, max-snippet:-1, max-image-preview:large, max-video-preview:-1\" \/>\n<link rel=\"canonical\" href=\"https:\/\/www.noticiasradioreflejos.com.ar\/2021\/juegos-bonaerenses-tornquist-fue-sede-de-la-etapa-regional-de-tenis-de-mesa-y-futbol-5\/\" \/>\n<meta property=\"og:locale\" content=\"es_ES\" \/>\n<meta property=\"og:type\" content=\"article\" \/>\n<meta property=\"og:title\" content=\"Juegos Bonaerenses: Tornquist fue sede de la etapa Regional de tenis de mesa y f\u00fatbol 5 - Noticias Radio Reflejos\" \/>\n<meta property=\"og:description\" content=\"Comenz\u00f3 a disputarse la etapa Regional de los Juegos Bonaerenses de Deportes. En ese marco, esta semana Tornquist fue sede de las disciplinas tenis de mesa y f\u00fatbol 5 femenino.\" \/>\n<meta property=\"og:url\" content=\"https:\/\/www.noticiasradioreflejos.com.ar\/2021\/juegos-bonaerenses-tornquist-fue-sede-de-la-etapa-regional-de-tenis-de-mesa-y-futbol-5\/\" \/>\n<meta property=\"og:site_name\" content=\"Noticias Radio Reflejos\" \/>\n<meta property=\"article:published_time\" content=\"2021-08-19T16:29:19+00:00\" \/>\n<meta property=\"article:modified_time\" content=\"2021-08-20T22:11:39+00:00\" \/>\n<meta property=\"og:image\" content=\"http:\/\/www.noticiasradioreflejos.com.ar\/2021\/wp-content\/uploads\/2021\/08\/JB-Tenis-de-mesa-1.jpg\" \/>\n<meta name=\"author\" content=\"Arnaldo Botto\" \/>\n<meta name=\"twitter:card\" content=\"summary_large_image\" \/>\n<script type=\"application\/ld+json\" class=\"yoast-schema-graph\">{\"@context\":\"https:\/\/schema.org\",\"@graph\":[{\"@type\":\"WebPage\",\"@id\":\"https:\/\/www.noticiasradioreflejos.com.ar\/2021\/juegos-bonaerenses-tornquist-fue-sede-de-la-etapa-regional-de-tenis-de-mesa-y-futbol-5\/\",\"url\":\"https:\/\/www.noticiasradioreflejos.com.ar\/2021\/juegos-bonaerenses-tornquist-fue-sede-de-la-etapa-regional-de-tenis-de-mesa-y-futbol-5\/\",\"name\":\"Juegos Bonaerenses: Tornquist fue sede de la etapa Regional de tenis de mesa y f\u00fatbol 5 - Noticias Radio Reflejos\",\"isPartOf\":{\"@id\":\"https:\/\/www.noticiasradioreflejos.com.ar\/2021\/#website\"},\"primaryImageOfPage\":{\"@id\":\"https:\/\/www.noticiasradioreflejos.com.ar\/2021\/juegos-bonaerenses-tornquist-fue-sede-de-la-etapa-regional-de-tenis-de-mesa-y-futbol-5\/#primaryimage\"},\"image\":{\"@id\":\"https:\/\/www.noticiasradioreflejos.com.ar\/2021\/juegos-bonaerenses-tornquist-fue-sede-de-la-etapa-regional-de-tenis-de-mesa-y-futbol-5\/#primaryimage\"},\"thumbnailUrl\":\"http:\/\/www.noticiasradioreflejos.com.ar\/2021\/wp-content\/uploads\/2021\/08\/JB-Tenis-de-mesa-1.jpg\",\"datePublished\":\"2021-08-19T16:29:19+00:00\",\"dateModified\":\"2021-08-20T22:11:39+00:00\",\"author\":{\"@id\":\"https:\/\/www.noticiasradioreflejos.com.ar\/2021\/#\/schema\/person\/ad82545263dcc5ec0996818884fd5fb1\"},\"breadcrumb\":{\"@id\":\"https:\/\/www.noticiasradioreflejos.com.ar\/2021\/juegos-bonaerenses-tornquist-fue-sede-de-la-etapa-regional-de-tenis-de-mesa-y-futbol-5\/#breadcrumb\"},\"inLanguage\":\"es\",\"potentialAction\":[{\"@type\":\"ReadAction\",\"target\":[\"https:\/\/www.noticiasradioreflejos.com.ar\/2021\/juegos-bonaerenses-tornquist-fue-sede-de-la-etapa-regional-de-tenis-de-mesa-y-futbol-5\/\"]}]},{\"@type\":\"ImageObject\",\"inLanguage\":\"es\",\"@id\":\"https:\/\/www.noticiasradioreflejos.com.ar\/2021\/juegos-bonaerenses-tornquist-fue-sede-de-la-etapa-regional-de-tenis-de-mesa-y-futbol-5\/#primaryimage\",\"url\":\"\",\"contentUrl\":\"\"},{\"@type\":\"BreadcrumbList\",\"@id\":\"https:\/\/www.noticiasradioreflejos.com.ar\/2021\/juegos-bonaerenses-tornquist-fue-sede-de-la-etapa-regional-de-tenis-de-mesa-y-futbol-5\/#breadcrumb\",\"itemListElement\":[{\"@type\":\"ListItem\",\"position\":1,\"name\":\"Portada\",\"item\":\"https:\/\/www.noticiasradioreflejos.com.ar\/2021\/\"},{\"@type\":\"ListItem\",\"position\":2,\"name\":\"Juegos Bonaerenses: Tornquist fue sede de la etapa Regional de tenis de mesa y f\u00fatbol 5\"}]},{\"@type\":\"WebSite\",\"@id\":\"https:\/\/www.noticiasradioreflejos.com.ar\/2021\/#website\",\"url\":\"https:\/\/www.noticiasradioreflejos.com.ar\/2021\/\",\"name\":\"Noticias Radio Reflejos\",\"description\":\"Las noticias de mi comarca\",\"potentialAction\":[{\"@type\":\"SearchAction\",\"target\":{\"@type\":\"EntryPoint\",\"urlTemplate\":\"https:\/\/www.noticiasradioreflejos.com.ar\/2021\/?s={search_term_string}\"},\"query-input\":{\"@type\":\"PropertyValueSpecification\",\"valueRequired\":true,\"valueName\":\"search_term_string\"}}],\"inLanguage\":\"es\"},{\"@type\":\"Person\",\"@id\":\"https:\/\/www.noticiasradioreflejos.com.ar\/2021\/#\/schema\/person\/ad82545263dcc5ec0996818884fd5fb1\",\"name\":\"Arnaldo Botto\",\"image\":{\"@type\":\"ImageObject\",\"inLanguage\":\"es\",\"@id\":\"https:\/\/www.noticiasradioreflejos.com.ar\/2021\/#\/schema\/person\/image\/\",\"url\":\"https:\/\/secure.gravatar.com\/avatar\/55cb5e37c1efa326397366e6974cb338056df65cb50e7d64d1cf314e87504837?s=96&d=mm&r=g\",\"contentUrl\":\"https:\/\/secure.gravatar.com\/avatar\/55cb5e37c1efa326397366e6974cb338056df65cb50e7d64d1cf314e87504837?s=96&d=mm&r=g\",\"caption\":\"Arnaldo Botto\"},\"url\":\"https:\/\/www.noticiasradioreflejos.com.ar\/2021\/author\/arnaldo\/\"}]}<\/script>\n<!-- \/ Yoast SEO plugin. -->","yoast_head_json":{"title":"Juegos Bonaerenses: Tornquist fue sede de la etapa Regional de tenis de mesa y f\u00fatbol 5 - Noticias Radio Reflejos","robots":{"index":"index","follow":"follow","max-snippet":"max-snippet:-1","max-image-preview":"max-image-preview:large","max-video-preview":"max-video-preview:-1"},"canonical":"https:\/\/www.noticiasradioreflejos.com.ar\/2021\/juegos-bonaerenses-tornquist-fue-sede-de-la-etapa-regional-de-tenis-de-mesa-y-futbol-5\/","og_locale":"es_ES","og_type":"article","og_title":"Juegos Bonaerenses: Tornquist fue sede de la etapa Regional de tenis de mesa y f\u00fatbol 5 - Noticias Radio Reflejos","og_description":"Comenz\u00f3 a disputarse la etapa Regional de los Juegos Bonaerenses de Deportes. En ese marco, esta semana Tornquist fue sede de las disciplinas tenis de mesa y f\u00fatbol 5 femenino.","og_url":"https:\/\/www.noticiasradioreflejos.com.ar\/2021\/juegos-bonaerenses-tornquist-fue-sede-de-la-etapa-regional-de-tenis-de-mesa-y-futbol-5\/","og_site_name":"Noticias Radio Reflejos","article_published_time":"2021-08-19T16:29:19+00:00","article_modified_time":"2021-08-20T22:11:39+00:00","og_image":[{"url":"http:\/\/www.noticiasradioreflejos.com.ar\/2021\/wp-content\/uploads\/2021\/08\/JB-Tenis-de-mesa-1.jpg","type":"","width":"","height":""}],"author":"Arnaldo Botto","twitter_card":"summary_large_image","schema":{"@context":"https:\/\/schema.org","@graph":[{"@type":"WebPage","@id":"https:\/\/www.noticiasradioreflejos.com.ar\/2021\/juegos-bonaerenses-tornquist-fue-sede-de-la-etapa-regional-de-tenis-de-mesa-y-futbol-5\/","url":"https:\/\/www.noticiasradioreflejos.com.ar\/2021\/juegos-bonaerenses-tornquist-fue-sede-de-la-etapa-regional-de-tenis-de-mesa-y-futbol-5\/","name":"Juegos Bonaerenses: Tornquist fue sede de la etapa Regional de tenis de mesa y f\u00fatbol 5 - Noticias Radio Reflejos","isPartOf":{"@id":"https:\/\/www.noticiasradioreflejos.com.ar\/2021\/#website"},"primaryImageOfPage":{"@id":"https:\/\/www.noticiasradioreflejos.com.ar\/2021\/juegos-bonaerenses-tornquist-fue-sede-de-la-etapa-regional-de-tenis-de-mesa-y-futbol-5\/#primaryimage"},"image":{"@id":"https:\/\/www.noticiasradioreflejos.com.ar\/2021\/juegos-bonaerenses-tornquist-fue-sede-de-la-etapa-regional-de-tenis-de-mesa-y-futbol-5\/#primaryimage"},"thumbnailUrl":"http:\/\/www.noticiasradioreflejos.com.ar\/2021\/wp-content\/uploads\/2021\/08\/JB-Tenis-de-mesa-1.jpg","datePublished":"2021-08-19T16:29:19+00:00","dateModified":"2021-08-20T22:11:39+00:00","author":{"@id":"https:\/\/www.noticiasradioreflejos.com.ar\/2021\/#\/schema\/person\/ad82545263dcc5ec0996818884fd5fb1"},"breadcrumb":{"@id":"https:\/\/www.noticiasradioreflejos.com.ar\/2021\/juegos-bonaerenses-tornquist-fue-sede-de-la-etapa-regional-de-tenis-de-mesa-y-futbol-5\/#breadcrumb"},"inLanguage":"es","potentialAction":[{"@type":"ReadAction","target":["https:\/\/www.noticiasradioreflejos.com.ar\/2021\/juegos-bonaerenses-tornquist-fue-sede-de-la-etapa-regional-de-tenis-de-mesa-y-futbol-5\/"]}]},{"@type":"ImageObject","inLanguage":"es","@id":"https:\/\/www.noticiasradioreflejos.com.ar\/2021\/juegos-bonaerenses-tornquist-fue-sede-de-la-etapa-regional-de-tenis-de-mesa-y-futbol-5\/#primaryimage","url":"","contentUrl":""},{"@type":"BreadcrumbList","@id":"https:\/\/www.noticiasradioreflejos.com.ar\/2021\/juegos-bonaerenses-tornquist-fue-sede-de-la-etapa-regional-de-tenis-de-mesa-y-futbol-5\/#breadcrumb","itemListElement":[{"@type":"ListItem","position":1,"name":"Portada","item":"https:\/\/www.noticiasradioreflejos.com.ar\/2021\/"},{"@type":"ListItem","position":2,"name":"Juegos Bonaerenses: Tornquist fue sede de la etapa Regional de tenis de mesa y f\u00fatbol 5"}]},{"@type":"WebSite","@id":"https:\/\/www.noticiasradioreflejos.com.ar\/2021\/#website","url":"https:\/\/www.noticiasradioreflejos.com.ar\/2021\/","name":"Noticias Radio Reflejos","description":"Las noticias de mi comarca","potentialAction":[{"@type":"SearchAction","target":{"@type":"EntryPoint","urlTemplate":"https:\/\/www.noticiasradioreflejos.com.ar\/2021\/?s={search_term_string}"},"query-input":{"@type":"PropertyValueSpecification","valueRequired":true,"valueName":"search_term_string"}}],"inLanguage":"es"},{"@type":"Person","@id":"https:\/\/www.noticiasradioreflejos.com.ar\/2021\/#\/schema\/person\/ad82545263dcc5ec0996818884fd5fb1","name":"Arnaldo Botto","image":{"@type":"ImageObject","inLanguage":"es","@id":"https:\/\/www.noticiasradioreflejos.com.ar\/2021\/#\/schema\/person\/image\/","url":"https:\/\/secure.gravatar.com\/avatar\/55cb5e37c1efa326397366e6974cb338056df65cb50e7d64d1cf314e87504837?s=96&d=mm&r=g","contentUrl":"https:\/\/secure.gravatar.com\/avatar\/55cb5e37c1efa326397366e6974cb338056df65cb50e7d64d1cf314e87504837?s=96&d=mm&r=g","caption":"Arnaldo Botto"},"url":"https:\/\/www.noticiasradioreflejos.com.ar\/2021\/author\/arnaldo\/"}]}},"_links":{"self":[{"href":"https:\/\/www.noticiasradioreflejos.com.ar\/2021\/wp-json\/wp\/v2\/posts\/61656","targetHints":{"allow":["GET"]}}],"collection":[{"href":"https:\/\/www.noticiasradioreflejos.com.ar\/2021\/wp-json\/wp\/v2\/posts"}],"about":[{"href":"https:\/\/www.noticiasradioreflejos.com.ar\/2021\/wp-json\/wp\/v2\/types\/post"}],"author":[{"embeddable":true,"href":"https:\/\/www.noticiasradioreflejos.com.ar\/2021\/wp-json\/wp\/v2\/users\/3"}],"replies":[{"embeddable":true,"href":"https:\/\/www.noticiasradioreflejos.com.ar\/2021\/wp-json\/wp\/v2\/comments?post=61656"}],"version-history":[{"count":3,"href":"https:\/\/www.noticiasradioreflejos.com.ar\/2021\/wp-json\/wp\/v2\/posts\/61656\/revisions"}],"predecessor-version":[{"id":61661,"href":"https:\/\/www.noticiasradioreflejos.com.ar\/2021\/wp-json\/wp\/v2\/posts\/61656\/revisions\/61661"}],"wp:attachment":[{"href":"https:\/\/www.noticiasradioreflejos.com.ar\/2021\/wp-json\/wp\/v2\/media?parent=61656"}],"wp:term":[{"taxonomy":"category","embeddable":true,"href":"https:\/\/www.noticiasradioreflejos.com.ar\/2021\/wp-json\/wp\/v2\/categories?post=61656"},{"taxonomy":"post_tag","embeddable":true,"href":"https:\/\/www.noticiasradioreflejos.com.ar\/2021\/wp-json\/wp\/v2\/tags?post=61656"}],"curies":[{"name":"wp","href":"https:\/\/api.w.org\/{rel}","templated":true}]}}