{"id":61639,"date":"2021-08-19T11:12:30","date_gmt":"2021-08-19T11:12:30","guid":{"rendered":"http:\/\/www.noticiasradioreflejos.com.ar\/2021\/?p=61639"},"modified":"2021-08-19T11:12:30","modified_gmt":"2021-08-19T11:12:30","slug":"credito-incentivos-fiscales-y-asistencia-tecnologica-ejes-de-plan-ganadero","status":"publish","type":"post","link":"https:\/\/www.noticiasradioreflejos.com.ar\/2021\/credito-incentivos-fiscales-y-asistencia-tecnologica-ejes-de-plan-ganadero\/","title":{"rendered":"Cr\u00e9dito, incentivos fiscales y asistencia tecnol\u00f3gica, ejes de Plan Ganadero"},"content":{"rendered":"<div class=\"head-content\">\n<p>Con el objetivo impulsar la producci\u00f3n de carne vacuna y ordenar la relaci\u00f3n entre el mercado interno y externo, el Gobierno nacional present\u00f3 la propuesta a los referentes del Consejo Agroindustrial Argentino (CAA).<\/p>\n<div class=\"addthis_custom_sharing\" data-url=\"https:\/\/www.telam.com.ar\/notas\/202108\/565515-plan-ganadero-gobierno.html\" data-title=\"Cr\u00e9dito, incentivos fiscales y asistencia tecnol\u00f3gica, ejes de Plan Ganadero\" data-description=\"Con el objetivo impulsar la producci\u00f3n de carne vacuna y ordenar la relaci\u00f3n entre el mercado interno y externo, el Gobierno nacional present\u00f3 la propuesta a los referentes del Consejo Agroindustrial Argentino (CAA).\">\n<div id=\"atstbx\" class=\"at-resp-share-element at-style-responsive addthis-smartlayers addthis-animated at4-show\" role=\"region\" aria-labelledby=\"at-0340e088-172a-46ed-bc6f-47a875a70e69\"><\/div>\n<\/div>\n<\/div>\n<p><!--more--><\/p>\n<div class=\"main-content-block\">\n<div class=\"main-box clearfix\">\n<div class=\"wrapper-main-section clearfix\">\n<div class=\"wrapper-editable-content\">\n<div class=\"editable-content clearfix\">\n<div id=\"image\" class=\"image\">\n<div class=\"epigrafe\">El Gobierno nacional present\u00f3 a los principales referentes del Consejo Agroindustrial Argentino (CAA) un borrador consolidado del Plan Ganadero que <strong>planea impulsar para incrementar la producci\u00f3n de carne vacuna y ordenar la relaci\u00f3n entre mercado interno y externo con incentivos fiscales, crediticios y productivos<\/strong>.<\/div>\n<\/div>\n<p>Esta iniciativa fue anunciada en las \u00faltimas semanas de junio pasado por los ministros de Desarrollo Productivo, Mat\u00edas Kulfas; y de Agricultura, Ganader\u00eda y Pesca, Luis Basterra; de manera conjunta con la decisi\u00f3n de liberar de manera parcial las exportaciones de carne vacuna, que fueron suspendidas a principios de ese mes por el fuerte aumento en los precios del mercado interno.<\/p>\n<p>La finalidad del Plan Ganadero, considerado como\u00a0<strong>\u00abuna propuesta federal para el desarrollo de la ganader\u00eda bovina\u00bb<\/strong>, ya que cuenta con aportes formulados por provincias productoras y del sector privado, es aumentar el stock bovino y, por ende, la producci\u00f3n de carne, para asegurar el abastecimiento local y externo.<\/p>\n<p>En palabras del mismo Kulfas, \u00abla intenci\u00f3n es pasar de una producci\u00f3n de tres a cinco millones de toneladas de carne\u00bb.<\/p>\n<p>Al argumentar la necesidad de un nuevo plan, desde Gobierno sostiene que el rodeo nacional y la producci\u00f3n de carne se encuentra estancada.<\/p>\n<p>\u00abDurante los \u00faltimos 50 a\u00f1os, Argentina sostiene un stock aproximado de 55 millones de cabezas, destina a faena aproximadamente 14 millones de cabezas y produce 3 millones de toneladas de carne vacuna medida en equivalente a res con hueso\u00bb, sostiene el borrador del Plan Ganadero al que pudo acceder T\u00e9lam.<\/p>\n<p>As\u00ed, los lineamientos estrat\u00e9gicos propuesto<strong>s \u00abprev\u00e9n generar un incremento de la producci\u00f3n y de la productividad sostenible en el tiempo, mediante la mejora de las condiciones de acceso al capital de trabajo y de inversi\u00f3n predial, incentivos adecuados para movilizar al sector y la facilitaci\u00f3n al acceso a inversiones en tecnolog\u00edas e innovaciones sustentables<\/strong>\u00ab.<\/p>\n<p>\u00abPara ello, se proponen un conjunto de instrumentos financieros, incentivos fiscales, asistencia tecnol\u00f3gica, cambios en la comercializaci\u00f3n, entre otros, destinados a fomentar el incremento de la eficiencia del stock ganadero\u00bb, agrega el plan ganadero oficial.<\/p>\n<p>De la misma manera, la estrategia \u00abtiene como punto de partida<strong>\u00a0la construcci\u00f3n de una visi\u00f3n federal<\/strong>\u00a0sobre el sector con el objetivo de ordenar la relaci\u00f3n entre mercado interno y externo, atendiendo las particularidades de cada regi\u00f3n para el desarrollo de la ganader\u00eda bovina\u00bb.<\/p>\n<p>Bajo estos par\u00e1metros y, si bien todav\u00eda faltan resolver algunos detalles, en especial los referidos al tema financiamiento,<strong>\u00a0Kulfas entreg\u00f3 el borrador en los \u00faltimos d\u00edas de la semana pasada al vocero del CAA, Jos\u00e9 Martins, y al presidente de la C\u00e1mara de la Industria Aceitera (Ciara), Gustavo Id\u00edgoras<\/strong>.<\/p>\n<div class=\"auth\">Los puntos m\u00e1s destacados<\/div>\n<p>Los principales lineamientos del plan se agrupan en ocho objetivo espec\u00edficos: el incremento de la producci\u00f3n y de la productividad de la cadena de valor de carne bovina; aumento del Agregado de Valor en origen; el desarrollo de infraestructura rural comunitaria; la incorporaci\u00f3n de tecnolog\u00edas e innovaci\u00f3n en los procesos de producci\u00f3n; y el fortalecimiento de la cadena bovina para la adaptaci\u00f3n y mitigaci\u00f3n de riesgos clim\u00e1ticos.<\/p>\n<p>Tambi\u00e9n buscar\u00e1 una mejora de la comercializaci\u00f3n de la producci\u00f3n bovina; medidas fiscales para promover inversiones sectoriales; y la promoci\u00f3n del desarrollo para el acceso a nuevos mercados.<\/p>\n<p>En lo que respecta a los objetivos para lograr un aumento en la producci\u00f3n \u00abse proponen un conjunto de instrumentos financieros, incentivos fiscales, asistencia tecnol\u00f3gica y t\u00e9cnica al productor, entre otros, destinadas a fomentar el incremento de la eficiencia del stock ganadero\u00bb.<\/p>\n<div id=\"image\" class=\"image\"><img decoding=\"async\" title=\"Mat\u00edas Kulfas le entreg\u00f3 un borrador consolidado a los miembros del CAA.\" src=\"https:\/\/www.telam.com.ar\/advf\/imagenes\/2021\/08\/61146ab914e76_1004x565.jpg\" alt=\"Mat\u00edas Kulfas le entreg\u00f3 un borrador consolidado a los miembros del CAA.\" \/><\/p>\n<div class=\"epigrafe\">Mat\u00edas Kulfas le entreg\u00f3 un borrador consolidado a los miembros del CAA.<\/div>\n<\/div>\n<p>A partir de la implementaci\u00f3n de diferentes medidas se buscar\u00e1 lograr un incremento de la implantaci\u00f3n de pasturas, verdeos y forrajes conservados; la implementaci\u00f3n de biotecnolog\u00eda reproductivas; la adquisici\u00f3n de semovientes; la implementaci\u00f3n de pr\u00e1cticas sanitarias de prevenci\u00f3n y control de enfermedades; la mejora de la infraestructura b\u00e1sica para el manejo de rodeo; est\u00edmulo al incremento de peso de faena; y la asistencia t\u00e9cnica y capacitaci\u00f3n para la gesti\u00f3n del establecimiento pecuario.<\/p>\n<p><strong>Otro de los puntos relevantes del plan trata las medidas fiscales para promover inversiones sectoriales<\/strong>, entre las cuales se har\u00eda una modificaci\u00f3n de la valuaci\u00f3n fiscal de la hacienda al cierre del ejercicio, una amortizaci\u00f3n acelerada; cr\u00e9dito fiscal para la compra de insumos; y la devoluci\u00f3n del IVA de inversiones con condiciones especiales.<\/p>\n<p>Por \u00faltimo, otro punto clave radica en el cambio en el sistema de comercializaci\u00f3n.<\/p>\n<p>\u00ab<strong>El 75% de la venta minorista de carne se realiza en carnicer\u00edas, mientras que la distribuci\u00f3n de la faena se hace en un 60% en medias reses. A partir de 2022 se implementar\u00e1 el troceo de la res en piezas que no podr\u00e1n exceder los 32 kilos como paso necesario hacia una distribuci\u00f3n por cortes a las carnicer\u00edas<\/strong>, en vistas de mejorar la transparencia, optimizar los cortes y mejorar la protecci\u00f3n para trabajadores y consumidores\u00bb, sostiene el escrito.<\/div>\n<\/div>\n<\/div>\n<\/div>\n<\/div>\n","protected":false},"excerpt":{"rendered":"<p>Con el objetivo impulsar la producci\u00f3n de carne vacuna y ordenar la relaci\u00f3n entre el mercado interno y externo, el Gobierno nacional present\u00f3 la propuesta a los referentes del Consejo Agroindustrial Argentino (CAA).<\/p>\n","protected":false},"author":3,"featured_media":59045,"comment_status":"closed","ping_status":"closed","sticky":false,"template":"","format":"standard","meta":{"footnotes":""},"categories":[36],"tags":[],"class_list":["post-61639","post","type-post","status-publish","format-standard","has-post-thumbnail","hentry","category-economia"],"yoast_head":"<!-- This site is optimized with the Yoast SEO plugin v25.9 - https:\/\/yoast.com\/wordpress\/plugins\/seo\/ -->\n<title>Cr\u00e9dito, incentivos fiscales y asistencia tecnol\u00f3gica, ejes de Plan Ganadero - Noticias Radio Reflejos<\/title>\n<meta name=\"robots\" content=\"index, follow, max-snippet:-1, max-image-preview:large, max-video-preview:-1\" \/>\n<link rel=\"canonical\" href=\"https:\/\/www.noticiasradioreflejos.com.ar\/2021\/credito-incentivos-fiscales-y-asistencia-tecnologica-ejes-de-plan-ganadero\/\" \/>\n<meta property=\"og:locale\" content=\"es_ES\" \/>\n<meta property=\"og:type\" content=\"article\" \/>\n<meta property=\"og:title\" content=\"Cr\u00e9dito, incentivos fiscales y asistencia tecnol\u00f3gica, ejes de Plan Ganadero - Noticias Radio Reflejos\" \/>\n<meta property=\"og:description\" content=\"Con el objetivo impulsar la producci\u00f3n de carne vacuna y ordenar la relaci\u00f3n entre el mercado interno y externo, el Gobierno nacional present\u00f3 la propuesta a los referentes del Consejo Agroindustrial Argentino (CAA).\" \/>\n<meta property=\"og:url\" content=\"https:\/\/www.noticiasradioreflejos.com.ar\/2021\/credito-incentivos-fiscales-y-asistencia-tecnologica-ejes-de-plan-ganadero\/\" \/>\n<meta property=\"og:site_name\" content=\"Noticias Radio Reflejos\" \/>\n<meta property=\"article:published_time\" content=\"2021-08-19T11:12:30+00:00\" \/>\n<meta property=\"og:image\" content=\"https:\/\/www.noticiasradioreflejos.com.ar\/2021\/wp-content\/uploads\/2021\/06\/Ganado-en-las-Sierras.jpg\" \/>\n\t<meta property=\"og:image:width\" content=\"720\" \/>\n\t<meta property=\"og:image:height\" content=\"483\" \/>\n\t<meta property=\"og:image:type\" content=\"image\/jpeg\" \/>\n<meta name=\"author\" content=\"Arnaldo Botto\" \/>\n<meta name=\"twitter:card\" content=\"summary_large_image\" \/>\n<script type=\"application\/ld+json\" class=\"yoast-schema-graph\">{\"@context\":\"https:\/\/schema.org\",\"@graph\":[{\"@type\":\"WebPage\",\"@id\":\"https:\/\/www.noticiasradioreflejos.com.ar\/2021\/credito-incentivos-fiscales-y-asistencia-tecnologica-ejes-de-plan-ganadero\/\",\"url\":\"https:\/\/www.noticiasradioreflejos.com.ar\/2021\/credito-incentivos-fiscales-y-asistencia-tecnologica-ejes-de-plan-ganadero\/\",\"name\":\"Cr\u00e9dito, incentivos fiscales y asistencia tecnol\u00f3gica, ejes de Plan Ganadero - Noticias Radio Reflejos\",\"isPartOf\":{\"@id\":\"https:\/\/www.noticiasradioreflejos.com.ar\/2021\/#website\"},\"primaryImageOfPage\":{\"@id\":\"https:\/\/www.noticiasradioreflejos.com.ar\/2021\/credito-incentivos-fiscales-y-asistencia-tecnologica-ejes-de-plan-ganadero\/#primaryimage\"},\"image\":{\"@id\":\"https:\/\/www.noticiasradioreflejos.com.ar\/2021\/credito-incentivos-fiscales-y-asistencia-tecnologica-ejes-de-plan-ganadero\/#primaryimage\"},\"thumbnailUrl\":\"https:\/\/www.noticiasradioreflejos.com.ar\/2021\/wp-content\/uploads\/2021\/06\/Ganado-en-las-Sierras.jpg\",\"datePublished\":\"2021-08-19T11:12:30+00:00\",\"author\":{\"@id\":\"https:\/\/www.noticiasradioreflejos.com.ar\/2021\/#\/schema\/person\/ad82545263dcc5ec0996818884fd5fb1\"},\"breadcrumb\":{\"@id\":\"https:\/\/www.noticiasradioreflejos.com.ar\/2021\/credito-incentivos-fiscales-y-asistencia-tecnologica-ejes-de-plan-ganadero\/#breadcrumb\"},\"inLanguage\":\"es\",\"potentialAction\":[{\"@type\":\"ReadAction\",\"target\":[\"https:\/\/www.noticiasradioreflejos.com.ar\/2021\/credito-incentivos-fiscales-y-asistencia-tecnologica-ejes-de-plan-ganadero\/\"]}]},{\"@type\":\"ImageObject\",\"inLanguage\":\"es\",\"@id\":\"https:\/\/www.noticiasradioreflejos.com.ar\/2021\/credito-incentivos-fiscales-y-asistencia-tecnologica-ejes-de-plan-ganadero\/#primaryimage\",\"url\":\"https:\/\/www.noticiasradioreflejos.com.ar\/2021\/wp-content\/uploads\/2021\/06\/Ganado-en-las-Sierras.jpg\",\"contentUrl\":\"https:\/\/www.noticiasradioreflejos.com.ar\/2021\/wp-content\/uploads\/2021\/06\/Ganado-en-las-Sierras.jpg\",\"width\":720,\"height\":483},{\"@type\":\"BreadcrumbList\",\"@id\":\"https:\/\/www.noticiasradioreflejos.com.ar\/2021\/credito-incentivos-fiscales-y-asistencia-tecnologica-ejes-de-plan-ganadero\/#breadcrumb\",\"itemListElement\":[{\"@type\":\"ListItem\",\"position\":1,\"name\":\"Portada\",\"item\":\"https:\/\/www.noticiasradioreflejos.com.ar\/2021\/\"},{\"@type\":\"ListItem\",\"position\":2,\"name\":\"Cr\u00e9dito, incentivos fiscales y asistencia tecnol\u00f3gica, ejes de Plan Ganadero\"}]},{\"@type\":\"WebSite\",\"@id\":\"https:\/\/www.noticiasradioreflejos.com.ar\/2021\/#website\",\"url\":\"https:\/\/www.noticiasradioreflejos.com.ar\/2021\/\",\"name\":\"Noticias Radio Reflejos\",\"description\":\"Las noticias de mi comarca\",\"potentialAction\":[{\"@type\":\"SearchAction\",\"target\":{\"@type\":\"EntryPoint\",\"urlTemplate\":\"https:\/\/www.noticiasradioreflejos.com.ar\/2021\/?s={search_term_string}\"},\"query-input\":{\"@type\":\"PropertyValueSpecification\",\"valueRequired\":true,\"valueName\":\"search_term_string\"}}],\"inLanguage\":\"es\"},{\"@type\":\"Person\",\"@id\":\"https:\/\/www.noticiasradioreflejos.com.ar\/2021\/#\/schema\/person\/ad82545263dcc5ec0996818884fd5fb1\",\"name\":\"Arnaldo Botto\",\"image\":{\"@type\":\"ImageObject\",\"inLanguage\":\"es\",\"@id\":\"https:\/\/www.noticiasradioreflejos.com.ar\/2021\/#\/schema\/person\/image\/\",\"url\":\"https:\/\/secure.gravatar.com\/avatar\/55cb5e37c1efa326397366e6974cb338056df65cb50e7d64d1cf314e87504837?s=96&d=mm&r=g\",\"contentUrl\":\"https:\/\/secure.gravatar.com\/avatar\/55cb5e37c1efa326397366e6974cb338056df65cb50e7d64d1cf314e87504837?s=96&d=mm&r=g\",\"caption\":\"Arnaldo Botto\"},\"url\":\"https:\/\/www.noticiasradioreflejos.com.ar\/2021\/author\/arnaldo\/\"}]}<\/script>\n<!-- \/ Yoast SEO plugin. -->","yoast_head_json":{"title":"Cr\u00e9dito, incentivos fiscales y asistencia tecnol\u00f3gica, ejes de Plan Ganadero - Noticias Radio Reflejos","robots":{"index":"index","follow":"follow","max-snippet":"max-snippet:-1","max-image-preview":"max-image-preview:large","max-video-preview":"max-video-preview:-1"},"canonical":"https:\/\/www.noticiasradioreflejos.com.ar\/2021\/credito-incentivos-fiscales-y-asistencia-tecnologica-ejes-de-plan-ganadero\/","og_locale":"es_ES","og_type":"article","og_title":"Cr\u00e9dito, incentivos fiscales y asistencia tecnol\u00f3gica, ejes de Plan Ganadero - Noticias Radio Reflejos","og_description":"Con el objetivo impulsar la producci\u00f3n de carne vacuna y ordenar la relaci\u00f3n entre el mercado interno y externo, el Gobierno nacional present\u00f3 la propuesta a los referentes del Consejo Agroindustrial Argentino (CAA).","og_url":"https:\/\/www.noticiasradioreflejos.com.ar\/2021\/credito-incentivos-fiscales-y-asistencia-tecnologica-ejes-de-plan-ganadero\/","og_site_name":"Noticias Radio Reflejos","article_published_time":"2021-08-19T11:12:30+00:00","og_image":[{"width":720,"height":483,"url":"https:\/\/www.noticiasradioreflejos.com.ar\/2021\/wp-content\/uploads\/2021\/06\/Ganado-en-las-Sierras.jpg","type":"image\/jpeg"}],"author":"Arnaldo Botto","twitter_card":"summary_large_image","schema":{"@context":"https:\/\/schema.org","@graph":[{"@type":"WebPage","@id":"https:\/\/www.noticiasradioreflejos.com.ar\/2021\/credito-incentivos-fiscales-y-asistencia-tecnologica-ejes-de-plan-ganadero\/","url":"https:\/\/www.noticiasradioreflejos.com.ar\/2021\/credito-incentivos-fiscales-y-asistencia-tecnologica-ejes-de-plan-ganadero\/","name":"Cr\u00e9dito, incentivos fiscales y asistencia tecnol\u00f3gica, ejes de Plan Ganadero - Noticias Radio Reflejos","isPartOf":{"@id":"https:\/\/www.noticiasradioreflejos.com.ar\/2021\/#website"},"primaryImageOfPage":{"@id":"https:\/\/www.noticiasradioreflejos.com.ar\/2021\/credito-incentivos-fiscales-y-asistencia-tecnologica-ejes-de-plan-ganadero\/#primaryimage"},"image":{"@id":"https:\/\/www.noticiasradioreflejos.com.ar\/2021\/credito-incentivos-fiscales-y-asistencia-tecnologica-ejes-de-plan-ganadero\/#primaryimage"},"thumbnailUrl":"https:\/\/www.noticiasradioreflejos.com.ar\/2021\/wp-content\/uploads\/2021\/06\/Ganado-en-las-Sierras.jpg","datePublished":"2021-08-19T11:12:30+00:00","author":{"@id":"https:\/\/www.noticiasradioreflejos.com.ar\/2021\/#\/schema\/person\/ad82545263dcc5ec0996818884fd5fb1"},"breadcrumb":{"@id":"https:\/\/www.noticiasradioreflejos.com.ar\/2021\/credito-incentivos-fiscales-y-asistencia-tecnologica-ejes-de-plan-ganadero\/#breadcrumb"},"inLanguage":"es","potentialAction":[{"@type":"ReadAction","target":["https:\/\/www.noticiasradioreflejos.com.ar\/2021\/credito-incentivos-fiscales-y-asistencia-tecnologica-ejes-de-plan-ganadero\/"]}]},{"@type":"ImageObject","inLanguage":"es","@id":"https:\/\/www.noticiasradioreflejos.com.ar\/2021\/credito-incentivos-fiscales-y-asistencia-tecnologica-ejes-de-plan-ganadero\/#primaryimage","url":"https:\/\/www.noticiasradioreflejos.com.ar\/2021\/wp-content\/uploads\/2021\/06\/Ganado-en-las-Sierras.jpg","contentUrl":"https:\/\/www.noticiasradioreflejos.com.ar\/2021\/wp-content\/uploads\/2021\/06\/Ganado-en-las-Sierras.jpg","width":720,"height":483},{"@type":"BreadcrumbList","@id":"https:\/\/www.noticiasradioreflejos.com.ar\/2021\/credito-incentivos-fiscales-y-asistencia-tecnologica-ejes-de-plan-ganadero\/#breadcrumb","itemListElement":[{"@type":"ListItem","position":1,"name":"Portada","item":"https:\/\/www.noticiasradioreflejos.com.ar\/2021\/"},{"@type":"ListItem","position":2,"name":"Cr\u00e9dito, incentivos fiscales y asistencia tecnol\u00f3gica, ejes de Plan Ganadero"}]},{"@type":"WebSite","@id":"https:\/\/www.noticiasradioreflejos.com.ar\/2021\/#website","url":"https:\/\/www.noticiasradioreflejos.com.ar\/2021\/","name":"Noticias Radio Reflejos","description":"Las noticias de mi comarca","potentialAction":[{"@type":"SearchAction","target":{"@type":"EntryPoint","urlTemplate":"https:\/\/www.noticiasradioreflejos.com.ar\/2021\/?s={search_term_string}"},"query-input":{"@type":"PropertyValueSpecification","valueRequired":true,"valueName":"search_term_string"}}],"inLanguage":"es"},{"@type":"Person","@id":"https:\/\/www.noticiasradioreflejos.com.ar\/2021\/#\/schema\/person\/ad82545263dcc5ec0996818884fd5fb1","name":"Arnaldo Botto","image":{"@type":"ImageObject","inLanguage":"es","@id":"https:\/\/www.noticiasradioreflejos.com.ar\/2021\/#\/schema\/person\/image\/","url":"https:\/\/secure.gravatar.com\/avatar\/55cb5e37c1efa326397366e6974cb338056df65cb50e7d64d1cf314e87504837?s=96&d=mm&r=g","contentUrl":"https:\/\/secure.gravatar.com\/avatar\/55cb5e37c1efa326397366e6974cb338056df65cb50e7d64d1cf314e87504837?s=96&d=mm&r=g","caption":"Arnaldo Botto"},"url":"https:\/\/www.noticiasradioreflejos.com.ar\/2021\/author\/arnaldo\/"}]}},"_links":{"self":[{"href":"https:\/\/www.noticiasradioreflejos.com.ar\/2021\/wp-json\/wp\/v2\/posts\/61639","targetHints":{"allow":["GET"]}}],"collection":[{"href":"https:\/\/www.noticiasradioreflejos.com.ar\/2021\/wp-json\/wp\/v2\/posts"}],"about":[{"href":"https:\/\/www.noticiasradioreflejos.com.ar\/2021\/wp-json\/wp\/v2\/types\/post"}],"author":[{"embeddable":true,"href":"https:\/\/www.noticiasradioreflejos.com.ar\/2021\/wp-json\/wp\/v2\/users\/3"}],"replies":[{"embeddable":true,"href":"https:\/\/www.noticiasradioreflejos.com.ar\/2021\/wp-json\/wp\/v2\/comments?post=61639"}],"version-history":[{"count":1,"href":"https:\/\/www.noticiasradioreflejos.com.ar\/2021\/wp-json\/wp\/v2\/posts\/61639\/revisions"}],"predecessor-version":[{"id":61640,"href":"https:\/\/www.noticiasradioreflejos.com.ar\/2021\/wp-json\/wp\/v2\/posts\/61639\/revisions\/61640"}],"wp:featuredmedia":[{"embeddable":true,"href":"https:\/\/www.noticiasradioreflejos.com.ar\/2021\/wp-json\/wp\/v2\/media\/59045"}],"wp:attachment":[{"href":"https:\/\/www.noticiasradioreflejos.com.ar\/2021\/wp-json\/wp\/v2\/media?parent=61639"}],"wp:term":[{"taxonomy":"category","embeddable":true,"href":"https:\/\/www.noticiasradioreflejos.com.ar\/2021\/wp-json\/wp\/v2\/categories?post=61639"},{"taxonomy":"post_tag","embeddable":true,"href":"https:\/\/www.noticiasradioreflejos.com.ar\/2021\/wp-json\/wp\/v2\/tags?post=61639"}],"curies":[{"name":"wp","href":"https:\/\/api.w.org\/{rel}","templated":true}]}}