{"id":61636,"date":"2021-08-19T11:03:15","date_gmt":"2021-08-19T11:03:15","guid":{"rendered":"http:\/\/www.noticiasradioreflejos.com.ar\/2021\/?p=61636"},"modified":"2021-08-19T11:03:15","modified_gmt":"2021-08-19T11:03:15","slug":"san-juan-el-viento-zonda-elevo-la-temperatura-a-35-grados-causo-incendios-y-cortes-electricos","status":"publish","type":"post","link":"https:\/\/www.noticiasradioreflejos.com.ar\/2021\/san-juan-el-viento-zonda-elevo-la-temperatura-a-35-grados-causo-incendios-y-cortes-electricos\/","title":{"rendered":"San Juan: el viento Zonda elev\u00f3 la temperatura a 35 grados, caus\u00f3 incendios y cortes el\u00e9ctricos"},"content":{"rendered":"<p>La tempestad de polvo levantado por el viento no s\u00f3lo redujo la visibilidad a unos pocos metros, dificultando el tr\u00e1nsito en las rutas y en la ciudad, sino que transform\u00f3 en irrespirable la atm\u00f3sfera y una enorme incomodidad para estar al aire libre.<\/p>\n<div class=\"author clearfix\">\n<p><!--more--><\/p>\n<h4>Por Jorge Lucero<\/h4>\n<\/div>\n<div class=\"main-content-block\">\n<div class=\"main-box clearfix\">\n<div class=\"wrapper-main-section clearfix\">\n<div class=\"wrapper-editable-content\">\n<div class=\"editable-content clearfix\">\n<div id=\"image\" class=\"image\">\n<p><img decoding=\"async\" title=\"El viento Zonda cortes el\u00e9ctricos. Foto: Ruben Paratore\" src=\"https:\/\/www.telam.com.ar\/advf\/imagenes\/2021\/08\/611e2b0be5923_1004x565.jpg\" alt=\"El viento Zonda cortes el\u00e9ctricos. Foto: Ruben Paratore\" \/><\/p>\n<div class=\"epigrafe\">El viento Zonda cortes el\u00e9ctricos. Foto: Ruben Paratore<\/div>\n<\/div>\n<p>La provincia de\u00a0<strong>San Juan<\/strong>\u00a0vivi\u00f3 este mi\u00e9rcoles un d\u00eda de verano, con temperaturas de<strong>\u00a035 grados<\/strong>\u00a0y apenas el 2 por ciento de<br \/>\nhumedad, debido a un<strong>\u00a0viento Zonda<\/strong>\u00a0que registr\u00f3 r\u00e1fagas superiores a los 60 kil\u00f3metros por hora y caus\u00f3 incendios, ca\u00edda de \u00e1rboles y cortes de energ\u00eda el\u00e9ctrica.<\/p>\n<p>El clima comenz\u00f3 a cambiar este martes por la tarde, muy lentamente, pero sin viento fuerte y a primera hora de la ma\u00f1ana hab\u00eda 7 grados, lo que es inusual para la \u00e9poca invernal en esta regi\u00f3n geogr\u00e1fica.<\/p>\n<p>Pero a las 11, cuando hab\u00eda 14 grados, lleg\u00f3 el viento del oeste-noroeste que\u00a0<strong>cambi\u00f3 radicalmente<\/strong>\u00a0las condiciones meteorol\u00f3gicas y elev\u00f3 la temperatura en 10 grados en menos de una hora.<\/p>\n<p>A las 14, los registros del Servicio Meteorol\u00f3gico Nacional marcaban 31 grados y viento a 50 kil\u00f3metros en promedio horario, pero con r\u00e1fagas superiores a los 65 kil\u00f3metros.<\/p>\n<blockquote class=\"twitter-tweet\" data-width=\"500\" data-dnt=\"true\">\n<p lang=\"es\" dir=\"ltr\">\u26a0En los pr\u00f3ximos d\u00edas, algunas ciudades argentinas pueden tener <a href=\"https:\/\/twitter.com\/hashtag\/VientoZonda?src=hash&amp;ref_src=twsrc%5Etfw\">#VientoZonda<\/a>, as\u00ed que no te olvides de consultar <a href=\"https:\/\/t.co\/HR4LGtOd3P\">https:\/\/t.co\/HR4LGtOd3P<\/a> y de mirar este video para aprender a protegerte de este fen\u00f3meno. \ud83d\udc47 <a href=\"https:\/\/t.co\/P32tR61W9v\">pic.twitter.com\/P32tR61W9v<\/a><\/p>\n<p>&mdash; SMN Argentina (@SMN_Argentina) <a href=\"https:\/\/twitter.com\/SMN_Argentina\/status\/1427760016413581312?ref_src=twsrc%5Etfw\">August 17, 2021<\/a><\/p><\/blockquote>\n<p><script async src=\"https:\/\/platform.twitter.com\/widgets.js\" charset=\"utf-8\"><\/script><\/p>\n<p>A las 16, la temperatura era de 35 grados Celsius y la humedad ambiente hab\u00eda descendido a apenas el 2 por ciento y generado incendios en la localidad de San Roque en J\u00e1chal al norte de la capital; Ullum, donde el incendio de pastizales no da tregua a los bomberos y Angaco, donde un incendio de campo arras\u00f3 con una vivienda y dej\u00f3 con lo puesto a una familia.<\/p>\n<p>En Valle F\u00e9rtil, un prolongado\u00a0<strong>corte de energ\u00eda<\/strong>\u00a0el\u00e9ctrica afecta a toda su poblaci\u00f3n y desde la distribuidora Energ\u00eda San Juan dijeron que no proveer\u00e1n el servicio hasta que sean controlados los focos de incendio que se registran en las proximidades del tendido el\u00e9ctrico de alta tensi\u00f3n, que lleva el fluido al departamento.<\/p>\n<p>El Ministerio de Educaci\u00f3n\u00a0<strong>suspendi\u00f3 esta tarde las clase<\/strong>s vespertinas y nocturnas por el viento, que provoc\u00f3 \u00abcortes de electricidad y problemas en la provisi\u00f3n de agua potable\u00bb en los establecimientos educacionales.<\/p>\n<div id=\"image\" class=\"image\">\n<p><img decoding=\"async\" title=\"El viento Zonda caus\u00f3 incendios Foto: Ruben Paratore \" src=\"https:\/\/www.telam.com.ar\/advf\/imagenes\/2021\/08\/611d75528ed0d_1004x565.jpg\" alt=\"El viento Zonda caus\u00f3 incendios Foto: Ruben Paratore \" \/><\/p>\n<div class=\"epigrafe\">El viento Zonda caus\u00f3 incendios Foto: Ruben Paratore<\/div>\n<\/div>\n<p>El Ministerio de Salud,<strong>\u00a0suspendi\u00f3 la vacunaci\u00f3n<\/strong>\u00a0contra el coronavirus en los AutoVac instalados y los centros de testeo al aire libre, y los bomberos informaron que se combaten simult\u00e1neamente varios focos de incendio en toda la provincia.<\/p>\n<p>Los sanjuaninos suelen decir que cuando hay viento Zonda en superficie es porque est\u00e1 nevando en la cordillera y, por eso, en \u00e9pocas de sequ\u00eda como la que vive San Juan desde hace seis a\u00f1os, y que se espera que se extienda unos cinco a\u00f1os m\u00e1s, no deja de ser una buena noticia.<\/p>\n<div class=\"auth\">C\u00f3mo se desarrolla el viento Zonda<\/div>\n<p>El viento Zonda es un fen\u00f3meno natural que afecta con fuerza a San Juan y que comienza como un viento muy fr\u00edo y h\u00famedo en la Corriente de Humboldt, en el Oc\u00e9ano Pac\u00edfico chileno, pero que, al llegar a la cordillera de Los Andes, choca contra las monta\u00f1as de m\u00e1s de 4.000 metros de altura sobre el nivel del mar y deposita all\u00ed toda su humedad en forma de nieve.<\/p>\n<div id=\"image\" class=\"image\">\n<p>&nbsp;<\/p>\n<div class=\"epigrafe\"><\/div>\n<\/div>\n<p>Luego, por su fuerza transcurre el macizo andino y pasa al lado argentino, dejando en los picos sus \u00faltimos restos de humedad y desciende arrastr\u00e1ndose por las monta\u00f1as y tomando calor con el roce entre las piedras, para transformarse en un viento caliente y extremadamente seco cuando llega al llano en los valles sanjuaninos.<\/p>\n<p>Por eso, a los pocos minutos de su llegada a la ciudad, las condiciones clim\u00e1ticas cambian dram\u00e1ticamente, llenando de tierra en suspensi\u00f3n la atm\u00f3sfera y moviendo por los barrios millones de hojas de los \u00e1rboles de un lado al otro.<\/p>\n<p>En San Juan circulan gran cantidad de videos del viento y memes por las redes sociales, y se espera que en unas horas m\u00e1s, cuando amaine el Zonda, la diferencia de presi\u00f3n atmosf\u00e9rica haga que un viento sur de importante velocidad reemplace al viento del oeste-noroeste y reestablezca las condiciones de clima habituales para \u00e9sta \u00e9poca del a\u00f1o.<\/p>\n<\/div>\n<\/div>\n<\/div>\n<\/div>\n<\/div>\n","protected":false},"excerpt":{"rendered":"<p>La tempestad de polvo levantado por el viento no s\u00f3lo redujo la visibilidad a unos pocos metros, dificultando el tr\u00e1nsito en las rutas y en la ciudad, sino que transform\u00f3 en irrespirable la atm\u00f3sfera y una enorme incomodidad para estar al aire libre.<\/p>\n","protected":false},"author":3,"featured_media":0,"comment_status":"closed","ping_status":"closed","sticky":false,"template":"","format":"standard","meta":{"footnotes":""},"categories":[26],"tags":[],"class_list":["post-61636","post","type-post","status-publish","format-standard","hentry","category-sociedad"],"yoast_head":"<!-- This site is optimized with the Yoast SEO plugin v25.9 - https:\/\/yoast.com\/wordpress\/plugins\/seo\/ -->\n<title>San Juan: el viento Zonda elev\u00f3 la temperatura a 35 grados, caus\u00f3 incendios y cortes el\u00e9ctricos - Noticias Radio Reflejos<\/title>\n<meta name=\"robots\" content=\"index, follow, max-snippet:-1, max-image-preview:large, max-video-preview:-1\" \/>\n<link rel=\"canonical\" href=\"https:\/\/www.noticiasradioreflejos.com.ar\/2021\/san-juan-el-viento-zonda-elevo-la-temperatura-a-35-grados-causo-incendios-y-cortes-electricos\/\" \/>\n<meta property=\"og:locale\" content=\"es_ES\" \/>\n<meta property=\"og:type\" content=\"article\" \/>\n<meta property=\"og:title\" content=\"San Juan: el viento Zonda elev\u00f3 la temperatura a 35 grados, caus\u00f3 incendios y cortes el\u00e9ctricos - Noticias Radio Reflejos\" \/>\n<meta property=\"og:description\" content=\"La tempestad de polvo levantado por el viento no s\u00f3lo redujo la visibilidad a unos pocos metros, dificultando el tr\u00e1nsito en las rutas y en la ciudad, sino que transform\u00f3 en irrespirable la atm\u00f3sfera y una enorme incomodidad para estar al aire libre.\" \/>\n<meta property=\"og:url\" content=\"https:\/\/www.noticiasradioreflejos.com.ar\/2021\/san-juan-el-viento-zonda-elevo-la-temperatura-a-35-grados-causo-incendios-y-cortes-electricos\/\" \/>\n<meta property=\"og:site_name\" content=\"Noticias Radio Reflejos\" \/>\n<meta property=\"article:published_time\" content=\"2021-08-19T11:03:15+00:00\" \/>\n<meta property=\"og:image\" content=\"https:\/\/www.telam.com.ar\/advf\/imagenes\/2021\/08\/611e2b0be5923_1004x565.jpg\" \/>\n<meta name=\"author\" content=\"Arnaldo Botto\" \/>\n<meta name=\"twitter:card\" content=\"summary_large_image\" \/>\n<script type=\"application\/ld+json\" class=\"yoast-schema-graph\">{\"@context\":\"https:\/\/schema.org\",\"@graph\":[{\"@type\":\"WebPage\",\"@id\":\"https:\/\/www.noticiasradioreflejos.com.ar\/2021\/san-juan-el-viento-zonda-elevo-la-temperatura-a-35-grados-causo-incendios-y-cortes-electricos\/\",\"url\":\"https:\/\/www.noticiasradioreflejos.com.ar\/2021\/san-juan-el-viento-zonda-elevo-la-temperatura-a-35-grados-causo-incendios-y-cortes-electricos\/\",\"name\":\"San Juan: el viento Zonda elev\u00f3 la temperatura a 35 grados, caus\u00f3 incendios y cortes el\u00e9ctricos - Noticias Radio Reflejos\",\"isPartOf\":{\"@id\":\"https:\/\/www.noticiasradioreflejos.com.ar\/2021\/#website\"},\"primaryImageOfPage\":{\"@id\":\"https:\/\/www.noticiasradioreflejos.com.ar\/2021\/san-juan-el-viento-zonda-elevo-la-temperatura-a-35-grados-causo-incendios-y-cortes-electricos\/#primaryimage\"},\"image\":{\"@id\":\"https:\/\/www.noticiasradioreflejos.com.ar\/2021\/san-juan-el-viento-zonda-elevo-la-temperatura-a-35-grados-causo-incendios-y-cortes-electricos\/#primaryimage\"},\"thumbnailUrl\":\"https:\/\/www.telam.com.ar\/advf\/imagenes\/2021\/08\/611e2b0be5923_1004x565.jpg\",\"datePublished\":\"2021-08-19T11:03:15+00:00\",\"author\":{\"@id\":\"https:\/\/www.noticiasradioreflejos.com.ar\/2021\/#\/schema\/person\/ad82545263dcc5ec0996818884fd5fb1\"},\"breadcrumb\":{\"@id\":\"https:\/\/www.noticiasradioreflejos.com.ar\/2021\/san-juan-el-viento-zonda-elevo-la-temperatura-a-35-grados-causo-incendios-y-cortes-electricos\/#breadcrumb\"},\"inLanguage\":\"es\",\"potentialAction\":[{\"@type\":\"ReadAction\",\"target\":[\"https:\/\/www.noticiasradioreflejos.com.ar\/2021\/san-juan-el-viento-zonda-elevo-la-temperatura-a-35-grados-causo-incendios-y-cortes-electricos\/\"]}]},{\"@type\":\"ImageObject\",\"inLanguage\":\"es\",\"@id\":\"https:\/\/www.noticiasradioreflejos.com.ar\/2021\/san-juan-el-viento-zonda-elevo-la-temperatura-a-35-grados-causo-incendios-y-cortes-electricos\/#primaryimage\",\"url\":\"https:\/\/www.telam.com.ar\/advf\/imagenes\/2021\/08\/611e2b0be5923_1004x565.jpg\",\"contentUrl\":\"https:\/\/www.telam.com.ar\/advf\/imagenes\/2021\/08\/611e2b0be5923_1004x565.jpg\"},{\"@type\":\"BreadcrumbList\",\"@id\":\"https:\/\/www.noticiasradioreflejos.com.ar\/2021\/san-juan-el-viento-zonda-elevo-la-temperatura-a-35-grados-causo-incendios-y-cortes-electricos\/#breadcrumb\",\"itemListElement\":[{\"@type\":\"ListItem\",\"position\":1,\"name\":\"Portada\",\"item\":\"https:\/\/www.noticiasradioreflejos.com.ar\/2021\/\"},{\"@type\":\"ListItem\",\"position\":2,\"name\":\"San Juan: el viento Zonda elev\u00f3 la temperatura a 35 grados, caus\u00f3 incendios y cortes el\u00e9ctricos\"}]},{\"@type\":\"WebSite\",\"@id\":\"https:\/\/www.noticiasradioreflejos.com.ar\/2021\/#website\",\"url\":\"https:\/\/www.noticiasradioreflejos.com.ar\/2021\/\",\"name\":\"Noticias Radio Reflejos\",\"description\":\"Las noticias de mi comarca\",\"potentialAction\":[{\"@type\":\"SearchAction\",\"target\":{\"@type\":\"EntryPoint\",\"urlTemplate\":\"https:\/\/www.noticiasradioreflejos.com.ar\/2021\/?s={search_term_string}\"},\"query-input\":{\"@type\":\"PropertyValueSpecification\",\"valueRequired\":true,\"valueName\":\"search_term_string\"}}],\"inLanguage\":\"es\"},{\"@type\":\"Person\",\"@id\":\"https:\/\/www.noticiasradioreflejos.com.ar\/2021\/#\/schema\/person\/ad82545263dcc5ec0996818884fd5fb1\",\"name\":\"Arnaldo Botto\",\"image\":{\"@type\":\"ImageObject\",\"inLanguage\":\"es\",\"@id\":\"https:\/\/www.noticiasradioreflejos.com.ar\/2021\/#\/schema\/person\/image\/\",\"url\":\"https:\/\/secure.gravatar.com\/avatar\/55cb5e37c1efa326397366e6974cb338056df65cb50e7d64d1cf314e87504837?s=96&d=mm&r=g\",\"contentUrl\":\"https:\/\/secure.gravatar.com\/avatar\/55cb5e37c1efa326397366e6974cb338056df65cb50e7d64d1cf314e87504837?s=96&d=mm&r=g\",\"caption\":\"Arnaldo Botto\"},\"url\":\"https:\/\/www.noticiasradioreflejos.com.ar\/2021\/author\/arnaldo\/\"}]}<\/script>\n<!-- \/ Yoast SEO plugin. -->","yoast_head_json":{"title":"San Juan: el viento Zonda elev\u00f3 la temperatura a 35 grados, caus\u00f3 incendios y cortes el\u00e9ctricos - Noticias Radio Reflejos","robots":{"index":"index","follow":"follow","max-snippet":"max-snippet:-1","max-image-preview":"max-image-preview:large","max-video-preview":"max-video-preview:-1"},"canonical":"https:\/\/www.noticiasradioreflejos.com.ar\/2021\/san-juan-el-viento-zonda-elevo-la-temperatura-a-35-grados-causo-incendios-y-cortes-electricos\/","og_locale":"es_ES","og_type":"article","og_title":"San Juan: el viento Zonda elev\u00f3 la temperatura a 35 grados, caus\u00f3 incendios y cortes el\u00e9ctricos - Noticias Radio Reflejos","og_description":"La tempestad de polvo levantado por el viento no s\u00f3lo redujo la visibilidad a unos pocos metros, dificultando el tr\u00e1nsito en las rutas y en la ciudad, sino que transform\u00f3 en irrespirable la atm\u00f3sfera y una enorme incomodidad para estar al aire libre.","og_url":"https:\/\/www.noticiasradioreflejos.com.ar\/2021\/san-juan-el-viento-zonda-elevo-la-temperatura-a-35-grados-causo-incendios-y-cortes-electricos\/","og_site_name":"Noticias Radio Reflejos","article_published_time":"2021-08-19T11:03:15+00:00","og_image":[{"url":"https:\/\/www.telam.com.ar\/advf\/imagenes\/2021\/08\/611e2b0be5923_1004x565.jpg","type":"","width":"","height":""}],"author":"Arnaldo Botto","twitter_card":"summary_large_image","schema":{"@context":"https:\/\/schema.org","@graph":[{"@type":"WebPage","@id":"https:\/\/www.noticiasradioreflejos.com.ar\/2021\/san-juan-el-viento-zonda-elevo-la-temperatura-a-35-grados-causo-incendios-y-cortes-electricos\/","url":"https:\/\/www.noticiasradioreflejos.com.ar\/2021\/san-juan-el-viento-zonda-elevo-la-temperatura-a-35-grados-causo-incendios-y-cortes-electricos\/","name":"San Juan: el viento Zonda elev\u00f3 la temperatura a 35 grados, caus\u00f3 incendios y cortes el\u00e9ctricos - Noticias Radio Reflejos","isPartOf":{"@id":"https:\/\/www.noticiasradioreflejos.com.ar\/2021\/#website"},"primaryImageOfPage":{"@id":"https:\/\/www.noticiasradioreflejos.com.ar\/2021\/san-juan-el-viento-zonda-elevo-la-temperatura-a-35-grados-causo-incendios-y-cortes-electricos\/#primaryimage"},"image":{"@id":"https:\/\/www.noticiasradioreflejos.com.ar\/2021\/san-juan-el-viento-zonda-elevo-la-temperatura-a-35-grados-causo-incendios-y-cortes-electricos\/#primaryimage"},"thumbnailUrl":"https:\/\/www.telam.com.ar\/advf\/imagenes\/2021\/08\/611e2b0be5923_1004x565.jpg","datePublished":"2021-08-19T11:03:15+00:00","author":{"@id":"https:\/\/www.noticiasradioreflejos.com.ar\/2021\/#\/schema\/person\/ad82545263dcc5ec0996818884fd5fb1"},"breadcrumb":{"@id":"https:\/\/www.noticiasradioreflejos.com.ar\/2021\/san-juan-el-viento-zonda-elevo-la-temperatura-a-35-grados-causo-incendios-y-cortes-electricos\/#breadcrumb"},"inLanguage":"es","potentialAction":[{"@type":"ReadAction","target":["https:\/\/www.noticiasradioreflejos.com.ar\/2021\/san-juan-el-viento-zonda-elevo-la-temperatura-a-35-grados-causo-incendios-y-cortes-electricos\/"]}]},{"@type":"ImageObject","inLanguage":"es","@id":"https:\/\/www.noticiasradioreflejos.com.ar\/2021\/san-juan-el-viento-zonda-elevo-la-temperatura-a-35-grados-causo-incendios-y-cortes-electricos\/#primaryimage","url":"https:\/\/www.telam.com.ar\/advf\/imagenes\/2021\/08\/611e2b0be5923_1004x565.jpg","contentUrl":"https:\/\/www.telam.com.ar\/advf\/imagenes\/2021\/08\/611e2b0be5923_1004x565.jpg"},{"@type":"BreadcrumbList","@id":"https:\/\/www.noticiasradioreflejos.com.ar\/2021\/san-juan-el-viento-zonda-elevo-la-temperatura-a-35-grados-causo-incendios-y-cortes-electricos\/#breadcrumb","itemListElement":[{"@type":"ListItem","position":1,"name":"Portada","item":"https:\/\/www.noticiasradioreflejos.com.ar\/2021\/"},{"@type":"ListItem","position":2,"name":"San Juan: el viento Zonda elev\u00f3 la temperatura a 35 grados, caus\u00f3 incendios y cortes el\u00e9ctricos"}]},{"@type":"WebSite","@id":"https:\/\/www.noticiasradioreflejos.com.ar\/2021\/#website","url":"https:\/\/www.noticiasradioreflejos.com.ar\/2021\/","name":"Noticias Radio Reflejos","description":"Las noticias de mi comarca","potentialAction":[{"@type":"SearchAction","target":{"@type":"EntryPoint","urlTemplate":"https:\/\/www.noticiasradioreflejos.com.ar\/2021\/?s={search_term_string}"},"query-input":{"@type":"PropertyValueSpecification","valueRequired":true,"valueName":"search_term_string"}}],"inLanguage":"es"},{"@type":"Person","@id":"https:\/\/www.noticiasradioreflejos.com.ar\/2021\/#\/schema\/person\/ad82545263dcc5ec0996818884fd5fb1","name":"Arnaldo Botto","image":{"@type":"ImageObject","inLanguage":"es","@id":"https:\/\/www.noticiasradioreflejos.com.ar\/2021\/#\/schema\/person\/image\/","url":"https:\/\/secure.gravatar.com\/avatar\/55cb5e37c1efa326397366e6974cb338056df65cb50e7d64d1cf314e87504837?s=96&d=mm&r=g","contentUrl":"https:\/\/secure.gravatar.com\/avatar\/55cb5e37c1efa326397366e6974cb338056df65cb50e7d64d1cf314e87504837?s=96&d=mm&r=g","caption":"Arnaldo Botto"},"url":"https:\/\/www.noticiasradioreflejos.com.ar\/2021\/author\/arnaldo\/"}]}},"_links":{"self":[{"href":"https:\/\/www.noticiasradioreflejos.com.ar\/2021\/wp-json\/wp\/v2\/posts\/61636","targetHints":{"allow":["GET"]}}],"collection":[{"href":"https:\/\/www.noticiasradioreflejos.com.ar\/2021\/wp-json\/wp\/v2\/posts"}],"about":[{"href":"https:\/\/www.noticiasradioreflejos.com.ar\/2021\/wp-json\/wp\/v2\/types\/post"}],"author":[{"embeddable":true,"href":"https:\/\/www.noticiasradioreflejos.com.ar\/2021\/wp-json\/wp\/v2\/users\/3"}],"replies":[{"embeddable":true,"href":"https:\/\/www.noticiasradioreflejos.com.ar\/2021\/wp-json\/wp\/v2\/comments?post=61636"}],"version-history":[{"count":1,"href":"https:\/\/www.noticiasradioreflejos.com.ar\/2021\/wp-json\/wp\/v2\/posts\/61636\/revisions"}],"predecessor-version":[{"id":61638,"href":"https:\/\/www.noticiasradioreflejos.com.ar\/2021\/wp-json\/wp\/v2\/posts\/61636\/revisions\/61638"}],"wp:attachment":[{"href":"https:\/\/www.noticiasradioreflejos.com.ar\/2021\/wp-json\/wp\/v2\/media?parent=61636"}],"wp:term":[{"taxonomy":"category","embeddable":true,"href":"https:\/\/www.noticiasradioreflejos.com.ar\/2021\/wp-json\/wp\/v2\/categories?post=61636"},{"taxonomy":"post_tag","embeddable":true,"href":"https:\/\/www.noticiasradioreflejos.com.ar\/2021\/wp-json\/wp\/v2\/tags?post=61636"}],"curies":[{"name":"wp","href":"https:\/\/api.w.org\/{rel}","templated":true}]}}