{"id":61631,"date":"2021-08-19T10:57:34","date_gmt":"2021-08-19T10:57:34","guid":{"rendered":"http:\/\/www.noticiasradioreflejos.com.ar\/2021\/?p=61631"},"modified":"2021-08-19T10:57:34","modified_gmt":"2021-08-19T10:57:34","slug":"la-combinacion-de-vacunas-logra-un-significativo-aumento-en-los-anticuerpos","status":"publish","type":"post","link":"https:\/\/www.noticiasradioreflejos.com.ar\/2021\/la-combinacion-de-vacunas-logra-un-significativo-aumento-en-los-anticuerpos\/","title":{"rendered":"La combinaci\u00f3n de vacunas logra un \u00absignificativo\u00bb aumento en los anticuerpos"},"content":{"rendered":"<div class=\"head-content\">\n<p>Fue revelado en los resultados preliminares de los estudios heter\u00f3logos de inmunizaci\u00f3n contra la Covid llevados a cabo gracias a m\u00e1s de dos mil voluntarios de las provincias de Buenos Aires, C\u00f3rdoba, La Rioja, San Luis y CABA.<\/p>\n<\/div>\n<p><!--more--><\/p>\n<div class=\"main-content-block\">\n<div class=\"main-box clearfix\">\n<div class=\"wrapper-main-section clearfix\">\n<div class=\"wrapper-editable-content\">\n<div class=\"editable-content clearfix\"><strong>Resultados preliminares<\/strong>\u00a0de los estudios heter\u00f3logos de inmunizaci\u00f3n contra el coronavirus que se realizan en el pa\u00eds demostraron que las combinaciones entre las vacunas analizadas no causan efectos adversos graves y producen un \u00ab<strong>significativo<\/strong>\u00bb aumento en los\u00a0<strong>anticuerpos<\/strong>.<\/p>\n<p>Los primeros datos de esta investigaci\u00f3n fueron presentados este mi\u00e9rcoles a trav\u00e9s de una teleconferencia en la que la ministra de Salud,\u00a0<strong>Carla Vizzotti<\/strong>, particip\u00f3 desde Mosc\u00fa junto al titular del Fondo Ruso de Inversi\u00f3n Directa,<strong>\u00a0Anatoly Braverman<\/strong>, adem\u00e1s de autoridades sanitarias de las jurisdicciones involucradas.<\/p>\n<p>M\u00e1s de\u00a0<strong>dos mil voluntarios<\/strong>\u00a0de las provincias de Buenos Aires, C\u00f3rdoba, La Rioja, San Luis y la Ciudad Aut\u00f3noma de Buenos Aires participan del estudio de combinaci\u00f3n de vacunas contra el Covid-19 que comenz\u00f3 en el mes de julio y que presentar\u00e1 sus resultados finales durante la<strong>\u00a0primer quincena de septiembre<\/strong>.<\/p>\n<p>El Estudio Colaborativo para la evaluaci\u00f3n de\u00a0<strong>Esquemas Heter\u00f3logos de Vacunaci\u00f3n contra Covid-19<\/strong>\u00a0en la Rep\u00fablica Argentina (ECEHeVac) registra 560 casos de combinaci\u00f3n de vacunas por cada jurisdicci\u00f3n, 280 mayores de 60 a\u00f1os de edad y 280 de entre 18 y 59.<\/p>\n<p>El estudio se propone evaluar la inmunogenecidad y los efectos adversos en los esquemas de vacunaci\u00f3n heter\u00f3logos conformados por la combinaci\u00f3n de vacunas disponibles hasta el momento en el pa\u00eds:\u00a0<strong>Sputnik V, Astrazeneca, Sinopharm, Moderna y Cansino.<\/strong><\/p>\n<p>Este relevamiento cuenta con 8.310 voluntarios inscriptos, de los cu\u00e1les 2.361 ya fueron enrolados y 1.165 ya fueron vacunados contra Covid-19 con distintos esquemas combinados de vacunas.<\/p>\n<p>Este proceso comenz\u00f3 en la Ciudad de Buenos Aires el pasado 12 de julio, en la provincia de Buenos Aires el 19 de julio, en San Luis el 7 de agosto, en C\u00f3rdoba el 9 de agosto y en La Rioja el 11 de agosto.<\/p>\n<div id=\"image\" class=\"image\"><img decoding=\"async\" title=\"La combinaci\u00f3n de vacunas logra un &quot;significativo&quot; aumento en los anticuerpos.\" src=\"https:\/\/www.telam.com.ar\/advf\/imagenes\/2021\/08\/610d28dea527e_1004x565.jpg\" alt=\"La combinaci\u00f3n de vacunas logra un &quot;significativo&quot; aumento en los anticuerpos.\" \/><\/p>\n<div class=\"epigrafe\">La combinaci\u00f3n de vacunas logra un \u00absignificativo\u00bb aumento en los anticuerpos.<\/div>\n<\/div>\n<p>La Ciudad de Buenos Aires y la provincia de Buenos Aires pudieron presentar en la conferencia los datos de seguridad e inmunidad a 14 y 28 d\u00edas de la vacunaci\u00f3n, mientras que en las provincias de C\u00f3rdoba, La Rioja y San Luis se espera que los resultados finales de este estudio sean presentados entre 5 y el 11 de septiembre.<\/p>\n<p>La ministra de Salud, Carla Vizzotti, afirm\u00f3 que \u00abeste estudio es fruto de la\u00a0<strong>cooperaci\u00f3n\u00a0<\/strong>no solo entre jurisdicciones argentinas sino con el Fondo Ruso de Inversi\u00f3n Directa, porque este estudio no solo produce evidencia para Argentina sino para los programas de inmunizaci\u00f3n de la regi\u00f3n y a nivel mundial\u00bb.<\/p>\n<p>\u00abLa idea es sumar evidencia para que los efectores de salud y tomadores de decisi\u00f3n puedan alentar la combinaci\u00f3n de vacunas sobre bases s\u00f3lidas; este es un estudio con una fortaleza cient\u00edfica muy importante que nos llena de orgullo poder presentarlo y contar el camino que queremos recorrer para dar respuestas basada en la evidencia y con consenso federal\u00bb, subray\u00f3.<\/p>\n<p>El titular del Fondo Ruso de Inversi\u00f3n Directa,\u00a0<strong>Anatoly Braverman<\/strong>, destac\u00f3 que \u00ab<strong>Argentina\u00a0<\/strong>fue uno de los primeros\u00a0<strong>pa\u00edses que habilitaron el uso de Sputnik V<\/strong>\u00a0y apreciamos mucho la colaboraci\u00f3n con Argentina, por eso este Fondo y el ministerio de Salud argentino son auspiciantes del estudio de combinaci\u00f3n de vacunas\u00bb.<\/p>\n<blockquote><p>\u00abEste estudio no solo produce evidencia para Argentina sino para los programas de inmunizaci\u00f3n de la regi\u00f3n y a nivel mundial\u00bb.<\/p>\n<div class=\"sign\">CARLA VIZZOTTI<\/div>\n<\/blockquote>\n<p>\u00abNos alegra mucho anunciar los resultados de estos estudios porque los datos muestran que\u00a0<strong>Sputnik Light<\/strong>, que es el primer componente de Sputnik V,\u00a0<strong>brinda excelentes resultados en combinaci\u00f3<\/strong>n con otras vacunas; Sputnik Light es una vacuna independiente con una eficacia muy elevada y sirve de &#8216;booster&#8217; para aumentar la efectividad de otras vacunas\u00bb, apunt\u00f3.<\/p>\n<p>Braverman record\u00f3 que \u00ablos dise\u00f1adores de Sputnik V fueron los primeros en utilizar combinaci\u00f3n de vacunas gracias al uso de dos diferentes vectores de adenovirus en sus dos componentes, ahora muchos dise\u00f1adores utilizan el enfoque de Sputnik porque asegura una respuesta inmune m\u00e1s fuerte y m\u00e1s prolongada\u00bb.<\/p>\n<p>\u00abDesde el principio nosotros<strong>\u00a0estuvimos a favor de la colaboraci\u00f3n entre productores de vacunas<\/strong>\u00a0y de avanzar en investigaciones conjuntas, como hacemos desde finales de 2020 en un acuerdo con Astraz\u00e9neca\u00bb, anadi\u00f3.<\/p>\n<p>A su turno, el ministro de Salud bonaerense, Nicol\u00e1s Kreplak, explic\u00f3 que no se reportaron eventos adversos supuestamente atribuibles a la vacunaci\u00f3n e inmunizaci\u00f3n (Esavi) graves en el estudio realizado con la combinaci\u00f3n de vacunas de Astrazeneca, Sputnik, Sinopharm y Moderna, excepto una hospitalizaci\u00f3n no asociada a la vacunaci\u00f3n.<\/p>\n<p>Otra conclusi\u00f3n es que\u00bbno existe asociaci\u00f3n entre el esquema aplicado (heter\u00f3logo u hom\u00f3logo) y la presencia de sintomatolog\u00eda a 24, 48 y 72 horas\u00bb de la inoculaci\u00f3n.<\/p>\n<p>Si \u00abse observa una asociaci\u00f3n estad\u00edsticamente significativa entre poseer una comorbilidad previa y no presentar s\u00edntomas a las 48 y 72 hs. de aplicada la segunda dosis de la vacuna, tanto en esquemas hom\u00f3logos como heter\u00f3logos\u00bb, se indic\u00f3 en estos resultados parciales.<\/p>\n<p>En cuanto a inmunidad (t\u00edtulo de anticuerpos), el estudio bonaerense observ\u00f3 \u00abun aumento significativo en el nivel de anticuerpos IgG anti S luego de 14 d\u00edas de aplicada la segunda dosis en las combinaciones evaluadas\u00bb.<\/p>\n<p>Tambi\u00e9n encontraron \u00abun aumento significativo en el nivel de anticuerpos neutralizantes SARS-CoV-2 luego de 14 d\u00edas de aplicada la segunda dosis en la combinaciones evaluadas\u00bb.<\/p>\n<p>Entre otras autoridades, estuvieron en la presentaci\u00f3n Pablo Nu\u00f1ez, subsecretario de Coordinaci\u00f3n Institucional del ministerio de Ciencia y Tecnolog\u00eda y Jorge Geffner, investigador en el Instituto de Investigaciones Biom\u00e9dicas en Retrovirus y SIDA (Inbirs, Conicet-UBA), quien se\u00f1al\u00f3 que \u00aben Argentina tuvimos una gran asignatura pendiente, que es construir un puente entre la salud p\u00fablica y la ciencia\u00bb y afirm\u00f3 que ahora \u00abempezamos a reconvertir esa falencia\u00bb.<\/p>\n<p>En el mismo sentido, Kreplak destac\u00f3 el \u00abenorme sacrificio con el que muchos investigadores construyeron\u00bb este estudio \u00abpara poner los resultados a disposici\u00f3n de los que tenemos la responsabilidad de las decisiones\u00bb.<\/p><\/div>\n<\/div>\n<\/div>\n<\/div>\n<\/div>\n","protected":false},"excerpt":{"rendered":"<p>Fue revelado en los resultados preliminares de los estudios heter\u00f3logos de inmunizaci\u00f3n contra la Covid llevados a cabo gracias a m\u00e1s de dos mil voluntarios de las provincias de Buenos Aires, C\u00f3rdoba, La Rioja, San Luis y CABA.<\/p>\n","protected":false},"author":3,"featured_media":0,"comment_status":"closed","ping_status":"closed","sticky":false,"template":"","format":"standard","meta":{"footnotes":""},"categories":[24,30],"tags":[],"class_list":["post-61631","post","type-post","status-publish","format-standard","hentry","category-politica","category-salud"],"yoast_head":"<!-- This site is optimized with the Yoast SEO plugin v25.9 - https:\/\/yoast.com\/wordpress\/plugins\/seo\/ -->\n<title>La combinaci\u00f3n de vacunas logra un &quot;significativo&quot; aumento en los anticuerpos - Noticias Radio Reflejos<\/title>\n<meta name=\"robots\" content=\"index, follow, max-snippet:-1, max-image-preview:large, max-video-preview:-1\" \/>\n<link rel=\"canonical\" href=\"https:\/\/www.noticiasradioreflejos.com.ar\/2021\/la-combinacion-de-vacunas-logra-un-significativo-aumento-en-los-anticuerpos\/\" \/>\n<meta property=\"og:locale\" content=\"es_ES\" \/>\n<meta property=\"og:type\" content=\"article\" \/>\n<meta property=\"og:title\" content=\"La combinaci\u00f3n de vacunas logra un &quot;significativo&quot; aumento en los anticuerpos - Noticias Radio Reflejos\" \/>\n<meta property=\"og:description\" content=\"Fue revelado en los resultados preliminares de los estudios heter\u00f3logos de inmunizaci\u00f3n contra la Covid llevados a cabo gracias a m\u00e1s de dos mil voluntarios de las provincias de Buenos Aires, C\u00f3rdoba, La Rioja, San Luis y CABA.\" \/>\n<meta property=\"og:url\" content=\"https:\/\/www.noticiasradioreflejos.com.ar\/2021\/la-combinacion-de-vacunas-logra-un-significativo-aumento-en-los-anticuerpos\/\" \/>\n<meta property=\"og:site_name\" content=\"Noticias Radio Reflejos\" \/>\n<meta property=\"article:published_time\" content=\"2021-08-19T10:57:34+00:00\" \/>\n<meta property=\"og:image\" content=\"https:\/\/www.telam.com.ar\/advf\/imagenes\/2021\/08\/610d28dea527e_1004x565.jpg\" \/>\n<meta name=\"author\" content=\"Arnaldo Botto\" \/>\n<meta name=\"twitter:card\" content=\"summary_large_image\" \/>\n<script type=\"application\/ld+json\" class=\"yoast-schema-graph\">{\"@context\":\"https:\/\/schema.org\",\"@graph\":[{\"@type\":\"WebPage\",\"@id\":\"https:\/\/www.noticiasradioreflejos.com.ar\/2021\/la-combinacion-de-vacunas-logra-un-significativo-aumento-en-los-anticuerpos\/\",\"url\":\"https:\/\/www.noticiasradioreflejos.com.ar\/2021\/la-combinacion-de-vacunas-logra-un-significativo-aumento-en-los-anticuerpos\/\",\"name\":\"La combinaci\u00f3n de vacunas logra un \\\"significativo\\\" aumento en los anticuerpos - Noticias Radio Reflejos\",\"isPartOf\":{\"@id\":\"https:\/\/www.noticiasradioreflejos.com.ar\/2021\/#website\"},\"primaryImageOfPage\":{\"@id\":\"https:\/\/www.noticiasradioreflejos.com.ar\/2021\/la-combinacion-de-vacunas-logra-un-significativo-aumento-en-los-anticuerpos\/#primaryimage\"},\"image\":{\"@id\":\"https:\/\/www.noticiasradioreflejos.com.ar\/2021\/la-combinacion-de-vacunas-logra-un-significativo-aumento-en-los-anticuerpos\/#primaryimage\"},\"thumbnailUrl\":\"https:\/\/www.telam.com.ar\/advf\/imagenes\/2021\/08\/610d28dea527e_1004x565.jpg\",\"datePublished\":\"2021-08-19T10:57:34+00:00\",\"author\":{\"@id\":\"https:\/\/www.noticiasradioreflejos.com.ar\/2021\/#\/schema\/person\/ad82545263dcc5ec0996818884fd5fb1\"},\"breadcrumb\":{\"@id\":\"https:\/\/www.noticiasradioreflejos.com.ar\/2021\/la-combinacion-de-vacunas-logra-un-significativo-aumento-en-los-anticuerpos\/#breadcrumb\"},\"inLanguage\":\"es\",\"potentialAction\":[{\"@type\":\"ReadAction\",\"target\":[\"https:\/\/www.noticiasradioreflejos.com.ar\/2021\/la-combinacion-de-vacunas-logra-un-significativo-aumento-en-los-anticuerpos\/\"]}]},{\"@type\":\"ImageObject\",\"inLanguage\":\"es\",\"@id\":\"https:\/\/www.noticiasradioreflejos.com.ar\/2021\/la-combinacion-de-vacunas-logra-un-significativo-aumento-en-los-anticuerpos\/#primaryimage\",\"url\":\"https:\/\/www.telam.com.ar\/advf\/imagenes\/2021\/08\/610d28dea527e_1004x565.jpg\",\"contentUrl\":\"https:\/\/www.telam.com.ar\/advf\/imagenes\/2021\/08\/610d28dea527e_1004x565.jpg\"},{\"@type\":\"BreadcrumbList\",\"@id\":\"https:\/\/www.noticiasradioreflejos.com.ar\/2021\/la-combinacion-de-vacunas-logra-un-significativo-aumento-en-los-anticuerpos\/#breadcrumb\",\"itemListElement\":[{\"@type\":\"ListItem\",\"position\":1,\"name\":\"Portada\",\"item\":\"https:\/\/www.noticiasradioreflejos.com.ar\/2021\/\"},{\"@type\":\"ListItem\",\"position\":2,\"name\":\"La combinaci\u00f3n de vacunas logra un \u00absignificativo\u00bb aumento en los anticuerpos\"}]},{\"@type\":\"WebSite\",\"@id\":\"https:\/\/www.noticiasradioreflejos.com.ar\/2021\/#website\",\"url\":\"https:\/\/www.noticiasradioreflejos.com.ar\/2021\/\",\"name\":\"Noticias Radio Reflejos\",\"description\":\"Las noticias de mi comarca\",\"potentialAction\":[{\"@type\":\"SearchAction\",\"target\":{\"@type\":\"EntryPoint\",\"urlTemplate\":\"https:\/\/www.noticiasradioreflejos.com.ar\/2021\/?s={search_term_string}\"},\"query-input\":{\"@type\":\"PropertyValueSpecification\",\"valueRequired\":true,\"valueName\":\"search_term_string\"}}],\"inLanguage\":\"es\"},{\"@type\":\"Person\",\"@id\":\"https:\/\/www.noticiasradioreflejos.com.ar\/2021\/#\/schema\/person\/ad82545263dcc5ec0996818884fd5fb1\",\"name\":\"Arnaldo Botto\",\"image\":{\"@type\":\"ImageObject\",\"inLanguage\":\"es\",\"@id\":\"https:\/\/www.noticiasradioreflejos.com.ar\/2021\/#\/schema\/person\/image\/\",\"url\":\"https:\/\/secure.gravatar.com\/avatar\/55cb5e37c1efa326397366e6974cb338056df65cb50e7d64d1cf314e87504837?s=96&d=mm&r=g\",\"contentUrl\":\"https:\/\/secure.gravatar.com\/avatar\/55cb5e37c1efa326397366e6974cb338056df65cb50e7d64d1cf314e87504837?s=96&d=mm&r=g\",\"caption\":\"Arnaldo Botto\"},\"url\":\"https:\/\/www.noticiasradioreflejos.com.ar\/2021\/author\/arnaldo\/\"}]}<\/script>\n<!-- \/ Yoast SEO plugin. -->","yoast_head_json":{"title":"La combinaci\u00f3n de vacunas logra un \"significativo\" aumento en los anticuerpos - Noticias Radio Reflejos","robots":{"index":"index","follow":"follow","max-snippet":"max-snippet:-1","max-image-preview":"max-image-preview:large","max-video-preview":"max-video-preview:-1"},"canonical":"https:\/\/www.noticiasradioreflejos.com.ar\/2021\/la-combinacion-de-vacunas-logra-un-significativo-aumento-en-los-anticuerpos\/","og_locale":"es_ES","og_type":"article","og_title":"La combinaci\u00f3n de vacunas logra un \"significativo\" aumento en los anticuerpos - Noticias Radio Reflejos","og_description":"Fue revelado en los resultados preliminares de los estudios heter\u00f3logos de inmunizaci\u00f3n contra la Covid llevados a cabo gracias a m\u00e1s de dos mil voluntarios de las provincias de Buenos Aires, C\u00f3rdoba, La Rioja, San Luis y CABA.","og_url":"https:\/\/www.noticiasradioreflejos.com.ar\/2021\/la-combinacion-de-vacunas-logra-un-significativo-aumento-en-los-anticuerpos\/","og_site_name":"Noticias Radio Reflejos","article_published_time":"2021-08-19T10:57:34+00:00","og_image":[{"url":"https:\/\/www.telam.com.ar\/advf\/imagenes\/2021\/08\/610d28dea527e_1004x565.jpg","type":"","width":"","height":""}],"author":"Arnaldo Botto","twitter_card":"summary_large_image","schema":{"@context":"https:\/\/schema.org","@graph":[{"@type":"WebPage","@id":"https:\/\/www.noticiasradioreflejos.com.ar\/2021\/la-combinacion-de-vacunas-logra-un-significativo-aumento-en-los-anticuerpos\/","url":"https:\/\/www.noticiasradioreflejos.com.ar\/2021\/la-combinacion-de-vacunas-logra-un-significativo-aumento-en-los-anticuerpos\/","name":"La combinaci\u00f3n de vacunas logra un \"significativo\" aumento en los anticuerpos - Noticias Radio Reflejos","isPartOf":{"@id":"https:\/\/www.noticiasradioreflejos.com.ar\/2021\/#website"},"primaryImageOfPage":{"@id":"https:\/\/www.noticiasradioreflejos.com.ar\/2021\/la-combinacion-de-vacunas-logra-un-significativo-aumento-en-los-anticuerpos\/#primaryimage"},"image":{"@id":"https:\/\/www.noticiasradioreflejos.com.ar\/2021\/la-combinacion-de-vacunas-logra-un-significativo-aumento-en-los-anticuerpos\/#primaryimage"},"thumbnailUrl":"https:\/\/www.telam.com.ar\/advf\/imagenes\/2021\/08\/610d28dea527e_1004x565.jpg","datePublished":"2021-08-19T10:57:34+00:00","author":{"@id":"https:\/\/www.noticiasradioreflejos.com.ar\/2021\/#\/schema\/person\/ad82545263dcc5ec0996818884fd5fb1"},"breadcrumb":{"@id":"https:\/\/www.noticiasradioreflejos.com.ar\/2021\/la-combinacion-de-vacunas-logra-un-significativo-aumento-en-los-anticuerpos\/#breadcrumb"},"inLanguage":"es","potentialAction":[{"@type":"ReadAction","target":["https:\/\/www.noticiasradioreflejos.com.ar\/2021\/la-combinacion-de-vacunas-logra-un-significativo-aumento-en-los-anticuerpos\/"]}]},{"@type":"ImageObject","inLanguage":"es","@id":"https:\/\/www.noticiasradioreflejos.com.ar\/2021\/la-combinacion-de-vacunas-logra-un-significativo-aumento-en-los-anticuerpos\/#primaryimage","url":"https:\/\/www.telam.com.ar\/advf\/imagenes\/2021\/08\/610d28dea527e_1004x565.jpg","contentUrl":"https:\/\/www.telam.com.ar\/advf\/imagenes\/2021\/08\/610d28dea527e_1004x565.jpg"},{"@type":"BreadcrumbList","@id":"https:\/\/www.noticiasradioreflejos.com.ar\/2021\/la-combinacion-de-vacunas-logra-un-significativo-aumento-en-los-anticuerpos\/#breadcrumb","itemListElement":[{"@type":"ListItem","position":1,"name":"Portada","item":"https:\/\/www.noticiasradioreflejos.com.ar\/2021\/"},{"@type":"ListItem","position":2,"name":"La combinaci\u00f3n de vacunas logra un \u00absignificativo\u00bb aumento en los anticuerpos"}]},{"@type":"WebSite","@id":"https:\/\/www.noticiasradioreflejos.com.ar\/2021\/#website","url":"https:\/\/www.noticiasradioreflejos.com.ar\/2021\/","name":"Noticias Radio Reflejos","description":"Las noticias de mi comarca","potentialAction":[{"@type":"SearchAction","target":{"@type":"EntryPoint","urlTemplate":"https:\/\/www.noticiasradioreflejos.com.ar\/2021\/?s={search_term_string}"},"query-input":{"@type":"PropertyValueSpecification","valueRequired":true,"valueName":"search_term_string"}}],"inLanguage":"es"},{"@type":"Person","@id":"https:\/\/www.noticiasradioreflejos.com.ar\/2021\/#\/schema\/person\/ad82545263dcc5ec0996818884fd5fb1","name":"Arnaldo Botto","image":{"@type":"ImageObject","inLanguage":"es","@id":"https:\/\/www.noticiasradioreflejos.com.ar\/2021\/#\/schema\/person\/image\/","url":"https:\/\/secure.gravatar.com\/avatar\/55cb5e37c1efa326397366e6974cb338056df65cb50e7d64d1cf314e87504837?s=96&d=mm&r=g","contentUrl":"https:\/\/secure.gravatar.com\/avatar\/55cb5e37c1efa326397366e6974cb338056df65cb50e7d64d1cf314e87504837?s=96&d=mm&r=g","caption":"Arnaldo Botto"},"url":"https:\/\/www.noticiasradioreflejos.com.ar\/2021\/author\/arnaldo\/"}]}},"_links":{"self":[{"href":"https:\/\/www.noticiasradioreflejos.com.ar\/2021\/wp-json\/wp\/v2\/posts\/61631","targetHints":{"allow":["GET"]}}],"collection":[{"href":"https:\/\/www.noticiasradioreflejos.com.ar\/2021\/wp-json\/wp\/v2\/posts"}],"about":[{"href":"https:\/\/www.noticiasradioreflejos.com.ar\/2021\/wp-json\/wp\/v2\/types\/post"}],"author":[{"embeddable":true,"href":"https:\/\/www.noticiasradioreflejos.com.ar\/2021\/wp-json\/wp\/v2\/users\/3"}],"replies":[{"embeddable":true,"href":"https:\/\/www.noticiasradioreflejos.com.ar\/2021\/wp-json\/wp\/v2\/comments?post=61631"}],"version-history":[{"count":1,"href":"https:\/\/www.noticiasradioreflejos.com.ar\/2021\/wp-json\/wp\/v2\/posts\/61631\/revisions"}],"predecessor-version":[{"id":61633,"href":"https:\/\/www.noticiasradioreflejos.com.ar\/2021\/wp-json\/wp\/v2\/posts\/61631\/revisions\/61633"}],"wp:attachment":[{"href":"https:\/\/www.noticiasradioreflejos.com.ar\/2021\/wp-json\/wp\/v2\/media?parent=61631"}],"wp:term":[{"taxonomy":"category","embeddable":true,"href":"https:\/\/www.noticiasradioreflejos.com.ar\/2021\/wp-json\/wp\/v2\/categories?post=61631"},{"taxonomy":"post_tag","embeddable":true,"href":"https:\/\/www.noticiasradioreflejos.com.ar\/2021\/wp-json\/wp\/v2\/tags?post=61631"}],"curies":[{"name":"wp","href":"https:\/\/api.w.org\/{rel}","templated":true}]}}