{"id":61621,"date":"2021-08-18T21:54:42","date_gmt":"2021-08-18T21:54:42","guid":{"rendered":"http:\/\/www.noticiasradioreflejos.com.ar\/2021\/?p=61621"},"modified":"2021-08-18T21:56:04","modified_gmt":"2021-08-18T21:56:04","slug":"hace-anos-que-venia-luchando-por-algo-vecinal-de-una-manera-en-la-que-todos-nos-podamos-involucrar","status":"publish","type":"post","link":"https:\/\/www.noticiasradioreflejos.com.ar\/2021\/hace-anos-que-venia-luchando-por-algo-vecinal-de-una-manera-en-la-que-todos-nos-podamos-involucrar\/","title":{"rendered":"\u201cHace a\u00f1os que ven\u00eda luchando por algo vecinal, de una manera en la que todos nos podamos involucrar.\u00bb"},"content":{"rendered":"<p>Con el tercer lugar como pre candidato a Concejal en \u201cAcci\u00f3n por Tornquist\u201d representando a Saldungaray, esta ma\u00f1ana, lo entrevistamos para conocer la propuesta y los proyectos del vecinalismo en el distrito.<!--more--><\/p>\n<p>Facundo tiene 46 a\u00f1os, es T\u00e9cnico Agr\u00f3nomo del ISEA de la Sociedad Rural Argentina. Reside en Saldungaray y se desempe\u00f1a como productor ap\u00edcola.<\/p>\n<p>\u201cEl delegado me empuj\u00f3 a que lo acompa\u00f1e con todo el desarrollo que est\u00e1 haciendo ahora, tiene muchos proyectos y mucho empuje, es joven y con ganas\u201d mencion\u00f3 c\u00f3mo se origin\u00f3 su inter\u00e9s de intervenir en la pol\u00edtica de nuestro distrito, aunque confiesa que toda la vida ha militado en el peronismo, teniendo una unidad b\u00e1sica en su propia casa cuando era un ni\u00f1o en Capilla del Se\u00f1or.<\/p>\n<p><a data-flickr-embed=\"true\" href=\"https:\/\/www.flickr.com\/photos\/182279889@N02\/51371739927\/in\/dateposted-public\/\" title=\"Acci\u00f3n x Tqst (2)\"><img loading=\"lazy\" decoding=\"async\" src=\"https:\/\/live.staticflickr.com\/65535\/51371739927_6e43d5df6b_c.jpg\" width=\"800\" height=\"800\" alt=\"Acci\u00f3n x Tqst (2)\"><\/a><script async src=\"\/\/embedr.flickr.com\/assets\/client-code.js\" charset=\"utf-8\"><\/script><\/p>\n<p>\u201cCreo que hoy es el momento de cambiar un poco lo que es la pol\u00edtica en s\u00ed\u201d se refiri\u00f3 a la famosa grieta y a los asuntos internos de cada partido.<\/p>\n<p>\u201cTenemos que empezar a darle valor a nuestro producto\u201d expres\u00f3 haciendo referencia a la producci\u00f3n de vino, chacinados, leche, quesos, entre otros, que ayudar\u00edan a que las elaboraciones de nuestro distrito ingresen al mercado y, adem\u00e1s, generen muchos nuevos puestos de trabajo.<\/p>\n<p>Facundo afirm\u00f3 que, en caso de no ser elegido, de todas maneras seguir\u00e1 trabajando y colaborando con \u201cAcci\u00f3n por Tornquist\u201d. \u201cHace a\u00f1os que ven\u00eda luchando por algo vecinal, de una manera en la que todos nos podamos involucrar. Creo que hoy el River-Boca se termin\u00f3. Hay que laburar para que el pueblo tenga progreso y que los pibes no se tengan que ir a Buenos Aires\u201d expres\u00f3.<\/p>\n<p>\u201cYo no quiero salir a comprar votos. Yo quiero que el voto sea genuino. Hoy hay que salir a la calle a charlar con la gente para escuchar sus inquietudes, pero tratando de llevar cosas concretas, decir que tenemos un proyecto. Pero, para eso, tambi\u00e9n necesitamos que la gente se involucre\u201d resalt\u00f3 la importancia de que los vecinos participen y comuniquen cu\u00e1les son aquellos aspectos a mejorar en el distrito.<\/p>\n<p>&nbsp;<\/p>\n<p>Nota Completa:<\/p>\n<p><iframe loading=\"lazy\" src=\"https:\/\/w.soundcloud.com\/player\/?url=https%3A\/\/api.soundcloud.com\/tracks\/1108233460&amp;color=%23ff5500&amp;auto_play=false&amp;hide_related=false&amp;show_comments=true&amp;show_user=true&amp;show_reposts=false&amp;show_teaser=true\" width=\"100%\" height=\"166\" frameborder=\"no\" scrolling=\"no\"><\/iframe><\/p>\n<div style=\"font-size: 10px; color: #cccccc; line-break: anywhere; word-break: normal; overflow: hidden; white-space: nowrap; text-overflow: ellipsis; font-family: Interstate,Lucida Grande,Lucida Sans Unicode,Lucida Sans,Garuda,Verdana,Tahoma,sans-serif; font-weight: 100;\"><a style=\"color: #cccccc; text-decoration: none;\" title=\"fmreflejos 103.7\" href=\"https:\/\/soundcloud.com\/fmreflejos-103-7\" target=\"_blank\" rel=\"noopener\">fmreflejos 103.7<\/a> \u00b7 <a style=\"color: #cccccc; text-decoration: none;\" title=\"Nota Facundo Pereyra\" href=\"https:\/\/soundcloud.com\/fmreflejos-103-7\/nota-facundo-pereyra\" target=\"_blank\" rel=\"noopener\">Nota Facundo Pereyra<\/a><\/div>\n","protected":false},"excerpt":{"rendered":"<p>Con el tercer lugar como pre candidato a Concejal en \u201cAcci\u00f3n por Tornquist\u201d representando a Saldungaray, esta ma\u00f1ana, lo entrevistamos para conocer la propuesta y los proyectos del vecinalismo en el distrito.<\/p>\n","protected":false},"author":3,"featured_media":0,"comment_status":"closed","ping_status":"closed","sticky":false,"template":"","format":"standard","meta":{"footnotes":""},"categories":[24,26],"tags":[48],"class_list":["post-61621","post","type-post","status-publish","format-standard","hentry","category-politica","category-sociedad","tag-destacada"],"yoast_head":"<!-- This site is optimized with the Yoast SEO plugin v25.9 - https:\/\/yoast.com\/wordpress\/plugins\/seo\/ -->\n<title>\u201cHace a\u00f1os que ven\u00eda luchando por algo vecinal, de una manera en la que todos nos podamos involucrar.&quot; - Noticias Radio Reflejos<\/title>\n<meta name=\"robots\" content=\"index, follow, max-snippet:-1, max-image-preview:large, max-video-preview:-1\" \/>\n<link rel=\"canonical\" href=\"https:\/\/www.noticiasradioreflejos.com.ar\/2021\/hace-anos-que-venia-luchando-por-algo-vecinal-de-una-manera-en-la-que-todos-nos-podamos-involucrar\/\" \/>\n<meta property=\"og:locale\" content=\"es_ES\" \/>\n<meta property=\"og:type\" content=\"article\" \/>\n<meta property=\"og:title\" content=\"\u201cHace a\u00f1os que ven\u00eda luchando por algo vecinal, de una manera en la que todos nos podamos involucrar.&quot; - Noticias Radio Reflejos\" \/>\n<meta property=\"og:description\" content=\"Con el tercer lugar como pre candidato a Concejal en \u201cAcci\u00f3n por Tornquist\u201d representando a Saldungaray, esta ma\u00f1ana, lo entrevistamos para conocer la propuesta y los proyectos del vecinalismo en el distrito.\" \/>\n<meta property=\"og:url\" content=\"https:\/\/www.noticiasradioreflejos.com.ar\/2021\/hace-anos-que-venia-luchando-por-algo-vecinal-de-una-manera-en-la-que-todos-nos-podamos-involucrar\/\" \/>\n<meta property=\"og:site_name\" content=\"Noticias Radio Reflejos\" \/>\n<meta property=\"article:published_time\" content=\"2021-08-18T21:54:42+00:00\" \/>\n<meta property=\"article:modified_time\" content=\"2021-08-18T21:56:04+00:00\" \/>\n<meta property=\"og:image\" content=\"https:\/\/live.staticflickr.com\/65535\/51371739927_6e43d5df6b_c.jpg\" \/>\n<meta name=\"author\" content=\"Arnaldo Botto\" \/>\n<meta name=\"twitter:card\" content=\"summary_large_image\" \/>\n<script type=\"application\/ld+json\" class=\"yoast-schema-graph\">{\"@context\":\"https:\/\/schema.org\",\"@graph\":[{\"@type\":\"WebPage\",\"@id\":\"https:\/\/www.noticiasradioreflejos.com.ar\/2021\/hace-anos-que-venia-luchando-por-algo-vecinal-de-una-manera-en-la-que-todos-nos-podamos-involucrar\/\",\"url\":\"https:\/\/www.noticiasradioreflejos.com.ar\/2021\/hace-anos-que-venia-luchando-por-algo-vecinal-de-una-manera-en-la-que-todos-nos-podamos-involucrar\/\",\"name\":\"\u201cHace a\u00f1os que ven\u00eda luchando por algo vecinal, de una manera en la que todos nos podamos involucrar.\\\" - Noticias Radio Reflejos\",\"isPartOf\":{\"@id\":\"https:\/\/www.noticiasradioreflejos.com.ar\/2021\/#website\"},\"primaryImageOfPage\":{\"@id\":\"https:\/\/www.noticiasradioreflejos.com.ar\/2021\/hace-anos-que-venia-luchando-por-algo-vecinal-de-una-manera-en-la-que-todos-nos-podamos-involucrar\/#primaryimage\"},\"image\":{\"@id\":\"https:\/\/www.noticiasradioreflejos.com.ar\/2021\/hace-anos-que-venia-luchando-por-algo-vecinal-de-una-manera-en-la-que-todos-nos-podamos-involucrar\/#primaryimage\"},\"thumbnailUrl\":\"https:\/\/live.staticflickr.com\/65535\/51371739927_6e43d5df6b_c.jpg\",\"datePublished\":\"2021-08-18T21:54:42+00:00\",\"dateModified\":\"2021-08-18T21:56:04+00:00\",\"author\":{\"@id\":\"https:\/\/www.noticiasradioreflejos.com.ar\/2021\/#\/schema\/person\/ad82545263dcc5ec0996818884fd5fb1\"},\"breadcrumb\":{\"@id\":\"https:\/\/www.noticiasradioreflejos.com.ar\/2021\/hace-anos-que-venia-luchando-por-algo-vecinal-de-una-manera-en-la-que-todos-nos-podamos-involucrar\/#breadcrumb\"},\"inLanguage\":\"es\",\"potentialAction\":[{\"@type\":\"ReadAction\",\"target\":[\"https:\/\/www.noticiasradioreflejos.com.ar\/2021\/hace-anos-que-venia-luchando-por-algo-vecinal-de-una-manera-en-la-que-todos-nos-podamos-involucrar\/\"]}]},{\"@type\":\"ImageObject\",\"inLanguage\":\"es\",\"@id\":\"https:\/\/www.noticiasradioreflejos.com.ar\/2021\/hace-anos-que-venia-luchando-por-algo-vecinal-de-una-manera-en-la-que-todos-nos-podamos-involucrar\/#primaryimage\",\"url\":\"https:\/\/live.staticflickr.com\/65535\/51371739927_6e43d5df6b_c.jpg\",\"contentUrl\":\"https:\/\/live.staticflickr.com\/65535\/51371739927_6e43d5df6b_c.jpg\"},{\"@type\":\"BreadcrumbList\",\"@id\":\"https:\/\/www.noticiasradioreflejos.com.ar\/2021\/hace-anos-que-venia-luchando-por-algo-vecinal-de-una-manera-en-la-que-todos-nos-podamos-involucrar\/#breadcrumb\",\"itemListElement\":[{\"@type\":\"ListItem\",\"position\":1,\"name\":\"Portada\",\"item\":\"https:\/\/www.noticiasradioreflejos.com.ar\/2021\/\"},{\"@type\":\"ListItem\",\"position\":2,\"name\":\"\u201cHace a\u00f1os que ven\u00eda luchando por algo vecinal, de una manera en la que todos nos podamos involucrar.\u00bb\"}]},{\"@type\":\"WebSite\",\"@id\":\"https:\/\/www.noticiasradioreflejos.com.ar\/2021\/#website\",\"url\":\"https:\/\/www.noticiasradioreflejos.com.ar\/2021\/\",\"name\":\"Noticias Radio Reflejos\",\"description\":\"Las noticias de mi comarca\",\"potentialAction\":[{\"@type\":\"SearchAction\",\"target\":{\"@type\":\"EntryPoint\",\"urlTemplate\":\"https:\/\/www.noticiasradioreflejos.com.ar\/2021\/?s={search_term_string}\"},\"query-input\":{\"@type\":\"PropertyValueSpecification\",\"valueRequired\":true,\"valueName\":\"search_term_string\"}}],\"inLanguage\":\"es\"},{\"@type\":\"Person\",\"@id\":\"https:\/\/www.noticiasradioreflejos.com.ar\/2021\/#\/schema\/person\/ad82545263dcc5ec0996818884fd5fb1\",\"name\":\"Arnaldo Botto\",\"image\":{\"@type\":\"ImageObject\",\"inLanguage\":\"es\",\"@id\":\"https:\/\/www.noticiasradioreflejos.com.ar\/2021\/#\/schema\/person\/image\/\",\"url\":\"https:\/\/secure.gravatar.com\/avatar\/55cb5e37c1efa326397366e6974cb338056df65cb50e7d64d1cf314e87504837?s=96&d=mm&r=g\",\"contentUrl\":\"https:\/\/secure.gravatar.com\/avatar\/55cb5e37c1efa326397366e6974cb338056df65cb50e7d64d1cf314e87504837?s=96&d=mm&r=g\",\"caption\":\"Arnaldo Botto\"},\"url\":\"https:\/\/www.noticiasradioreflejos.com.ar\/2021\/author\/arnaldo\/\"}]}<\/script>\n<!-- \/ Yoast SEO plugin. -->","yoast_head_json":{"title":"\u201cHace a\u00f1os que ven\u00eda luchando por algo vecinal, de una manera en la que todos nos podamos involucrar.\" - Noticias Radio Reflejos","robots":{"index":"index","follow":"follow","max-snippet":"max-snippet:-1","max-image-preview":"max-image-preview:large","max-video-preview":"max-video-preview:-1"},"canonical":"https:\/\/www.noticiasradioreflejos.com.ar\/2021\/hace-anos-que-venia-luchando-por-algo-vecinal-de-una-manera-en-la-que-todos-nos-podamos-involucrar\/","og_locale":"es_ES","og_type":"article","og_title":"\u201cHace a\u00f1os que ven\u00eda luchando por algo vecinal, de una manera en la que todos nos podamos involucrar.\" - Noticias Radio Reflejos","og_description":"Con el tercer lugar como pre candidato a Concejal en \u201cAcci\u00f3n por Tornquist\u201d representando a Saldungaray, esta ma\u00f1ana, lo entrevistamos para conocer la propuesta y los proyectos del vecinalismo en el distrito.","og_url":"https:\/\/www.noticiasradioreflejos.com.ar\/2021\/hace-anos-que-venia-luchando-por-algo-vecinal-de-una-manera-en-la-que-todos-nos-podamos-involucrar\/","og_site_name":"Noticias Radio Reflejos","article_published_time":"2021-08-18T21:54:42+00:00","article_modified_time":"2021-08-18T21:56:04+00:00","og_image":[{"url":"https:\/\/live.staticflickr.com\/65535\/51371739927_6e43d5df6b_c.jpg","type":"","width":"","height":""}],"author":"Arnaldo Botto","twitter_card":"summary_large_image","schema":{"@context":"https:\/\/schema.org","@graph":[{"@type":"WebPage","@id":"https:\/\/www.noticiasradioreflejos.com.ar\/2021\/hace-anos-que-venia-luchando-por-algo-vecinal-de-una-manera-en-la-que-todos-nos-podamos-involucrar\/","url":"https:\/\/www.noticiasradioreflejos.com.ar\/2021\/hace-anos-que-venia-luchando-por-algo-vecinal-de-una-manera-en-la-que-todos-nos-podamos-involucrar\/","name":"\u201cHace a\u00f1os que ven\u00eda luchando por algo vecinal, de una manera en la que todos nos podamos involucrar.\" - Noticias Radio Reflejos","isPartOf":{"@id":"https:\/\/www.noticiasradioreflejos.com.ar\/2021\/#website"},"primaryImageOfPage":{"@id":"https:\/\/www.noticiasradioreflejos.com.ar\/2021\/hace-anos-que-venia-luchando-por-algo-vecinal-de-una-manera-en-la-que-todos-nos-podamos-involucrar\/#primaryimage"},"image":{"@id":"https:\/\/www.noticiasradioreflejos.com.ar\/2021\/hace-anos-que-venia-luchando-por-algo-vecinal-de-una-manera-en-la-que-todos-nos-podamos-involucrar\/#primaryimage"},"thumbnailUrl":"https:\/\/live.staticflickr.com\/65535\/51371739927_6e43d5df6b_c.jpg","datePublished":"2021-08-18T21:54:42+00:00","dateModified":"2021-08-18T21:56:04+00:00","author":{"@id":"https:\/\/www.noticiasradioreflejos.com.ar\/2021\/#\/schema\/person\/ad82545263dcc5ec0996818884fd5fb1"},"breadcrumb":{"@id":"https:\/\/www.noticiasradioreflejos.com.ar\/2021\/hace-anos-que-venia-luchando-por-algo-vecinal-de-una-manera-en-la-que-todos-nos-podamos-involucrar\/#breadcrumb"},"inLanguage":"es","potentialAction":[{"@type":"ReadAction","target":["https:\/\/www.noticiasradioreflejos.com.ar\/2021\/hace-anos-que-venia-luchando-por-algo-vecinal-de-una-manera-en-la-que-todos-nos-podamos-involucrar\/"]}]},{"@type":"ImageObject","inLanguage":"es","@id":"https:\/\/www.noticiasradioreflejos.com.ar\/2021\/hace-anos-que-venia-luchando-por-algo-vecinal-de-una-manera-en-la-que-todos-nos-podamos-involucrar\/#primaryimage","url":"https:\/\/live.staticflickr.com\/65535\/51371739927_6e43d5df6b_c.jpg","contentUrl":"https:\/\/live.staticflickr.com\/65535\/51371739927_6e43d5df6b_c.jpg"},{"@type":"BreadcrumbList","@id":"https:\/\/www.noticiasradioreflejos.com.ar\/2021\/hace-anos-que-venia-luchando-por-algo-vecinal-de-una-manera-en-la-que-todos-nos-podamos-involucrar\/#breadcrumb","itemListElement":[{"@type":"ListItem","position":1,"name":"Portada","item":"https:\/\/www.noticiasradioreflejos.com.ar\/2021\/"},{"@type":"ListItem","position":2,"name":"\u201cHace a\u00f1os que ven\u00eda luchando por algo vecinal, de una manera en la que todos nos podamos involucrar.\u00bb"}]},{"@type":"WebSite","@id":"https:\/\/www.noticiasradioreflejos.com.ar\/2021\/#website","url":"https:\/\/www.noticiasradioreflejos.com.ar\/2021\/","name":"Noticias Radio Reflejos","description":"Las noticias de mi comarca","potentialAction":[{"@type":"SearchAction","target":{"@type":"EntryPoint","urlTemplate":"https:\/\/www.noticiasradioreflejos.com.ar\/2021\/?s={search_term_string}"},"query-input":{"@type":"PropertyValueSpecification","valueRequired":true,"valueName":"search_term_string"}}],"inLanguage":"es"},{"@type":"Person","@id":"https:\/\/www.noticiasradioreflejos.com.ar\/2021\/#\/schema\/person\/ad82545263dcc5ec0996818884fd5fb1","name":"Arnaldo Botto","image":{"@type":"ImageObject","inLanguage":"es","@id":"https:\/\/www.noticiasradioreflejos.com.ar\/2021\/#\/schema\/person\/image\/","url":"https:\/\/secure.gravatar.com\/avatar\/55cb5e37c1efa326397366e6974cb338056df65cb50e7d64d1cf314e87504837?s=96&d=mm&r=g","contentUrl":"https:\/\/secure.gravatar.com\/avatar\/55cb5e37c1efa326397366e6974cb338056df65cb50e7d64d1cf314e87504837?s=96&d=mm&r=g","caption":"Arnaldo Botto"},"url":"https:\/\/www.noticiasradioreflejos.com.ar\/2021\/author\/arnaldo\/"}]}},"_links":{"self":[{"href":"https:\/\/www.noticiasradioreflejos.com.ar\/2021\/wp-json\/wp\/v2\/posts\/61621","targetHints":{"allow":["GET"]}}],"collection":[{"href":"https:\/\/www.noticiasradioreflejos.com.ar\/2021\/wp-json\/wp\/v2\/posts"}],"about":[{"href":"https:\/\/www.noticiasradioreflejos.com.ar\/2021\/wp-json\/wp\/v2\/types\/post"}],"author":[{"embeddable":true,"href":"https:\/\/www.noticiasradioreflejos.com.ar\/2021\/wp-json\/wp\/v2\/users\/3"}],"replies":[{"embeddable":true,"href":"https:\/\/www.noticiasradioreflejos.com.ar\/2021\/wp-json\/wp\/v2\/comments?post=61621"}],"version-history":[{"count":1,"href":"https:\/\/www.noticiasradioreflejos.com.ar\/2021\/wp-json\/wp\/v2\/posts\/61621\/revisions"}],"predecessor-version":[{"id":61623,"href":"https:\/\/www.noticiasradioreflejos.com.ar\/2021\/wp-json\/wp\/v2\/posts\/61621\/revisions\/61623"}],"wp:attachment":[{"href":"https:\/\/www.noticiasradioreflejos.com.ar\/2021\/wp-json\/wp\/v2\/media?parent=61621"}],"wp:term":[{"taxonomy":"category","embeddable":true,"href":"https:\/\/www.noticiasradioreflejos.com.ar\/2021\/wp-json\/wp\/v2\/categories?post=61621"},{"taxonomy":"post_tag","embeddable":true,"href":"https:\/\/www.noticiasradioreflejos.com.ar\/2021\/wp-json\/wp\/v2\/tags?post=61621"}],"curies":[{"name":"wp","href":"https:\/\/api.w.org\/{rel}","templated":true}]}}