{"id":61611,"date":"2021-08-18T20:30:59","date_gmt":"2021-08-18T20:30:59","guid":{"rendered":"http:\/\/www.noticiasradioreflejos.com.ar\/2021\/?p=61611"},"modified":"2021-08-18T20:45:03","modified_gmt":"2021-08-18T20:45:03","slug":"feroz-incendio-en-las-sierras-de-cordoba-hay-casas-afectadas-y-evacuados","status":"publish","type":"post","link":"https:\/\/www.noticiasradioreflejos.com.ar\/2021\/feroz-incendio-en-las-sierras-de-cordoba-hay-casas-afectadas-y-evacuados\/","title":{"rendered":"Feroz incendio en las sierras de C\u00f3rdoba: hay casas afectadas y evacuados"},"content":{"rendered":"<header class=\"article-header-wrapper\">\n<div class=\"article-header\">\n<p class=\"article-subheadline\">El fuego aqueja a las localidades de Intiyaco y Athos Pampa -en el valle de Calamuchita- y a San Clemente, Potrerillo y Potrero de Garay. El calor extremo y los fuertes vientos complican las tareas de los bomberos que trabajan para controlar el siniestro<\/p>\n<\/div>\n<\/header>\n<p><!--more--><\/p>\n<blockquote class=\"twitter-tweet\" data-width=\"500\" data-dnt=\"true\">\n<p lang=\"es\" dir=\"ltr\">\ud83d\udd25 Hay dos <a href=\"https:\/\/twitter.com\/hashtag\/incendios?src=hash&amp;ref_src=twsrc%5Etfw\">#incendios<\/a> definidos en nuestra provincia: uno entre la zona de <a href=\"https:\/\/twitter.com\/hashtag\/Intiyaco?src=hash&amp;ref_src=twsrc%5Etfw\">#Intiyaco<\/a> y <a href=\"https:\/\/twitter.com\/hashtag\/AthosPampa?src=hash&amp;ref_src=twsrc%5Etfw\">#AthosPampa<\/a> y el otro que empez\u00f3 en <a href=\"https:\/\/twitter.com\/hashtag\/SanClemente?src=hash&amp;ref_src=twsrc%5Etfw\">#SanClemente<\/a> y fue hacia la zona de <a href=\"https:\/\/twitter.com\/hashtag\/PotreroDeGaray?src=hash&amp;ref_src=twsrc%5Etfw\">#PotreroDeGaray<\/a>. <a href=\"https:\/\/t.co\/SJXFhJGCcW\">pic.twitter.com\/SJXFhJGCcW<\/a><\/p>\n<p>&mdash; Gobierno de C\u00f3rdoba (@gobdecordoba) <a href=\"https:\/\/twitter.com\/gobdecordoba\/status\/1428070606898143246?ref_src=twsrc%5Etfw\">August 18, 2021<\/a><\/p><\/blockquote>\n<p><script async src=\"https:\/\/platform.twitter.com\/widgets.js\" charset=\"utf-8\"><\/script><\/p>\n<p>Esta ma\u00f1ana se produjeron\u00a0<b>nuevos incendios forestales en las sierras de C\u00f3rdoba<\/b>\u00a0que obligaron a evacuaciones preventivas. Unos de los focos se registr\u00f3 dentro de una forestaci\u00f3n en la zona de las localidades de\u00a0<b>Intiyaco y Athos Pampa, en el valle de Calamuchita<\/b>. Casi en simult\u00e1neo, otro frente se detect\u00f3 cerca de\u00a0<b>San Clemente, Potrerillo y\u00a0<\/b><mark class=\"hl_yellow\"><b>Potrero de Garay, este \u00faltimo lugar donde las llamas ya alcanzaron varias caba\u00f1as.<\/b><\/mark><\/p>\n<p class=\"paragraph\"><b>Tres aviones hidrantes y casi cien efectivos de bomberos<\/b>\u00a0<b>de diferentes cuarteles de la regi\u00f3n trabajan intensamente en el combate del fuego<\/b>, con la prioridad de evitar que las llamas se acerquen a las zonas pobladas. Los operativos para controlar las llamas se dan\u00a0<mark class=\"hl_yellow\"><b>en medio del calor extremo y los fuertes vientos que complican las tareas. Hacia las 15 de la tarde de este mi\u00e9rcoles en C\u00f3rdoba se registraban 32 grados de temperatura.<\/b><\/mark><\/p>\n<div class=\"visual__image \"><img loading=\"lazy\" decoding=\"async\" src=\"https:\/\/www.infobae.com\/new-resizer\/9cRnI3HqU7dEQHSFDB68AjfpPic=\/420x315\/filters:format(jpg):quality(85)\/cloudfront-us-east-1.images.arcpublishing.com\/infobae\/K6C3A653DFHZFOQ32WROQTKEXQ.jpg%20420w\" sizes=\"auto, (min-width: 800px) 50vw, 90vw\" srcset=\"https:\/\/www.infobae.com\/new-resizer\/9cRnI3HqU7dEQHSFDB68AjfpPic=\/420x315\/filters:format(jpg):quality(85)\/cloudfront-us-east-1.images.arcpublishing.com\/infobae\/K6C3A653DFHZFOQ32WROQTKEXQ.jpg 420w,https:\/\/www.infobae.com\/new-resizer\/oMKNDN93VxK-3p9RLI7QRNV79Jw=\/768x576\/filters:format(jpg):quality(85)\/cloudfront-us-east-1.images.arcpublishing.com\/infobae\/K6C3A653DFHZFOQ32WROQTKEXQ.jpg 768w,https:\/\/www.infobae.com\/new-resizer\/eYsJ8zI4_COhlLmiPqwfo5Wdj6k=\/992x744\/filters:format(jpg):quality(85)\/cloudfront-us-east-1.images.arcpublishing.com\/infobae\/K6C3A653DFHZFOQ32WROQTKEXQ.jpg 992w,https:\/\/www.infobae.com\/new-resizer\/LjN9niHZLvV3vStvjItR9J_Msto=\/1200x900\/filters:format(jpg):quality(85)\/cloudfront-us-east-1.images.arcpublishing.com\/infobae\/K6C3A653DFHZFOQ32WROQTKEXQ.jpg 1200w\" alt=\"El fuego afect\u00f3 hasta el momento a cinco localidades\" width=\"1920\" height=\"1440\" \/>El fuego afect\u00f3 hasta el momento a cinco localidades<\/div>\n<p class=\"paragraph\"><b>Diego Concha<\/b>, director General de Protecci\u00f3n Civil de la provincia, cont\u00f3 que las llamas comenzaron cerca de las 7 y precis\u00f3 que en la zona\u00a0<mark class=\"hl_yellow\">\u201chay un total de 16 cuarteles de bomberos voluntarios, tres dotaciones del ETAC, Personal del Plan Provincial de Manejo del Fuego y Defensa Civil\u201d.<\/mark>\u00a0Seg\u00fan dijo, act\u00faan los cuarteles de la Regional 7, \u201cLa Cumbrecita, Villa Berna, Yacanto, Villa General Belgrano, Santa Rosa y Potrero de Garay\u201d, agreg\u00f3.<\/p>\n<div class=\"visual__image \"><img loading=\"lazy\" decoding=\"async\" src=\"https:\/\/www.infobae.com\/new-resizer\/iK-VzoiHKt_rmfBKmblU2k5jgBs=\/420x236\/filters:format(jpg):quality(85)\/cloudfront-us-east-1.images.arcpublishing.com\/infobae\/DIUYY6WJONHJFLQHSLO3ANWE4U.jpg%20420w\" sizes=\"auto, (min-width: 800px) 50vw, 90vw\" srcset=\"https:\/\/www.infobae.com\/new-resizer\/iK-VzoiHKt_rmfBKmblU2k5jgBs=\/420x236\/filters:format(jpg):quality(85)\/cloudfront-us-east-1.images.arcpublishing.com\/infobae\/DIUYY6WJONHJFLQHSLO3ANWE4U.jpg 420w,https:\/\/www.infobae.com\/new-resizer\/I-0Fg7ohNaiAA2M_-tT7yB3vXlw=\/768x432\/filters:format(jpg):quality(85)\/cloudfront-us-east-1.images.arcpublishing.com\/infobae\/DIUYY6WJONHJFLQHSLO3ANWE4U.jpg 768w,https:\/\/www.infobae.com\/new-resizer\/7rcvg4eCdc2Mc3x3ylel6yJ_-2c=\/992x558\/filters:format(jpg):quality(85)\/cloudfront-us-east-1.images.arcpublishing.com\/infobae\/DIUYY6WJONHJFLQHSLO3ANWE4U.jpg 992w,https:\/\/www.infobae.com\/new-resizer\/zXZeEqtSDmv7UrJvn31Uhlofj7w=\/1200x675\/filters:format(jpg):quality(85)\/cloudfront-us-east-1.images.arcpublishing.com\/infobae\/DIUYY6WJONHJFLQHSLO3ANWE4U.jpg 1200w\" alt=\"El fuego se detect\u00f3 alrededor de las 7 de hoy\" width=\"1920\" height=\"1080\" \/>El fuego se detect\u00f3 alrededor de las 7 de hoy<\/div>\n<p class=\"paragraph\">Las autoridades del gobierno provincial comunicaron que a los 87 bomberos que trabajan sobre el terreno en las tareas de extinci\u00f3n se suma\u00a0<b>un avi\u00f3n hidrante que opera desde el lago Los Molinos, dos de carga de agua terrestre que lo hacen desde la pista de Villa General Belgrano y un helic\u00f3ptero<\/b>. Adem\u00e1s, participan efectivos del Plan Provincial de Manejo del Fuego, de Defensa Civil provincial, de la Secretar\u00eda de Gesti\u00f3n de Riesgo Clim\u00e1tico, Cat\u00e1strofes y Protecci\u00f3n Civil, y de la Polic\u00eda de C\u00f3rdoba.<\/p>\n<p class=\"paragraph\"><mark class=\"hl_yellow\">\u201cLamentablemente para hoy el \u00edndice de peligrosidad incendio en todo el territorio provincial ser\u00e1 extremo. En el lugar afectado, las condiciones meteorol\u00f3gicas no son de las mejores; la temperatura ir\u00e1 en aumento, con muy bajo porcentaje de humedad y fuerte viento norte\u201d<\/mark>, advirti\u00f3 Concha.<\/p>\n<div class=\"visual__image \"><img loading=\"lazy\" decoding=\"async\" src=\"https:\/\/www.infobae.com\/new-resizer\/AFsR4NbpMF8XM-4vC9bWOv448dY=\/420x315\/filters:format(jpg):quality(85)\/cloudfront-us-east-1.images.arcpublishing.com\/infobae\/X5C2VLHLRRHYPE36EDDAB55HYA.jpg%20420w\" sizes=\"auto, (min-width: 800px) 50vw, 90vw\" srcset=\"https:\/\/www.infobae.com\/new-resizer\/AFsR4NbpMF8XM-4vC9bWOv448dY=\/420x315\/filters:format(jpg):quality(85)\/cloudfront-us-east-1.images.arcpublishing.com\/infobae\/X5C2VLHLRRHYPE36EDDAB55HYA.jpg 420w,https:\/\/www.infobae.com\/new-resizer\/T8pyWjBNkzs1M-3UN6pZjOrTsv8=\/768x576\/filters:format(jpg):quality(85)\/cloudfront-us-east-1.images.arcpublishing.com\/infobae\/X5C2VLHLRRHYPE36EDDAB55HYA.jpg 768w,https:\/\/www.infobae.com\/new-resizer\/2IyhTurELYBTAmLqk6lPadslieA=\/992x744\/filters:format(jpg):quality(85)\/cloudfront-us-east-1.images.arcpublishing.com\/infobae\/X5C2VLHLRRHYPE36EDDAB55HYA.jpg 992w,https:\/\/www.infobae.com\/new-resizer\/OEcdqpXRbMHu_p-nm4xo0UjopUk=\/1200x900\/filters:format(jpg):quality(85)\/cloudfront-us-east-1.images.arcpublishing.com\/infobae\/X5C2VLHLRRHYPE36EDDAB55HYA.jpg 1200w\" alt=\"El calor y los fuertes vientos complican la labor de los bomberos\" width=\"1920\" height=\"1440\" \/>El calor y los fuertes vientos complican la labor de los bomberos<\/div>\n<p class=\"paragraph\">Por su parte, el gobernador<b>\u00a0Juan Schiaretti<\/b>, inform\u00f3 que\u00a0<b>\u201cen Potrero de Garay estamos realizando la evacuaci\u00f3n preventiva por riesgo de interface\u201d<\/b>, mientras que los medios a\u00e9reos y terrestres, con los que cuenta la Provincia, contin\u00faan trabajando en el lugar para mitigar esta situaci\u00f3n.<\/p>\n<p class=\"paragraph\">\u201cQuiero pedirles a las familias afectadas que por favor colaboren con el personal de ETAC, bomberos, polic\u00eda y defensa civil que est\u00e1 trabajando en el lugar\u201d, solicit\u00f3 el mandatario a trav\u00e9s de sus redes sociales.<\/p>\n<p class=\"paragraph\">Y acot\u00f3: \u201cTenemos en marcha el Fondo Permanente para Atenci\u00f3n de Situaciones de Desastre para afrontar todos los da\u00f1os materiales y ambientales que puedan ocurrir.\u00a0<b>En estos momentos, lo importante es salvar vidas humanas\u201d<\/b>.<\/p>\n<div class=\"visual__image \"><img loading=\"lazy\" decoding=\"async\" src=\"https:\/\/www.infobae.com\/new-resizer\/BdxOxDpsKpXRmbp0U1rsJaNnF4o=\/420x560\/filters:format(jpg):quality(85)\/cloudfront-us-east-1.images.arcpublishing.com\/infobae\/TTKWKIBWBRH6TKV5SOJIGXVLAM.jpg%20420w\" sizes=\"auto, (min-width: 800px) 50vw, 90vw\" srcset=\"https:\/\/www.infobae.com\/new-resizer\/BdxOxDpsKpXRmbp0U1rsJaNnF4o=\/420x560\/filters:format(jpg):quality(85)\/cloudfront-us-east-1.images.arcpublishing.com\/infobae\/TTKWKIBWBRH6TKV5SOJIGXVLAM.jpg 420w,https:\/\/www.infobae.com\/new-resizer\/pKNhUJFp95BWJKHQtYqk8WVdbGQ=\/768x1024\/filters:format(jpg):quality(85)\/cloudfront-us-east-1.images.arcpublishing.com\/infobae\/TTKWKIBWBRH6TKV5SOJIGXVLAM.jpg 768w,https:\/\/www.infobae.com\/new-resizer\/YKtyBcmx4kF-NpcFyBxbfI6ks30=\/992x1323\/filters:format(jpg):quality(85)\/cloudfront-us-east-1.images.arcpublishing.com\/infobae\/TTKWKIBWBRH6TKV5SOJIGXVLAM.jpg 992w,https:\/\/www.infobae.com\/new-resizer\/7VRZIBmUOPMmvmOogEQyY0N2y3s=\/1200x1600\/filters:format(jpg):quality(85)\/cloudfront-us-east-1.images.arcpublishing.com\/infobae\/TTKWKIBWBRH6TKV5SOJIGXVLAM.jpg 1200w\" alt=\"Varias caba\u00f1as y otras viviendas debieron ser evacuadas\" width=\"1920\" height=\"2560\" \/>Varias caba\u00f1as y otras viviendas debieron ser evacuadas<\/div>\n<p class=\"paragraph\">Al respecto, el intendente de Potrero de Garay,<b>\u00a0Gerardo Mart\u00ednez<\/b>, indic\u00f3 al medio\u00a0<i>Cadena 3<\/i>\u00a0que\u00a0<b>hasta el momento ser\u00edan \u201ccerca de 80 vecinos\u201d los que ya fueron evacuados por las autoridades<\/b>, mientras que otros desalojaron sus viviendas por su cuenta. \u201cHace dos o tres horas tuvimos momentos complicados. Hemos evacuado a muchos vecinos. Se quem\u00f3 mucha extensi\u00f3n en poco tiempo, da mucha pena\u201d, dijo el mandatario municipal.<\/p>\n<p class=\"paragraph\">Todav\u00eda se desconocen las causas que originaron el fuego en ambos lugares.<\/p>\n<p class=\"paragraph\"><mark class=\"hl_yellow\"><b>Desde el gobierno provincial advierten que \u201cpor la \u00e9poca de sequ\u00eda y la imprudencia de unos pocos, los cordobeses est\u00e1n en situaci\u00f3n de incendios extremos\u201d<\/b><\/mark>\u00a0por lo que difundieron una serie de\u00a0<b>recomendaciones para la poblaci\u00f3n<\/b>: no quemar basura ni restos de poda; no tirar colillas de cigarrillos ni f\u00f3sforos encendidos en campos, bosques o zonas arboladas; si se inicia fuego en el pasto y no alcanza intensidad, apagarlo golpeando la llama con una manta o bolsa, si es posible mojada; en caso de situaci\u00f3n de riesgo, seguir las instrucciones de los bomberos o autoridades a cargo; pedir asistencia llamando al 101 (Polic\u00eda) 100 (Bomberos) o 0800 888 38346 (FUEGO).<\/p>\n<div class=\"visual__image \"><img loading=\"lazy\" decoding=\"async\" src=\"https:\/\/www.infobae.com\/new-resizer\/-QATt5RUWi_yJawTyUdLSuzIjV0=\/420x315\/filters:format(jpg):quality(85)\/cloudfront-us-east-1.images.arcpublishing.com\/infobae\/GU4VNMBVLFE6DHWYBHBBYTTVWM.jpg%20420w\" sizes=\"auto, (min-width: 800px) 50vw, 90vw\" srcset=\"https:\/\/www.infobae.com\/new-resizer\/-QATt5RUWi_yJawTyUdLSuzIjV0=\/420x315\/filters:format(jpg):quality(85)\/cloudfront-us-east-1.images.arcpublishing.com\/infobae\/GU4VNMBVLFE6DHWYBHBBYTTVWM.jpg 420w,https:\/\/www.infobae.com\/new-resizer\/savF6w39irt0rf8V3JkULB7uqtk=\/768x576\/filters:format(jpg):quality(85)\/cloudfront-us-east-1.images.arcpublishing.com\/infobae\/GU4VNMBVLFE6DHWYBHBBYTTVWM.jpg 768w,https:\/\/www.infobae.com\/new-resizer\/K9s3j2ZeRIKZ1sCQDZgl2KylLcU=\/992x744\/filters:format(jpg):quality(85)\/cloudfront-us-east-1.images.arcpublishing.com\/infobae\/GU4VNMBVLFE6DHWYBHBBYTTVWM.jpg 992w,https:\/\/www.infobae.com\/new-resizer\/WUg7wKVy9es8jfip8glADUjx9OM=\/1200x900\/filters:format(jpg):quality(85)\/cloudfront-us-east-1.images.arcpublishing.com\/infobae\/GU4VNMBVLFE6DHWYBHBBYTTVWM.jpg 1200w\" alt=\"Se desconocen las causas que originaron las llamas\" width=\"1920\" height=\"1440\" \/>Se desconocen las causas que originaron las llamas<\/div>\n<p class=\"paragraph\">El a\u00f1o pasado, la provincia de C\u00f3rdoba sufri\u00f3 entre agosto y octubre las estad\u00edsticas anuales m\u00e1s graves en cuanto a incendios forestales se refiera en los \u00faltimos 20 a\u00f1os. Seg\u00fan la Federaci\u00f3n de Bomberos Voluntarios de C\u00f3rdoba,<b>\u00a0el fuego cubri\u00f3 m\u00e1s de 320.000 hect\u00e1reas durante ese per\u00edodo<\/b>. Como consecuencia, el siniestro tambi\u00e9n\u00a0<b>afect\u00f3 unas 90.000 hect\u00e1reas en San Luis.<\/b><\/p>\n<p class=\"paragraph\">En aquel momento, el incendio de mayor extensi\u00f3n comenz\u00f3 en \u00e1reas monta\u00f1osas del departamento\u00a0<b>Ischil\u00edn\u00a0<\/b>y luego se extendi\u00f3 hacia el\u00a0<b>Valle de Ongamira<\/b>\u00a0y el norte del departamento\u00a0<b>Punilla<\/b>.<\/p>\n<p class=\"paragraph\">Tambi\u00e9n se registr\u00f3 otro foco de considerable extensi\u00f3n a pocos kil\u00f3metros al sur, sobre las Sierras Chicas, entre las ciudades de<b>\u00a0La Calera y Cosqu\u00edn.<\/b>\u00a0Mientras que incendios de menor envergadura y duraci\u00f3n se desataron en las ciudades de\u00a0<b>La Falda, Achiras y Valle Hermoso.<\/b><\/p>\n<p><span style=\"color: #ff6600;\"><strong>Fuente Infobae<\/strong><\/span><\/p>\n","protected":false},"excerpt":{"rendered":"<p>El fuego aqueja a las localidades de Intiyaco y Athos Pampa -en el valle de Calamuchita- y a San Clemente, Potrerillo y Potrero de Garay. El calor extremo y los fuertes vientos complican las tareas de los bomberos que trabajan para controlar el siniestro<\/p>\n","protected":false},"author":3,"featured_media":0,"comment_status":"closed","ping_status":"closed","sticky":false,"template":"","format":"standard","meta":{"footnotes":""},"categories":[1],"tags":[],"class_list":["post-61611","post","type-post","status-publish","format-standard","hentry","category-sin-categoria"],"yoast_head":"<!-- This site is optimized with the Yoast SEO plugin v25.9 - https:\/\/yoast.com\/wordpress\/plugins\/seo\/ -->\n<title>Feroz incendio en las sierras de C\u00f3rdoba: hay casas afectadas y evacuados - Noticias Radio Reflejos<\/title>\n<meta name=\"robots\" content=\"index, follow, max-snippet:-1, max-image-preview:large, max-video-preview:-1\" \/>\n<link rel=\"canonical\" href=\"https:\/\/www.noticiasradioreflejos.com.ar\/2021\/feroz-incendio-en-las-sierras-de-cordoba-hay-casas-afectadas-y-evacuados\/\" \/>\n<meta property=\"og:locale\" content=\"es_ES\" \/>\n<meta property=\"og:type\" content=\"article\" \/>\n<meta property=\"og:title\" content=\"Feroz incendio en las sierras de C\u00f3rdoba: hay casas afectadas y evacuados - Noticias Radio Reflejos\" \/>\n<meta property=\"og:description\" content=\"El fuego aqueja a las localidades de Intiyaco y Athos Pampa -en el valle de Calamuchita- y a San Clemente, Potrerillo y Potrero de Garay. El calor extremo y los fuertes vientos complican las tareas de los bomberos que trabajan para controlar el siniestro\" \/>\n<meta property=\"og:url\" content=\"https:\/\/www.noticiasradioreflejos.com.ar\/2021\/feroz-incendio-en-las-sierras-de-cordoba-hay-casas-afectadas-y-evacuados\/\" \/>\n<meta property=\"og:site_name\" content=\"Noticias Radio Reflejos\" \/>\n<meta property=\"article:published_time\" content=\"2021-08-18T20:30:59+00:00\" \/>\n<meta property=\"article:modified_time\" content=\"2021-08-18T20:45:03+00:00\" \/>\n<meta property=\"og:image\" content=\"https:\/\/www.infobae.com\/new-resizer\/9cRnI3HqU7dEQHSFDB68AjfpPic=\/420x315\/filters:format(jpg):quality(85)\/cloudfront-us-east-1.images.arcpublishing.com\/infobae\/K6C3A653DFHZFOQ32WROQTKEXQ.jpg%20420w\" \/>\n<meta name=\"author\" content=\"Arnaldo Botto\" \/>\n<meta name=\"twitter:card\" content=\"summary_large_image\" \/>\n<script type=\"application\/ld+json\" class=\"yoast-schema-graph\">{\"@context\":\"https:\/\/schema.org\",\"@graph\":[{\"@type\":\"WebPage\",\"@id\":\"https:\/\/www.noticiasradioreflejos.com.ar\/2021\/feroz-incendio-en-las-sierras-de-cordoba-hay-casas-afectadas-y-evacuados\/\",\"url\":\"https:\/\/www.noticiasradioreflejos.com.ar\/2021\/feroz-incendio-en-las-sierras-de-cordoba-hay-casas-afectadas-y-evacuados\/\",\"name\":\"Feroz incendio en las sierras de C\u00f3rdoba: hay casas afectadas y evacuados - Noticias Radio Reflejos\",\"isPartOf\":{\"@id\":\"https:\/\/www.noticiasradioreflejos.com.ar\/2021\/#website\"},\"primaryImageOfPage\":{\"@id\":\"https:\/\/www.noticiasradioreflejos.com.ar\/2021\/feroz-incendio-en-las-sierras-de-cordoba-hay-casas-afectadas-y-evacuados\/#primaryimage\"},\"image\":{\"@id\":\"https:\/\/www.noticiasradioreflejos.com.ar\/2021\/feroz-incendio-en-las-sierras-de-cordoba-hay-casas-afectadas-y-evacuados\/#primaryimage\"},\"thumbnailUrl\":\"https:\/\/www.infobae.com\/new-resizer\/9cRnI3HqU7dEQHSFDB68AjfpPic=\/420x315\/filters:format(jpg):quality(85)\/cloudfront-us-east-1.images.arcpublishing.com\/infobae\/K6C3A653DFHZFOQ32WROQTKEXQ.jpg%20420w\",\"datePublished\":\"2021-08-18T20:30:59+00:00\",\"dateModified\":\"2021-08-18T20:45:03+00:00\",\"author\":{\"@id\":\"https:\/\/www.noticiasradioreflejos.com.ar\/2021\/#\/schema\/person\/ad82545263dcc5ec0996818884fd5fb1\"},\"breadcrumb\":{\"@id\":\"https:\/\/www.noticiasradioreflejos.com.ar\/2021\/feroz-incendio-en-las-sierras-de-cordoba-hay-casas-afectadas-y-evacuados\/#breadcrumb\"},\"inLanguage\":\"es\",\"potentialAction\":[{\"@type\":\"ReadAction\",\"target\":[\"https:\/\/www.noticiasradioreflejos.com.ar\/2021\/feroz-incendio-en-las-sierras-de-cordoba-hay-casas-afectadas-y-evacuados\/\"]}]},{\"@type\":\"ImageObject\",\"inLanguage\":\"es\",\"@id\":\"https:\/\/www.noticiasradioreflejos.com.ar\/2021\/feroz-incendio-en-las-sierras-de-cordoba-hay-casas-afectadas-y-evacuados\/#primaryimage\",\"url\":\"https:\/\/www.infobae.com\/new-resizer\/9cRnI3HqU7dEQHSFDB68AjfpPic=\/420x315\/filters:format(jpg):quality(85)\/cloudfront-us-east-1.images.arcpublishing.com\/infobae\/K6C3A653DFHZFOQ32WROQTKEXQ.jpg%20420w\",\"contentUrl\":\"https:\/\/www.infobae.com\/new-resizer\/9cRnI3HqU7dEQHSFDB68AjfpPic=\/420x315\/filters:format(jpg):quality(85)\/cloudfront-us-east-1.images.arcpublishing.com\/infobae\/K6C3A653DFHZFOQ32WROQTKEXQ.jpg%20420w\"},{\"@type\":\"BreadcrumbList\",\"@id\":\"https:\/\/www.noticiasradioreflejos.com.ar\/2021\/feroz-incendio-en-las-sierras-de-cordoba-hay-casas-afectadas-y-evacuados\/#breadcrumb\",\"itemListElement\":[{\"@type\":\"ListItem\",\"position\":1,\"name\":\"Portada\",\"item\":\"https:\/\/www.noticiasradioreflejos.com.ar\/2021\/\"},{\"@type\":\"ListItem\",\"position\":2,\"name\":\"Feroz incendio en las sierras de C\u00f3rdoba: hay casas afectadas y evacuados\"}]},{\"@type\":\"WebSite\",\"@id\":\"https:\/\/www.noticiasradioreflejos.com.ar\/2021\/#website\",\"url\":\"https:\/\/www.noticiasradioreflejos.com.ar\/2021\/\",\"name\":\"Noticias Radio Reflejos\",\"description\":\"Las noticias de mi comarca\",\"potentialAction\":[{\"@type\":\"SearchAction\",\"target\":{\"@type\":\"EntryPoint\",\"urlTemplate\":\"https:\/\/www.noticiasradioreflejos.com.ar\/2021\/?s={search_term_string}\"},\"query-input\":{\"@type\":\"PropertyValueSpecification\",\"valueRequired\":true,\"valueName\":\"search_term_string\"}}],\"inLanguage\":\"es\"},{\"@type\":\"Person\",\"@id\":\"https:\/\/www.noticiasradioreflejos.com.ar\/2021\/#\/schema\/person\/ad82545263dcc5ec0996818884fd5fb1\",\"name\":\"Arnaldo Botto\",\"image\":{\"@type\":\"ImageObject\",\"inLanguage\":\"es\",\"@id\":\"https:\/\/www.noticiasradioreflejos.com.ar\/2021\/#\/schema\/person\/image\/\",\"url\":\"https:\/\/secure.gravatar.com\/avatar\/55cb5e37c1efa326397366e6974cb338056df65cb50e7d64d1cf314e87504837?s=96&d=mm&r=g\",\"contentUrl\":\"https:\/\/secure.gravatar.com\/avatar\/55cb5e37c1efa326397366e6974cb338056df65cb50e7d64d1cf314e87504837?s=96&d=mm&r=g\",\"caption\":\"Arnaldo Botto\"},\"url\":\"https:\/\/www.noticiasradioreflejos.com.ar\/2021\/author\/arnaldo\/\"}]}<\/script>\n<!-- \/ Yoast SEO plugin. -->","yoast_head_json":{"title":"Feroz incendio en las sierras de C\u00f3rdoba: hay casas afectadas y evacuados - Noticias Radio Reflejos","robots":{"index":"index","follow":"follow","max-snippet":"max-snippet:-1","max-image-preview":"max-image-preview:large","max-video-preview":"max-video-preview:-1"},"canonical":"https:\/\/www.noticiasradioreflejos.com.ar\/2021\/feroz-incendio-en-las-sierras-de-cordoba-hay-casas-afectadas-y-evacuados\/","og_locale":"es_ES","og_type":"article","og_title":"Feroz incendio en las sierras de C\u00f3rdoba: hay casas afectadas y evacuados - Noticias Radio Reflejos","og_description":"El fuego aqueja a las localidades de Intiyaco y Athos Pampa -en el valle de Calamuchita- y a San Clemente, Potrerillo y Potrero de Garay. El calor extremo y los fuertes vientos complican las tareas de los bomberos que trabajan para controlar el siniestro","og_url":"https:\/\/www.noticiasradioreflejos.com.ar\/2021\/feroz-incendio-en-las-sierras-de-cordoba-hay-casas-afectadas-y-evacuados\/","og_site_name":"Noticias Radio Reflejos","article_published_time":"2021-08-18T20:30:59+00:00","article_modified_time":"2021-08-18T20:45:03+00:00","og_image":[{"url":"https:\/\/www.infobae.com\/new-resizer\/9cRnI3HqU7dEQHSFDB68AjfpPic=\/420x315\/filters:format(jpg):quality(85)\/cloudfront-us-east-1.images.arcpublishing.com\/infobae\/K6C3A653DFHZFOQ32WROQTKEXQ.jpg%20420w","type":"","width":"","height":""}],"author":"Arnaldo Botto","twitter_card":"summary_large_image","schema":{"@context":"https:\/\/schema.org","@graph":[{"@type":"WebPage","@id":"https:\/\/www.noticiasradioreflejos.com.ar\/2021\/feroz-incendio-en-las-sierras-de-cordoba-hay-casas-afectadas-y-evacuados\/","url":"https:\/\/www.noticiasradioreflejos.com.ar\/2021\/feroz-incendio-en-las-sierras-de-cordoba-hay-casas-afectadas-y-evacuados\/","name":"Feroz incendio en las sierras de C\u00f3rdoba: hay casas afectadas y evacuados - Noticias Radio Reflejos","isPartOf":{"@id":"https:\/\/www.noticiasradioreflejos.com.ar\/2021\/#website"},"primaryImageOfPage":{"@id":"https:\/\/www.noticiasradioreflejos.com.ar\/2021\/feroz-incendio-en-las-sierras-de-cordoba-hay-casas-afectadas-y-evacuados\/#primaryimage"},"image":{"@id":"https:\/\/www.noticiasradioreflejos.com.ar\/2021\/feroz-incendio-en-las-sierras-de-cordoba-hay-casas-afectadas-y-evacuados\/#primaryimage"},"thumbnailUrl":"https:\/\/www.infobae.com\/new-resizer\/9cRnI3HqU7dEQHSFDB68AjfpPic=\/420x315\/filters:format(jpg):quality(85)\/cloudfront-us-east-1.images.arcpublishing.com\/infobae\/K6C3A653DFHZFOQ32WROQTKEXQ.jpg%20420w","datePublished":"2021-08-18T20:30:59+00:00","dateModified":"2021-08-18T20:45:03+00:00","author":{"@id":"https:\/\/www.noticiasradioreflejos.com.ar\/2021\/#\/schema\/person\/ad82545263dcc5ec0996818884fd5fb1"},"breadcrumb":{"@id":"https:\/\/www.noticiasradioreflejos.com.ar\/2021\/feroz-incendio-en-las-sierras-de-cordoba-hay-casas-afectadas-y-evacuados\/#breadcrumb"},"inLanguage":"es","potentialAction":[{"@type":"ReadAction","target":["https:\/\/www.noticiasradioreflejos.com.ar\/2021\/feroz-incendio-en-las-sierras-de-cordoba-hay-casas-afectadas-y-evacuados\/"]}]},{"@type":"ImageObject","inLanguage":"es","@id":"https:\/\/www.noticiasradioreflejos.com.ar\/2021\/feroz-incendio-en-las-sierras-de-cordoba-hay-casas-afectadas-y-evacuados\/#primaryimage","url":"https:\/\/www.infobae.com\/new-resizer\/9cRnI3HqU7dEQHSFDB68AjfpPic=\/420x315\/filters:format(jpg):quality(85)\/cloudfront-us-east-1.images.arcpublishing.com\/infobae\/K6C3A653DFHZFOQ32WROQTKEXQ.jpg%20420w","contentUrl":"https:\/\/www.infobae.com\/new-resizer\/9cRnI3HqU7dEQHSFDB68AjfpPic=\/420x315\/filters:format(jpg):quality(85)\/cloudfront-us-east-1.images.arcpublishing.com\/infobae\/K6C3A653DFHZFOQ32WROQTKEXQ.jpg%20420w"},{"@type":"BreadcrumbList","@id":"https:\/\/www.noticiasradioreflejos.com.ar\/2021\/feroz-incendio-en-las-sierras-de-cordoba-hay-casas-afectadas-y-evacuados\/#breadcrumb","itemListElement":[{"@type":"ListItem","position":1,"name":"Portada","item":"https:\/\/www.noticiasradioreflejos.com.ar\/2021\/"},{"@type":"ListItem","position":2,"name":"Feroz incendio en las sierras de C\u00f3rdoba: hay casas afectadas y evacuados"}]},{"@type":"WebSite","@id":"https:\/\/www.noticiasradioreflejos.com.ar\/2021\/#website","url":"https:\/\/www.noticiasradioreflejos.com.ar\/2021\/","name":"Noticias Radio Reflejos","description":"Las noticias de mi comarca","potentialAction":[{"@type":"SearchAction","target":{"@type":"EntryPoint","urlTemplate":"https:\/\/www.noticiasradioreflejos.com.ar\/2021\/?s={search_term_string}"},"query-input":{"@type":"PropertyValueSpecification","valueRequired":true,"valueName":"search_term_string"}}],"inLanguage":"es"},{"@type":"Person","@id":"https:\/\/www.noticiasradioreflejos.com.ar\/2021\/#\/schema\/person\/ad82545263dcc5ec0996818884fd5fb1","name":"Arnaldo Botto","image":{"@type":"ImageObject","inLanguage":"es","@id":"https:\/\/www.noticiasradioreflejos.com.ar\/2021\/#\/schema\/person\/image\/","url":"https:\/\/secure.gravatar.com\/avatar\/55cb5e37c1efa326397366e6974cb338056df65cb50e7d64d1cf314e87504837?s=96&d=mm&r=g","contentUrl":"https:\/\/secure.gravatar.com\/avatar\/55cb5e37c1efa326397366e6974cb338056df65cb50e7d64d1cf314e87504837?s=96&d=mm&r=g","caption":"Arnaldo Botto"},"url":"https:\/\/www.noticiasradioreflejos.com.ar\/2021\/author\/arnaldo\/"}]}},"_links":{"self":[{"href":"https:\/\/www.noticiasradioreflejos.com.ar\/2021\/wp-json\/wp\/v2\/posts\/61611","targetHints":{"allow":["GET"]}}],"collection":[{"href":"https:\/\/www.noticiasradioreflejos.com.ar\/2021\/wp-json\/wp\/v2\/posts"}],"about":[{"href":"https:\/\/www.noticiasradioreflejos.com.ar\/2021\/wp-json\/wp\/v2\/types\/post"}],"author":[{"embeddable":true,"href":"https:\/\/www.noticiasradioreflejos.com.ar\/2021\/wp-json\/wp\/v2\/users\/3"}],"replies":[{"embeddable":true,"href":"https:\/\/www.noticiasradioreflejos.com.ar\/2021\/wp-json\/wp\/v2\/comments?post=61611"}],"version-history":[{"count":2,"href":"https:\/\/www.noticiasradioreflejos.com.ar\/2021\/wp-json\/wp\/v2\/posts\/61611\/revisions"}],"predecessor-version":[{"id":61616,"href":"https:\/\/www.noticiasradioreflejos.com.ar\/2021\/wp-json\/wp\/v2\/posts\/61611\/revisions\/61616"}],"wp:attachment":[{"href":"https:\/\/www.noticiasradioreflejos.com.ar\/2021\/wp-json\/wp\/v2\/media?parent=61611"}],"wp:term":[{"taxonomy":"category","embeddable":true,"href":"https:\/\/www.noticiasradioreflejos.com.ar\/2021\/wp-json\/wp\/v2\/categories?post=61611"},{"taxonomy":"post_tag","embeddable":true,"href":"https:\/\/www.noticiasradioreflejos.com.ar\/2021\/wp-json\/wp\/v2\/tags?post=61611"}],"curies":[{"name":"wp","href":"https:\/\/api.w.org\/{rel}","templated":true}]}}