{"id":61596,"date":"2021-08-18T17:42:23","date_gmt":"2021-08-18T17:42:23","guid":{"rendered":"http:\/\/www.noticiasradioreflejos.com.ar\/2021\/?p=61596"},"modified":"2021-08-18T17:42:23","modified_gmt":"2021-08-18T17:42:23","slug":"a-partir-de-hoy-no-se-podra-promover-el-voto-de-cara-a-las-paso-en-actos-institucionales","status":"publish","type":"post","link":"https:\/\/www.noticiasradioreflejos.com.ar\/2021\/a-partir-de-hoy-no-se-podra-promover-el-voto-de-cara-a-las-paso-en-actos-institucionales\/","title":{"rendered":"A partir de hoy no se podr\u00e1 promover el voto de cara a las PASO en actos institucionales"},"content":{"rendered":"<div class=\"head-content\">\n<p>De esta forma, se cumplir\u00e1 con una nueva etapa en el marco del cronograma electoral establecido de cara a las PASO del pr\u00f3ximo 12 de septiembre, cuyo pr\u00f3ximo hito se cumplir\u00e1 el pr\u00f3ximo lunes, cuando finalice el plazo para subsanar errores u omisiones en el padr\u00f3n electoral.<\/p>\n<\/div>\n<p><!--more--><\/p>\n<div class=\"main-content-block\">\n<div class=\"main-box clearfix\">\n<div class=\"wrapper-main-section clearfix\">\n<div class=\"wrapper-editable-content\">\n<div class=\"editable-content clearfix\">\n<div id=\"image\" class=\"image\"><img decoding=\"async\" title=\"Las elecciones primarias se celebrar\u00e1n el pr\u00f3ximo 12 de septiembre.\" src=\"https:\/\/www.telam.com.ar\/advf\/imagenes\/2021\/08\/61119effbf8c6_1004x565.jpg\" alt=\"Las elecciones primarias se celebrar\u00e1n el pr\u00f3ximo 12 de septiembre.\" \/><\/p>\n<div class=\"epigrafe\">Las elecciones primarias se celebrar\u00e1n el pr\u00f3ximo 12 de septiembre.<\/div>\n<\/div>\n<p>Las autoridades de los distintos niveles de gobierno no podr\u00e1n a partir de este mi\u00e9rcoles, realizar actos p\u00fablicos que sean susceptibles de promover el voto con miras a las Primarias Abiertas, Simult\u00e1neas y Obligatorias (PASO), de acuerdo al cronograma establecido por la C\u00e1mara Nacional Electoral (CNE).<\/p>\n<p>De esta forma, se cumplir\u00e1 con una nueva etapa en el marco del cronograma electoral establecido de cara a las PASO del pr\u00f3ximo 12 de septiembre, cuyo pr\u00f3ximo hito se cumplir\u00e1 el pr\u00f3ximo lunes, cuando finalice el plazo para subsanar errores u omisiones en el padr\u00f3n electoral.<\/p>\n<div id=\"image\" class=\"image\"><img decoding=\"async\" title=\"El 14 de noviembre ser\u00e1n las elecciones legislativas 2021.\" src=\"https:\/\/www.telam.com.ar\/advf\/imagenes\/2021\/07\/6101d975e596c_1004x565.jpg\" alt=\"El 14 de noviembre ser\u00e1n las elecciones legislativas 2021.\" \/><\/p>\n<div class=\"epigrafe\">El 14 de noviembre ser\u00e1n las elecciones legislativas 2021.<\/div>\n<\/div>\n<p>En tanto, el jueves 2 de septiembre vencer\u00e1 el plazo para destruir los documentos c\u00edvicos de los ciudadanos fallecidos y dos d\u00edas m\u00e1s tarde se prohibir\u00e1 la difusi\u00f3n de sondeos y encuestas.<\/p>\n<p>De acuerdo con lo previsto por el cronograma electoral, realizado en base a las normativas vigentes, el 10 de septiembre a las 8, dos d\u00edas antes de las PASO, finalizar\u00e1 la campa\u00f1a electoral y se dar\u00e1 inicio a la veda electoral.<\/p>\n<p>En tanto, para el 30 de septiembre pr\u00f3ximo est\u00e1 previsto el inicio formal de la campa\u00f1a electoral de cara a las elecciones legislativas del 14 de noviembre, y para el 10 de octubre pr\u00f3ximo ser\u00e1 el punto de inicio de la campa\u00f1a electoral en medios de comunicaci\u00f3n audiovisual.<\/p><\/div>\n<\/div>\n<\/div>\n<\/div>\n<\/div>\n","protected":false},"excerpt":{"rendered":"<p>De esta forma, se cumplir\u00e1 con una nueva etapa en el marco del cronograma electoral establecido de cara a las PASO del pr\u00f3ximo 12 de septiembre, cuyo pr\u00f3ximo hito se cumplir\u00e1 el pr\u00f3ximo lunes, cuando finalice el plazo para subsanar errores u omisiones en el padr\u00f3n electoral.<\/p>\n","protected":false},"author":3,"featured_media":0,"comment_status":"closed","ping_status":"closed","sticky":false,"template":"","format":"standard","meta":{"footnotes":""},"categories":[24],"tags":[],"class_list":["post-61596","post","type-post","status-publish","format-standard","hentry","category-politica"],"yoast_head":"<!-- This site is optimized with the Yoast SEO plugin v25.9 - https:\/\/yoast.com\/wordpress\/plugins\/seo\/ -->\n<title>A partir de hoy no se podr\u00e1 promover el voto de cara a las PASO en actos institucionales - Noticias Radio Reflejos<\/title>\n<meta name=\"robots\" content=\"index, follow, max-snippet:-1, max-image-preview:large, max-video-preview:-1\" \/>\n<link rel=\"canonical\" href=\"https:\/\/www.noticiasradioreflejos.com.ar\/2021\/a-partir-de-hoy-no-se-podra-promover-el-voto-de-cara-a-las-paso-en-actos-institucionales\/\" \/>\n<meta property=\"og:locale\" content=\"es_ES\" \/>\n<meta property=\"og:type\" content=\"article\" \/>\n<meta property=\"og:title\" content=\"A partir de hoy no se podr\u00e1 promover el voto de cara a las PASO en actos institucionales - Noticias Radio Reflejos\" \/>\n<meta property=\"og:description\" content=\"De esta forma, se cumplir\u00e1 con una nueva etapa en el marco del cronograma electoral establecido de cara a las PASO del pr\u00f3ximo 12 de septiembre, cuyo pr\u00f3ximo hito se cumplir\u00e1 el pr\u00f3ximo lunes, cuando finalice el plazo para subsanar errores u omisiones en el padr\u00f3n electoral.\" \/>\n<meta property=\"og:url\" content=\"https:\/\/www.noticiasradioreflejos.com.ar\/2021\/a-partir-de-hoy-no-se-podra-promover-el-voto-de-cara-a-las-paso-en-actos-institucionales\/\" \/>\n<meta property=\"og:site_name\" content=\"Noticias Radio Reflejos\" \/>\n<meta property=\"article:published_time\" content=\"2021-08-18T17:42:23+00:00\" \/>\n<meta property=\"og:image\" content=\"https:\/\/www.telam.com.ar\/advf\/imagenes\/2021\/08\/61119effbf8c6_1004x565.jpg\" \/>\n<meta name=\"author\" content=\"Arnaldo Botto\" \/>\n<meta name=\"twitter:card\" content=\"summary_large_image\" \/>\n<script type=\"application\/ld+json\" class=\"yoast-schema-graph\">{\"@context\":\"https:\/\/schema.org\",\"@graph\":[{\"@type\":\"WebPage\",\"@id\":\"https:\/\/www.noticiasradioreflejos.com.ar\/2021\/a-partir-de-hoy-no-se-podra-promover-el-voto-de-cara-a-las-paso-en-actos-institucionales\/\",\"url\":\"https:\/\/www.noticiasradioreflejos.com.ar\/2021\/a-partir-de-hoy-no-se-podra-promover-el-voto-de-cara-a-las-paso-en-actos-institucionales\/\",\"name\":\"A partir de hoy no se podr\u00e1 promover el voto de cara a las PASO en actos institucionales - Noticias Radio Reflejos\",\"isPartOf\":{\"@id\":\"https:\/\/www.noticiasradioreflejos.com.ar\/2021\/#website\"},\"primaryImageOfPage\":{\"@id\":\"https:\/\/www.noticiasradioreflejos.com.ar\/2021\/a-partir-de-hoy-no-se-podra-promover-el-voto-de-cara-a-las-paso-en-actos-institucionales\/#primaryimage\"},\"image\":{\"@id\":\"https:\/\/www.noticiasradioreflejos.com.ar\/2021\/a-partir-de-hoy-no-se-podra-promover-el-voto-de-cara-a-las-paso-en-actos-institucionales\/#primaryimage\"},\"thumbnailUrl\":\"https:\/\/www.telam.com.ar\/advf\/imagenes\/2021\/08\/61119effbf8c6_1004x565.jpg\",\"datePublished\":\"2021-08-18T17:42:23+00:00\",\"author\":{\"@id\":\"https:\/\/www.noticiasradioreflejos.com.ar\/2021\/#\/schema\/person\/ad82545263dcc5ec0996818884fd5fb1\"},\"breadcrumb\":{\"@id\":\"https:\/\/www.noticiasradioreflejos.com.ar\/2021\/a-partir-de-hoy-no-se-podra-promover-el-voto-de-cara-a-las-paso-en-actos-institucionales\/#breadcrumb\"},\"inLanguage\":\"es\",\"potentialAction\":[{\"@type\":\"ReadAction\",\"target\":[\"https:\/\/www.noticiasradioreflejos.com.ar\/2021\/a-partir-de-hoy-no-se-podra-promover-el-voto-de-cara-a-las-paso-en-actos-institucionales\/\"]}]},{\"@type\":\"ImageObject\",\"inLanguage\":\"es\",\"@id\":\"https:\/\/www.noticiasradioreflejos.com.ar\/2021\/a-partir-de-hoy-no-se-podra-promover-el-voto-de-cara-a-las-paso-en-actos-institucionales\/#primaryimage\",\"url\":\"https:\/\/www.telam.com.ar\/advf\/imagenes\/2021\/08\/61119effbf8c6_1004x565.jpg\",\"contentUrl\":\"https:\/\/www.telam.com.ar\/advf\/imagenes\/2021\/08\/61119effbf8c6_1004x565.jpg\"},{\"@type\":\"BreadcrumbList\",\"@id\":\"https:\/\/www.noticiasradioreflejos.com.ar\/2021\/a-partir-de-hoy-no-se-podra-promover-el-voto-de-cara-a-las-paso-en-actos-institucionales\/#breadcrumb\",\"itemListElement\":[{\"@type\":\"ListItem\",\"position\":1,\"name\":\"Portada\",\"item\":\"https:\/\/www.noticiasradioreflejos.com.ar\/2021\/\"},{\"@type\":\"ListItem\",\"position\":2,\"name\":\"A partir de hoy no se podr\u00e1 promover el voto de cara a las PASO en actos institucionales\"}]},{\"@type\":\"WebSite\",\"@id\":\"https:\/\/www.noticiasradioreflejos.com.ar\/2021\/#website\",\"url\":\"https:\/\/www.noticiasradioreflejos.com.ar\/2021\/\",\"name\":\"Noticias Radio Reflejos\",\"description\":\"Las noticias de mi comarca\",\"potentialAction\":[{\"@type\":\"SearchAction\",\"target\":{\"@type\":\"EntryPoint\",\"urlTemplate\":\"https:\/\/www.noticiasradioreflejos.com.ar\/2021\/?s={search_term_string}\"},\"query-input\":{\"@type\":\"PropertyValueSpecification\",\"valueRequired\":true,\"valueName\":\"search_term_string\"}}],\"inLanguage\":\"es\"},{\"@type\":\"Person\",\"@id\":\"https:\/\/www.noticiasradioreflejos.com.ar\/2021\/#\/schema\/person\/ad82545263dcc5ec0996818884fd5fb1\",\"name\":\"Arnaldo Botto\",\"image\":{\"@type\":\"ImageObject\",\"inLanguage\":\"es\",\"@id\":\"https:\/\/www.noticiasradioreflejos.com.ar\/2021\/#\/schema\/person\/image\/\",\"url\":\"https:\/\/secure.gravatar.com\/avatar\/55cb5e37c1efa326397366e6974cb338056df65cb50e7d64d1cf314e87504837?s=96&d=mm&r=g\",\"contentUrl\":\"https:\/\/secure.gravatar.com\/avatar\/55cb5e37c1efa326397366e6974cb338056df65cb50e7d64d1cf314e87504837?s=96&d=mm&r=g\",\"caption\":\"Arnaldo Botto\"},\"url\":\"https:\/\/www.noticiasradioreflejos.com.ar\/2021\/author\/arnaldo\/\"}]}<\/script>\n<!-- \/ Yoast SEO plugin. -->","yoast_head_json":{"title":"A partir de hoy no se podr\u00e1 promover el voto de cara a las PASO en actos institucionales - Noticias Radio Reflejos","robots":{"index":"index","follow":"follow","max-snippet":"max-snippet:-1","max-image-preview":"max-image-preview:large","max-video-preview":"max-video-preview:-1"},"canonical":"https:\/\/www.noticiasradioreflejos.com.ar\/2021\/a-partir-de-hoy-no-se-podra-promover-el-voto-de-cara-a-las-paso-en-actos-institucionales\/","og_locale":"es_ES","og_type":"article","og_title":"A partir de hoy no se podr\u00e1 promover el voto de cara a las PASO en actos institucionales - Noticias Radio Reflejos","og_description":"De esta forma, se cumplir\u00e1 con una nueva etapa en el marco del cronograma electoral establecido de cara a las PASO del pr\u00f3ximo 12 de septiembre, cuyo pr\u00f3ximo hito se cumplir\u00e1 el pr\u00f3ximo lunes, cuando finalice el plazo para subsanar errores u omisiones en el padr\u00f3n electoral.","og_url":"https:\/\/www.noticiasradioreflejos.com.ar\/2021\/a-partir-de-hoy-no-se-podra-promover-el-voto-de-cara-a-las-paso-en-actos-institucionales\/","og_site_name":"Noticias Radio Reflejos","article_published_time":"2021-08-18T17:42:23+00:00","og_image":[{"url":"https:\/\/www.telam.com.ar\/advf\/imagenes\/2021\/08\/61119effbf8c6_1004x565.jpg","type":"","width":"","height":""}],"author":"Arnaldo Botto","twitter_card":"summary_large_image","schema":{"@context":"https:\/\/schema.org","@graph":[{"@type":"WebPage","@id":"https:\/\/www.noticiasradioreflejos.com.ar\/2021\/a-partir-de-hoy-no-se-podra-promover-el-voto-de-cara-a-las-paso-en-actos-institucionales\/","url":"https:\/\/www.noticiasradioreflejos.com.ar\/2021\/a-partir-de-hoy-no-se-podra-promover-el-voto-de-cara-a-las-paso-en-actos-institucionales\/","name":"A partir de hoy no se podr\u00e1 promover el voto de cara a las PASO en actos institucionales - Noticias Radio Reflejos","isPartOf":{"@id":"https:\/\/www.noticiasradioreflejos.com.ar\/2021\/#website"},"primaryImageOfPage":{"@id":"https:\/\/www.noticiasradioreflejos.com.ar\/2021\/a-partir-de-hoy-no-se-podra-promover-el-voto-de-cara-a-las-paso-en-actos-institucionales\/#primaryimage"},"image":{"@id":"https:\/\/www.noticiasradioreflejos.com.ar\/2021\/a-partir-de-hoy-no-se-podra-promover-el-voto-de-cara-a-las-paso-en-actos-institucionales\/#primaryimage"},"thumbnailUrl":"https:\/\/www.telam.com.ar\/advf\/imagenes\/2021\/08\/61119effbf8c6_1004x565.jpg","datePublished":"2021-08-18T17:42:23+00:00","author":{"@id":"https:\/\/www.noticiasradioreflejos.com.ar\/2021\/#\/schema\/person\/ad82545263dcc5ec0996818884fd5fb1"},"breadcrumb":{"@id":"https:\/\/www.noticiasradioreflejos.com.ar\/2021\/a-partir-de-hoy-no-se-podra-promover-el-voto-de-cara-a-las-paso-en-actos-institucionales\/#breadcrumb"},"inLanguage":"es","potentialAction":[{"@type":"ReadAction","target":["https:\/\/www.noticiasradioreflejos.com.ar\/2021\/a-partir-de-hoy-no-se-podra-promover-el-voto-de-cara-a-las-paso-en-actos-institucionales\/"]}]},{"@type":"ImageObject","inLanguage":"es","@id":"https:\/\/www.noticiasradioreflejos.com.ar\/2021\/a-partir-de-hoy-no-se-podra-promover-el-voto-de-cara-a-las-paso-en-actos-institucionales\/#primaryimage","url":"https:\/\/www.telam.com.ar\/advf\/imagenes\/2021\/08\/61119effbf8c6_1004x565.jpg","contentUrl":"https:\/\/www.telam.com.ar\/advf\/imagenes\/2021\/08\/61119effbf8c6_1004x565.jpg"},{"@type":"BreadcrumbList","@id":"https:\/\/www.noticiasradioreflejos.com.ar\/2021\/a-partir-de-hoy-no-se-podra-promover-el-voto-de-cara-a-las-paso-en-actos-institucionales\/#breadcrumb","itemListElement":[{"@type":"ListItem","position":1,"name":"Portada","item":"https:\/\/www.noticiasradioreflejos.com.ar\/2021\/"},{"@type":"ListItem","position":2,"name":"A partir de hoy no se podr\u00e1 promover el voto de cara a las PASO en actos institucionales"}]},{"@type":"WebSite","@id":"https:\/\/www.noticiasradioreflejos.com.ar\/2021\/#website","url":"https:\/\/www.noticiasradioreflejos.com.ar\/2021\/","name":"Noticias Radio Reflejos","description":"Las noticias de mi comarca","potentialAction":[{"@type":"SearchAction","target":{"@type":"EntryPoint","urlTemplate":"https:\/\/www.noticiasradioreflejos.com.ar\/2021\/?s={search_term_string}"},"query-input":{"@type":"PropertyValueSpecification","valueRequired":true,"valueName":"search_term_string"}}],"inLanguage":"es"},{"@type":"Person","@id":"https:\/\/www.noticiasradioreflejos.com.ar\/2021\/#\/schema\/person\/ad82545263dcc5ec0996818884fd5fb1","name":"Arnaldo Botto","image":{"@type":"ImageObject","inLanguage":"es","@id":"https:\/\/www.noticiasradioreflejos.com.ar\/2021\/#\/schema\/person\/image\/","url":"https:\/\/secure.gravatar.com\/avatar\/55cb5e37c1efa326397366e6974cb338056df65cb50e7d64d1cf314e87504837?s=96&d=mm&r=g","contentUrl":"https:\/\/secure.gravatar.com\/avatar\/55cb5e37c1efa326397366e6974cb338056df65cb50e7d64d1cf314e87504837?s=96&d=mm&r=g","caption":"Arnaldo Botto"},"url":"https:\/\/www.noticiasradioreflejos.com.ar\/2021\/author\/arnaldo\/"}]}},"_links":{"self":[{"href":"https:\/\/www.noticiasradioreflejos.com.ar\/2021\/wp-json\/wp\/v2\/posts\/61596","targetHints":{"allow":["GET"]}}],"collection":[{"href":"https:\/\/www.noticiasradioreflejos.com.ar\/2021\/wp-json\/wp\/v2\/posts"}],"about":[{"href":"https:\/\/www.noticiasradioreflejos.com.ar\/2021\/wp-json\/wp\/v2\/types\/post"}],"author":[{"embeddable":true,"href":"https:\/\/www.noticiasradioreflejos.com.ar\/2021\/wp-json\/wp\/v2\/users\/3"}],"replies":[{"embeddable":true,"href":"https:\/\/www.noticiasradioreflejos.com.ar\/2021\/wp-json\/wp\/v2\/comments?post=61596"}],"version-history":[{"count":1,"href":"https:\/\/www.noticiasradioreflejos.com.ar\/2021\/wp-json\/wp\/v2\/posts\/61596\/revisions"}],"predecessor-version":[{"id":61598,"href":"https:\/\/www.noticiasradioreflejos.com.ar\/2021\/wp-json\/wp\/v2\/posts\/61596\/revisions\/61598"}],"wp:attachment":[{"href":"https:\/\/www.noticiasradioreflejos.com.ar\/2021\/wp-json\/wp\/v2\/media?parent=61596"}],"wp:term":[{"taxonomy":"category","embeddable":true,"href":"https:\/\/www.noticiasradioreflejos.com.ar\/2021\/wp-json\/wp\/v2\/categories?post=61596"},{"taxonomy":"post_tag","embeddable":true,"href":"https:\/\/www.noticiasradioreflejos.com.ar\/2021\/wp-json\/wp\/v2\/tags?post=61596"}],"curies":[{"name":"wp","href":"https:\/\/api.w.org\/{rel}","templated":true}]}}