{"id":61594,"date":"2021-08-18T17:39:23","date_gmt":"2021-08-18T17:39:23","guid":{"rendered":"http:\/\/www.noticiasradioreflejos.com.ar\/2021\/?p=61594"},"modified":"2021-08-18T17:39:23","modified_gmt":"2021-08-18T17:39:23","slug":"ctera-insiste-con-el-pedido-de-un-aumento-salarial-del-45-al-50","status":"publish","type":"post","link":"https:\/\/www.noticiasradioreflejos.com.ar\/2021\/ctera-insiste-con-el-pedido-de-un-aumento-salarial-del-45-al-50\/","title":{"rendered":"Ctera insiste con el pedido de un aumento salarial del 45 al 50%"},"content":{"rendered":"<div class=\"head-content\">\n<p>\u201cHemos tenido reuniones para poder plantear esta cuesti\u00f3n, el aumento de la inflaci\u00f3n y la necesidad de actualizaci\u00f3n salarial para activos y para jubilados nacionales\u201d inform\u00f3 este mi\u00e9rcoles la titular de ese gremio.<\/p>\n<div class=\"addthis_custom_sharing\" data-url=\"https:\/\/www.telam.com.ar\/notas\/202108\/565474-paritarias-docentes-desde-ctera-insisten-pedido-aumento-salarial-45-50.html\" data-title=\"Ctera insiste con el pedido de un aumento salarial del 45 al 50%\" data-description=\"&amp;ldquo;Hemos tenido reuniones para poder plantear esta cuesti\u00f3n, el aumento de la inflaci\u00f3n y la necesidad de actualizaci\u00f3n salarial para activos y para jubilados nacionales&amp;rdquo; inform\u00f3 este mi\u00e9rcoles la titular de ese gremio.\u00a0\">\n<div id=\"atstbx\" class=\"at-resp-share-element at-style-responsive addthis-smartlayers addthis-animated at4-show\" role=\"region\" aria-labelledby=\"at-991fff40-a839-4db9-91cb-dee4824a27cf\"><\/div>\n<\/div>\n<\/div>\n<p><!--more--><\/p>\n<div class=\"main-content-block\">\n<div class=\"main-box clearfix\">\n<div class=\"wrapper-main-section clearfix\">\n<div class=\"wrapper-editable-content\">\n<div class=\"editable-content clearfix\">\n<div id=\"image\" class=\"image\"><img decoding=\"async\" title=\"\u201cEs un a\u00f1o muy dif\u00edcil para los salarios de los docentes y estimamos que es urgente la actualizaci\u00f3n salarial\u201d, dijo Alesso.\" src=\"https:\/\/www.telam.com.ar\/advf\/imagenes\/2021\/04\/6076ed258b77f_1004x565.jpg\" alt=\"\u201cEs un a\u00f1o muy dif\u00edcil para los salarios de los docentes y estimamos que es urgente la actualizaci\u00f3n salarial\u201d, dijo Alesso.\" \/><\/p>\n<div class=\"epigrafe\">\u201cEs un a\u00f1o muy dif\u00edcil para los salarios de los docentes y estimamos que es urgente la actualizaci\u00f3n salarial\u201d, dijo Alesso.<\/div>\n<\/div>\n<p>La titular de CTERA, Sonia Alesso, celebr\u00f3 este mi\u00e9rcoles que el Gobierno nacional reconozca \u00abla necesidad de actualizar los salarios docentes\u201d y ratific\u00f3 que el aumento que el gremio pide en esta apertura de paritaria es de entre \u201c45 a 50 por ciento\u201d.<\/p>\n<p>\u201cHemos tenido reuniones para poder plantear esta cuesti\u00f3n, el aumento de la inflaci\u00f3n y la necesidad de actualizaci\u00f3n salarial para activos y para jubilados nacionales\u201d, dijo Alesso en declaraciones formuladas a la radio AM750.<\/p>\n<p>Ayer, el ministro de Educaci\u00f3n, Nicol\u00e1s Trotta, asegur\u00f3 que espera \u00abacordar una nueva paritaria\u00bb esta semana con los sindicatos docentes nacionales y remarc\u00f3 que, de prosperar esa instancia, ser\u00e1 \u00abla s\u00e9ptima\u00bb negociaci\u00f3n firmada entre el Estado nacional y los gremios.<\/p>\n<blockquote><p>Alesso consider\u00f3 \u00abvergonzosas\u00bb las recientes declaraciones cr\u00edticas a la actual gesti\u00f3n educativa por parte de la exgobernadora Vidal<\/p><\/blockquote>\n<p>En sus declaraciones de este mi\u00e9rcoles Alesso inform\u00f3 que\u00a0<strong>\u201chasta ahora no hay una propuesta concreta\u201d\u00a0<\/strong>por parte del gobierno nacional y adelant\u00f3 que esta semana mantendr\u00e1n otra reuni\u00f3n \u201cpara poder seguir esta discusi\u00f3n salarial en camino a una actualizaci\u00f3n\u201d.<\/p>\n<p>\u201cEs un a\u00f1o muy dif\u00edcil para los salarios de los docentes y estimamos que es urgente la actualizaci\u00f3n salarial\u201d, dijo la sindicalista.<\/p>\n<p>Por otro lado,\u00a0<strong>Alesso se refiri\u00f3 a las declaraciones de la precandidata a diputada de Juntos por el Cambio y exgobernadora bonaerense, Mar\u00eda Eugenia Vidal<\/strong>, quien critic\u00f3 la gesti\u00f3n educativa del gobierno.<\/p>\n<p><strong>\u201cQue hablen de emergencia educativa quienes nunca cumplieron la ley y la desfinanciaron, la verdad es que me parece vergonzoso\u201d<\/strong>, consider\u00f3 la titular de Ctera.<\/div>\n<\/div>\n<\/div>\n<\/div>\n<\/div>\n","protected":false},"excerpt":{"rendered":"<p>\u201cHemos tenido reuniones para poder plantear esta cuesti\u00f3n, el aumento de la inflaci\u00f3n y la necesidad de actualizaci\u00f3n salarial para activos y para jubilados nacionales\u201d inform\u00f3 este mi\u00e9rcoles la titular de ese gremio.<\/p>\n","protected":false},"author":3,"featured_media":0,"comment_status":"closed","ping_status":"closed","sticky":false,"template":"","format":"standard","meta":{"footnotes":""},"categories":[36,24],"tags":[],"class_list":["post-61594","post","type-post","status-publish","format-standard","hentry","category-economia","category-politica"],"yoast_head":"<!-- This site is optimized with the Yoast SEO plugin v25.9 - https:\/\/yoast.com\/wordpress\/plugins\/seo\/ -->\n<title>Ctera insiste con el pedido de un aumento salarial del 45 al 50% - Noticias Radio Reflejos<\/title>\n<meta name=\"robots\" content=\"index, follow, max-snippet:-1, max-image-preview:large, max-video-preview:-1\" \/>\n<link rel=\"canonical\" href=\"https:\/\/www.noticiasradioreflejos.com.ar\/2021\/ctera-insiste-con-el-pedido-de-un-aumento-salarial-del-45-al-50\/\" \/>\n<meta property=\"og:locale\" content=\"es_ES\" \/>\n<meta property=\"og:type\" content=\"article\" \/>\n<meta property=\"og:title\" content=\"Ctera insiste con el pedido de un aumento salarial del 45 al 50% - Noticias Radio Reflejos\" \/>\n<meta property=\"og:description\" content=\"\u201cHemos tenido reuniones para poder plantear esta cuesti\u00f3n, el aumento de la inflaci\u00f3n y la necesidad de actualizaci\u00f3n salarial para activos y para jubilados nacionales\u201d inform\u00f3 este mi\u00e9rcoles la titular de ese gremio.\" \/>\n<meta property=\"og:url\" content=\"https:\/\/www.noticiasradioreflejos.com.ar\/2021\/ctera-insiste-con-el-pedido-de-un-aumento-salarial-del-45-al-50\/\" \/>\n<meta property=\"og:site_name\" content=\"Noticias Radio Reflejos\" \/>\n<meta property=\"article:published_time\" content=\"2021-08-18T17:39:23+00:00\" \/>\n<meta property=\"og:image\" content=\"https:\/\/www.telam.com.ar\/advf\/imagenes\/2021\/04\/6076ed258b77f_1004x565.jpg\" \/>\n<meta name=\"author\" content=\"Arnaldo Botto\" \/>\n<meta name=\"twitter:card\" content=\"summary_large_image\" \/>\n<script type=\"application\/ld+json\" class=\"yoast-schema-graph\">{\"@context\":\"https:\/\/schema.org\",\"@graph\":[{\"@type\":\"WebPage\",\"@id\":\"https:\/\/www.noticiasradioreflejos.com.ar\/2021\/ctera-insiste-con-el-pedido-de-un-aumento-salarial-del-45-al-50\/\",\"url\":\"https:\/\/www.noticiasradioreflejos.com.ar\/2021\/ctera-insiste-con-el-pedido-de-un-aumento-salarial-del-45-al-50\/\",\"name\":\"Ctera insiste con el pedido de un aumento salarial del 45 al 50% - Noticias Radio Reflejos\",\"isPartOf\":{\"@id\":\"https:\/\/www.noticiasradioreflejos.com.ar\/2021\/#website\"},\"primaryImageOfPage\":{\"@id\":\"https:\/\/www.noticiasradioreflejos.com.ar\/2021\/ctera-insiste-con-el-pedido-de-un-aumento-salarial-del-45-al-50\/#primaryimage\"},\"image\":{\"@id\":\"https:\/\/www.noticiasradioreflejos.com.ar\/2021\/ctera-insiste-con-el-pedido-de-un-aumento-salarial-del-45-al-50\/#primaryimage\"},\"thumbnailUrl\":\"https:\/\/www.telam.com.ar\/advf\/imagenes\/2021\/04\/6076ed258b77f_1004x565.jpg\",\"datePublished\":\"2021-08-18T17:39:23+00:00\",\"author\":{\"@id\":\"https:\/\/www.noticiasradioreflejos.com.ar\/2021\/#\/schema\/person\/ad82545263dcc5ec0996818884fd5fb1\"},\"breadcrumb\":{\"@id\":\"https:\/\/www.noticiasradioreflejos.com.ar\/2021\/ctera-insiste-con-el-pedido-de-un-aumento-salarial-del-45-al-50\/#breadcrumb\"},\"inLanguage\":\"es\",\"potentialAction\":[{\"@type\":\"ReadAction\",\"target\":[\"https:\/\/www.noticiasradioreflejos.com.ar\/2021\/ctera-insiste-con-el-pedido-de-un-aumento-salarial-del-45-al-50\/\"]}]},{\"@type\":\"ImageObject\",\"inLanguage\":\"es\",\"@id\":\"https:\/\/www.noticiasradioreflejos.com.ar\/2021\/ctera-insiste-con-el-pedido-de-un-aumento-salarial-del-45-al-50\/#primaryimage\",\"url\":\"https:\/\/www.telam.com.ar\/advf\/imagenes\/2021\/04\/6076ed258b77f_1004x565.jpg\",\"contentUrl\":\"https:\/\/www.telam.com.ar\/advf\/imagenes\/2021\/04\/6076ed258b77f_1004x565.jpg\"},{\"@type\":\"BreadcrumbList\",\"@id\":\"https:\/\/www.noticiasradioreflejos.com.ar\/2021\/ctera-insiste-con-el-pedido-de-un-aumento-salarial-del-45-al-50\/#breadcrumb\",\"itemListElement\":[{\"@type\":\"ListItem\",\"position\":1,\"name\":\"Portada\",\"item\":\"https:\/\/www.noticiasradioreflejos.com.ar\/2021\/\"},{\"@type\":\"ListItem\",\"position\":2,\"name\":\"Ctera insiste con el pedido de un aumento salarial del 45 al 50%\"}]},{\"@type\":\"WebSite\",\"@id\":\"https:\/\/www.noticiasradioreflejos.com.ar\/2021\/#website\",\"url\":\"https:\/\/www.noticiasradioreflejos.com.ar\/2021\/\",\"name\":\"Noticias Radio Reflejos\",\"description\":\"Las noticias de mi comarca\",\"potentialAction\":[{\"@type\":\"SearchAction\",\"target\":{\"@type\":\"EntryPoint\",\"urlTemplate\":\"https:\/\/www.noticiasradioreflejos.com.ar\/2021\/?s={search_term_string}\"},\"query-input\":{\"@type\":\"PropertyValueSpecification\",\"valueRequired\":true,\"valueName\":\"search_term_string\"}}],\"inLanguage\":\"es\"},{\"@type\":\"Person\",\"@id\":\"https:\/\/www.noticiasradioreflejos.com.ar\/2021\/#\/schema\/person\/ad82545263dcc5ec0996818884fd5fb1\",\"name\":\"Arnaldo Botto\",\"image\":{\"@type\":\"ImageObject\",\"inLanguage\":\"es\",\"@id\":\"https:\/\/www.noticiasradioreflejos.com.ar\/2021\/#\/schema\/person\/image\/\",\"url\":\"https:\/\/secure.gravatar.com\/avatar\/55cb5e37c1efa326397366e6974cb338056df65cb50e7d64d1cf314e87504837?s=96&d=mm&r=g\",\"contentUrl\":\"https:\/\/secure.gravatar.com\/avatar\/55cb5e37c1efa326397366e6974cb338056df65cb50e7d64d1cf314e87504837?s=96&d=mm&r=g\",\"caption\":\"Arnaldo Botto\"},\"url\":\"https:\/\/www.noticiasradioreflejos.com.ar\/2021\/author\/arnaldo\/\"}]}<\/script>\n<!-- \/ Yoast SEO plugin. -->","yoast_head_json":{"title":"Ctera insiste con el pedido de un aumento salarial del 45 al 50% - Noticias Radio Reflejos","robots":{"index":"index","follow":"follow","max-snippet":"max-snippet:-1","max-image-preview":"max-image-preview:large","max-video-preview":"max-video-preview:-1"},"canonical":"https:\/\/www.noticiasradioreflejos.com.ar\/2021\/ctera-insiste-con-el-pedido-de-un-aumento-salarial-del-45-al-50\/","og_locale":"es_ES","og_type":"article","og_title":"Ctera insiste con el pedido de un aumento salarial del 45 al 50% - Noticias Radio Reflejos","og_description":"\u201cHemos tenido reuniones para poder plantear esta cuesti\u00f3n, el aumento de la inflaci\u00f3n y la necesidad de actualizaci\u00f3n salarial para activos y para jubilados nacionales\u201d inform\u00f3 este mi\u00e9rcoles la titular de ese gremio.","og_url":"https:\/\/www.noticiasradioreflejos.com.ar\/2021\/ctera-insiste-con-el-pedido-de-un-aumento-salarial-del-45-al-50\/","og_site_name":"Noticias Radio Reflejos","article_published_time":"2021-08-18T17:39:23+00:00","og_image":[{"url":"https:\/\/www.telam.com.ar\/advf\/imagenes\/2021\/04\/6076ed258b77f_1004x565.jpg","type":"","width":"","height":""}],"author":"Arnaldo Botto","twitter_card":"summary_large_image","schema":{"@context":"https:\/\/schema.org","@graph":[{"@type":"WebPage","@id":"https:\/\/www.noticiasradioreflejos.com.ar\/2021\/ctera-insiste-con-el-pedido-de-un-aumento-salarial-del-45-al-50\/","url":"https:\/\/www.noticiasradioreflejos.com.ar\/2021\/ctera-insiste-con-el-pedido-de-un-aumento-salarial-del-45-al-50\/","name":"Ctera insiste con el pedido de un aumento salarial del 45 al 50% - Noticias Radio Reflejos","isPartOf":{"@id":"https:\/\/www.noticiasradioreflejos.com.ar\/2021\/#website"},"primaryImageOfPage":{"@id":"https:\/\/www.noticiasradioreflejos.com.ar\/2021\/ctera-insiste-con-el-pedido-de-un-aumento-salarial-del-45-al-50\/#primaryimage"},"image":{"@id":"https:\/\/www.noticiasradioreflejos.com.ar\/2021\/ctera-insiste-con-el-pedido-de-un-aumento-salarial-del-45-al-50\/#primaryimage"},"thumbnailUrl":"https:\/\/www.telam.com.ar\/advf\/imagenes\/2021\/04\/6076ed258b77f_1004x565.jpg","datePublished":"2021-08-18T17:39:23+00:00","author":{"@id":"https:\/\/www.noticiasradioreflejos.com.ar\/2021\/#\/schema\/person\/ad82545263dcc5ec0996818884fd5fb1"},"breadcrumb":{"@id":"https:\/\/www.noticiasradioreflejos.com.ar\/2021\/ctera-insiste-con-el-pedido-de-un-aumento-salarial-del-45-al-50\/#breadcrumb"},"inLanguage":"es","potentialAction":[{"@type":"ReadAction","target":["https:\/\/www.noticiasradioreflejos.com.ar\/2021\/ctera-insiste-con-el-pedido-de-un-aumento-salarial-del-45-al-50\/"]}]},{"@type":"ImageObject","inLanguage":"es","@id":"https:\/\/www.noticiasradioreflejos.com.ar\/2021\/ctera-insiste-con-el-pedido-de-un-aumento-salarial-del-45-al-50\/#primaryimage","url":"https:\/\/www.telam.com.ar\/advf\/imagenes\/2021\/04\/6076ed258b77f_1004x565.jpg","contentUrl":"https:\/\/www.telam.com.ar\/advf\/imagenes\/2021\/04\/6076ed258b77f_1004x565.jpg"},{"@type":"BreadcrumbList","@id":"https:\/\/www.noticiasradioreflejos.com.ar\/2021\/ctera-insiste-con-el-pedido-de-un-aumento-salarial-del-45-al-50\/#breadcrumb","itemListElement":[{"@type":"ListItem","position":1,"name":"Portada","item":"https:\/\/www.noticiasradioreflejos.com.ar\/2021\/"},{"@type":"ListItem","position":2,"name":"Ctera insiste con el pedido de un aumento salarial del 45 al 50%"}]},{"@type":"WebSite","@id":"https:\/\/www.noticiasradioreflejos.com.ar\/2021\/#website","url":"https:\/\/www.noticiasradioreflejos.com.ar\/2021\/","name":"Noticias Radio Reflejos","description":"Las noticias de mi comarca","potentialAction":[{"@type":"SearchAction","target":{"@type":"EntryPoint","urlTemplate":"https:\/\/www.noticiasradioreflejos.com.ar\/2021\/?s={search_term_string}"},"query-input":{"@type":"PropertyValueSpecification","valueRequired":true,"valueName":"search_term_string"}}],"inLanguage":"es"},{"@type":"Person","@id":"https:\/\/www.noticiasradioreflejos.com.ar\/2021\/#\/schema\/person\/ad82545263dcc5ec0996818884fd5fb1","name":"Arnaldo Botto","image":{"@type":"ImageObject","inLanguage":"es","@id":"https:\/\/www.noticiasradioreflejos.com.ar\/2021\/#\/schema\/person\/image\/","url":"https:\/\/secure.gravatar.com\/avatar\/55cb5e37c1efa326397366e6974cb338056df65cb50e7d64d1cf314e87504837?s=96&d=mm&r=g","contentUrl":"https:\/\/secure.gravatar.com\/avatar\/55cb5e37c1efa326397366e6974cb338056df65cb50e7d64d1cf314e87504837?s=96&d=mm&r=g","caption":"Arnaldo Botto"},"url":"https:\/\/www.noticiasradioreflejos.com.ar\/2021\/author\/arnaldo\/"}]}},"_links":{"self":[{"href":"https:\/\/www.noticiasradioreflejos.com.ar\/2021\/wp-json\/wp\/v2\/posts\/61594","targetHints":{"allow":["GET"]}}],"collection":[{"href":"https:\/\/www.noticiasradioreflejos.com.ar\/2021\/wp-json\/wp\/v2\/posts"}],"about":[{"href":"https:\/\/www.noticiasradioreflejos.com.ar\/2021\/wp-json\/wp\/v2\/types\/post"}],"author":[{"embeddable":true,"href":"https:\/\/www.noticiasradioreflejos.com.ar\/2021\/wp-json\/wp\/v2\/users\/3"}],"replies":[{"embeddable":true,"href":"https:\/\/www.noticiasradioreflejos.com.ar\/2021\/wp-json\/wp\/v2\/comments?post=61594"}],"version-history":[{"count":1,"href":"https:\/\/www.noticiasradioreflejos.com.ar\/2021\/wp-json\/wp\/v2\/posts\/61594\/revisions"}],"predecessor-version":[{"id":61595,"href":"https:\/\/www.noticiasradioreflejos.com.ar\/2021\/wp-json\/wp\/v2\/posts\/61594\/revisions\/61595"}],"wp:attachment":[{"href":"https:\/\/www.noticiasradioreflejos.com.ar\/2021\/wp-json\/wp\/v2\/media?parent=61594"}],"wp:term":[{"taxonomy":"category","embeddable":true,"href":"https:\/\/www.noticiasradioreflejos.com.ar\/2021\/wp-json\/wp\/v2\/categories?post=61594"},{"taxonomy":"post_tag","embeddable":true,"href":"https:\/\/www.noticiasradioreflejos.com.ar\/2021\/wp-json\/wp\/v2\/tags?post=61594"}],"curies":[{"name":"wp","href":"https:\/\/api.w.org\/{rel}","templated":true}]}}