{"id":61591,"date":"2021-08-18T17:34:08","date_gmt":"2021-08-18T17:34:08","guid":{"rendered":"http:\/\/www.noticiasradioreflejos.com.ar\/2021\/?p=61591"},"modified":"2021-08-18T17:34:08","modified_gmt":"2021-08-18T17:34:08","slug":"resaltaron-que-hay-menos-contagios-debido-a-la-enorme-campana-de-vacunacion","status":"publish","type":"post","link":"https:\/\/www.noticiasradioreflejos.com.ar\/2021\/resaltaron-que-hay-menos-contagios-debido-a-la-enorme-campana-de-vacunacion\/","title":{"rendered":"Resaltaron que hay menos contagios debido a la \u00abenorme campa\u00f1a de vacunaci\u00f3n\u00bb"},"content":{"rendered":"<div class=\"head-content\">\n<p>Luego de 12 semanas de descenso de casoshay desocupaci\u00f3n de las camas de terapia, destac\u00f3 el director de Hospitales de la Provincia de Buenos Aires, Juan Riera, que detall\u00f3 que hay un 51% de ocupaci\u00f3n de camas en el AMBA y un 31% en el interior.<\/p>\n<div class=\"addthis_custom_sharing\" data-url=\"https:\/\/www.telam.com.ar\/notas\/202108\/565463-resaltaron-que-hay-menos-contagios-debido-a-la-enorme-campana-de-vacunacion.html\" data-title=\"Resaltaron que hay menos contagios debido a la &quot;enorme campa\u00f1a de vacunaci\u00f3n&quot;\" data-description=\"Luego de 12 semanas de descenso de casoshay desocupaci\u00f3n de las camas de terapia, destac\u00f3 el director de Hospitales de la Provincia de Buenos Aires, Juan Riera, que detall\u00f3 que hay un 51% de ocupaci\u00f3n de camas en el AMBA y un 31% en el interior.\">\n<div id=\"atstbx\" class=\"at-resp-share-element at-style-responsive addthis-smartlayers addthis-animated at4-show\" role=\"region\" aria-labelledby=\"at-e6ba48a2-e064-40c6-9e8c-fa778160fed7\"><\/div>\n<\/div>\n<\/div>\n<p><!--more--><\/p>\n<div class=\"main-content-block\">\n<div class=\"main-box clearfix\">\n<div class=\"wrapper-main-section clearfix\">\n<div class=\"wrapper-editable-content\">\n<div class=\"editable-content clearfix\">\n<div id=\"image\" class=\"image\"><img decoding=\"async\" title=\"Luego de 12 semanas de descenso de casoshay desocupaci\u00f3n de las camas de terapia, destac\u00f3 el director de Hospitales de la Provincia de Buenos Aires, Juan Riera. (Foto: Diego Izquierdo)\" src=\"https:\/\/www.telam.com.ar\/advf\/imagenes\/2021\/08\/611bfad56485b_1004x565.jpg\" alt=\"Luego de 12 semanas de descenso de casoshay desocupaci\u00f3n de las camas de terapia, destac\u00f3 el director de Hospitales de la Provincia de Buenos Aires, Juan Riera. (Foto: Diego Izquierdo)\" \/><\/p>\n<div class=\"epigrafe\">Luego de 12 semanas de descenso de casoshay desocupaci\u00f3n de las camas de terapia, destac\u00f3 el director de Hospitales de la Provincia de Buenos Aires, Juan Riera. (Foto: Diego Izquierdo)<\/div>\n<\/div>\n<p>El director de Hospitales de la Provincia de Buenos Aires,\u00a0<strong>Juan Riera<\/strong>, resalt\u00f3 que \u00ab<strong>hay menos contagios debido a la enorme campa\u00f1a de inmunizaci\u00f3n<\/strong>\u00ab, y que el impacto positivo de la vacunaci\u00f3n se traduce en las terapias intensivas que bajaron su ocupaci\u00f3n en el territorio bonaerense.<\/p>\n<p>\u00abLlevamos 12 semanas de descenso de casos y esto se traduce en una desocupaci\u00f3n de camas de terapia, hay menos contagios debido a la enorme campa\u00f1a de inmunizaci\u00f3n\u00bb, indic\u00f3 el m\u00e9dico en declaraciones efectuadas a radio Provincia.<\/p>\n<p>Precis\u00f3 que \u00abla situaci\u00f3n en los hospitales es mejor\u00bb. \u00ab<strong>Estamos en un 51% de ocupaci\u00f3n de camas en el AMBA y un 31% en el interior de la Provincia<\/strong>. El sistema tiene disponibilidad de camas y estamos dando respuestas a patolog\u00edas que no son Covid-19&#8243;, precis\u00f3.<\/p>\n<blockquote><p>\u00abLlevamos 12 semanas de descenso de casos y esto se traduce en una desocupaci\u00f3n de camas de terapia, hay menos contagios debido a la enorme campa\u00f1a de inmunizaci\u00f3n\u00bb<\/p>\n<div class=\"sign\">JUAN RIERA<\/div>\n<\/blockquote>\n<p>En ese punto, destac\u00f3 la importancia de la vacunaci\u00f3n ya que explic\u00f3 que, \u00ablos casos de contagios de personas vacunadas no necesitan de internaci\u00f3n ni alta complejidad\u00bb.<\/p>\n<p>\u00ab<strong>La vacunaci\u00f3n ha sido muy positiva<\/strong>\u00ab, asegur\u00f3 y complet\u00f3: \u00abEl impacto de la vacunaci\u00f3n se ve en la terapia intensiva. Se nota porque el virus no cambi\u00f3 de actitud sino que\u00a0<strong>hay menos contagios y esto se debe a la enorme campa\u00f1a de vacunaci\u00f3n que se ha llevado a cabo en la Provincia<\/strong>\u00ab.<\/p>\n<p>En relaci\u00f3n al ingreso de la variante Delta, Riera se\u00f1al\u00f3 que \u00abtratamos en lo posible que se retarde la circulaci\u00f3n comunitaria de la cepa\u00bb.<\/p>\n<p>\u00abEsperamos que circule pero que no haya una tercera ola\u00bb, advirti\u00f3, al tiempo que enfatiz\u00f3 que \u00abcon la vacunaci\u00f3n y los cuidados deber\u00edamos poder sobrellevar la situaci\u00f3n de manera diferente que en Europa\u00bb.<\/p><\/div>\n<\/div>\n<\/div>\n<\/div>\n<\/div>\n","protected":false},"excerpt":{"rendered":"<p>Luego de 12 semanas de descenso de casoshay desocupaci\u00f3n de las camas de terapia, destac\u00f3 el director de Hospitales de la Provincia de Buenos Aires, Juan Riera, que detall\u00f3 que hay un 51% de ocupaci\u00f3n de camas en el AMBA y un 31% en el interior.<\/p>\n","protected":false},"author":3,"featured_media":0,"comment_status":"closed","ping_status":"closed","sticky":false,"template":"","format":"standard","meta":{"footnotes":""},"categories":[24,30],"tags":[],"class_list":["post-61591","post","type-post","status-publish","format-standard","hentry","category-politica","category-salud"],"yoast_head":"<!-- This site is optimized with the Yoast SEO plugin v25.9 - https:\/\/yoast.com\/wordpress\/plugins\/seo\/ -->\n<title>Resaltaron que hay menos contagios debido a la &quot;enorme campa\u00f1a de vacunaci\u00f3n&quot; - Noticias Radio Reflejos<\/title>\n<meta name=\"robots\" content=\"index, follow, max-snippet:-1, max-image-preview:large, max-video-preview:-1\" \/>\n<link rel=\"canonical\" href=\"https:\/\/www.noticiasradioreflejos.com.ar\/2021\/resaltaron-que-hay-menos-contagios-debido-a-la-enorme-campana-de-vacunacion\/\" \/>\n<meta property=\"og:locale\" content=\"es_ES\" \/>\n<meta property=\"og:type\" content=\"article\" \/>\n<meta property=\"og:title\" content=\"Resaltaron que hay menos contagios debido a la &quot;enorme campa\u00f1a de vacunaci\u00f3n&quot; - Noticias Radio Reflejos\" \/>\n<meta property=\"og:description\" content=\"Luego de 12 semanas de descenso de casoshay desocupaci\u00f3n de las camas de terapia, destac\u00f3 el director de Hospitales de la Provincia de Buenos Aires, Juan Riera, que detall\u00f3 que hay un 51% de ocupaci\u00f3n de camas en el AMBA y un 31% en el interior.\" \/>\n<meta property=\"og:url\" content=\"https:\/\/www.noticiasradioreflejos.com.ar\/2021\/resaltaron-que-hay-menos-contagios-debido-a-la-enorme-campana-de-vacunacion\/\" \/>\n<meta property=\"og:site_name\" content=\"Noticias Radio Reflejos\" \/>\n<meta property=\"article:published_time\" content=\"2021-08-18T17:34:08+00:00\" \/>\n<meta property=\"og:image\" content=\"https:\/\/www.telam.com.ar\/advf\/imagenes\/2021\/08\/611bfad56485b_1004x565.jpg\" \/>\n<meta name=\"author\" content=\"Arnaldo Botto\" \/>\n<meta name=\"twitter:card\" content=\"summary_large_image\" \/>\n<script type=\"application\/ld+json\" class=\"yoast-schema-graph\">{\"@context\":\"https:\/\/schema.org\",\"@graph\":[{\"@type\":\"WebPage\",\"@id\":\"https:\/\/www.noticiasradioreflejos.com.ar\/2021\/resaltaron-que-hay-menos-contagios-debido-a-la-enorme-campana-de-vacunacion\/\",\"url\":\"https:\/\/www.noticiasradioreflejos.com.ar\/2021\/resaltaron-que-hay-menos-contagios-debido-a-la-enorme-campana-de-vacunacion\/\",\"name\":\"Resaltaron que hay menos contagios debido a la \\\"enorme campa\u00f1a de vacunaci\u00f3n\\\" - Noticias Radio Reflejos\",\"isPartOf\":{\"@id\":\"https:\/\/www.noticiasradioreflejos.com.ar\/2021\/#website\"},\"primaryImageOfPage\":{\"@id\":\"https:\/\/www.noticiasradioreflejos.com.ar\/2021\/resaltaron-que-hay-menos-contagios-debido-a-la-enorme-campana-de-vacunacion\/#primaryimage\"},\"image\":{\"@id\":\"https:\/\/www.noticiasradioreflejos.com.ar\/2021\/resaltaron-que-hay-menos-contagios-debido-a-la-enorme-campana-de-vacunacion\/#primaryimage\"},\"thumbnailUrl\":\"https:\/\/www.telam.com.ar\/advf\/imagenes\/2021\/08\/611bfad56485b_1004x565.jpg\",\"datePublished\":\"2021-08-18T17:34:08+00:00\",\"author\":{\"@id\":\"https:\/\/www.noticiasradioreflejos.com.ar\/2021\/#\/schema\/person\/ad82545263dcc5ec0996818884fd5fb1\"},\"breadcrumb\":{\"@id\":\"https:\/\/www.noticiasradioreflejos.com.ar\/2021\/resaltaron-que-hay-menos-contagios-debido-a-la-enorme-campana-de-vacunacion\/#breadcrumb\"},\"inLanguage\":\"es\",\"potentialAction\":[{\"@type\":\"ReadAction\",\"target\":[\"https:\/\/www.noticiasradioreflejos.com.ar\/2021\/resaltaron-que-hay-menos-contagios-debido-a-la-enorme-campana-de-vacunacion\/\"]}]},{\"@type\":\"ImageObject\",\"inLanguage\":\"es\",\"@id\":\"https:\/\/www.noticiasradioreflejos.com.ar\/2021\/resaltaron-que-hay-menos-contagios-debido-a-la-enorme-campana-de-vacunacion\/#primaryimage\",\"url\":\"https:\/\/www.telam.com.ar\/advf\/imagenes\/2021\/08\/611bfad56485b_1004x565.jpg\",\"contentUrl\":\"https:\/\/www.telam.com.ar\/advf\/imagenes\/2021\/08\/611bfad56485b_1004x565.jpg\"},{\"@type\":\"BreadcrumbList\",\"@id\":\"https:\/\/www.noticiasradioreflejos.com.ar\/2021\/resaltaron-que-hay-menos-contagios-debido-a-la-enorme-campana-de-vacunacion\/#breadcrumb\",\"itemListElement\":[{\"@type\":\"ListItem\",\"position\":1,\"name\":\"Portada\",\"item\":\"https:\/\/www.noticiasradioreflejos.com.ar\/2021\/\"},{\"@type\":\"ListItem\",\"position\":2,\"name\":\"Resaltaron que hay menos contagios debido a la \u00abenorme campa\u00f1a de vacunaci\u00f3n\u00bb\"}]},{\"@type\":\"WebSite\",\"@id\":\"https:\/\/www.noticiasradioreflejos.com.ar\/2021\/#website\",\"url\":\"https:\/\/www.noticiasradioreflejos.com.ar\/2021\/\",\"name\":\"Noticias Radio Reflejos\",\"description\":\"Las noticias de mi comarca\",\"potentialAction\":[{\"@type\":\"SearchAction\",\"target\":{\"@type\":\"EntryPoint\",\"urlTemplate\":\"https:\/\/www.noticiasradioreflejos.com.ar\/2021\/?s={search_term_string}\"},\"query-input\":{\"@type\":\"PropertyValueSpecification\",\"valueRequired\":true,\"valueName\":\"search_term_string\"}}],\"inLanguage\":\"es\"},{\"@type\":\"Person\",\"@id\":\"https:\/\/www.noticiasradioreflejos.com.ar\/2021\/#\/schema\/person\/ad82545263dcc5ec0996818884fd5fb1\",\"name\":\"Arnaldo Botto\",\"image\":{\"@type\":\"ImageObject\",\"inLanguage\":\"es\",\"@id\":\"https:\/\/www.noticiasradioreflejos.com.ar\/2021\/#\/schema\/person\/image\/\",\"url\":\"https:\/\/secure.gravatar.com\/avatar\/55cb5e37c1efa326397366e6974cb338056df65cb50e7d64d1cf314e87504837?s=96&d=mm&r=g\",\"contentUrl\":\"https:\/\/secure.gravatar.com\/avatar\/55cb5e37c1efa326397366e6974cb338056df65cb50e7d64d1cf314e87504837?s=96&d=mm&r=g\",\"caption\":\"Arnaldo Botto\"},\"url\":\"https:\/\/www.noticiasradioreflejos.com.ar\/2021\/author\/arnaldo\/\"}]}<\/script>\n<!-- \/ Yoast SEO plugin. -->","yoast_head_json":{"title":"Resaltaron que hay menos contagios debido a la \"enorme campa\u00f1a de vacunaci\u00f3n\" - Noticias Radio Reflejos","robots":{"index":"index","follow":"follow","max-snippet":"max-snippet:-1","max-image-preview":"max-image-preview:large","max-video-preview":"max-video-preview:-1"},"canonical":"https:\/\/www.noticiasradioreflejos.com.ar\/2021\/resaltaron-que-hay-menos-contagios-debido-a-la-enorme-campana-de-vacunacion\/","og_locale":"es_ES","og_type":"article","og_title":"Resaltaron que hay menos contagios debido a la \"enorme campa\u00f1a de vacunaci\u00f3n\" - Noticias Radio Reflejos","og_description":"Luego de 12 semanas de descenso de casoshay desocupaci\u00f3n de las camas de terapia, destac\u00f3 el director de Hospitales de la Provincia de Buenos Aires, Juan Riera, que detall\u00f3 que hay un 51% de ocupaci\u00f3n de camas en el AMBA y un 31% en el interior.","og_url":"https:\/\/www.noticiasradioreflejos.com.ar\/2021\/resaltaron-que-hay-menos-contagios-debido-a-la-enorme-campana-de-vacunacion\/","og_site_name":"Noticias Radio Reflejos","article_published_time":"2021-08-18T17:34:08+00:00","og_image":[{"url":"https:\/\/www.telam.com.ar\/advf\/imagenes\/2021\/08\/611bfad56485b_1004x565.jpg","type":"","width":"","height":""}],"author":"Arnaldo Botto","twitter_card":"summary_large_image","schema":{"@context":"https:\/\/schema.org","@graph":[{"@type":"WebPage","@id":"https:\/\/www.noticiasradioreflejos.com.ar\/2021\/resaltaron-que-hay-menos-contagios-debido-a-la-enorme-campana-de-vacunacion\/","url":"https:\/\/www.noticiasradioreflejos.com.ar\/2021\/resaltaron-que-hay-menos-contagios-debido-a-la-enorme-campana-de-vacunacion\/","name":"Resaltaron que hay menos contagios debido a la \"enorme campa\u00f1a de vacunaci\u00f3n\" - Noticias Radio Reflejos","isPartOf":{"@id":"https:\/\/www.noticiasradioreflejos.com.ar\/2021\/#website"},"primaryImageOfPage":{"@id":"https:\/\/www.noticiasradioreflejos.com.ar\/2021\/resaltaron-que-hay-menos-contagios-debido-a-la-enorme-campana-de-vacunacion\/#primaryimage"},"image":{"@id":"https:\/\/www.noticiasradioreflejos.com.ar\/2021\/resaltaron-que-hay-menos-contagios-debido-a-la-enorme-campana-de-vacunacion\/#primaryimage"},"thumbnailUrl":"https:\/\/www.telam.com.ar\/advf\/imagenes\/2021\/08\/611bfad56485b_1004x565.jpg","datePublished":"2021-08-18T17:34:08+00:00","author":{"@id":"https:\/\/www.noticiasradioreflejos.com.ar\/2021\/#\/schema\/person\/ad82545263dcc5ec0996818884fd5fb1"},"breadcrumb":{"@id":"https:\/\/www.noticiasradioreflejos.com.ar\/2021\/resaltaron-que-hay-menos-contagios-debido-a-la-enorme-campana-de-vacunacion\/#breadcrumb"},"inLanguage":"es","potentialAction":[{"@type":"ReadAction","target":["https:\/\/www.noticiasradioreflejos.com.ar\/2021\/resaltaron-que-hay-menos-contagios-debido-a-la-enorme-campana-de-vacunacion\/"]}]},{"@type":"ImageObject","inLanguage":"es","@id":"https:\/\/www.noticiasradioreflejos.com.ar\/2021\/resaltaron-que-hay-menos-contagios-debido-a-la-enorme-campana-de-vacunacion\/#primaryimage","url":"https:\/\/www.telam.com.ar\/advf\/imagenes\/2021\/08\/611bfad56485b_1004x565.jpg","contentUrl":"https:\/\/www.telam.com.ar\/advf\/imagenes\/2021\/08\/611bfad56485b_1004x565.jpg"},{"@type":"BreadcrumbList","@id":"https:\/\/www.noticiasradioreflejos.com.ar\/2021\/resaltaron-que-hay-menos-contagios-debido-a-la-enorme-campana-de-vacunacion\/#breadcrumb","itemListElement":[{"@type":"ListItem","position":1,"name":"Portada","item":"https:\/\/www.noticiasradioreflejos.com.ar\/2021\/"},{"@type":"ListItem","position":2,"name":"Resaltaron que hay menos contagios debido a la \u00abenorme campa\u00f1a de vacunaci\u00f3n\u00bb"}]},{"@type":"WebSite","@id":"https:\/\/www.noticiasradioreflejos.com.ar\/2021\/#website","url":"https:\/\/www.noticiasradioreflejos.com.ar\/2021\/","name":"Noticias Radio Reflejos","description":"Las noticias de mi comarca","potentialAction":[{"@type":"SearchAction","target":{"@type":"EntryPoint","urlTemplate":"https:\/\/www.noticiasradioreflejos.com.ar\/2021\/?s={search_term_string}"},"query-input":{"@type":"PropertyValueSpecification","valueRequired":true,"valueName":"search_term_string"}}],"inLanguage":"es"},{"@type":"Person","@id":"https:\/\/www.noticiasradioreflejos.com.ar\/2021\/#\/schema\/person\/ad82545263dcc5ec0996818884fd5fb1","name":"Arnaldo Botto","image":{"@type":"ImageObject","inLanguage":"es","@id":"https:\/\/www.noticiasradioreflejos.com.ar\/2021\/#\/schema\/person\/image\/","url":"https:\/\/secure.gravatar.com\/avatar\/55cb5e37c1efa326397366e6974cb338056df65cb50e7d64d1cf314e87504837?s=96&d=mm&r=g","contentUrl":"https:\/\/secure.gravatar.com\/avatar\/55cb5e37c1efa326397366e6974cb338056df65cb50e7d64d1cf314e87504837?s=96&d=mm&r=g","caption":"Arnaldo Botto"},"url":"https:\/\/www.noticiasradioreflejos.com.ar\/2021\/author\/arnaldo\/"}]}},"_links":{"self":[{"href":"https:\/\/www.noticiasradioreflejos.com.ar\/2021\/wp-json\/wp\/v2\/posts\/61591","targetHints":{"allow":["GET"]}}],"collection":[{"href":"https:\/\/www.noticiasradioreflejos.com.ar\/2021\/wp-json\/wp\/v2\/posts"}],"about":[{"href":"https:\/\/www.noticiasradioreflejos.com.ar\/2021\/wp-json\/wp\/v2\/types\/post"}],"author":[{"embeddable":true,"href":"https:\/\/www.noticiasradioreflejos.com.ar\/2021\/wp-json\/wp\/v2\/users\/3"}],"replies":[{"embeddable":true,"href":"https:\/\/www.noticiasradioreflejos.com.ar\/2021\/wp-json\/wp\/v2\/comments?post=61591"}],"version-history":[{"count":1,"href":"https:\/\/www.noticiasradioreflejos.com.ar\/2021\/wp-json\/wp\/v2\/posts\/61591\/revisions"}],"predecessor-version":[{"id":61593,"href":"https:\/\/www.noticiasradioreflejos.com.ar\/2021\/wp-json\/wp\/v2\/posts\/61591\/revisions\/61593"}],"wp:attachment":[{"href":"https:\/\/www.noticiasradioreflejos.com.ar\/2021\/wp-json\/wp\/v2\/media?parent=61591"}],"wp:term":[{"taxonomy":"category","embeddable":true,"href":"https:\/\/www.noticiasradioreflejos.com.ar\/2021\/wp-json\/wp\/v2\/categories?post=61591"},{"taxonomy":"post_tag","embeddable":true,"href":"https:\/\/www.noticiasradioreflejos.com.ar\/2021\/wp-json\/wp\/v2\/tags?post=61591"}],"curies":[{"name":"wp","href":"https:\/\/api.w.org\/{rel}","templated":true}]}}