{"id":61588,"date":"2021-08-18T17:30:55","date_gmt":"2021-08-18T17:30:55","guid":{"rendered":"http:\/\/www.noticiasradioreflejos.com.ar\/2021\/?p=61588"},"modified":"2021-08-18T17:30:55","modified_gmt":"2021-08-18T17:30:55","slug":"avanzan-los-trabajos-en-la-rn-33-entre-espartillar-y-trenque-lauquen","status":"publish","type":"post","link":"https:\/\/www.noticiasradioreflejos.com.ar\/2021\/avanzan-los-trabajos-en-la-rn-33-entre-espartillar-y-trenque-lauquen\/","title":{"rendered":"Avanzan los trabajos en la RN 33 entre Espartillar Y Trenque Lauquen"},"content":{"rendered":"<p>En los pr\u00f3ximos d\u00edas las tareas consisten en el fresado del tramo y posterior ejecuci\u00f3n de la carpeta asf\u00e1ltica, adem\u00e1s de la construcci\u00f3n de banquinas <strong>desde el km 289 al km 291. Por otro lado, finalizan las tareas de repavimentaci\u00f3n del cruce conocido como \u201c7 Primos\u201d, que une la RN33 con Tres lomas y 30 de Agosto.<\/strong><!--more--><\/p>\n<p><a data-flickr-embed=\"true\" href=\"https:\/\/www.flickr.com\/photos\/182279889@N02\/51387364489\/in\/dateposted-public\/\" title=\"WhatsApp Image 2021-08-18 at 07.44.31\"><img loading=\"lazy\" decoding=\"async\" src=\"https:\/\/live.staticflickr.com\/65535\/51387364489_7b204b7812_c.jpg\" width=\"800\" height=\"480\" alt=\"WhatsApp Image 2021-08-18 at 07.44.31\"><\/a><script async src=\"\/\/embedr.flickr.com\/assets\/client-code.js\" charset=\"utf-8\"><\/script><\/p>\n<p>Por esto, se solicita a las y los usuarios circular con precauci\u00f3n y acatar las indicaciones del operativo montado en el sector delimitado con carteler\u00eda provisoria y de obra y banderilleros que gu\u00edan el tr\u00e1nsito.<\/p>\n<p>La RN 33 es uno de los corredores viales m\u00e1s importantes de Buenos Aires y Santa Fe. Comienza en Bah\u00eda Blanca conectando localidades agro-ganaderas de ambas provincias con los puertos de Bah\u00eda Blanca y Rosario. La intervenci\u00f3n de esta v\u00eda mejorar\u00e1 las condiciones de circulaci\u00f3n para m\u00e1s de 3.500 usuarios que diariamente transitan por el sector.<\/p>\n<p>Vialidad Nacional recomienda a todos los usuarios verificar el <a href=\"https:\/\/www.argentina.gob.ar\/obras-publicas\/vialidad-nacional\/estado-de-las-rutas#_blank\"><strong>estado de las<\/strong><\/a> <a href=\"https:\/\/www.argentina.gob.ar\/obras-publicas\/vialidad-nacional\/estado-de-las-rutas#_blank\"><strong>rutas<\/strong> <\/a>disponible en la web de la instituci\u00f3n o comunicarse con su <a href=\"https:\/\/www.argentina.gob.ar\/obras-publicas\/vialidad-nacional\/atencion-al-usuario#_blank\"><strong>Centro de Atenci\u00f3n al<\/strong><\/a> <a href=\"https:\/\/www.argentina.gob.ar\/obras-publicas\/vialidad-nacional\/atencion-al-usuario#_blank\"><strong>Usuario<\/strong><\/a>, disponible de lunes a viernes, entre las 9 y 18 horas, llamando al <strong>0800-222- 6272\/0800-333-0073 <\/strong>o v\u00eda correo electr\u00f3nico a <a href=\"mailto:atencionalusuario@vialidad.gob.ar\"><strong>atencionalusuario@vialidad.gob.ar<\/strong><\/a><\/p>\n<p><a data-flickr-embed=\"true\" href=\"https:\/\/www.flickr.com\/photos\/182279889@N02\/51386875598\/in\/dateposted-public\/\" title=\"WhatsApp Image 2021-08-18 at 07.44.30\"><img loading=\"lazy\" decoding=\"async\" src=\"https:\/\/live.staticflickr.com\/65535\/51386875598_d38bb7c1c9_c.jpg\" width=\"800\" height=\"599\" alt=\"WhatsApp Image 2021-08-18 at 07.44.30\"><\/a><script async src=\"\/\/embedr.flickr.com\/assets\/client-code.js\" charset=\"utf-8\"><\/script><\/p>\n","protected":false},"excerpt":{"rendered":"<p>En los pr\u00f3ximos d\u00edas las tareas consisten en el fresado del tramo y posterior ejecuci\u00f3n de la carpeta asf\u00e1ltica, adem\u00e1s de la construcci\u00f3n de banquinas desde el km 289 al km 291. Por otro lado, finalizan las tareas de repavimentaci\u00f3n del cruce conocido como \u201c7 Primos\u201d, que une la RN33 con Tres lomas y 30 [&hellip;]<\/p>\n","protected":false},"author":3,"featured_media":0,"comment_status":"closed","ping_status":"closed","sticky":false,"template":"","format":"standard","meta":{"footnotes":""},"categories":[24],"tags":[],"class_list":["post-61588","post","type-post","status-publish","format-standard","hentry","category-politica"],"yoast_head":"<!-- This site is optimized with the Yoast SEO plugin v25.9 - https:\/\/yoast.com\/wordpress\/plugins\/seo\/ -->\n<title>Avanzan los trabajos en la RN 33 entre Espartillar Y Trenque Lauquen - Noticias Radio Reflejos<\/title>\n<meta name=\"robots\" content=\"index, follow, max-snippet:-1, max-image-preview:large, max-video-preview:-1\" \/>\n<link rel=\"canonical\" href=\"https:\/\/www.noticiasradioreflejos.com.ar\/2021\/avanzan-los-trabajos-en-la-rn-33-entre-espartillar-y-trenque-lauquen\/\" \/>\n<meta property=\"og:locale\" content=\"es_ES\" \/>\n<meta property=\"og:type\" content=\"article\" \/>\n<meta property=\"og:title\" content=\"Avanzan los trabajos en la RN 33 entre Espartillar Y Trenque Lauquen - Noticias Radio Reflejos\" \/>\n<meta property=\"og:description\" content=\"En los pr\u00f3ximos d\u00edas las tareas consisten en el fresado del tramo y posterior ejecuci\u00f3n de la carpeta asf\u00e1ltica, adem\u00e1s de la construcci\u00f3n de banquinas desde el km 289 al km 291. Por otro lado, finalizan las tareas de repavimentaci\u00f3n del cruce conocido como \u201c7 Primos\u201d, que une la RN33 con Tres lomas y 30 [&hellip;]\" \/>\n<meta property=\"og:url\" content=\"https:\/\/www.noticiasradioreflejos.com.ar\/2021\/avanzan-los-trabajos-en-la-rn-33-entre-espartillar-y-trenque-lauquen\/\" \/>\n<meta property=\"og:site_name\" content=\"Noticias Radio Reflejos\" \/>\n<meta property=\"article:published_time\" content=\"2021-08-18T17:30:55+00:00\" \/>\n<meta property=\"og:image\" content=\"https:\/\/live.staticflickr.com\/65535\/51387364489_7b204b7812_c.jpg\" \/>\n<meta name=\"author\" content=\"Arnaldo Botto\" \/>\n<meta name=\"twitter:card\" content=\"summary_large_image\" \/>\n<script type=\"application\/ld+json\" class=\"yoast-schema-graph\">{\"@context\":\"https:\/\/schema.org\",\"@graph\":[{\"@type\":\"WebPage\",\"@id\":\"https:\/\/www.noticiasradioreflejos.com.ar\/2021\/avanzan-los-trabajos-en-la-rn-33-entre-espartillar-y-trenque-lauquen\/\",\"url\":\"https:\/\/www.noticiasradioreflejos.com.ar\/2021\/avanzan-los-trabajos-en-la-rn-33-entre-espartillar-y-trenque-lauquen\/\",\"name\":\"Avanzan los trabajos en la RN 33 entre Espartillar Y Trenque Lauquen - Noticias Radio Reflejos\",\"isPartOf\":{\"@id\":\"https:\/\/www.noticiasradioreflejos.com.ar\/2021\/#website\"},\"primaryImageOfPage\":{\"@id\":\"https:\/\/www.noticiasradioreflejos.com.ar\/2021\/avanzan-los-trabajos-en-la-rn-33-entre-espartillar-y-trenque-lauquen\/#primaryimage\"},\"image\":{\"@id\":\"https:\/\/www.noticiasradioreflejos.com.ar\/2021\/avanzan-los-trabajos-en-la-rn-33-entre-espartillar-y-trenque-lauquen\/#primaryimage\"},\"thumbnailUrl\":\"https:\/\/live.staticflickr.com\/65535\/51387364489_7b204b7812_c.jpg\",\"datePublished\":\"2021-08-18T17:30:55+00:00\",\"author\":{\"@id\":\"https:\/\/www.noticiasradioreflejos.com.ar\/2021\/#\/schema\/person\/ad82545263dcc5ec0996818884fd5fb1\"},\"breadcrumb\":{\"@id\":\"https:\/\/www.noticiasradioreflejos.com.ar\/2021\/avanzan-los-trabajos-en-la-rn-33-entre-espartillar-y-trenque-lauquen\/#breadcrumb\"},\"inLanguage\":\"es\",\"potentialAction\":[{\"@type\":\"ReadAction\",\"target\":[\"https:\/\/www.noticiasradioreflejos.com.ar\/2021\/avanzan-los-trabajos-en-la-rn-33-entre-espartillar-y-trenque-lauquen\/\"]}]},{\"@type\":\"ImageObject\",\"inLanguage\":\"es\",\"@id\":\"https:\/\/www.noticiasradioreflejos.com.ar\/2021\/avanzan-los-trabajos-en-la-rn-33-entre-espartillar-y-trenque-lauquen\/#primaryimage\",\"url\":\"https:\/\/live.staticflickr.com\/65535\/51387364489_7b204b7812_c.jpg\",\"contentUrl\":\"https:\/\/live.staticflickr.com\/65535\/51387364489_7b204b7812_c.jpg\"},{\"@type\":\"BreadcrumbList\",\"@id\":\"https:\/\/www.noticiasradioreflejos.com.ar\/2021\/avanzan-los-trabajos-en-la-rn-33-entre-espartillar-y-trenque-lauquen\/#breadcrumb\",\"itemListElement\":[{\"@type\":\"ListItem\",\"position\":1,\"name\":\"Portada\",\"item\":\"https:\/\/www.noticiasradioreflejos.com.ar\/2021\/\"},{\"@type\":\"ListItem\",\"position\":2,\"name\":\"Avanzan los trabajos en la RN 33 entre Espartillar Y Trenque Lauquen\"}]},{\"@type\":\"WebSite\",\"@id\":\"https:\/\/www.noticiasradioreflejos.com.ar\/2021\/#website\",\"url\":\"https:\/\/www.noticiasradioreflejos.com.ar\/2021\/\",\"name\":\"Noticias Radio Reflejos\",\"description\":\"Las noticias de mi comarca\",\"potentialAction\":[{\"@type\":\"SearchAction\",\"target\":{\"@type\":\"EntryPoint\",\"urlTemplate\":\"https:\/\/www.noticiasradioreflejos.com.ar\/2021\/?s={search_term_string}\"},\"query-input\":{\"@type\":\"PropertyValueSpecification\",\"valueRequired\":true,\"valueName\":\"search_term_string\"}}],\"inLanguage\":\"es\"},{\"@type\":\"Person\",\"@id\":\"https:\/\/www.noticiasradioreflejos.com.ar\/2021\/#\/schema\/person\/ad82545263dcc5ec0996818884fd5fb1\",\"name\":\"Arnaldo Botto\",\"image\":{\"@type\":\"ImageObject\",\"inLanguage\":\"es\",\"@id\":\"https:\/\/www.noticiasradioreflejos.com.ar\/2021\/#\/schema\/person\/image\/\",\"url\":\"https:\/\/secure.gravatar.com\/avatar\/55cb5e37c1efa326397366e6974cb338056df65cb50e7d64d1cf314e87504837?s=96&d=mm&r=g\",\"contentUrl\":\"https:\/\/secure.gravatar.com\/avatar\/55cb5e37c1efa326397366e6974cb338056df65cb50e7d64d1cf314e87504837?s=96&d=mm&r=g\",\"caption\":\"Arnaldo Botto\"},\"url\":\"https:\/\/www.noticiasradioreflejos.com.ar\/2021\/author\/arnaldo\/\"}]}<\/script>\n<!-- \/ Yoast SEO plugin. -->","yoast_head_json":{"title":"Avanzan los trabajos en la RN 33 entre Espartillar Y Trenque Lauquen - Noticias Radio Reflejos","robots":{"index":"index","follow":"follow","max-snippet":"max-snippet:-1","max-image-preview":"max-image-preview:large","max-video-preview":"max-video-preview:-1"},"canonical":"https:\/\/www.noticiasradioreflejos.com.ar\/2021\/avanzan-los-trabajos-en-la-rn-33-entre-espartillar-y-trenque-lauquen\/","og_locale":"es_ES","og_type":"article","og_title":"Avanzan los trabajos en la RN 33 entre Espartillar Y Trenque Lauquen - Noticias Radio Reflejos","og_description":"En los pr\u00f3ximos d\u00edas las tareas consisten en el fresado del tramo y posterior ejecuci\u00f3n de la carpeta asf\u00e1ltica, adem\u00e1s de la construcci\u00f3n de banquinas desde el km 289 al km 291. Por otro lado, finalizan las tareas de repavimentaci\u00f3n del cruce conocido como \u201c7 Primos\u201d, que une la RN33 con Tres lomas y 30 [&hellip;]","og_url":"https:\/\/www.noticiasradioreflejos.com.ar\/2021\/avanzan-los-trabajos-en-la-rn-33-entre-espartillar-y-trenque-lauquen\/","og_site_name":"Noticias Radio Reflejos","article_published_time":"2021-08-18T17:30:55+00:00","og_image":[{"url":"https:\/\/live.staticflickr.com\/65535\/51387364489_7b204b7812_c.jpg","type":"","width":"","height":""}],"author":"Arnaldo Botto","twitter_card":"summary_large_image","schema":{"@context":"https:\/\/schema.org","@graph":[{"@type":"WebPage","@id":"https:\/\/www.noticiasradioreflejos.com.ar\/2021\/avanzan-los-trabajos-en-la-rn-33-entre-espartillar-y-trenque-lauquen\/","url":"https:\/\/www.noticiasradioreflejos.com.ar\/2021\/avanzan-los-trabajos-en-la-rn-33-entre-espartillar-y-trenque-lauquen\/","name":"Avanzan los trabajos en la RN 33 entre Espartillar Y Trenque Lauquen - Noticias Radio Reflejos","isPartOf":{"@id":"https:\/\/www.noticiasradioreflejos.com.ar\/2021\/#website"},"primaryImageOfPage":{"@id":"https:\/\/www.noticiasradioreflejos.com.ar\/2021\/avanzan-los-trabajos-en-la-rn-33-entre-espartillar-y-trenque-lauquen\/#primaryimage"},"image":{"@id":"https:\/\/www.noticiasradioreflejos.com.ar\/2021\/avanzan-los-trabajos-en-la-rn-33-entre-espartillar-y-trenque-lauquen\/#primaryimage"},"thumbnailUrl":"https:\/\/live.staticflickr.com\/65535\/51387364489_7b204b7812_c.jpg","datePublished":"2021-08-18T17:30:55+00:00","author":{"@id":"https:\/\/www.noticiasradioreflejos.com.ar\/2021\/#\/schema\/person\/ad82545263dcc5ec0996818884fd5fb1"},"breadcrumb":{"@id":"https:\/\/www.noticiasradioreflejos.com.ar\/2021\/avanzan-los-trabajos-en-la-rn-33-entre-espartillar-y-trenque-lauquen\/#breadcrumb"},"inLanguage":"es","potentialAction":[{"@type":"ReadAction","target":["https:\/\/www.noticiasradioreflejos.com.ar\/2021\/avanzan-los-trabajos-en-la-rn-33-entre-espartillar-y-trenque-lauquen\/"]}]},{"@type":"ImageObject","inLanguage":"es","@id":"https:\/\/www.noticiasradioreflejos.com.ar\/2021\/avanzan-los-trabajos-en-la-rn-33-entre-espartillar-y-trenque-lauquen\/#primaryimage","url":"https:\/\/live.staticflickr.com\/65535\/51387364489_7b204b7812_c.jpg","contentUrl":"https:\/\/live.staticflickr.com\/65535\/51387364489_7b204b7812_c.jpg"},{"@type":"BreadcrumbList","@id":"https:\/\/www.noticiasradioreflejos.com.ar\/2021\/avanzan-los-trabajos-en-la-rn-33-entre-espartillar-y-trenque-lauquen\/#breadcrumb","itemListElement":[{"@type":"ListItem","position":1,"name":"Portada","item":"https:\/\/www.noticiasradioreflejos.com.ar\/2021\/"},{"@type":"ListItem","position":2,"name":"Avanzan los trabajos en la RN 33 entre Espartillar Y Trenque Lauquen"}]},{"@type":"WebSite","@id":"https:\/\/www.noticiasradioreflejos.com.ar\/2021\/#website","url":"https:\/\/www.noticiasradioreflejos.com.ar\/2021\/","name":"Noticias Radio Reflejos","description":"Las noticias de mi comarca","potentialAction":[{"@type":"SearchAction","target":{"@type":"EntryPoint","urlTemplate":"https:\/\/www.noticiasradioreflejos.com.ar\/2021\/?s={search_term_string}"},"query-input":{"@type":"PropertyValueSpecification","valueRequired":true,"valueName":"search_term_string"}}],"inLanguage":"es"},{"@type":"Person","@id":"https:\/\/www.noticiasradioreflejos.com.ar\/2021\/#\/schema\/person\/ad82545263dcc5ec0996818884fd5fb1","name":"Arnaldo Botto","image":{"@type":"ImageObject","inLanguage":"es","@id":"https:\/\/www.noticiasradioreflejos.com.ar\/2021\/#\/schema\/person\/image\/","url":"https:\/\/secure.gravatar.com\/avatar\/55cb5e37c1efa326397366e6974cb338056df65cb50e7d64d1cf314e87504837?s=96&d=mm&r=g","contentUrl":"https:\/\/secure.gravatar.com\/avatar\/55cb5e37c1efa326397366e6974cb338056df65cb50e7d64d1cf314e87504837?s=96&d=mm&r=g","caption":"Arnaldo Botto"},"url":"https:\/\/www.noticiasradioreflejos.com.ar\/2021\/author\/arnaldo\/"}]}},"_links":{"self":[{"href":"https:\/\/www.noticiasradioreflejos.com.ar\/2021\/wp-json\/wp\/v2\/posts\/61588","targetHints":{"allow":["GET"]}}],"collection":[{"href":"https:\/\/www.noticiasradioreflejos.com.ar\/2021\/wp-json\/wp\/v2\/posts"}],"about":[{"href":"https:\/\/www.noticiasradioreflejos.com.ar\/2021\/wp-json\/wp\/v2\/types\/post"}],"author":[{"embeddable":true,"href":"https:\/\/www.noticiasradioreflejos.com.ar\/2021\/wp-json\/wp\/v2\/users\/3"}],"replies":[{"embeddable":true,"href":"https:\/\/www.noticiasradioreflejos.com.ar\/2021\/wp-json\/wp\/v2\/comments?post=61588"}],"version-history":[{"count":1,"href":"https:\/\/www.noticiasradioreflejos.com.ar\/2021\/wp-json\/wp\/v2\/posts\/61588\/revisions"}],"predecessor-version":[{"id":61590,"href":"https:\/\/www.noticiasradioreflejos.com.ar\/2021\/wp-json\/wp\/v2\/posts\/61588\/revisions\/61590"}],"wp:attachment":[{"href":"https:\/\/www.noticiasradioreflejos.com.ar\/2021\/wp-json\/wp\/v2\/media?parent=61588"}],"wp:term":[{"taxonomy":"category","embeddable":true,"href":"https:\/\/www.noticiasradioreflejos.com.ar\/2021\/wp-json\/wp\/v2\/categories?post=61588"},{"taxonomy":"post_tag","embeddable":true,"href":"https:\/\/www.noticiasradioreflejos.com.ar\/2021\/wp-json\/wp\/v2\/tags?post=61588"}],"curies":[{"name":"wp","href":"https:\/\/api.w.org\/{rel}","templated":true}]}}