{"id":61576,"date":"2021-08-17T22:54:14","date_gmt":"2021-08-17T22:54:14","guid":{"rendered":"http:\/\/www.noticiasradioreflejos.com.ar\/2021\/?p=61576"},"modified":"2021-08-17T22:55:30","modified_gmt":"2021-08-17T22:55:30","slug":"el-gobierno-nacional-formalizo-el-retorno-al-trabajo-presencial-de-los-empleados-estatales","status":"publish","type":"post","link":"https:\/\/www.noticiasradioreflejos.com.ar\/2021\/el-gobierno-nacional-formalizo-el-retorno-al-trabajo-presencial-de-los-empleados-estatales\/","title":{"rendered":"El gobierno nacional formaliz\u00f3 el retorno al trabajo presencial de los empleados estatales"},"content":{"rendered":"<div class=\"head-content\">\n<p>La modalidad de prestaci\u00f3n de trabajo deber\u00e1 ser notificada fehacientemente por su superior jer\u00e1rquico a cada agente por lo menos 72 horas h\u00e1biles antes de su efectivo cumplimiento.<\/p>\n<div class=\"addthis_custom_sharing\" data-url=\"https:\/\/www.telam.com.ar\/notas\/202108\/565367-gobierno-nacional-formalizo-retorno-trabajo-presencial-empleados-estatales.html\" data-title=\"El gobierno nacional formaliz\u00f3 el retorno al trabajo presencial de los empleados estatales\" data-description=\"La modalidad de prestaci\u00f3n de trabajo deber\u00e1 ser notificada fehacientemente por su superior jer\u00e1rquico a cada agente por lo menos 72 horas h\u00e1biles antes de su efectivo cumplimiento.\">\n<div id=\"atstbx\" class=\"at-resp-share-element at-style-responsive addthis-smartlayers addthis-animated at4-show\" role=\"region\" aria-labelledby=\"at-52b6719a-f6ff-4da7-af87-fd956ea16dad\"><\/div>\n<\/div>\n<\/div>\n<p><!--more--><\/p>\n<div class=\"main-content-block\">\n<div class=\"main-box clearfix\">\n<div class=\"wrapper-main-section clearfix\">\n<div class=\"wrapper-editable-content\">\n<div class=\"editable-content clearfix\">\n<div id=\"image\" class=\"image\">\n<div class=\"epigrafe\">El Gobierno nacional formaliz\u00f3 este martes los requisitos para el retorno al trabajo presencial de los empleados estatales a partir del 1\u00b0 de septiembre pr\u00f3ximo, ante el avance del plan estrat\u00e9gico de vacunaci\u00f3n contra la Covid-19, as\u00ed como el descenso de la tasa de casos positivos de la enfermedad.<\/div>\n<\/div>\n<p>La medida se adopt\u00f3 mediante la\u00a0<a href=\"https:\/\/www.boletinoficial.gob.ar\/detalleAviso\/primera\/248204\/20210817\" target=\"_blank\" rel=\"noopener\">resoluci\u00f3n 91\/2021<\/a>, firmada por la secretaria de Gesti\u00f3n y Empleo P\u00fablico de la Jefatura de Gabinete de Ministros, Ana Castellani, y publicada en el Bolet\u00edn Oficial, que comprende a todos los trabajadores de la Administraci\u00f3n P\u00fablica Nacional del pa\u00eds.<\/p>\n<p>Se se\u00f1ala en la norma que \u201cser\u00e1n convocables al retorno a la actividad laboral presencial los trabajadores que hubieren recibido al menos la primera dosis de cualquiera de las vacunas destinadas a generar inmunidad adquirida contra la Covid-19\u201d, autorizadas en la Argentina, independientemente de la edad y la condici\u00f3n de riesgo, luego de 14 d\u00edas posteriores a la inoculaci\u00f3n.<\/p>\n<blockquote><p>Quedan exceptuados de la obligatoriedad presencial los empleados con inmunodeficiencias: pacientes oncol\u00f3gicos, con HIV, trasplantados y personas gestantes<\/p><\/blockquote>\n<p>La modalidad de prestaci\u00f3n de trabajo deber\u00e1 ser notificada fehacientemente por su superior jer\u00e1rquico a cada agente por lo menos 72 horas h\u00e1biles antes de su efectivo cumplimiento, y quedan exceptuados de la obligatoriedad del trabajo presencial s\u00f3lo los empleados con inmunodeficiencias, categor\u00eda que comprende a los pacientes oncol\u00f3gicos, con HIV, y trasplantados, y a las personas gestantes.<\/p>\n<p>Las oficinas de recursos humanos de los distintos organismos y jurisdicciones deber\u00e1n solicitar a quienes fueren convocados, el correspondiente Certificado de Vacunaci\u00f3n, al cual podr\u00e1n acceder desde la aplicaci\u00f3n Mi Argentina.<\/p>\n<div id=\"image\" class=\"image\">\n<p><img decoding=\"async\" title=\"La resoluci\u00f3n indica que ser\u00e1n pasibles de sanciones los agentes citados en forma fehaciente que no concurran a su lugar de trabajo. \" src=\"https:\/\/www.telam.com.ar\/advf\/imagenes\/2018\/03\/5aa2913868b8f_1004x565.jpg\" alt=\"La resoluci\u00f3n indica que ser\u00e1n pasibles de sanciones los agentes citados en forma fehaciente que no concurran a su lugar de trabajo. \" \/><\/p>\n<div class=\"epigrafe\">La resoluci\u00f3n indica que ser\u00e1n pasibles de sanciones los agentes citados en forma fehaciente que no concurran a su lugar de trabajo.<\/div>\n<\/div>\n<p>Se puntualiza en la resoluci\u00f3n que los agentes que sean citados en forma fehaciente para realizar trabajo presencial y no lo cumplieren, \u201cser\u00e1n pasibles de las sanciones que correspondan de conformidad con el r\u00e9gimen disciplinario aplicable\u201d.<\/p>\n<p>Podr\u00e1 realizarse el trabajo remoto cuando, por la adecuaci\u00f3n a los protocolos de cuidado contra el Covid aprobado por la Comisi\u00f3n de Condiciones y Medio Ambiente de Trabajo, o por aquellos que fueren aplicables seg\u00fan la normativa vigente, sea necesaria la alternancia de la modalidad presencial.<\/p>\n<p>En estos casos de alternancia entre presencialidad y trabajo remoto, en el marco de la adecuaci\u00f3n a la denominada \u201cpresencialidad programada\u201d, se deber\u00e1n contemplar \u201clas situaciones de las madres, padres, encargados o tutores de ni\u00f1as y ni\u00f1os de hasta 13 a\u00f1os inclusive, que asistan alternadamente a los establecimientos educativos\u201d.<\/p>\n<blockquote><p>\u00abLos trabajadores que opten por no inocularse, igualmente ser\u00e1n convocados al trabajo presencial<\/p><\/blockquote>\n<p>Tambi\u00e9n se podr\u00e1n prestar servicios presenciales, en un esquema mixto, que incluye a tiempo parcial, en fracciones no inferiores al 50 % de la jornada normal, habitual y permanente dispuesta para la categor\u00eda de revista de cada agente, o hasta 20 horas semanales, sin exceder la carga horaria prevista para la categor\u00eda de cada agente.<\/p>\n<p>Se dispone que quienes presten servicios de manera remota no podr\u00e1n cambiar el domicilio real denunciado en sus legajos personales a una distancia que supere los 100 kil\u00f3metros del mismo, y en aquellos casos en que la mudanza no supere esta distancia, deber\u00e1n notificar esta circunstancia a sus organismos empleadores.<\/p>\n<div id=\"image\" class=\"image\">\n<p><img decoding=\"async\" title=\"En casos de personas gestantes e inmunodeficientes, la norma contempla la posibilidad de teletrabajo. \" src=\"https:\/\/www.telam.com.ar\/advf\/imagenes\/2019\/06\/5d0a8d33735e7_1004x565.jpg\" alt=\"En casos de personas gestantes e inmunodeficientes, la norma contempla la posibilidad de teletrabajo. \" \/><\/p>\n<div class=\"epigrafe\">En casos de personas gestantes e inmunodeficientes, la norma contempla la posibilidad de teletrabajo.<\/div>\n<\/div>\n<p>Cuando los trabajadores hagan uso de la modalidad de trabajo remoto, deber\u00e1n indicar el domicilio en el que desarrollar\u00e1 sus tareas mediante una declaraci\u00f3n jurada, y se deber\u00e1 adem\u00e1s notificar a la Aseguradora de Riesgos del Trabajo respectiva la n\u00f3mina de incluidos en esta caracter\u00edstica, a fin de garantizar la cobertura por accidentes de trabajo.<\/p>\n<blockquote><p>En los fundamentos de la resoluci\u00f3n se se\u00f1ala que \u201cse alcanzaron altas coberturas de vacunaci\u00f3n con una dosis\u201d<\/p><\/blockquote>\n<p>La resoluci\u00f3n alude adem\u00e1s a los trabajadores que opten por no inocularse, quienes igualmente ser\u00e1n convocados al trabajo presencial, pero se les impone el \u201cdeber de actuar de buena fe, dirigi\u00e9ndose al Departamento de Sanidad, o su equivalente en cada organismo, a fin de obtener informaci\u00f3n sobre la vacuna en cuesti\u00f3n\u201d.<\/p>\n<p>No obstante, y en el caso de \u201ccontinuar con la decisi\u00f3n de no vacunarse, deber\u00e1n firmar una nota con car\u00e1cter de Declaraci\u00f3n Jurada, expresando los motivos de su decisi\u00f3n y comprometi\u00e9ndose a tomar todos los recaudos necesarios para evitar los perjuicios que su decisi\u00f3n pudiere ocasionar al normal desempe\u00f1o del equipo de trabajo al cual pertenece, debiendo ser convocados a la prestaci\u00f3n presencial de labores\u201d, dice.<\/p>\n<p>En los fundamentos de la resoluci\u00f3n se se\u00f1ala que \u201cse alcanzaron altas coberturas de vacunaci\u00f3n con una dosis\u201d y que \u201cla evoluci\u00f3n de la pandemia mostr\u00f3 un descenso de casos en la gran mayor\u00eda de las jurisdicciones\u201d, por lo cual \u201cresulta necesario brindar pautas reglamentarias para \u00e9ste nuevo per\u00edodo de presencialidad programada\u201d.<\/p>\n<div class=\"btn_externos\"><\/div>\n<\/div>\n<\/div>\n<\/div>\n<\/div>\n<\/div>\n","protected":false},"excerpt":{"rendered":"<p>La modalidad de prestaci\u00f3n de trabajo deber\u00e1 ser notificada fehacientemente por su superior jer\u00e1rquico a cada agente por lo menos 72 horas h\u00e1biles antes de su efectivo cumplimiento.<\/p>\n","protected":false},"author":3,"featured_media":0,"comment_status":"closed","ping_status":"closed","sticky":false,"template":"","format":"standard","meta":{"footnotes":""},"categories":[24,26],"tags":[],"class_list":["post-61576","post","type-post","status-publish","format-standard","hentry","category-politica","category-sociedad"],"yoast_head":"<!-- This site is optimized with the Yoast SEO plugin v25.9 - https:\/\/yoast.com\/wordpress\/plugins\/seo\/ -->\n<title>El gobierno nacional formaliz\u00f3 el retorno al trabajo presencial de los empleados estatales - Noticias Radio Reflejos<\/title>\n<meta name=\"robots\" content=\"index, follow, max-snippet:-1, max-image-preview:large, max-video-preview:-1\" \/>\n<link rel=\"canonical\" href=\"https:\/\/www.noticiasradioreflejos.com.ar\/2021\/el-gobierno-nacional-formalizo-el-retorno-al-trabajo-presencial-de-los-empleados-estatales\/\" \/>\n<meta property=\"og:locale\" content=\"es_ES\" \/>\n<meta property=\"og:type\" content=\"article\" \/>\n<meta property=\"og:title\" content=\"El gobierno nacional formaliz\u00f3 el retorno al trabajo presencial de los empleados estatales - Noticias Radio Reflejos\" \/>\n<meta property=\"og:description\" content=\"La modalidad de prestaci\u00f3n de trabajo deber\u00e1 ser notificada fehacientemente por su superior jer\u00e1rquico a cada agente por lo menos 72 horas h\u00e1biles antes de su efectivo cumplimiento.\" \/>\n<meta property=\"og:url\" content=\"https:\/\/www.noticiasradioreflejos.com.ar\/2021\/el-gobierno-nacional-formalizo-el-retorno-al-trabajo-presencial-de-los-empleados-estatales\/\" \/>\n<meta property=\"og:site_name\" content=\"Noticias Radio Reflejos\" \/>\n<meta property=\"article:published_time\" content=\"2021-08-17T22:54:14+00:00\" \/>\n<meta property=\"article:modified_time\" content=\"2021-08-17T22:55:30+00:00\" \/>\n<meta property=\"og:image\" content=\"https:\/\/www.telam.com.ar\/advf\/imagenes\/2018\/03\/5aa2913868b8f_1004x565.jpg\" \/>\n<meta name=\"author\" content=\"Arnaldo Botto\" \/>\n<meta name=\"twitter:card\" content=\"summary_large_image\" \/>\n<script type=\"application\/ld+json\" class=\"yoast-schema-graph\">{\"@context\":\"https:\/\/schema.org\",\"@graph\":[{\"@type\":\"WebPage\",\"@id\":\"https:\/\/www.noticiasradioreflejos.com.ar\/2021\/el-gobierno-nacional-formalizo-el-retorno-al-trabajo-presencial-de-los-empleados-estatales\/\",\"url\":\"https:\/\/www.noticiasradioreflejos.com.ar\/2021\/el-gobierno-nacional-formalizo-el-retorno-al-trabajo-presencial-de-los-empleados-estatales\/\",\"name\":\"El gobierno nacional formaliz\u00f3 el retorno al trabajo presencial de los empleados estatales - Noticias Radio Reflejos\",\"isPartOf\":{\"@id\":\"https:\/\/www.noticiasradioreflejos.com.ar\/2021\/#website\"},\"primaryImageOfPage\":{\"@id\":\"https:\/\/www.noticiasradioreflejos.com.ar\/2021\/el-gobierno-nacional-formalizo-el-retorno-al-trabajo-presencial-de-los-empleados-estatales\/#primaryimage\"},\"image\":{\"@id\":\"https:\/\/www.noticiasradioreflejos.com.ar\/2021\/el-gobierno-nacional-formalizo-el-retorno-al-trabajo-presencial-de-los-empleados-estatales\/#primaryimage\"},\"thumbnailUrl\":\"https:\/\/www.telam.com.ar\/advf\/imagenes\/2018\/03\/5aa2913868b8f_1004x565.jpg\",\"datePublished\":\"2021-08-17T22:54:14+00:00\",\"dateModified\":\"2021-08-17T22:55:30+00:00\",\"author\":{\"@id\":\"https:\/\/www.noticiasradioreflejos.com.ar\/2021\/#\/schema\/person\/ad82545263dcc5ec0996818884fd5fb1\"},\"breadcrumb\":{\"@id\":\"https:\/\/www.noticiasradioreflejos.com.ar\/2021\/el-gobierno-nacional-formalizo-el-retorno-al-trabajo-presencial-de-los-empleados-estatales\/#breadcrumb\"},\"inLanguage\":\"es\",\"potentialAction\":[{\"@type\":\"ReadAction\",\"target\":[\"https:\/\/www.noticiasradioreflejos.com.ar\/2021\/el-gobierno-nacional-formalizo-el-retorno-al-trabajo-presencial-de-los-empleados-estatales\/\"]}]},{\"@type\":\"ImageObject\",\"inLanguage\":\"es\",\"@id\":\"https:\/\/www.noticiasradioreflejos.com.ar\/2021\/el-gobierno-nacional-formalizo-el-retorno-al-trabajo-presencial-de-los-empleados-estatales\/#primaryimage\",\"url\":\"https:\/\/www.telam.com.ar\/advf\/imagenes\/2018\/03\/5aa2913868b8f_1004x565.jpg\",\"contentUrl\":\"https:\/\/www.telam.com.ar\/advf\/imagenes\/2018\/03\/5aa2913868b8f_1004x565.jpg\"},{\"@type\":\"BreadcrumbList\",\"@id\":\"https:\/\/www.noticiasradioreflejos.com.ar\/2021\/el-gobierno-nacional-formalizo-el-retorno-al-trabajo-presencial-de-los-empleados-estatales\/#breadcrumb\",\"itemListElement\":[{\"@type\":\"ListItem\",\"position\":1,\"name\":\"Portada\",\"item\":\"https:\/\/www.noticiasradioreflejos.com.ar\/2021\/\"},{\"@type\":\"ListItem\",\"position\":2,\"name\":\"El gobierno nacional formaliz\u00f3 el retorno al trabajo presencial de los empleados estatales\"}]},{\"@type\":\"WebSite\",\"@id\":\"https:\/\/www.noticiasradioreflejos.com.ar\/2021\/#website\",\"url\":\"https:\/\/www.noticiasradioreflejos.com.ar\/2021\/\",\"name\":\"Noticias Radio Reflejos\",\"description\":\"Las noticias de mi comarca\",\"potentialAction\":[{\"@type\":\"SearchAction\",\"target\":{\"@type\":\"EntryPoint\",\"urlTemplate\":\"https:\/\/www.noticiasradioreflejos.com.ar\/2021\/?s={search_term_string}\"},\"query-input\":{\"@type\":\"PropertyValueSpecification\",\"valueRequired\":true,\"valueName\":\"search_term_string\"}}],\"inLanguage\":\"es\"},{\"@type\":\"Person\",\"@id\":\"https:\/\/www.noticiasradioreflejos.com.ar\/2021\/#\/schema\/person\/ad82545263dcc5ec0996818884fd5fb1\",\"name\":\"Arnaldo Botto\",\"image\":{\"@type\":\"ImageObject\",\"inLanguage\":\"es\",\"@id\":\"https:\/\/www.noticiasradioreflejos.com.ar\/2021\/#\/schema\/person\/image\/\",\"url\":\"https:\/\/secure.gravatar.com\/avatar\/55cb5e37c1efa326397366e6974cb338056df65cb50e7d64d1cf314e87504837?s=96&d=mm&r=g\",\"contentUrl\":\"https:\/\/secure.gravatar.com\/avatar\/55cb5e37c1efa326397366e6974cb338056df65cb50e7d64d1cf314e87504837?s=96&d=mm&r=g\",\"caption\":\"Arnaldo Botto\"},\"url\":\"https:\/\/www.noticiasradioreflejos.com.ar\/2021\/author\/arnaldo\/\"}]}<\/script>\n<!-- \/ Yoast SEO plugin. -->","yoast_head_json":{"title":"El gobierno nacional formaliz\u00f3 el retorno al trabajo presencial de los empleados estatales - Noticias Radio Reflejos","robots":{"index":"index","follow":"follow","max-snippet":"max-snippet:-1","max-image-preview":"max-image-preview:large","max-video-preview":"max-video-preview:-1"},"canonical":"https:\/\/www.noticiasradioreflejos.com.ar\/2021\/el-gobierno-nacional-formalizo-el-retorno-al-trabajo-presencial-de-los-empleados-estatales\/","og_locale":"es_ES","og_type":"article","og_title":"El gobierno nacional formaliz\u00f3 el retorno al trabajo presencial de los empleados estatales - Noticias Radio Reflejos","og_description":"La modalidad de prestaci\u00f3n de trabajo deber\u00e1 ser notificada fehacientemente por su superior jer\u00e1rquico a cada agente por lo menos 72 horas h\u00e1biles antes de su efectivo cumplimiento.","og_url":"https:\/\/www.noticiasradioreflejos.com.ar\/2021\/el-gobierno-nacional-formalizo-el-retorno-al-trabajo-presencial-de-los-empleados-estatales\/","og_site_name":"Noticias Radio Reflejos","article_published_time":"2021-08-17T22:54:14+00:00","article_modified_time":"2021-08-17T22:55:30+00:00","og_image":[{"url":"https:\/\/www.telam.com.ar\/advf\/imagenes\/2018\/03\/5aa2913868b8f_1004x565.jpg","type":"","width":"","height":""}],"author":"Arnaldo Botto","twitter_card":"summary_large_image","schema":{"@context":"https:\/\/schema.org","@graph":[{"@type":"WebPage","@id":"https:\/\/www.noticiasradioreflejos.com.ar\/2021\/el-gobierno-nacional-formalizo-el-retorno-al-trabajo-presencial-de-los-empleados-estatales\/","url":"https:\/\/www.noticiasradioreflejos.com.ar\/2021\/el-gobierno-nacional-formalizo-el-retorno-al-trabajo-presencial-de-los-empleados-estatales\/","name":"El gobierno nacional formaliz\u00f3 el retorno al trabajo presencial de los empleados estatales - Noticias Radio Reflejos","isPartOf":{"@id":"https:\/\/www.noticiasradioreflejos.com.ar\/2021\/#website"},"primaryImageOfPage":{"@id":"https:\/\/www.noticiasradioreflejos.com.ar\/2021\/el-gobierno-nacional-formalizo-el-retorno-al-trabajo-presencial-de-los-empleados-estatales\/#primaryimage"},"image":{"@id":"https:\/\/www.noticiasradioreflejos.com.ar\/2021\/el-gobierno-nacional-formalizo-el-retorno-al-trabajo-presencial-de-los-empleados-estatales\/#primaryimage"},"thumbnailUrl":"https:\/\/www.telam.com.ar\/advf\/imagenes\/2018\/03\/5aa2913868b8f_1004x565.jpg","datePublished":"2021-08-17T22:54:14+00:00","dateModified":"2021-08-17T22:55:30+00:00","author":{"@id":"https:\/\/www.noticiasradioreflejos.com.ar\/2021\/#\/schema\/person\/ad82545263dcc5ec0996818884fd5fb1"},"breadcrumb":{"@id":"https:\/\/www.noticiasradioreflejos.com.ar\/2021\/el-gobierno-nacional-formalizo-el-retorno-al-trabajo-presencial-de-los-empleados-estatales\/#breadcrumb"},"inLanguage":"es","potentialAction":[{"@type":"ReadAction","target":["https:\/\/www.noticiasradioreflejos.com.ar\/2021\/el-gobierno-nacional-formalizo-el-retorno-al-trabajo-presencial-de-los-empleados-estatales\/"]}]},{"@type":"ImageObject","inLanguage":"es","@id":"https:\/\/www.noticiasradioreflejos.com.ar\/2021\/el-gobierno-nacional-formalizo-el-retorno-al-trabajo-presencial-de-los-empleados-estatales\/#primaryimage","url":"https:\/\/www.telam.com.ar\/advf\/imagenes\/2018\/03\/5aa2913868b8f_1004x565.jpg","contentUrl":"https:\/\/www.telam.com.ar\/advf\/imagenes\/2018\/03\/5aa2913868b8f_1004x565.jpg"},{"@type":"BreadcrumbList","@id":"https:\/\/www.noticiasradioreflejos.com.ar\/2021\/el-gobierno-nacional-formalizo-el-retorno-al-trabajo-presencial-de-los-empleados-estatales\/#breadcrumb","itemListElement":[{"@type":"ListItem","position":1,"name":"Portada","item":"https:\/\/www.noticiasradioreflejos.com.ar\/2021\/"},{"@type":"ListItem","position":2,"name":"El gobierno nacional formaliz\u00f3 el retorno al trabajo presencial de los empleados estatales"}]},{"@type":"WebSite","@id":"https:\/\/www.noticiasradioreflejos.com.ar\/2021\/#website","url":"https:\/\/www.noticiasradioreflejos.com.ar\/2021\/","name":"Noticias Radio Reflejos","description":"Las noticias de mi comarca","potentialAction":[{"@type":"SearchAction","target":{"@type":"EntryPoint","urlTemplate":"https:\/\/www.noticiasradioreflejos.com.ar\/2021\/?s={search_term_string}"},"query-input":{"@type":"PropertyValueSpecification","valueRequired":true,"valueName":"search_term_string"}}],"inLanguage":"es"},{"@type":"Person","@id":"https:\/\/www.noticiasradioreflejos.com.ar\/2021\/#\/schema\/person\/ad82545263dcc5ec0996818884fd5fb1","name":"Arnaldo Botto","image":{"@type":"ImageObject","inLanguage":"es","@id":"https:\/\/www.noticiasradioreflejos.com.ar\/2021\/#\/schema\/person\/image\/","url":"https:\/\/secure.gravatar.com\/avatar\/55cb5e37c1efa326397366e6974cb338056df65cb50e7d64d1cf314e87504837?s=96&d=mm&r=g","contentUrl":"https:\/\/secure.gravatar.com\/avatar\/55cb5e37c1efa326397366e6974cb338056df65cb50e7d64d1cf314e87504837?s=96&d=mm&r=g","caption":"Arnaldo Botto"},"url":"https:\/\/www.noticiasradioreflejos.com.ar\/2021\/author\/arnaldo\/"}]}},"_links":{"self":[{"href":"https:\/\/www.noticiasradioreflejos.com.ar\/2021\/wp-json\/wp\/v2\/posts\/61576","targetHints":{"allow":["GET"]}}],"collection":[{"href":"https:\/\/www.noticiasradioreflejos.com.ar\/2021\/wp-json\/wp\/v2\/posts"}],"about":[{"href":"https:\/\/www.noticiasradioreflejos.com.ar\/2021\/wp-json\/wp\/v2\/types\/post"}],"author":[{"embeddable":true,"href":"https:\/\/www.noticiasradioreflejos.com.ar\/2021\/wp-json\/wp\/v2\/users\/3"}],"replies":[{"embeddable":true,"href":"https:\/\/www.noticiasradioreflejos.com.ar\/2021\/wp-json\/wp\/v2\/comments?post=61576"}],"version-history":[{"count":2,"href":"https:\/\/www.noticiasradioreflejos.com.ar\/2021\/wp-json\/wp\/v2\/posts\/61576\/revisions"}],"predecessor-version":[{"id":61579,"href":"https:\/\/www.noticiasradioreflejos.com.ar\/2021\/wp-json\/wp\/v2\/posts\/61576\/revisions\/61579"}],"wp:attachment":[{"href":"https:\/\/www.noticiasradioreflejos.com.ar\/2021\/wp-json\/wp\/v2\/media?parent=61576"}],"wp:term":[{"taxonomy":"category","embeddable":true,"href":"https:\/\/www.noticiasradioreflejos.com.ar\/2021\/wp-json\/wp\/v2\/categories?post=61576"},{"taxonomy":"post_tag","embeddable":true,"href":"https:\/\/www.noticiasradioreflejos.com.ar\/2021\/wp-json\/wp\/v2\/tags?post=61576"}],"curies":[{"name":"wp","href":"https:\/\/api.w.org\/{rel}","templated":true}]}}