{"id":61572,"date":"2021-08-17T21:11:38","date_gmt":"2021-08-17T21:11:38","guid":{"rendered":"http:\/\/www.noticiasradioreflejos.com.ar\/2021\/?p=61572"},"modified":"2021-08-19T15:02:07","modified_gmt":"2021-08-19T15:02:07","slug":"los-alumnos-de-la-escuela-agraria-de-tornquist-regresaron-hoy-a-la-residencia","status":"publish","type":"post","link":"https:\/\/www.noticiasradioreflejos.com.ar\/2021\/los-alumnos-de-la-escuela-agraria-de-tornquist-regresaron-hoy-a-la-residencia\/","title":{"rendered":"Los alumnos de la Escuela Agraria de Tornquist regresaron hoy a la residencia."},"content":{"rendered":"<p>A partir de la vuelta de los alumnos de la <b>Escuela de Ense\u00f1anza Agropecuaria N\u00b0 1 de Tornquist<\/b> a las residencias estudiantiles, esta ma\u00f1ana conversamos con <strong>Claudia Fernandez<\/strong>, Directora de la instituci\u00f3n.<!--more--><\/p>\n<p><a title=\"Escuela Agraria (3)\" href=\"https:\/\/www.flickr.com\/photos\/182279889@N02\/51385232688\/in\/dateposted-public\/\" data-flickr-embed=\"true\"><img loading=\"lazy\" decoding=\"async\" src=\"https:\/\/live.staticflickr.com\/65535\/51385232688_d1da149318_c.jpg\" alt=\"Escuela Agraria (3)\" width=\"800\" height=\"600\" \/><\/a><script async src=\"\/\/embedr.flickr.com\/assets\/client-code.js\" charset=\"utf-8\"><\/script><\/p>\n<p>Las escuelas agropecuarias tienen la particularidad de brindar ense\u00f1anza de jornada completa y, adem\u00e1s, cuentan con residencias estudiantiles para que los alumnos que viven lejos (ya sea en zona rural o en otra localidad) no necesiten viajar. Con el comienzo de la pandemia, las residencias se mantuvieron cerradas por cuestiones de seguridad. Esto caus\u00f3 que muchas familias gasten altas cantidades de dinero para poder transportar a sus hijos a la escuela. Otros, se quedaron sin la posibilidad de asistir porque directamente no pod\u00edan afrontar semejante gasto.<\/p>\n<p><a title=\"Escuela Agraria (1)\" href=\"https:\/\/www.flickr.com\/photos\/182279889@N02\/51385723774\/in\/dateposted-public\/\" data-flickr-embed=\"true\"><img loading=\"lazy\" decoding=\"async\" src=\"https:\/\/live.staticflickr.com\/65535\/51385723774_ac95b0398e_c.jpg\" alt=\"Escuela Agraria (1)\" width=\"800\" height=\"599\" \/><\/a><script async src=\"\/\/embedr.flickr.com\/assets\/client-code.js\" charset=\"utf-8\"><\/script><\/p>\n<p>\u201cEstamos muy contentos de poder dar esta noticia\u201d afirm\u00f3 Claudia, la directora de la Escuela Agropecuaria N\u00b0 1 de Tornquist, refiri\u00e9ndose a la vuelta de las residencias estudiantiles. \u201cEst\u00e1bamos dentro de las condiciones que hay que reunir para poder realizar esto con todas las medidas de seguridad para los alumnos y el personal\u201d coment\u00f3 la raz\u00f3n de la reapertura de los dormitorios. Claudia tambi\u00e9n mencion\u00f3 que, de todas maneras, la cantidad de alumnos que se admiten para las residencias es menor a la habitual.<\/p>\n<p>De 70 alumnos que hoy en d\u00eda conforman la matr\u00edcula, 22 son residentes. Con la apertura de las residencias, tambi\u00e9n la escuela abre su comedor. \u201cEstamos muy contentos\u201d expres\u00f3 Claudia en nombre de toda la instituci\u00f3n.<\/p>\n<p>La directora inform\u00f3 que, entre el personal de la escuela, hay un gran n\u00famero de personas vacunadas, inclusive con las dos dosis.<\/p>\n<p><a title=\"Escuela Agraria (2)\" href=\"https:\/\/www.flickr.com\/photos\/182279889@N02\/51385991240\/in\/dateposted-public\/\" data-flickr-embed=\"true\"><img loading=\"lazy\" decoding=\"async\" src=\"https:\/\/live.staticflickr.com\/65535\/51385991240_3a4210015b_c.jpg\" alt=\"Escuela Agraria (2)\" width=\"800\" height=\"450\" \/><\/a><script async src=\"\/\/embedr.flickr.com\/assets\/client-code.js\" charset=\"utf-8\"><\/script><\/p>\n<p>Tambi\u00e9n coment\u00f3 acerca de las refacciones y mejoras que se aprovecharon a realizar mientras los alumnos no pod\u00edan asistir a la sede. \u201cSe han hecho reparaciones de electricidad, coloc\u00e1ndose las l\u00e1mparas y tubos con seguridad. El tema de calefacci\u00f3n, se controlaron los calefactores y se repararon.<\/p>\n<p>Claudia coment\u00f3 que una de las problem\u00e1ticas con la que se encuentra el colegio hoy en d\u00eda es la descentralizaci\u00f3n de los lugares en donde se dictan clases y pr\u00e1cticas. \u201cEs un peso trasladar a los alumnos porque, primero, no hay lugar para todos, y segundo, porque tenemos que pedirles a los profesores que viajen\u201d. La directora tambi\u00e9n resalt\u00f3 que el hecho de no poder tener todo en un mismo sitio entorpece mucho la organizaci\u00f3n institucional. \u201cEsto es una decisi\u00f3n que viene de m\u00e1s arriba, porque es una inversi\u00f3n grande la que hay que hacer para poder tener las residencias y el comedor all\u00e1\u201d se refiri\u00f3 a la obra que se est\u00e1 concretando en Villa Ventana para agrandar el colegio. \u201cCon que terminen la residencia, el comedor y una o dos aulas m\u00e1s, para nosotros ya es un mont\u00f3n\u201d expres\u00f3.<\/p>\n<p>\u201cLo \u00fanico que nos interesa es poder darles lo mejor a nuestros alumnos, la mejor calidad educativa\u201d mencion\u00f3 para finalizar.<\/p>\n<p><iframe loading=\"lazy\" src=\"https:\/\/w.soundcloud.com\/player\/?url=https%3A\/\/api.soundcloud.com\/tracks\/1107607903&amp;color=%23ff5500&amp;auto_play=false&amp;hide_related=false&amp;show_comments=true&amp;show_user=true&amp;show_reposts=false&amp;show_teaser=true\" width=\"100%\" height=\"166\" frameborder=\"no\" scrolling=\"no\"><\/iframe><\/p>\n<div style=\"font-size: 10px; color: #cccccc; line-break: anywhere; word-break: normal; overflow: hidden; white-space: nowrap; text-overflow: ellipsis; font-family: Interstate,Lucida Grande,Lucida Sans Unicode,Lucida Sans,Garuda,Verdana,Tahoma,sans-serif; font-weight: 100;\"><a style=\"color: #cccccc; text-decoration: none;\" title=\"fmreflejos 103.7\" href=\"https:\/\/soundcloud.com\/fmreflejos-103-7\" target=\"_blank\" rel=\"noopener\">fmreflejos 103.7<\/a> \u00b7 <a style=\"color: #cccccc; text-decoration: none;\" title=\"Nota Claudia Fernandez\" href=\"https:\/\/soundcloud.com\/fmreflejos-103-7\/nota-claudia-fernandez-1\" target=\"_blank\" rel=\"noopener\">Nota Claudia Fernandez<\/a><\/div>\n","protected":false},"excerpt":{"rendered":"<p>A partir de la vuelta de los alumnos de la Escuela de Ense\u00f1anza Agropecuaria N\u00b0 1 de Tornquist a las residencias estudiantiles, esta ma\u00f1ana conversamos con Claudia Fernandez, Directora de la instituci\u00f3n.<\/p>\n","protected":false},"author":3,"featured_media":0,"comment_status":"closed","ping_status":"closed","sticky":false,"template":"","format":"standard","meta":{"footnotes":""},"categories":[34],"tags":[48],"class_list":["post-61572","post","type-post","status-publish","format-standard","hentry","category-educacion","tag-destacada"],"yoast_head":"<!-- This site is optimized with the Yoast SEO plugin v25.9 - https:\/\/yoast.com\/wordpress\/plugins\/seo\/ -->\n<title>Los alumnos de la Escuela Agraria de Tornquist regresaron hoy a la residencia. - Noticias Radio Reflejos<\/title>\n<meta name=\"robots\" content=\"index, follow, max-snippet:-1, max-image-preview:large, max-video-preview:-1\" \/>\n<link rel=\"canonical\" href=\"https:\/\/www.noticiasradioreflejos.com.ar\/2021\/los-alumnos-de-la-escuela-agraria-de-tornquist-regresaron-hoy-a-la-residencia\/\" \/>\n<meta property=\"og:locale\" content=\"es_ES\" \/>\n<meta property=\"og:type\" content=\"article\" \/>\n<meta property=\"og:title\" content=\"Los alumnos de la Escuela Agraria de Tornquist regresaron hoy a la residencia. - Noticias Radio Reflejos\" \/>\n<meta property=\"og:description\" content=\"A partir de la vuelta de los alumnos de la Escuela de Ense\u00f1anza Agropecuaria N\u00b0 1 de Tornquist a las residencias estudiantiles, esta ma\u00f1ana conversamos con Claudia Fernandez, Directora de la instituci\u00f3n.\" \/>\n<meta property=\"og:url\" content=\"https:\/\/www.noticiasradioreflejos.com.ar\/2021\/los-alumnos-de-la-escuela-agraria-de-tornquist-regresaron-hoy-a-la-residencia\/\" \/>\n<meta property=\"og:site_name\" content=\"Noticias Radio Reflejos\" \/>\n<meta property=\"article:published_time\" content=\"2021-08-17T21:11:38+00:00\" \/>\n<meta property=\"article:modified_time\" content=\"2021-08-19T15:02:07+00:00\" \/>\n<meta property=\"og:image\" content=\"https:\/\/live.staticflickr.com\/65535\/51385232688_d1da149318_c.jpg\" \/>\n<meta name=\"author\" content=\"Arnaldo Botto\" \/>\n<meta name=\"twitter:card\" content=\"summary_large_image\" \/>\n<script type=\"application\/ld+json\" class=\"yoast-schema-graph\">{\"@context\":\"https:\/\/schema.org\",\"@graph\":[{\"@type\":\"WebPage\",\"@id\":\"https:\/\/www.noticiasradioreflejos.com.ar\/2021\/los-alumnos-de-la-escuela-agraria-de-tornquist-regresaron-hoy-a-la-residencia\/\",\"url\":\"https:\/\/www.noticiasradioreflejos.com.ar\/2021\/los-alumnos-de-la-escuela-agraria-de-tornquist-regresaron-hoy-a-la-residencia\/\",\"name\":\"Los alumnos de la Escuela Agraria de Tornquist regresaron hoy a la residencia. - Noticias Radio Reflejos\",\"isPartOf\":{\"@id\":\"https:\/\/www.noticiasradioreflejos.com.ar\/2021\/#website\"},\"primaryImageOfPage\":{\"@id\":\"https:\/\/www.noticiasradioreflejos.com.ar\/2021\/los-alumnos-de-la-escuela-agraria-de-tornquist-regresaron-hoy-a-la-residencia\/#primaryimage\"},\"image\":{\"@id\":\"https:\/\/www.noticiasradioreflejos.com.ar\/2021\/los-alumnos-de-la-escuela-agraria-de-tornquist-regresaron-hoy-a-la-residencia\/#primaryimage\"},\"thumbnailUrl\":\"https:\/\/live.staticflickr.com\/65535\/51385232688_d1da149318_c.jpg\",\"datePublished\":\"2021-08-17T21:11:38+00:00\",\"dateModified\":\"2021-08-19T15:02:07+00:00\",\"author\":{\"@id\":\"https:\/\/www.noticiasradioreflejos.com.ar\/2021\/#\/schema\/person\/ad82545263dcc5ec0996818884fd5fb1\"},\"breadcrumb\":{\"@id\":\"https:\/\/www.noticiasradioreflejos.com.ar\/2021\/los-alumnos-de-la-escuela-agraria-de-tornquist-regresaron-hoy-a-la-residencia\/#breadcrumb\"},\"inLanguage\":\"es\",\"potentialAction\":[{\"@type\":\"ReadAction\",\"target\":[\"https:\/\/www.noticiasradioreflejos.com.ar\/2021\/los-alumnos-de-la-escuela-agraria-de-tornquist-regresaron-hoy-a-la-residencia\/\"]}]},{\"@type\":\"ImageObject\",\"inLanguage\":\"es\",\"@id\":\"https:\/\/www.noticiasradioreflejos.com.ar\/2021\/los-alumnos-de-la-escuela-agraria-de-tornquist-regresaron-hoy-a-la-residencia\/#primaryimage\",\"url\":\"https:\/\/live.staticflickr.com\/65535\/51385232688_d1da149318_c.jpg\",\"contentUrl\":\"https:\/\/live.staticflickr.com\/65535\/51385232688_d1da149318_c.jpg\"},{\"@type\":\"BreadcrumbList\",\"@id\":\"https:\/\/www.noticiasradioreflejos.com.ar\/2021\/los-alumnos-de-la-escuela-agraria-de-tornquist-regresaron-hoy-a-la-residencia\/#breadcrumb\",\"itemListElement\":[{\"@type\":\"ListItem\",\"position\":1,\"name\":\"Portada\",\"item\":\"https:\/\/www.noticiasradioreflejos.com.ar\/2021\/\"},{\"@type\":\"ListItem\",\"position\":2,\"name\":\"Los alumnos de la Escuela Agraria de Tornquist regresaron hoy a la residencia.\"}]},{\"@type\":\"WebSite\",\"@id\":\"https:\/\/www.noticiasradioreflejos.com.ar\/2021\/#website\",\"url\":\"https:\/\/www.noticiasradioreflejos.com.ar\/2021\/\",\"name\":\"Noticias Radio Reflejos\",\"description\":\"Las noticias de mi comarca\",\"potentialAction\":[{\"@type\":\"SearchAction\",\"target\":{\"@type\":\"EntryPoint\",\"urlTemplate\":\"https:\/\/www.noticiasradioreflejos.com.ar\/2021\/?s={search_term_string}\"},\"query-input\":{\"@type\":\"PropertyValueSpecification\",\"valueRequired\":true,\"valueName\":\"search_term_string\"}}],\"inLanguage\":\"es\"},{\"@type\":\"Person\",\"@id\":\"https:\/\/www.noticiasradioreflejos.com.ar\/2021\/#\/schema\/person\/ad82545263dcc5ec0996818884fd5fb1\",\"name\":\"Arnaldo Botto\",\"image\":{\"@type\":\"ImageObject\",\"inLanguage\":\"es\",\"@id\":\"https:\/\/www.noticiasradioreflejos.com.ar\/2021\/#\/schema\/person\/image\/\",\"url\":\"https:\/\/secure.gravatar.com\/avatar\/55cb5e37c1efa326397366e6974cb338056df65cb50e7d64d1cf314e87504837?s=96&d=mm&r=g\",\"contentUrl\":\"https:\/\/secure.gravatar.com\/avatar\/55cb5e37c1efa326397366e6974cb338056df65cb50e7d64d1cf314e87504837?s=96&d=mm&r=g\",\"caption\":\"Arnaldo Botto\"},\"url\":\"https:\/\/www.noticiasradioreflejos.com.ar\/2021\/author\/arnaldo\/\"}]}<\/script>\n<!-- \/ Yoast SEO plugin. -->","yoast_head_json":{"title":"Los alumnos de la Escuela Agraria de Tornquist regresaron hoy a la residencia. - Noticias Radio Reflejos","robots":{"index":"index","follow":"follow","max-snippet":"max-snippet:-1","max-image-preview":"max-image-preview:large","max-video-preview":"max-video-preview:-1"},"canonical":"https:\/\/www.noticiasradioreflejos.com.ar\/2021\/los-alumnos-de-la-escuela-agraria-de-tornquist-regresaron-hoy-a-la-residencia\/","og_locale":"es_ES","og_type":"article","og_title":"Los alumnos de la Escuela Agraria de Tornquist regresaron hoy a la residencia. - Noticias Radio Reflejos","og_description":"A partir de la vuelta de los alumnos de la Escuela de Ense\u00f1anza Agropecuaria N\u00b0 1 de Tornquist a las residencias estudiantiles, esta ma\u00f1ana conversamos con Claudia Fernandez, Directora de la instituci\u00f3n.","og_url":"https:\/\/www.noticiasradioreflejos.com.ar\/2021\/los-alumnos-de-la-escuela-agraria-de-tornquist-regresaron-hoy-a-la-residencia\/","og_site_name":"Noticias Radio Reflejos","article_published_time":"2021-08-17T21:11:38+00:00","article_modified_time":"2021-08-19T15:02:07+00:00","og_image":[{"url":"https:\/\/live.staticflickr.com\/65535\/51385232688_d1da149318_c.jpg","type":"","width":"","height":""}],"author":"Arnaldo Botto","twitter_card":"summary_large_image","schema":{"@context":"https:\/\/schema.org","@graph":[{"@type":"WebPage","@id":"https:\/\/www.noticiasradioreflejos.com.ar\/2021\/los-alumnos-de-la-escuela-agraria-de-tornquist-regresaron-hoy-a-la-residencia\/","url":"https:\/\/www.noticiasradioreflejos.com.ar\/2021\/los-alumnos-de-la-escuela-agraria-de-tornquist-regresaron-hoy-a-la-residencia\/","name":"Los alumnos de la Escuela Agraria de Tornquist regresaron hoy a la residencia. - Noticias Radio Reflejos","isPartOf":{"@id":"https:\/\/www.noticiasradioreflejos.com.ar\/2021\/#website"},"primaryImageOfPage":{"@id":"https:\/\/www.noticiasradioreflejos.com.ar\/2021\/los-alumnos-de-la-escuela-agraria-de-tornquist-regresaron-hoy-a-la-residencia\/#primaryimage"},"image":{"@id":"https:\/\/www.noticiasradioreflejos.com.ar\/2021\/los-alumnos-de-la-escuela-agraria-de-tornquist-regresaron-hoy-a-la-residencia\/#primaryimage"},"thumbnailUrl":"https:\/\/live.staticflickr.com\/65535\/51385232688_d1da149318_c.jpg","datePublished":"2021-08-17T21:11:38+00:00","dateModified":"2021-08-19T15:02:07+00:00","author":{"@id":"https:\/\/www.noticiasradioreflejos.com.ar\/2021\/#\/schema\/person\/ad82545263dcc5ec0996818884fd5fb1"},"breadcrumb":{"@id":"https:\/\/www.noticiasradioreflejos.com.ar\/2021\/los-alumnos-de-la-escuela-agraria-de-tornquist-regresaron-hoy-a-la-residencia\/#breadcrumb"},"inLanguage":"es","potentialAction":[{"@type":"ReadAction","target":["https:\/\/www.noticiasradioreflejos.com.ar\/2021\/los-alumnos-de-la-escuela-agraria-de-tornquist-regresaron-hoy-a-la-residencia\/"]}]},{"@type":"ImageObject","inLanguage":"es","@id":"https:\/\/www.noticiasradioreflejos.com.ar\/2021\/los-alumnos-de-la-escuela-agraria-de-tornquist-regresaron-hoy-a-la-residencia\/#primaryimage","url":"https:\/\/live.staticflickr.com\/65535\/51385232688_d1da149318_c.jpg","contentUrl":"https:\/\/live.staticflickr.com\/65535\/51385232688_d1da149318_c.jpg"},{"@type":"BreadcrumbList","@id":"https:\/\/www.noticiasradioreflejos.com.ar\/2021\/los-alumnos-de-la-escuela-agraria-de-tornquist-regresaron-hoy-a-la-residencia\/#breadcrumb","itemListElement":[{"@type":"ListItem","position":1,"name":"Portada","item":"https:\/\/www.noticiasradioreflejos.com.ar\/2021\/"},{"@type":"ListItem","position":2,"name":"Los alumnos de la Escuela Agraria de Tornquist regresaron hoy a la residencia."}]},{"@type":"WebSite","@id":"https:\/\/www.noticiasradioreflejos.com.ar\/2021\/#website","url":"https:\/\/www.noticiasradioreflejos.com.ar\/2021\/","name":"Noticias Radio Reflejos","description":"Las noticias de mi comarca","potentialAction":[{"@type":"SearchAction","target":{"@type":"EntryPoint","urlTemplate":"https:\/\/www.noticiasradioreflejos.com.ar\/2021\/?s={search_term_string}"},"query-input":{"@type":"PropertyValueSpecification","valueRequired":true,"valueName":"search_term_string"}}],"inLanguage":"es"},{"@type":"Person","@id":"https:\/\/www.noticiasradioreflejos.com.ar\/2021\/#\/schema\/person\/ad82545263dcc5ec0996818884fd5fb1","name":"Arnaldo Botto","image":{"@type":"ImageObject","inLanguage":"es","@id":"https:\/\/www.noticiasradioreflejos.com.ar\/2021\/#\/schema\/person\/image\/","url":"https:\/\/secure.gravatar.com\/avatar\/55cb5e37c1efa326397366e6974cb338056df65cb50e7d64d1cf314e87504837?s=96&d=mm&r=g","contentUrl":"https:\/\/secure.gravatar.com\/avatar\/55cb5e37c1efa326397366e6974cb338056df65cb50e7d64d1cf314e87504837?s=96&d=mm&r=g","caption":"Arnaldo Botto"},"url":"https:\/\/www.noticiasradioreflejos.com.ar\/2021\/author\/arnaldo\/"}]}},"_links":{"self":[{"href":"https:\/\/www.noticiasradioreflejos.com.ar\/2021\/wp-json\/wp\/v2\/posts\/61572","targetHints":{"allow":["GET"]}}],"collection":[{"href":"https:\/\/www.noticiasradioreflejos.com.ar\/2021\/wp-json\/wp\/v2\/posts"}],"about":[{"href":"https:\/\/www.noticiasradioreflejos.com.ar\/2021\/wp-json\/wp\/v2\/types\/post"}],"author":[{"embeddable":true,"href":"https:\/\/www.noticiasradioreflejos.com.ar\/2021\/wp-json\/wp\/v2\/users\/3"}],"replies":[{"embeddable":true,"href":"https:\/\/www.noticiasradioreflejos.com.ar\/2021\/wp-json\/wp\/v2\/comments?post=61572"}],"version-history":[{"count":1,"href":"https:\/\/www.noticiasradioreflejos.com.ar\/2021\/wp-json\/wp\/v2\/posts\/61572\/revisions"}],"predecessor-version":[{"id":61574,"href":"https:\/\/www.noticiasradioreflejos.com.ar\/2021\/wp-json\/wp\/v2\/posts\/61572\/revisions\/61574"}],"wp:attachment":[{"href":"https:\/\/www.noticiasradioreflejos.com.ar\/2021\/wp-json\/wp\/v2\/media?parent=61572"}],"wp:term":[{"taxonomy":"category","embeddable":true,"href":"https:\/\/www.noticiasradioreflejos.com.ar\/2021\/wp-json\/wp\/v2\/categories?post=61572"},{"taxonomy":"post_tag","embeddable":true,"href":"https:\/\/www.noticiasradioreflejos.com.ar\/2021\/wp-json\/wp\/v2\/tags?post=61572"}],"curies":[{"name":"wp","href":"https:\/\/api.w.org\/{rel}","templated":true}]}}