{"id":61566,"date":"2021-08-17T20:42:04","date_gmt":"2021-08-17T20:42:04","guid":{"rendered":"http:\/\/www.noticiasradioreflejos.com.ar\/2021\/?p=61566"},"modified":"2021-08-17T20:43:08","modified_gmt":"2021-08-17T20:43:08","slug":"propuesta-un-proyecto-turistico-que-unifique-a-todas-las-localidades-de-tornquist-y-que-ceda-mas-alla-de-una-gestion","status":"publish","type":"post","link":"https:\/\/www.noticiasradioreflejos.com.ar\/2021\/propuesta-un-proyecto-turistico-que-unifique-a-todas-las-localidades-de-tornquist-y-que-ceda-mas-alla-de-una-gestion\/","title":{"rendered":"Propuesta: \u00abun proyecto tur\u00edstico que unifique a todas las localidades de Tornquist y que exceda m\u00e1s all\u00e1 de una gesti\u00f3n\u201d"},"content":{"rendered":"<p>La pre candidata a concejal para el frente <strong>\u201cJuntos por Tornquist\u201d, <\/strong>vecina y prestadora tur\u00edstica en Sierra de la Ventana, aprovecha el espacio de la radio para compartirnos cu\u00e1les son los proyectos y aspectos de nuestro distrito que ella impulsar\u00eda para mejorar desde el Honorable Concejo Deliberante.<!--more--><\/p>\n<p>\u201cYo creo que es una oportunidad importante que podemos aprovechar\u201d se refiri\u00f3 a su postulaci\u00f3n como pre candidata a concejal. \u201cConsidero que hay que mejorar todo lo que son los espacios p\u00fablicos\u201d mencion\u00f3 qu\u00e9 aspectos son los que impulsar\u00eda desde el HCD.<\/p>\n<p>\u201cLa necesidad de que haya ba\u00f1os p\u00fablicos, que haya carteler\u00eda en las calles, mejorar la accesibilidad para las personas con diferentes capacidades f\u00edsicas. Son peque\u00f1as cosas que suman para mejorar la calidad de vida de todas las personas\u201d continu\u00f3 compartiendo cu\u00e1les son aquellos \u00edtems que ella resalta. Tambi\u00e9n nombr\u00f3 al control de tr\u00e1nsito, un tema que es recurrente en las quejas de los vecinos.<\/p>\n<p>Mencion\u00f3 que se trata de proponer \u201cun proyecto tur\u00edstico que unifique a todas las localidades de Tornquist y que ceda m\u00e1s all\u00e1 de una gesti\u00f3n\u201d. Explic\u00f3 que, seg\u00fan ella, para lograr esto, hay que acudir a personas capacitadas en el tema, lograr consenso desde el HCD y tener madurez pol\u00edtica.<\/p>\n<p>\u201cMe gustar\u00eda invitar a la gente a que tome esta elecci\u00f3n con mucha responsabilidad, que vaya a votar. El pa\u00eds est\u00e1 en un momento en el que esta elecci\u00f3n puede marcar un antes y un despu\u00e9s. Hay que trabajar para volverle la esperanza a la gente. Los laburantes tenemos que involucrarnos para recuperar el pa\u00eds\u201d expres\u00f3 para cerrar la nota.<\/p>\n<p><iframe loading=\"lazy\" src=\"https:\/\/w.soundcloud.com\/player\/?url=https%3A\/\/api.soundcloud.com\/tracks\/1107539923&amp;color=%23ff5500&amp;auto_play=false&amp;hide_related=false&amp;show_comments=true&amp;show_user=true&amp;show_reposts=false&amp;show_teaser=true\" width=\"100%\" height=\"166\" frameborder=\"no\" scrolling=\"no\"><\/iframe><\/p>\n<div style=\"font-size: 10px; color: #cccccc; line-break: anywhere; word-break: normal; overflow: hidden; white-space: nowrap; text-overflow: ellipsis; font-family: Interstate,Lucida Grande,Lucida Sans Unicode,Lucida Sans,Garuda,Verdana,Tahoma,sans-serif; font-weight: 100;\"><a style=\"color: #cccccc; text-decoration: none;\" title=\"fmreflejos 103.7\" href=\"https:\/\/soundcloud.com\/fmreflejos-103-7\" target=\"_blank\" rel=\"noopener\">fmreflejos 103.7<\/a> \u00b7 <a style=\"color: #cccccc; text-decoration: none;\" title=\"Nota Sandra Kiffer\" href=\"https:\/\/soundcloud.com\/fmreflejos-103-7\/nota-sandra-kiffer-2\" target=\"_blank\" rel=\"noopener\">Nota Sandra Kiffer<\/a><\/div>\n","protected":false},"excerpt":{"rendered":"<p>La pre candidata a concejal para el frente \u201cJuntos por Tornquist\u201d, vecina y prestadora tur\u00edstica en Sierra de la Ventana, aprovecha el espacio de la radio para compartirnos cu\u00e1les son los proyectos y aspectos de nuestro distrito que ella impulsar\u00eda para mejorar desde el Honorable Concejo Deliberante.<\/p>\n","protected":false},"author":3,"featured_media":0,"comment_status":"closed","ping_status":"closed","sticky":false,"template":"","format":"standard","meta":{"footnotes":""},"categories":[24],"tags":[48],"class_list":["post-61566","post","type-post","status-publish","format-standard","hentry","category-politica","tag-destacada"],"yoast_head":"<!-- This site is optimized with the Yoast SEO plugin v25.9 - https:\/\/yoast.com\/wordpress\/plugins\/seo\/ -->\n<title>Propuesta: &quot;un proyecto tur\u00edstico que unifique a todas las localidades de Tornquist y que exceda m\u00e1s all\u00e1 de una gesti\u00f3n\u201d - Noticias Radio Reflejos<\/title>\n<meta name=\"robots\" content=\"index, follow, max-snippet:-1, max-image-preview:large, max-video-preview:-1\" \/>\n<link rel=\"canonical\" href=\"https:\/\/www.noticiasradioreflejos.com.ar\/2021\/propuesta-un-proyecto-turistico-que-unifique-a-todas-las-localidades-de-tornquist-y-que-ceda-mas-alla-de-una-gestion\/\" \/>\n<meta property=\"og:locale\" content=\"es_ES\" \/>\n<meta property=\"og:type\" content=\"article\" \/>\n<meta property=\"og:title\" content=\"Propuesta: &quot;un proyecto tur\u00edstico que unifique a todas las localidades de Tornquist y que exceda m\u00e1s all\u00e1 de una gesti\u00f3n\u201d - Noticias Radio Reflejos\" \/>\n<meta property=\"og:description\" content=\"La pre candidata a concejal para el frente \u201cJuntos por Tornquist\u201d, vecina y prestadora tur\u00edstica en Sierra de la Ventana, aprovecha el espacio de la radio para compartirnos cu\u00e1les son los proyectos y aspectos de nuestro distrito que ella impulsar\u00eda para mejorar desde el Honorable Concejo Deliberante.\" \/>\n<meta property=\"og:url\" content=\"https:\/\/www.noticiasradioreflejos.com.ar\/2021\/propuesta-un-proyecto-turistico-que-unifique-a-todas-las-localidades-de-tornquist-y-que-ceda-mas-alla-de-una-gestion\/\" \/>\n<meta property=\"og:site_name\" content=\"Noticias Radio Reflejos\" \/>\n<meta property=\"article:published_time\" content=\"2021-08-17T20:42:04+00:00\" \/>\n<meta property=\"article:modified_time\" content=\"2021-08-17T20:43:08+00:00\" \/>\n<meta property=\"og:image\" content=\"https:\/\/www.noticiasradioreflejos.com.ar\/2021\/wp-content\/uploads\/2021\/07\/logosol300x200.png\" \/>\n\t<meta property=\"og:image:width\" content=\"300\" \/>\n\t<meta property=\"og:image:height\" content=\"200\" \/>\n\t<meta property=\"og:image:type\" content=\"image\/png\" \/>\n<meta name=\"author\" content=\"Arnaldo Botto\" \/>\n<meta name=\"twitter:card\" content=\"summary_large_image\" \/>\n<script type=\"application\/ld+json\" class=\"yoast-schema-graph\">{\"@context\":\"https:\/\/schema.org\",\"@graph\":[{\"@type\":\"WebPage\",\"@id\":\"https:\/\/www.noticiasradioreflejos.com.ar\/2021\/propuesta-un-proyecto-turistico-que-unifique-a-todas-las-localidades-de-tornquist-y-que-ceda-mas-alla-de-una-gestion\/\",\"url\":\"https:\/\/www.noticiasradioreflejos.com.ar\/2021\/propuesta-un-proyecto-turistico-que-unifique-a-todas-las-localidades-de-tornquist-y-que-ceda-mas-alla-de-una-gestion\/\",\"name\":\"Propuesta: \\\"un proyecto tur\u00edstico que unifique a todas las localidades de Tornquist y que exceda m\u00e1s all\u00e1 de una gesti\u00f3n\u201d - Noticias Radio Reflejos\",\"isPartOf\":{\"@id\":\"https:\/\/www.noticiasradioreflejos.com.ar\/2021\/#website\"},\"datePublished\":\"2021-08-17T20:42:04+00:00\",\"dateModified\":\"2021-08-17T20:43:08+00:00\",\"author\":{\"@id\":\"https:\/\/www.noticiasradioreflejos.com.ar\/2021\/#\/schema\/person\/ad82545263dcc5ec0996818884fd5fb1\"},\"breadcrumb\":{\"@id\":\"https:\/\/www.noticiasradioreflejos.com.ar\/2021\/propuesta-un-proyecto-turistico-que-unifique-a-todas-las-localidades-de-tornquist-y-que-ceda-mas-alla-de-una-gestion\/#breadcrumb\"},\"inLanguage\":\"es\",\"potentialAction\":[{\"@type\":\"ReadAction\",\"target\":[\"https:\/\/www.noticiasradioreflejos.com.ar\/2021\/propuesta-un-proyecto-turistico-que-unifique-a-todas-las-localidades-de-tornquist-y-que-ceda-mas-alla-de-una-gestion\/\"]}]},{\"@type\":\"BreadcrumbList\",\"@id\":\"https:\/\/www.noticiasradioreflejos.com.ar\/2021\/propuesta-un-proyecto-turistico-que-unifique-a-todas-las-localidades-de-tornquist-y-que-ceda-mas-alla-de-una-gestion\/#breadcrumb\",\"itemListElement\":[{\"@type\":\"ListItem\",\"position\":1,\"name\":\"Portada\",\"item\":\"https:\/\/www.noticiasradioreflejos.com.ar\/2021\/\"},{\"@type\":\"ListItem\",\"position\":2,\"name\":\"Propuesta: \u00abun proyecto tur\u00edstico que unifique a todas las localidades de Tornquist y que exceda m\u00e1s all\u00e1 de una gesti\u00f3n\u201d\"}]},{\"@type\":\"WebSite\",\"@id\":\"https:\/\/www.noticiasradioreflejos.com.ar\/2021\/#website\",\"url\":\"https:\/\/www.noticiasradioreflejos.com.ar\/2021\/\",\"name\":\"Noticias Radio Reflejos\",\"description\":\"Las noticias de mi comarca\",\"potentialAction\":[{\"@type\":\"SearchAction\",\"target\":{\"@type\":\"EntryPoint\",\"urlTemplate\":\"https:\/\/www.noticiasradioreflejos.com.ar\/2021\/?s={search_term_string}\"},\"query-input\":{\"@type\":\"PropertyValueSpecification\",\"valueRequired\":true,\"valueName\":\"search_term_string\"}}],\"inLanguage\":\"es\"},{\"@type\":\"Person\",\"@id\":\"https:\/\/www.noticiasradioreflejos.com.ar\/2021\/#\/schema\/person\/ad82545263dcc5ec0996818884fd5fb1\",\"name\":\"Arnaldo Botto\",\"image\":{\"@type\":\"ImageObject\",\"inLanguage\":\"es\",\"@id\":\"https:\/\/www.noticiasradioreflejos.com.ar\/2021\/#\/schema\/person\/image\/\",\"url\":\"https:\/\/secure.gravatar.com\/avatar\/55cb5e37c1efa326397366e6974cb338056df65cb50e7d64d1cf314e87504837?s=96&d=mm&r=g\",\"contentUrl\":\"https:\/\/secure.gravatar.com\/avatar\/55cb5e37c1efa326397366e6974cb338056df65cb50e7d64d1cf314e87504837?s=96&d=mm&r=g\",\"caption\":\"Arnaldo Botto\"},\"url\":\"https:\/\/www.noticiasradioreflejos.com.ar\/2021\/author\/arnaldo\/\"}]}<\/script>\n<!-- \/ Yoast SEO plugin. -->","yoast_head_json":{"title":"Propuesta: \"un proyecto tur\u00edstico que unifique a todas las localidades de Tornquist y que exceda m\u00e1s all\u00e1 de una gesti\u00f3n\u201d - Noticias Radio Reflejos","robots":{"index":"index","follow":"follow","max-snippet":"max-snippet:-1","max-image-preview":"max-image-preview:large","max-video-preview":"max-video-preview:-1"},"canonical":"https:\/\/www.noticiasradioreflejos.com.ar\/2021\/propuesta-un-proyecto-turistico-que-unifique-a-todas-las-localidades-de-tornquist-y-que-ceda-mas-alla-de-una-gestion\/","og_locale":"es_ES","og_type":"article","og_title":"Propuesta: \"un proyecto tur\u00edstico que unifique a todas las localidades de Tornquist y que exceda m\u00e1s all\u00e1 de una gesti\u00f3n\u201d - Noticias Radio Reflejos","og_description":"La pre candidata a concejal para el frente \u201cJuntos por Tornquist\u201d, vecina y prestadora tur\u00edstica en Sierra de la Ventana, aprovecha el espacio de la radio para compartirnos cu\u00e1les son los proyectos y aspectos de nuestro distrito que ella impulsar\u00eda para mejorar desde el Honorable Concejo Deliberante.","og_url":"https:\/\/www.noticiasradioreflejos.com.ar\/2021\/propuesta-un-proyecto-turistico-que-unifique-a-todas-las-localidades-de-tornquist-y-que-ceda-mas-alla-de-una-gestion\/","og_site_name":"Noticias Radio Reflejos","article_published_time":"2021-08-17T20:42:04+00:00","article_modified_time":"2021-08-17T20:43:08+00:00","og_image":[{"width":300,"height":200,"url":"https:\/\/www.noticiasradioreflejos.com.ar\/2021\/wp-content\/uploads\/2021\/07\/logosol300x200.png","type":"image\/png"}],"author":"Arnaldo Botto","twitter_card":"summary_large_image","schema":{"@context":"https:\/\/schema.org","@graph":[{"@type":"WebPage","@id":"https:\/\/www.noticiasradioreflejos.com.ar\/2021\/propuesta-un-proyecto-turistico-que-unifique-a-todas-las-localidades-de-tornquist-y-que-ceda-mas-alla-de-una-gestion\/","url":"https:\/\/www.noticiasradioreflejos.com.ar\/2021\/propuesta-un-proyecto-turistico-que-unifique-a-todas-las-localidades-de-tornquist-y-que-ceda-mas-alla-de-una-gestion\/","name":"Propuesta: \"un proyecto tur\u00edstico que unifique a todas las localidades de Tornquist y que exceda m\u00e1s all\u00e1 de una gesti\u00f3n\u201d - Noticias Radio Reflejos","isPartOf":{"@id":"https:\/\/www.noticiasradioreflejos.com.ar\/2021\/#website"},"datePublished":"2021-08-17T20:42:04+00:00","dateModified":"2021-08-17T20:43:08+00:00","author":{"@id":"https:\/\/www.noticiasradioreflejos.com.ar\/2021\/#\/schema\/person\/ad82545263dcc5ec0996818884fd5fb1"},"breadcrumb":{"@id":"https:\/\/www.noticiasradioreflejos.com.ar\/2021\/propuesta-un-proyecto-turistico-que-unifique-a-todas-las-localidades-de-tornquist-y-que-ceda-mas-alla-de-una-gestion\/#breadcrumb"},"inLanguage":"es","potentialAction":[{"@type":"ReadAction","target":["https:\/\/www.noticiasradioreflejos.com.ar\/2021\/propuesta-un-proyecto-turistico-que-unifique-a-todas-las-localidades-de-tornquist-y-que-ceda-mas-alla-de-una-gestion\/"]}]},{"@type":"BreadcrumbList","@id":"https:\/\/www.noticiasradioreflejos.com.ar\/2021\/propuesta-un-proyecto-turistico-que-unifique-a-todas-las-localidades-de-tornquist-y-que-ceda-mas-alla-de-una-gestion\/#breadcrumb","itemListElement":[{"@type":"ListItem","position":1,"name":"Portada","item":"https:\/\/www.noticiasradioreflejos.com.ar\/2021\/"},{"@type":"ListItem","position":2,"name":"Propuesta: \u00abun proyecto tur\u00edstico que unifique a todas las localidades de Tornquist y que exceda m\u00e1s all\u00e1 de una gesti\u00f3n\u201d"}]},{"@type":"WebSite","@id":"https:\/\/www.noticiasradioreflejos.com.ar\/2021\/#website","url":"https:\/\/www.noticiasradioreflejos.com.ar\/2021\/","name":"Noticias Radio Reflejos","description":"Las noticias de mi comarca","potentialAction":[{"@type":"SearchAction","target":{"@type":"EntryPoint","urlTemplate":"https:\/\/www.noticiasradioreflejos.com.ar\/2021\/?s={search_term_string}"},"query-input":{"@type":"PropertyValueSpecification","valueRequired":true,"valueName":"search_term_string"}}],"inLanguage":"es"},{"@type":"Person","@id":"https:\/\/www.noticiasradioreflejos.com.ar\/2021\/#\/schema\/person\/ad82545263dcc5ec0996818884fd5fb1","name":"Arnaldo Botto","image":{"@type":"ImageObject","inLanguage":"es","@id":"https:\/\/www.noticiasradioreflejos.com.ar\/2021\/#\/schema\/person\/image\/","url":"https:\/\/secure.gravatar.com\/avatar\/55cb5e37c1efa326397366e6974cb338056df65cb50e7d64d1cf314e87504837?s=96&d=mm&r=g","contentUrl":"https:\/\/secure.gravatar.com\/avatar\/55cb5e37c1efa326397366e6974cb338056df65cb50e7d64d1cf314e87504837?s=96&d=mm&r=g","caption":"Arnaldo Botto"},"url":"https:\/\/www.noticiasradioreflejos.com.ar\/2021\/author\/arnaldo\/"}]}},"_links":{"self":[{"href":"https:\/\/www.noticiasradioreflejos.com.ar\/2021\/wp-json\/wp\/v2\/posts\/61566","targetHints":{"allow":["GET"]}}],"collection":[{"href":"https:\/\/www.noticiasradioreflejos.com.ar\/2021\/wp-json\/wp\/v2\/posts"}],"about":[{"href":"https:\/\/www.noticiasradioreflejos.com.ar\/2021\/wp-json\/wp\/v2\/types\/post"}],"author":[{"embeddable":true,"href":"https:\/\/www.noticiasradioreflejos.com.ar\/2021\/wp-json\/wp\/v2\/users\/3"}],"replies":[{"embeddable":true,"href":"https:\/\/www.noticiasradioreflejos.com.ar\/2021\/wp-json\/wp\/v2\/comments?post=61566"}],"version-history":[{"count":2,"href":"https:\/\/www.noticiasradioreflejos.com.ar\/2021\/wp-json\/wp\/v2\/posts\/61566\/revisions"}],"predecessor-version":[{"id":61569,"href":"https:\/\/www.noticiasradioreflejos.com.ar\/2021\/wp-json\/wp\/v2\/posts\/61566\/revisions\/61569"}],"wp:attachment":[{"href":"https:\/\/www.noticiasradioreflejos.com.ar\/2021\/wp-json\/wp\/v2\/media?parent=61566"}],"wp:term":[{"taxonomy":"category","embeddable":true,"href":"https:\/\/www.noticiasradioreflejos.com.ar\/2021\/wp-json\/wp\/v2\/categories?post=61566"},{"taxonomy":"post_tag","embeddable":true,"href":"https:\/\/www.noticiasradioreflejos.com.ar\/2021\/wp-json\/wp\/v2\/tags?post=61566"}],"curies":[{"name":"wp","href":"https:\/\/api.w.org\/{rel}","templated":true}]}}