{"id":61563,"date":"2021-08-17T20:21:16","date_gmt":"2021-08-17T20:21:16","guid":{"rendered":"http:\/\/www.noticiasradioreflejos.com.ar\/2021\/?p=61563"},"modified":"2021-08-17T20:22:07","modified_gmt":"2021-08-17T20:22:07","slug":"la-reactivacion-turistica-este-fin-de-semana-tuvo-numeros-similares-a-la-prepandemia","status":"publish","type":"post","link":"https:\/\/www.noticiasradioreflejos.com.ar\/2021\/la-reactivacion-turistica-este-fin-de-semana-tuvo-numeros-similares-a-la-prepandemia\/","title":{"rendered":"La reactivaci\u00f3n tur\u00edstica este fin de semana tuvo n\u00fameros similares a la prepandemia"},"content":{"rendered":"<div class=\"head-content\">\n<p>El ministro de Turismo y Deportes, Mat\u00edas Lammens, dijo que estuvo\u00a0por \u00abencima del mismo per\u00edodo en comparaci\u00f3n con 2019\u00bb. Se refiri\u00f3 al Plan Previaje, al que calific\u00f3 de \u00abvirtuoso\u00bb. La importancia del turismo en la pospandemia.<\/p>\n<\/div>\n<p><!--more--><\/p>\n<div class=\"main-content-block\">\n<div class=\"main-box clearfix\">\n<div class=\"wrapper-main-section clearfix\">\n<div class=\"wrapper-editable-content\">\n<div class=\"editable-content clearfix\">\n<div id=\"image\" class=\"image\">\n<p><img decoding=\"async\" title=\"El ministro de Turismo y Deportes, Mat\u00edas Lammens, dijo que estuvo por &quot;encima del mismo per\u00edodo en comparaci\u00f3n con 2019&quot;. Se refiri\u00f3 al Plan Previaje, al que calific\u00f3 de &quot;virtuoso&quot;. La importancia del turismo en la pospandemia. (Foto: Alfredo Ponce)\" src=\"https:\/\/www.telam.com.ar\/advf\/imagenes\/2021\/08\/611ab0a5a48db_1004x565.jpg\" alt=\"El ministro de Turismo y Deportes, Mat\u00edas Lammens, dijo que estuvo por &quot;encima del mismo per\u00edodo en comparaci\u00f3n con 2019&quot;. Se refiri\u00f3 al Plan Previaje, al que calific\u00f3 de &quot;virtuoso&quot;. La importancia del turismo en la pospandemia. (Foto: Alfredo Ponce)\" \/><\/p>\n<div class=\"epigrafe\">El ministro de Turismo y Deportes, Mat\u00edas Lammens, dijo que estuvo por \u00abencima del mismo per\u00edodo en comparaci\u00f3n con 2019\u00bb. Se refiri\u00f3 al Plan Previaje, al que calific\u00f3 de \u00abvirtuoso\u00bb. La importancia del turismo en la pospandemia. (Foto: Alfredo Ponce)<\/div>\n<\/div>\n<p>El ministro de Turismo y Deportes,\u00a0<strong>Mat\u00edas Lammens<\/strong>, dijo que este fin de semana largo se estuvo \u00ab<strong>por encima del mismo per\u00edodo en comparaci\u00f3n con 2019<\/strong>\u00ab, por lo que asegur\u00f3 que \u00aben t\u00e9rminos de reactivaci\u00f3n tur\u00edstica tuvimos n\u00fameros similares a la prepandemia\u00bb.<\/p>\n<p>En declaraciones a Radio Nacional, Lammens asegur\u00f3 que \u00ab<strong>repasando estad\u00edsticamente, no solamente de este fin de semana largo, sino haciendo una comparaci\u00f3n interarual de otros con el 2019, nos sorprendimos viendo que hab\u00eda estado por encina de ese a\u00f1o\u00bb<\/strong>.<\/p>\n<p>Por otra parte, el funcionario nacional se refiri\u00f3 al\u00a0<a href=\"https:\/\/www.telam.com.ar\/notas\/202108\/565071-previaje-segunda-edicion-detalles.html\" target=\"_blank\" rel=\"noopener\">Plan PreViaje<\/a>, cuya segunda edici\u00f3n se anunci\u00f3 este s\u00e1bado en Iguaz\u00fa, y que devuelve el 50% del total de lo que gastan los turistas<\/p>\n<p>\u00abEs un programa virtuoso porque el Estado nacional hace una inversi\u00f3n p\u00fablica colaborando con la reactivaci\u00f3n, pero tambi\u00e9n es un programa que moviliza ahorro privado\u00bb, subray\u00f3.<\/p>\n<blockquote class=\"twitter-tweet\" data-width=\"500\" data-dnt=\"true\">\n<p lang=\"es\" dir=\"ltr\">\ud83d\udce2El funcionario nacional <a href=\"https:\/\/twitter.com\/MatiasLammens?ref_src=twsrc%5Etfw\">@MatiasLammens<\/a> adelant\u00f3 los detalles de la segunda edici\u00f3n del programa y espera que haya n\u00fameros \u201csuperiores\u201d a la primera parte del\u00a0PreViaje.\u00a0<br \/>En @ahivamos870 <a href=\"https:\/\/t.co\/WKkBUZ1A5Z\">https:\/\/t.co\/WKkBUZ1A5Z<\/a> <a href=\"https:\/\/t.co\/7HfKNmX4Ly\">pic.twitter.com\/7HfKNmX4Ly<\/a><\/p>\n<p>&mdash; Radio Nacional AM870 (@NacionalAM870) <a href=\"https:\/\/twitter.com\/NacionalAM870\/status\/1427610789737910272?ref_src=twsrc%5Etfw\">August 17, 2021<\/a><\/p><\/blockquote>\n<p><script async src=\"https:\/\/platform.twitter.com\/widgets.js\" charset=\"utf-8\"><\/script><\/p>\n<p>\u00abEn esta etapa de pospandemia -continu\u00f3- creemos que el turismo es una de las actividades que mas va a empujar y que mas va a colaborar en la generaci\u00f3n de empleo, y es una gran aspiradora de d\u00f3lares, y sabemos que la econom\u00eda argentina necesita generar d\u00f3lares y el turismo es una enorme herramienta para eso\u00bb, agreg\u00f3.<\/p>\n<p>Respecto del regreso de los\u00a0<strong>turistas internacionales<\/strong>, precis\u00f3 que mantendr\u00e1 una nueva reuni\u00f3n con la ministra de Salud Carla Vizzotti y con el jefe de Gabinete Santiago Cafiero \u00abpara empezar a trabajar\u00bb en el tema.<\/p>\n<p>Para ello dijo que es determinante la vacunaci\u00f3n y tener \u00abel 80% del total de los mayores de 18 a\u00f1os vacunados, que es clave, y seguir avanzando como lo estamos haciendo con las dos dosis\u00bb.<\/p>\n<p>\u00abSobre el fin de esta semana nos volveremos a reunir para establecer un cronograma que nos permita dar definiciones, dar certezas, y previsibilidad, porque a las l\u00edneas a\u00e9reas no les pod\u00e9s anunciar de un d\u00eda para otro que abr\u00eds las fronteras\u00bb, precis\u00f3.<\/p>\n<\/div>\n<\/div>\n<\/div>\n<\/div>\n<\/div>\n","protected":false},"excerpt":{"rendered":"<p>El ministro de Turismo y Deportes, Mat\u00edas Lammens, dijo que estuvo\u00a0por \u00abencima del mismo per\u00edodo en comparaci\u00f3n con 2019\u00bb. Se refiri\u00f3 al Plan Previaje, al que calific\u00f3 de \u00abvirtuoso\u00bb. La importancia del turismo en la pospandemia.<\/p>\n","protected":false},"author":3,"featured_media":0,"comment_status":"closed","ping_status":"closed","sticky":false,"template":"","format":"standard","meta":{"footnotes":""},"categories":[1],"tags":[],"class_list":["post-61563","post","type-post","status-publish","format-standard","hentry","category-sin-categoria"],"yoast_head":"<!-- This site is optimized with the Yoast SEO plugin v25.9 - https:\/\/yoast.com\/wordpress\/plugins\/seo\/ -->\n<title>La reactivaci\u00f3n tur\u00edstica este fin de semana tuvo n\u00fameros similares a la prepandemia - Noticias Radio Reflejos<\/title>\n<meta name=\"robots\" content=\"index, follow, max-snippet:-1, max-image-preview:large, max-video-preview:-1\" \/>\n<link rel=\"canonical\" href=\"https:\/\/www.noticiasradioreflejos.com.ar\/2021\/la-reactivacion-turistica-este-fin-de-semana-tuvo-numeros-similares-a-la-prepandemia\/\" \/>\n<meta property=\"og:locale\" content=\"es_ES\" \/>\n<meta property=\"og:type\" content=\"article\" \/>\n<meta property=\"og:title\" content=\"La reactivaci\u00f3n tur\u00edstica este fin de semana tuvo n\u00fameros similares a la prepandemia - Noticias Radio Reflejos\" \/>\n<meta property=\"og:description\" content=\"El ministro de Turismo y Deportes, Mat\u00edas Lammens, dijo que estuvo\u00a0por \u00abencima del mismo per\u00edodo en comparaci\u00f3n con 2019\u00bb. Se refiri\u00f3 al Plan Previaje, al que calific\u00f3 de \u00abvirtuoso\u00bb. La importancia del turismo en la pospandemia.\" \/>\n<meta property=\"og:url\" content=\"https:\/\/www.noticiasradioreflejos.com.ar\/2021\/la-reactivacion-turistica-este-fin-de-semana-tuvo-numeros-similares-a-la-prepandemia\/\" \/>\n<meta property=\"og:site_name\" content=\"Noticias Radio Reflejos\" \/>\n<meta property=\"article:published_time\" content=\"2021-08-17T20:21:16+00:00\" \/>\n<meta property=\"article:modified_time\" content=\"2021-08-17T20:22:07+00:00\" \/>\n<meta property=\"og:image\" content=\"https:\/\/www.telam.com.ar\/advf\/imagenes\/2021\/08\/611ab0a5a48db_1004x565.jpg\" \/>\n<meta name=\"author\" content=\"Arnaldo Botto\" \/>\n<meta name=\"twitter:card\" content=\"summary_large_image\" \/>\n<script type=\"application\/ld+json\" class=\"yoast-schema-graph\">{\"@context\":\"https:\/\/schema.org\",\"@graph\":[{\"@type\":\"WebPage\",\"@id\":\"https:\/\/www.noticiasradioreflejos.com.ar\/2021\/la-reactivacion-turistica-este-fin-de-semana-tuvo-numeros-similares-a-la-prepandemia\/\",\"url\":\"https:\/\/www.noticiasradioreflejos.com.ar\/2021\/la-reactivacion-turistica-este-fin-de-semana-tuvo-numeros-similares-a-la-prepandemia\/\",\"name\":\"La reactivaci\u00f3n tur\u00edstica este fin de semana tuvo n\u00fameros similares a la prepandemia - Noticias Radio Reflejos\",\"isPartOf\":{\"@id\":\"https:\/\/www.noticiasradioreflejos.com.ar\/2021\/#website\"},\"primaryImageOfPage\":{\"@id\":\"https:\/\/www.noticiasradioreflejos.com.ar\/2021\/la-reactivacion-turistica-este-fin-de-semana-tuvo-numeros-similares-a-la-prepandemia\/#primaryimage\"},\"image\":{\"@id\":\"https:\/\/www.noticiasradioreflejos.com.ar\/2021\/la-reactivacion-turistica-este-fin-de-semana-tuvo-numeros-similares-a-la-prepandemia\/#primaryimage\"},\"thumbnailUrl\":\"https:\/\/www.telam.com.ar\/advf\/imagenes\/2021\/08\/611ab0a5a48db_1004x565.jpg\",\"datePublished\":\"2021-08-17T20:21:16+00:00\",\"dateModified\":\"2021-08-17T20:22:07+00:00\",\"author\":{\"@id\":\"https:\/\/www.noticiasradioreflejos.com.ar\/2021\/#\/schema\/person\/ad82545263dcc5ec0996818884fd5fb1\"},\"breadcrumb\":{\"@id\":\"https:\/\/www.noticiasradioreflejos.com.ar\/2021\/la-reactivacion-turistica-este-fin-de-semana-tuvo-numeros-similares-a-la-prepandemia\/#breadcrumb\"},\"inLanguage\":\"es\",\"potentialAction\":[{\"@type\":\"ReadAction\",\"target\":[\"https:\/\/www.noticiasradioreflejos.com.ar\/2021\/la-reactivacion-turistica-este-fin-de-semana-tuvo-numeros-similares-a-la-prepandemia\/\"]}]},{\"@type\":\"ImageObject\",\"inLanguage\":\"es\",\"@id\":\"https:\/\/www.noticiasradioreflejos.com.ar\/2021\/la-reactivacion-turistica-este-fin-de-semana-tuvo-numeros-similares-a-la-prepandemia\/#primaryimage\",\"url\":\"https:\/\/www.telam.com.ar\/advf\/imagenes\/2021\/08\/611ab0a5a48db_1004x565.jpg\",\"contentUrl\":\"https:\/\/www.telam.com.ar\/advf\/imagenes\/2021\/08\/611ab0a5a48db_1004x565.jpg\"},{\"@type\":\"BreadcrumbList\",\"@id\":\"https:\/\/www.noticiasradioreflejos.com.ar\/2021\/la-reactivacion-turistica-este-fin-de-semana-tuvo-numeros-similares-a-la-prepandemia\/#breadcrumb\",\"itemListElement\":[{\"@type\":\"ListItem\",\"position\":1,\"name\":\"Portada\",\"item\":\"https:\/\/www.noticiasradioreflejos.com.ar\/2021\/\"},{\"@type\":\"ListItem\",\"position\":2,\"name\":\"La reactivaci\u00f3n tur\u00edstica este fin de semana tuvo n\u00fameros similares a la prepandemia\"}]},{\"@type\":\"WebSite\",\"@id\":\"https:\/\/www.noticiasradioreflejos.com.ar\/2021\/#website\",\"url\":\"https:\/\/www.noticiasradioreflejos.com.ar\/2021\/\",\"name\":\"Noticias Radio Reflejos\",\"description\":\"Las noticias de mi comarca\",\"potentialAction\":[{\"@type\":\"SearchAction\",\"target\":{\"@type\":\"EntryPoint\",\"urlTemplate\":\"https:\/\/www.noticiasradioreflejos.com.ar\/2021\/?s={search_term_string}\"},\"query-input\":{\"@type\":\"PropertyValueSpecification\",\"valueRequired\":true,\"valueName\":\"search_term_string\"}}],\"inLanguage\":\"es\"},{\"@type\":\"Person\",\"@id\":\"https:\/\/www.noticiasradioreflejos.com.ar\/2021\/#\/schema\/person\/ad82545263dcc5ec0996818884fd5fb1\",\"name\":\"Arnaldo Botto\",\"image\":{\"@type\":\"ImageObject\",\"inLanguage\":\"es\",\"@id\":\"https:\/\/www.noticiasradioreflejos.com.ar\/2021\/#\/schema\/person\/image\/\",\"url\":\"https:\/\/secure.gravatar.com\/avatar\/55cb5e37c1efa326397366e6974cb338056df65cb50e7d64d1cf314e87504837?s=96&d=mm&r=g\",\"contentUrl\":\"https:\/\/secure.gravatar.com\/avatar\/55cb5e37c1efa326397366e6974cb338056df65cb50e7d64d1cf314e87504837?s=96&d=mm&r=g\",\"caption\":\"Arnaldo Botto\"},\"url\":\"https:\/\/www.noticiasradioreflejos.com.ar\/2021\/author\/arnaldo\/\"}]}<\/script>\n<!-- \/ Yoast SEO plugin. -->","yoast_head_json":{"title":"La reactivaci\u00f3n tur\u00edstica este fin de semana tuvo n\u00fameros similares a la prepandemia - Noticias Radio Reflejos","robots":{"index":"index","follow":"follow","max-snippet":"max-snippet:-1","max-image-preview":"max-image-preview:large","max-video-preview":"max-video-preview:-1"},"canonical":"https:\/\/www.noticiasradioreflejos.com.ar\/2021\/la-reactivacion-turistica-este-fin-de-semana-tuvo-numeros-similares-a-la-prepandemia\/","og_locale":"es_ES","og_type":"article","og_title":"La reactivaci\u00f3n tur\u00edstica este fin de semana tuvo n\u00fameros similares a la prepandemia - Noticias Radio Reflejos","og_description":"El ministro de Turismo y Deportes, Mat\u00edas Lammens, dijo que estuvo\u00a0por \u00abencima del mismo per\u00edodo en comparaci\u00f3n con 2019\u00bb. Se refiri\u00f3 al Plan Previaje, al que calific\u00f3 de \u00abvirtuoso\u00bb. La importancia del turismo en la pospandemia.","og_url":"https:\/\/www.noticiasradioreflejos.com.ar\/2021\/la-reactivacion-turistica-este-fin-de-semana-tuvo-numeros-similares-a-la-prepandemia\/","og_site_name":"Noticias Radio Reflejos","article_published_time":"2021-08-17T20:21:16+00:00","article_modified_time":"2021-08-17T20:22:07+00:00","og_image":[{"url":"https:\/\/www.telam.com.ar\/advf\/imagenes\/2021\/08\/611ab0a5a48db_1004x565.jpg","type":"","width":"","height":""}],"author":"Arnaldo Botto","twitter_card":"summary_large_image","schema":{"@context":"https:\/\/schema.org","@graph":[{"@type":"WebPage","@id":"https:\/\/www.noticiasradioreflejos.com.ar\/2021\/la-reactivacion-turistica-este-fin-de-semana-tuvo-numeros-similares-a-la-prepandemia\/","url":"https:\/\/www.noticiasradioreflejos.com.ar\/2021\/la-reactivacion-turistica-este-fin-de-semana-tuvo-numeros-similares-a-la-prepandemia\/","name":"La reactivaci\u00f3n tur\u00edstica este fin de semana tuvo n\u00fameros similares a la prepandemia - Noticias Radio Reflejos","isPartOf":{"@id":"https:\/\/www.noticiasradioreflejos.com.ar\/2021\/#website"},"primaryImageOfPage":{"@id":"https:\/\/www.noticiasradioreflejos.com.ar\/2021\/la-reactivacion-turistica-este-fin-de-semana-tuvo-numeros-similares-a-la-prepandemia\/#primaryimage"},"image":{"@id":"https:\/\/www.noticiasradioreflejos.com.ar\/2021\/la-reactivacion-turistica-este-fin-de-semana-tuvo-numeros-similares-a-la-prepandemia\/#primaryimage"},"thumbnailUrl":"https:\/\/www.telam.com.ar\/advf\/imagenes\/2021\/08\/611ab0a5a48db_1004x565.jpg","datePublished":"2021-08-17T20:21:16+00:00","dateModified":"2021-08-17T20:22:07+00:00","author":{"@id":"https:\/\/www.noticiasradioreflejos.com.ar\/2021\/#\/schema\/person\/ad82545263dcc5ec0996818884fd5fb1"},"breadcrumb":{"@id":"https:\/\/www.noticiasradioreflejos.com.ar\/2021\/la-reactivacion-turistica-este-fin-de-semana-tuvo-numeros-similares-a-la-prepandemia\/#breadcrumb"},"inLanguage":"es","potentialAction":[{"@type":"ReadAction","target":["https:\/\/www.noticiasradioreflejos.com.ar\/2021\/la-reactivacion-turistica-este-fin-de-semana-tuvo-numeros-similares-a-la-prepandemia\/"]}]},{"@type":"ImageObject","inLanguage":"es","@id":"https:\/\/www.noticiasradioreflejos.com.ar\/2021\/la-reactivacion-turistica-este-fin-de-semana-tuvo-numeros-similares-a-la-prepandemia\/#primaryimage","url":"https:\/\/www.telam.com.ar\/advf\/imagenes\/2021\/08\/611ab0a5a48db_1004x565.jpg","contentUrl":"https:\/\/www.telam.com.ar\/advf\/imagenes\/2021\/08\/611ab0a5a48db_1004x565.jpg"},{"@type":"BreadcrumbList","@id":"https:\/\/www.noticiasradioreflejos.com.ar\/2021\/la-reactivacion-turistica-este-fin-de-semana-tuvo-numeros-similares-a-la-prepandemia\/#breadcrumb","itemListElement":[{"@type":"ListItem","position":1,"name":"Portada","item":"https:\/\/www.noticiasradioreflejos.com.ar\/2021\/"},{"@type":"ListItem","position":2,"name":"La reactivaci\u00f3n tur\u00edstica este fin de semana tuvo n\u00fameros similares a la prepandemia"}]},{"@type":"WebSite","@id":"https:\/\/www.noticiasradioreflejos.com.ar\/2021\/#website","url":"https:\/\/www.noticiasradioreflejos.com.ar\/2021\/","name":"Noticias Radio Reflejos","description":"Las noticias de mi comarca","potentialAction":[{"@type":"SearchAction","target":{"@type":"EntryPoint","urlTemplate":"https:\/\/www.noticiasradioreflejos.com.ar\/2021\/?s={search_term_string}"},"query-input":{"@type":"PropertyValueSpecification","valueRequired":true,"valueName":"search_term_string"}}],"inLanguage":"es"},{"@type":"Person","@id":"https:\/\/www.noticiasradioreflejos.com.ar\/2021\/#\/schema\/person\/ad82545263dcc5ec0996818884fd5fb1","name":"Arnaldo Botto","image":{"@type":"ImageObject","inLanguage":"es","@id":"https:\/\/www.noticiasradioreflejos.com.ar\/2021\/#\/schema\/person\/image\/","url":"https:\/\/secure.gravatar.com\/avatar\/55cb5e37c1efa326397366e6974cb338056df65cb50e7d64d1cf314e87504837?s=96&d=mm&r=g","contentUrl":"https:\/\/secure.gravatar.com\/avatar\/55cb5e37c1efa326397366e6974cb338056df65cb50e7d64d1cf314e87504837?s=96&d=mm&r=g","caption":"Arnaldo Botto"},"url":"https:\/\/www.noticiasradioreflejos.com.ar\/2021\/author\/arnaldo\/"}]}},"_links":{"self":[{"href":"https:\/\/www.noticiasradioreflejos.com.ar\/2021\/wp-json\/wp\/v2\/posts\/61563","targetHints":{"allow":["GET"]}}],"collection":[{"href":"https:\/\/www.noticiasradioreflejos.com.ar\/2021\/wp-json\/wp\/v2\/posts"}],"about":[{"href":"https:\/\/www.noticiasradioreflejos.com.ar\/2021\/wp-json\/wp\/v2\/types\/post"}],"author":[{"embeddable":true,"href":"https:\/\/www.noticiasradioreflejos.com.ar\/2021\/wp-json\/wp\/v2\/users\/3"}],"replies":[{"embeddable":true,"href":"https:\/\/www.noticiasradioreflejos.com.ar\/2021\/wp-json\/wp\/v2\/comments?post=61563"}],"version-history":[{"count":2,"href":"https:\/\/www.noticiasradioreflejos.com.ar\/2021\/wp-json\/wp\/v2\/posts\/61563\/revisions"}],"predecessor-version":[{"id":61565,"href":"https:\/\/www.noticiasradioreflejos.com.ar\/2021\/wp-json\/wp\/v2\/posts\/61563\/revisions\/61565"}],"wp:attachment":[{"href":"https:\/\/www.noticiasradioreflejos.com.ar\/2021\/wp-json\/wp\/v2\/media?parent=61563"}],"wp:term":[{"taxonomy":"category","embeddable":true,"href":"https:\/\/www.noticiasradioreflejos.com.ar\/2021\/wp-json\/wp\/v2\/categories?post=61563"},{"taxonomy":"post_tag","embeddable":true,"href":"https:\/\/www.noticiasradioreflejos.com.ar\/2021\/wp-json\/wp\/v2\/tags?post=61563"}],"curies":[{"name":"wp","href":"https:\/\/api.w.org\/{rel}","templated":true}]}}