{"id":61549,"date":"2021-08-17T16:23:16","date_gmt":"2021-08-17T16:23:16","guid":{"rendered":"http:\/\/www.noticiasradioreflejos.com.ar\/2021\/?p=61549"},"modified":"2021-08-17T16:23:16","modified_gmt":"2021-08-17T16:23:16","slug":"agradecimiento-por-la-celebracion-del-dia-de-la-ninez","status":"publish","type":"post","link":"https:\/\/www.noticiasradioreflejos.com.ar\/2021\/agradecimiento-por-la-celebracion-del-dia-de-la-ninez\/","title":{"rendered":"Agradecimiento por la celebraci\u00f3n del D\u00eda de la Ni\u00f1ez"},"content":{"rendered":"<p>La Secretar\u00eda de Desarrollo, a trav\u00e9s de la Subsecretar\u00eda de Juventudes, Pol\u00edticas de Genero y Diversidades, y la Direcci\u00f3n de Deportes, desean agradecer a :<!--more--><\/p>\n<p><a title=\"WhatsApp Image 2021-08-15 at 14.56.35\" href=\"https:\/\/www.flickr.com\/photos\/182279889@N02\/51383678382\/in\/dateposted-public\/\" data-flickr-embed=\"true\"><img loading=\"lazy\" decoding=\"async\" src=\"https:\/\/live.staticflickr.com\/65535\/51383678382_6ca2f0719e_c.jpg\" alt=\"WhatsApp Image 2021-08-15 at 14.56.35\" width=\"800\" height=\"600\" \/><\/a><script async src=\"\/\/embedr.flickr.com\/assets\/client-code.js\" charset=\"utf-8\"><\/script><\/p>\n<p>los Motoqueros \u201cSalvajes Sin Fronteras\u201d, Alan Franef, Mariel Llanos, Mar\u00eda Esquivel, Bomberos Voluntarios, Murga \u201cLos Cusifai\u201d, Rub\u00e9n Rojas, Chicos de la Casa Hogar, Comunidad Educativa de la E.P N\u00b02, Sandra Luna, Alejandra Cardozo, por la organizaci\u00f3n de la celebraci\u00f3n del D\u00eda de la Ni\u00f1ez, en la localidad de Saldungaray.<\/p>\n<p>Asimismo, reconocer y destacar la labor de los profesores: Sergio Pettoroso, Nicol\u00e1s Cabral, Patricia Zapata, Boris Bonifacich, y las jugadoras de v\u00f3ley del Automoto Club,\u00a0 quienes participaron desinteresadamente de la jornada.<\/p>\n<p>Agradecemos a todos los ni\u00f1os y ni\u00f1as de Saldungaray, que se acercaron a compartir una hermosa tarde, llena de m\u00fasica, juegos y por sobre todo diversi\u00f3n.<\/p>\n<p><a title=\"WhatsApp Image 2021-08-15 at 14.56.31 (1)\" href=\"https:\/\/www.flickr.com\/photos\/182279889@N02\/51385444005\/in\/dateposted-public\/\" data-flickr-embed=\"true\"><img loading=\"lazy\" decoding=\"async\" src=\"https:\/\/live.staticflickr.com\/65535\/51385444005_4348bd9d7e_c.jpg\" alt=\"WhatsApp Image 2021-08-15 at 14.56.31 (1)\" width=\"600\" height=\"800\" \/><\/a><script async src=\"\/\/embedr.flickr.com\/assets\/client-code.js\" charset=\"utf-8\"><\/script><\/p>\n<p><a title=\"WhatsApp Image 2021-08-15 at 14.56.32\" href=\"https:\/\/www.flickr.com\/photos\/182279889@N02\/51384431041\/in\/dateposted-public\/\" data-flickr-embed=\"true\"><img loading=\"lazy\" decoding=\"async\" src=\"https:\/\/live.staticflickr.com\/65535\/51384431041_8b49056c15_c.jpg\" alt=\"WhatsApp Image 2021-08-15 at 14.56.32\" width=\"600\" height=\"800\" \/><\/a><script async src=\"\/\/embedr.flickr.com\/assets\/client-code.js\" charset=\"utf-8\"><\/script><\/p>\n<p><a data-flickr-embed=\"true\" href=\"https:\/\/www.flickr.com\/photos\/182279889@N02\/51384684383\/in\/dateposted-public\/\" title=\"WhatsApp Image 2021-08-15 at 14.56.30\"><img loading=\"lazy\" decoding=\"async\" src=\"https:\/\/live.staticflickr.com\/65535\/51384684383_b344e4f2e5_c.jpg\" width=\"600\" height=\"800\" alt=\"WhatsApp Image 2021-08-15 at 14.56.30\"><\/a><script async src=\"\/\/embedr.flickr.com\/assets\/client-code.js\" charset=\"utf-8\"><\/script><\/p>\n","protected":false},"excerpt":{"rendered":"<p>La Secretar\u00eda de Desarrollo, a trav\u00e9s de la Subsecretar\u00eda de Juventudes, Pol\u00edticas de Genero y Diversidades, y la Direcci\u00f3n de Deportes, desean agradecer a :<\/p>\n","protected":false},"author":3,"featured_media":0,"comment_status":"closed","ping_status":"closed","sticky":false,"template":"","format":"standard","meta":{"footnotes":""},"categories":[28],"tags":[],"class_list":["post-61549","post","type-post","status-publish","format-standard","hentry","category-municipales"],"yoast_head":"<!-- This site is optimized with the Yoast SEO plugin v25.9 - https:\/\/yoast.com\/wordpress\/plugins\/seo\/ -->\n<title>Agradecimiento por la celebraci\u00f3n del D\u00eda de la Ni\u00f1ez - Noticias Radio Reflejos<\/title>\n<meta name=\"robots\" content=\"index, follow, max-snippet:-1, max-image-preview:large, max-video-preview:-1\" \/>\n<link rel=\"canonical\" href=\"https:\/\/www.noticiasradioreflejos.com.ar\/2021\/agradecimiento-por-la-celebracion-del-dia-de-la-ninez\/\" \/>\n<meta property=\"og:locale\" content=\"es_ES\" \/>\n<meta property=\"og:type\" content=\"article\" \/>\n<meta property=\"og:title\" content=\"Agradecimiento por la celebraci\u00f3n del D\u00eda de la Ni\u00f1ez - Noticias Radio Reflejos\" \/>\n<meta property=\"og:description\" content=\"La Secretar\u00eda de Desarrollo, a trav\u00e9s de la Subsecretar\u00eda de Juventudes, Pol\u00edticas de Genero y Diversidades, y la Direcci\u00f3n de Deportes, desean agradecer a :\" \/>\n<meta property=\"og:url\" content=\"https:\/\/www.noticiasradioreflejos.com.ar\/2021\/agradecimiento-por-la-celebracion-del-dia-de-la-ninez\/\" \/>\n<meta property=\"og:site_name\" content=\"Noticias Radio Reflejos\" \/>\n<meta property=\"article:published_time\" content=\"2021-08-17T16:23:16+00:00\" \/>\n<meta property=\"og:image\" content=\"https:\/\/live.staticflickr.com\/65535\/51383678382_6ca2f0719e_c.jpg\" \/>\n<meta name=\"author\" content=\"Arnaldo Botto\" \/>\n<meta name=\"twitter:card\" content=\"summary_large_image\" \/>\n<script type=\"application\/ld+json\" class=\"yoast-schema-graph\">{\"@context\":\"https:\/\/schema.org\",\"@graph\":[{\"@type\":\"WebPage\",\"@id\":\"https:\/\/www.noticiasradioreflejos.com.ar\/2021\/agradecimiento-por-la-celebracion-del-dia-de-la-ninez\/\",\"url\":\"https:\/\/www.noticiasradioreflejos.com.ar\/2021\/agradecimiento-por-la-celebracion-del-dia-de-la-ninez\/\",\"name\":\"Agradecimiento por la celebraci\u00f3n del D\u00eda de la Ni\u00f1ez - Noticias Radio Reflejos\",\"isPartOf\":{\"@id\":\"https:\/\/www.noticiasradioreflejos.com.ar\/2021\/#website\"},\"primaryImageOfPage\":{\"@id\":\"https:\/\/www.noticiasradioreflejos.com.ar\/2021\/agradecimiento-por-la-celebracion-del-dia-de-la-ninez\/#primaryimage\"},\"image\":{\"@id\":\"https:\/\/www.noticiasradioreflejos.com.ar\/2021\/agradecimiento-por-la-celebracion-del-dia-de-la-ninez\/#primaryimage\"},\"thumbnailUrl\":\"https:\/\/live.staticflickr.com\/65535\/51383678382_6ca2f0719e_c.jpg\",\"datePublished\":\"2021-08-17T16:23:16+00:00\",\"author\":{\"@id\":\"https:\/\/www.noticiasradioreflejos.com.ar\/2021\/#\/schema\/person\/ad82545263dcc5ec0996818884fd5fb1\"},\"breadcrumb\":{\"@id\":\"https:\/\/www.noticiasradioreflejos.com.ar\/2021\/agradecimiento-por-la-celebracion-del-dia-de-la-ninez\/#breadcrumb\"},\"inLanguage\":\"es\",\"potentialAction\":[{\"@type\":\"ReadAction\",\"target\":[\"https:\/\/www.noticiasradioreflejos.com.ar\/2021\/agradecimiento-por-la-celebracion-del-dia-de-la-ninez\/\"]}]},{\"@type\":\"ImageObject\",\"inLanguage\":\"es\",\"@id\":\"https:\/\/www.noticiasradioreflejos.com.ar\/2021\/agradecimiento-por-la-celebracion-del-dia-de-la-ninez\/#primaryimage\",\"url\":\"https:\/\/live.staticflickr.com\/65535\/51383678382_6ca2f0719e_c.jpg\",\"contentUrl\":\"https:\/\/live.staticflickr.com\/65535\/51383678382_6ca2f0719e_c.jpg\"},{\"@type\":\"BreadcrumbList\",\"@id\":\"https:\/\/www.noticiasradioreflejos.com.ar\/2021\/agradecimiento-por-la-celebracion-del-dia-de-la-ninez\/#breadcrumb\",\"itemListElement\":[{\"@type\":\"ListItem\",\"position\":1,\"name\":\"Portada\",\"item\":\"https:\/\/www.noticiasradioreflejos.com.ar\/2021\/\"},{\"@type\":\"ListItem\",\"position\":2,\"name\":\"Agradecimiento por la celebraci\u00f3n del D\u00eda de la Ni\u00f1ez\"}]},{\"@type\":\"WebSite\",\"@id\":\"https:\/\/www.noticiasradioreflejos.com.ar\/2021\/#website\",\"url\":\"https:\/\/www.noticiasradioreflejos.com.ar\/2021\/\",\"name\":\"Noticias Radio Reflejos\",\"description\":\"Las noticias de mi comarca\",\"potentialAction\":[{\"@type\":\"SearchAction\",\"target\":{\"@type\":\"EntryPoint\",\"urlTemplate\":\"https:\/\/www.noticiasradioreflejos.com.ar\/2021\/?s={search_term_string}\"},\"query-input\":{\"@type\":\"PropertyValueSpecification\",\"valueRequired\":true,\"valueName\":\"search_term_string\"}}],\"inLanguage\":\"es\"},{\"@type\":\"Person\",\"@id\":\"https:\/\/www.noticiasradioreflejos.com.ar\/2021\/#\/schema\/person\/ad82545263dcc5ec0996818884fd5fb1\",\"name\":\"Arnaldo Botto\",\"image\":{\"@type\":\"ImageObject\",\"inLanguage\":\"es\",\"@id\":\"https:\/\/www.noticiasradioreflejos.com.ar\/2021\/#\/schema\/person\/image\/\",\"url\":\"https:\/\/secure.gravatar.com\/avatar\/55cb5e37c1efa326397366e6974cb338056df65cb50e7d64d1cf314e87504837?s=96&d=mm&r=g\",\"contentUrl\":\"https:\/\/secure.gravatar.com\/avatar\/55cb5e37c1efa326397366e6974cb338056df65cb50e7d64d1cf314e87504837?s=96&d=mm&r=g\",\"caption\":\"Arnaldo Botto\"},\"url\":\"https:\/\/www.noticiasradioreflejos.com.ar\/2021\/author\/arnaldo\/\"}]}<\/script>\n<!-- \/ Yoast SEO plugin. -->","yoast_head_json":{"title":"Agradecimiento por la celebraci\u00f3n del D\u00eda de la Ni\u00f1ez - Noticias Radio Reflejos","robots":{"index":"index","follow":"follow","max-snippet":"max-snippet:-1","max-image-preview":"max-image-preview:large","max-video-preview":"max-video-preview:-1"},"canonical":"https:\/\/www.noticiasradioreflejos.com.ar\/2021\/agradecimiento-por-la-celebracion-del-dia-de-la-ninez\/","og_locale":"es_ES","og_type":"article","og_title":"Agradecimiento por la celebraci\u00f3n del D\u00eda de la Ni\u00f1ez - Noticias Radio Reflejos","og_description":"La Secretar\u00eda de Desarrollo, a trav\u00e9s de la Subsecretar\u00eda de Juventudes, Pol\u00edticas de Genero y Diversidades, y la Direcci\u00f3n de Deportes, desean agradecer a :","og_url":"https:\/\/www.noticiasradioreflejos.com.ar\/2021\/agradecimiento-por-la-celebracion-del-dia-de-la-ninez\/","og_site_name":"Noticias Radio Reflejos","article_published_time":"2021-08-17T16:23:16+00:00","og_image":[{"url":"https:\/\/live.staticflickr.com\/65535\/51383678382_6ca2f0719e_c.jpg","type":"","width":"","height":""}],"author":"Arnaldo Botto","twitter_card":"summary_large_image","schema":{"@context":"https:\/\/schema.org","@graph":[{"@type":"WebPage","@id":"https:\/\/www.noticiasradioreflejos.com.ar\/2021\/agradecimiento-por-la-celebracion-del-dia-de-la-ninez\/","url":"https:\/\/www.noticiasradioreflejos.com.ar\/2021\/agradecimiento-por-la-celebracion-del-dia-de-la-ninez\/","name":"Agradecimiento por la celebraci\u00f3n del D\u00eda de la Ni\u00f1ez - Noticias Radio Reflejos","isPartOf":{"@id":"https:\/\/www.noticiasradioreflejos.com.ar\/2021\/#website"},"primaryImageOfPage":{"@id":"https:\/\/www.noticiasradioreflejos.com.ar\/2021\/agradecimiento-por-la-celebracion-del-dia-de-la-ninez\/#primaryimage"},"image":{"@id":"https:\/\/www.noticiasradioreflejos.com.ar\/2021\/agradecimiento-por-la-celebracion-del-dia-de-la-ninez\/#primaryimage"},"thumbnailUrl":"https:\/\/live.staticflickr.com\/65535\/51383678382_6ca2f0719e_c.jpg","datePublished":"2021-08-17T16:23:16+00:00","author":{"@id":"https:\/\/www.noticiasradioreflejos.com.ar\/2021\/#\/schema\/person\/ad82545263dcc5ec0996818884fd5fb1"},"breadcrumb":{"@id":"https:\/\/www.noticiasradioreflejos.com.ar\/2021\/agradecimiento-por-la-celebracion-del-dia-de-la-ninez\/#breadcrumb"},"inLanguage":"es","potentialAction":[{"@type":"ReadAction","target":["https:\/\/www.noticiasradioreflejos.com.ar\/2021\/agradecimiento-por-la-celebracion-del-dia-de-la-ninez\/"]}]},{"@type":"ImageObject","inLanguage":"es","@id":"https:\/\/www.noticiasradioreflejos.com.ar\/2021\/agradecimiento-por-la-celebracion-del-dia-de-la-ninez\/#primaryimage","url":"https:\/\/live.staticflickr.com\/65535\/51383678382_6ca2f0719e_c.jpg","contentUrl":"https:\/\/live.staticflickr.com\/65535\/51383678382_6ca2f0719e_c.jpg"},{"@type":"BreadcrumbList","@id":"https:\/\/www.noticiasradioreflejos.com.ar\/2021\/agradecimiento-por-la-celebracion-del-dia-de-la-ninez\/#breadcrumb","itemListElement":[{"@type":"ListItem","position":1,"name":"Portada","item":"https:\/\/www.noticiasradioreflejos.com.ar\/2021\/"},{"@type":"ListItem","position":2,"name":"Agradecimiento por la celebraci\u00f3n del D\u00eda de la Ni\u00f1ez"}]},{"@type":"WebSite","@id":"https:\/\/www.noticiasradioreflejos.com.ar\/2021\/#website","url":"https:\/\/www.noticiasradioreflejos.com.ar\/2021\/","name":"Noticias Radio Reflejos","description":"Las noticias de mi comarca","potentialAction":[{"@type":"SearchAction","target":{"@type":"EntryPoint","urlTemplate":"https:\/\/www.noticiasradioreflejos.com.ar\/2021\/?s={search_term_string}"},"query-input":{"@type":"PropertyValueSpecification","valueRequired":true,"valueName":"search_term_string"}}],"inLanguage":"es"},{"@type":"Person","@id":"https:\/\/www.noticiasradioreflejos.com.ar\/2021\/#\/schema\/person\/ad82545263dcc5ec0996818884fd5fb1","name":"Arnaldo Botto","image":{"@type":"ImageObject","inLanguage":"es","@id":"https:\/\/www.noticiasradioreflejos.com.ar\/2021\/#\/schema\/person\/image\/","url":"https:\/\/secure.gravatar.com\/avatar\/55cb5e37c1efa326397366e6974cb338056df65cb50e7d64d1cf314e87504837?s=96&d=mm&r=g","contentUrl":"https:\/\/secure.gravatar.com\/avatar\/55cb5e37c1efa326397366e6974cb338056df65cb50e7d64d1cf314e87504837?s=96&d=mm&r=g","caption":"Arnaldo Botto"},"url":"https:\/\/www.noticiasradioreflejos.com.ar\/2021\/author\/arnaldo\/"}]}},"_links":{"self":[{"href":"https:\/\/www.noticiasradioreflejos.com.ar\/2021\/wp-json\/wp\/v2\/posts\/61549","targetHints":{"allow":["GET"]}}],"collection":[{"href":"https:\/\/www.noticiasradioreflejos.com.ar\/2021\/wp-json\/wp\/v2\/posts"}],"about":[{"href":"https:\/\/www.noticiasradioreflejos.com.ar\/2021\/wp-json\/wp\/v2\/types\/post"}],"author":[{"embeddable":true,"href":"https:\/\/www.noticiasradioreflejos.com.ar\/2021\/wp-json\/wp\/v2\/users\/3"}],"replies":[{"embeddable":true,"href":"https:\/\/www.noticiasradioreflejos.com.ar\/2021\/wp-json\/wp\/v2\/comments?post=61549"}],"version-history":[{"count":1,"href":"https:\/\/www.noticiasradioreflejos.com.ar\/2021\/wp-json\/wp\/v2\/posts\/61549\/revisions"}],"predecessor-version":[{"id":61551,"href":"https:\/\/www.noticiasradioreflejos.com.ar\/2021\/wp-json\/wp\/v2\/posts\/61549\/revisions\/61551"}],"wp:attachment":[{"href":"https:\/\/www.noticiasradioreflejos.com.ar\/2021\/wp-json\/wp\/v2\/media?parent=61549"}],"wp:term":[{"taxonomy":"category","embeddable":true,"href":"https:\/\/www.noticiasradioreflejos.com.ar\/2021\/wp-json\/wp\/v2\/categories?post=61549"},{"taxonomy":"post_tag","embeddable":true,"href":"https:\/\/www.noticiasradioreflejos.com.ar\/2021\/wp-json\/wp\/v2\/tags?post=61549"}],"curies":[{"name":"wp","href":"https:\/\/api.w.org\/{rel}","templated":true}]}}