{"id":61538,"date":"2021-08-17T14:57:42","date_gmt":"2021-08-17T14:57:42","guid":{"rendered":"http:\/\/www.noticiasradioreflejos.com.ar\/2021\/?p=61538"},"modified":"2021-08-17T14:57:42","modified_gmt":"2021-08-17T14:57:42","slug":"el-gobierno-bonaerense-anuncio-que-comenzara-la-vacunacion-casa-por-casa","status":"publish","type":"post","link":"https:\/\/www.noticiasradioreflejos.com.ar\/2021\/el-gobierno-bonaerense-anuncio-que-comenzara-la-vacunacion-casa-por-casa\/","title":{"rendered":"El gobierno bonaerense anunci\u00f3 que comenzar\u00e1 la vacunaci\u00f3n \u00abcasa por casa\u00bb"},"content":{"rendered":"<div class=\"head-content\">\n<p>\u00abA medida que aumentemos la vacunaci\u00f3n, empiezan a descender no solamente los casos si no tambi\u00e9n los fallecimientos\u00bb, explic\u00f3 el ministro de Salud en referencia a la nueva modalidad de vacunaci\u00f3n.<\/p>\n<div class=\"addthis_custom_sharing\" data-url=\"https:\/\/www.telam.com.ar\/notas\/202108\/565302-salud-provincia-buenos-aires-nicolas-kreplak-vacunacion.html\" data-title=\"El gobierno bonaerense anunci\u00f3 que comenzar\u00e1 la vacunaci\u00f3n &quot;casa por casa&quot;\" data-description=\"&quot;A medida que aumentemos la vacunaci\u00f3n, empiezan a descender no solamente los casos si no tambi\u00e9n los fallecimientos&quot;, explic\u00f3 el ministro de Salud en referencia a la nueva modalidad de vacunaci\u00f3n.\">\n<div id=\"atstbx\" class=\"at-resp-share-element at-style-responsive addthis-smartlayers addthis-animated at4-show\" role=\"region\" aria-labelledby=\"at-dd4b6fed-a855-4b5f-a475-9d813be035ba\"><\/div>\n<\/div>\n<\/div>\n<p><!--more--><\/p>\n<div class=\"main-content-block\">\n<div class=\"main-box clearfix\">\n<div class=\"wrapper-main-section clearfix\">\n<div class=\"wrapper-editable-content\">\n<div class=\"editable-content clearfix\">\n<div id=\"image\" class=\"image\"><img decoding=\"async\" title=\"Kreplak anunci\u00f3 que se comenzar\u00e1 a vacunar &quot;casa por casa&quot;.\" src=\"https:\/\/www.telam.com.ar\/advf\/imagenes\/2021\/08\/61128466c4ae0_1004x565.jpg\" alt=\"Kreplak anunci\u00f3 que se comenzar\u00e1 a vacunar &quot;casa por casa&quot;.\" \/><\/p>\n<div class=\"epigrafe\">Kreplak anunci\u00f3 que se comenzar\u00e1 a vacunar \u00abcasa por casa\u00bb.<\/div>\n<\/div>\n<p>El ministro de Salud de la provincia de Buenos Aires, Nicol\u00e1s\u00a0<strong>Kreplak, anunci\u00f3 este martes que se comenzar\u00e1 a vacunar \u00abcasa por casa\u00bb en aquellos lugares del territorio donde se detect\u00f3 menor porcentaje de inoculaci\u00f3n<\/strong>\u00a0contra la Covid-19.<\/p>\n<p>\u00abHemos trabajado para poder tener colectivos que funcionen como vacunatorios m\u00f3viles y poder adentrarnos en territorios donde estemos detectando menor porcentaje de vacunaci\u00f3n y vacunar casa por casa\u00bb, asever\u00f3 Kreplak durante una conferencia de prensa en la Casa de Gobierno de la provincia de Buenos Aires.<\/p>\n<p>El funcionario formul\u00f3 estas declaraciones en La Plata junto al jefe de Gabinete, Carlos Bianco, y asever\u00f3 que el mi\u00e9rcoles los m\u00f3viles del Ejecutivo provincial estar\u00e1n en los partidos de Tres de Febrero, San Miguel, La Matanza, Lan\u00fas y San Isidro.<\/p>\n<blockquote><p>\u00abEl objetivo que ten\u00edamos era lograr alcanzar en personas mayores de 50 a\u00f1os el 60% de cobertura de esquema completo. Ya lo hemos superado y seguimos vacunando a m\u00e1xima velocidad\u00bb<\/p><\/blockquote>\n<p>Tambi\u00e9n\u00a0<strong>se desplazar\u00e1n por parajes rurales del distrito y a ello se le suma el Tren Sanitario bonaerense, que fue puesto en marcha junto al Ministerio de Transporte de la Naci\u00f3n<\/strong>\u00a0para recorrer ciudades de la Provincia con servicios sanitarios.<\/p>\n<p>\u00abEl objetivo que ten\u00edamos era lograr alcanzar en personas mayores de 50 a\u00f1os el 60% de cobertura de esquema completo. Ya lo hemos superado y seguimos vacunando a m\u00e1xima velocidad\u00bb, expres\u00f3 Kreplak.<\/p>\n<p><strong>El funcionario sostuvo que \u00aba medida que aumentemos la vacunaci\u00f3n, empiezan a descender no solamente los casos si no tambi\u00e9n los fallecimientos\u00bb<\/strong>, y destac\u00f3 que en los hospitales se verifican por estos d\u00edas \u00abm\u00e1s egresos que ingresos\u00bb de pacientes de coronavirus. Indic\u00f3 que \u00abhay que recordarlo, porque todav\u00eda existen pocas personas que no se hayan vacunado\u00bb<\/p>\n<p>Kreplak se refiri\u00f3 a la variante Delta y explic\u00f3 que hasta el momento se tiene todos los casos identificados sin tener que lamentar contactos estrechos\u00bb.<\/p>\n<blockquote><p>\u00abNos encontramos en un momento de mejores condiciones sanitarias debido a la eficacia de las vacunas. Si hubiera una ola nueva, quiz\u00e1 ya no sea de la gravedad de la anterior\u00bb<\/p><\/blockquote>\n<p>Precis\u00f3 que de 44 casos, 42 fueron viajeros internacionales, y dos casos asociados a importaci\u00f3n, aunque no hay circulaci\u00f3n comunitaria y 43 casos ya finalizaron su aislamiento.<\/p>\n<p><strong>Kreplan insisti\u00f3 en la necesidad de que las personas se inoculen dado que \u00abtodav\u00eda queda una poblaci\u00f3n que no se vacuna que son pocos\u00bb<\/strong>, y remarc\u00f3 que \u00abel 98% de las personas que hab\u00eda recibido Sputnik como primera dosis acept\u00f3 combinar\u00bb otro f\u00e1rmaco como segunda dosis.<\/p>\n<p>\u00abNos encontramos en un momento de mejores condiciones sanitarias debido a la eficacia de las vacunas. Si hubiera una ola nueva, quiz\u00e1 ya no sea de la gravedad de la anterior. Creemos que gradualmente se puede ir comenzando con m\u00e1s actividades. Estamos a la espera de poder inocular a los menores\u00bb, concluy\u00f3.<\/p><\/div>\n<\/div>\n<\/div>\n<\/div>\n<\/div>\n","protected":false},"excerpt":{"rendered":"<p>\u00abA medida que aumentemos la vacunaci\u00f3n, empiezan a descender no solamente los casos si no tambi\u00e9n los fallecimientos\u00bb, explic\u00f3 el ministro de Salud en referencia a la nueva modalidad de vacunaci\u00f3n.<\/p>\n","protected":false},"author":3,"featured_media":0,"comment_status":"closed","ping_status":"closed","sticky":false,"template":"","format":"standard","meta":{"footnotes":""},"categories":[30],"tags":[],"class_list":["post-61538","post","type-post","status-publish","format-standard","hentry","category-salud"],"yoast_head":"<!-- This site is optimized with the Yoast SEO plugin v25.9 - https:\/\/yoast.com\/wordpress\/plugins\/seo\/ -->\n<title>El gobierno bonaerense anunci\u00f3 que comenzar\u00e1 la vacunaci\u00f3n &quot;casa por casa&quot; - Noticias Radio Reflejos<\/title>\n<meta name=\"robots\" content=\"index, follow, max-snippet:-1, max-image-preview:large, max-video-preview:-1\" \/>\n<link rel=\"canonical\" href=\"https:\/\/www.noticiasradioreflejos.com.ar\/2021\/el-gobierno-bonaerense-anuncio-que-comenzara-la-vacunacion-casa-por-casa\/\" \/>\n<meta property=\"og:locale\" content=\"es_ES\" \/>\n<meta property=\"og:type\" content=\"article\" \/>\n<meta property=\"og:title\" content=\"El gobierno bonaerense anunci\u00f3 que comenzar\u00e1 la vacunaci\u00f3n &quot;casa por casa&quot; - Noticias Radio Reflejos\" \/>\n<meta property=\"og:description\" content=\"\u00abA medida que aumentemos la vacunaci\u00f3n, empiezan a descender no solamente los casos si no tambi\u00e9n los fallecimientos\u00bb, explic\u00f3 el ministro de Salud en referencia a la nueva modalidad de vacunaci\u00f3n.\" \/>\n<meta property=\"og:url\" content=\"https:\/\/www.noticiasradioreflejos.com.ar\/2021\/el-gobierno-bonaerense-anuncio-que-comenzara-la-vacunacion-casa-por-casa\/\" \/>\n<meta property=\"og:site_name\" content=\"Noticias Radio Reflejos\" \/>\n<meta property=\"article:published_time\" content=\"2021-08-17T14:57:42+00:00\" \/>\n<meta property=\"og:image\" content=\"https:\/\/www.telam.com.ar\/advf\/imagenes\/2021\/08\/61128466c4ae0_1004x565.jpg\" \/>\n<meta name=\"author\" content=\"Arnaldo Botto\" \/>\n<meta name=\"twitter:card\" content=\"summary_large_image\" \/>\n<script type=\"application\/ld+json\" class=\"yoast-schema-graph\">{\"@context\":\"https:\/\/schema.org\",\"@graph\":[{\"@type\":\"WebPage\",\"@id\":\"https:\/\/www.noticiasradioreflejos.com.ar\/2021\/el-gobierno-bonaerense-anuncio-que-comenzara-la-vacunacion-casa-por-casa\/\",\"url\":\"https:\/\/www.noticiasradioreflejos.com.ar\/2021\/el-gobierno-bonaerense-anuncio-que-comenzara-la-vacunacion-casa-por-casa\/\",\"name\":\"El gobierno bonaerense anunci\u00f3 que comenzar\u00e1 la vacunaci\u00f3n \\\"casa por casa\\\" - Noticias Radio Reflejos\",\"isPartOf\":{\"@id\":\"https:\/\/www.noticiasradioreflejos.com.ar\/2021\/#website\"},\"primaryImageOfPage\":{\"@id\":\"https:\/\/www.noticiasradioreflejos.com.ar\/2021\/el-gobierno-bonaerense-anuncio-que-comenzara-la-vacunacion-casa-por-casa\/#primaryimage\"},\"image\":{\"@id\":\"https:\/\/www.noticiasradioreflejos.com.ar\/2021\/el-gobierno-bonaerense-anuncio-que-comenzara-la-vacunacion-casa-por-casa\/#primaryimage\"},\"thumbnailUrl\":\"https:\/\/www.telam.com.ar\/advf\/imagenes\/2021\/08\/61128466c4ae0_1004x565.jpg\",\"datePublished\":\"2021-08-17T14:57:42+00:00\",\"author\":{\"@id\":\"https:\/\/www.noticiasradioreflejos.com.ar\/2021\/#\/schema\/person\/ad82545263dcc5ec0996818884fd5fb1\"},\"breadcrumb\":{\"@id\":\"https:\/\/www.noticiasradioreflejos.com.ar\/2021\/el-gobierno-bonaerense-anuncio-que-comenzara-la-vacunacion-casa-por-casa\/#breadcrumb\"},\"inLanguage\":\"es\",\"potentialAction\":[{\"@type\":\"ReadAction\",\"target\":[\"https:\/\/www.noticiasradioreflejos.com.ar\/2021\/el-gobierno-bonaerense-anuncio-que-comenzara-la-vacunacion-casa-por-casa\/\"]}]},{\"@type\":\"ImageObject\",\"inLanguage\":\"es\",\"@id\":\"https:\/\/www.noticiasradioreflejos.com.ar\/2021\/el-gobierno-bonaerense-anuncio-que-comenzara-la-vacunacion-casa-por-casa\/#primaryimage\",\"url\":\"https:\/\/www.telam.com.ar\/advf\/imagenes\/2021\/08\/61128466c4ae0_1004x565.jpg\",\"contentUrl\":\"https:\/\/www.telam.com.ar\/advf\/imagenes\/2021\/08\/61128466c4ae0_1004x565.jpg\"},{\"@type\":\"BreadcrumbList\",\"@id\":\"https:\/\/www.noticiasradioreflejos.com.ar\/2021\/el-gobierno-bonaerense-anuncio-que-comenzara-la-vacunacion-casa-por-casa\/#breadcrumb\",\"itemListElement\":[{\"@type\":\"ListItem\",\"position\":1,\"name\":\"Portada\",\"item\":\"https:\/\/www.noticiasradioreflejos.com.ar\/2021\/\"},{\"@type\":\"ListItem\",\"position\":2,\"name\":\"El gobierno bonaerense anunci\u00f3 que comenzar\u00e1 la vacunaci\u00f3n \u00abcasa por casa\u00bb\"}]},{\"@type\":\"WebSite\",\"@id\":\"https:\/\/www.noticiasradioreflejos.com.ar\/2021\/#website\",\"url\":\"https:\/\/www.noticiasradioreflejos.com.ar\/2021\/\",\"name\":\"Noticias Radio Reflejos\",\"description\":\"Las noticias de mi comarca\",\"potentialAction\":[{\"@type\":\"SearchAction\",\"target\":{\"@type\":\"EntryPoint\",\"urlTemplate\":\"https:\/\/www.noticiasradioreflejos.com.ar\/2021\/?s={search_term_string}\"},\"query-input\":{\"@type\":\"PropertyValueSpecification\",\"valueRequired\":true,\"valueName\":\"search_term_string\"}}],\"inLanguage\":\"es\"},{\"@type\":\"Person\",\"@id\":\"https:\/\/www.noticiasradioreflejos.com.ar\/2021\/#\/schema\/person\/ad82545263dcc5ec0996818884fd5fb1\",\"name\":\"Arnaldo Botto\",\"image\":{\"@type\":\"ImageObject\",\"inLanguage\":\"es\",\"@id\":\"https:\/\/www.noticiasradioreflejos.com.ar\/2021\/#\/schema\/person\/image\/\",\"url\":\"https:\/\/secure.gravatar.com\/avatar\/55cb5e37c1efa326397366e6974cb338056df65cb50e7d64d1cf314e87504837?s=96&d=mm&r=g\",\"contentUrl\":\"https:\/\/secure.gravatar.com\/avatar\/55cb5e37c1efa326397366e6974cb338056df65cb50e7d64d1cf314e87504837?s=96&d=mm&r=g\",\"caption\":\"Arnaldo Botto\"},\"url\":\"https:\/\/www.noticiasradioreflejos.com.ar\/2021\/author\/arnaldo\/\"}]}<\/script>\n<!-- \/ Yoast SEO plugin. -->","yoast_head_json":{"title":"El gobierno bonaerense anunci\u00f3 que comenzar\u00e1 la vacunaci\u00f3n \"casa por casa\" - Noticias Radio Reflejos","robots":{"index":"index","follow":"follow","max-snippet":"max-snippet:-1","max-image-preview":"max-image-preview:large","max-video-preview":"max-video-preview:-1"},"canonical":"https:\/\/www.noticiasradioreflejos.com.ar\/2021\/el-gobierno-bonaerense-anuncio-que-comenzara-la-vacunacion-casa-por-casa\/","og_locale":"es_ES","og_type":"article","og_title":"El gobierno bonaerense anunci\u00f3 que comenzar\u00e1 la vacunaci\u00f3n \"casa por casa\" - Noticias Radio Reflejos","og_description":"\u00abA medida que aumentemos la vacunaci\u00f3n, empiezan a descender no solamente los casos si no tambi\u00e9n los fallecimientos\u00bb, explic\u00f3 el ministro de Salud en referencia a la nueva modalidad de vacunaci\u00f3n.","og_url":"https:\/\/www.noticiasradioreflejos.com.ar\/2021\/el-gobierno-bonaerense-anuncio-que-comenzara-la-vacunacion-casa-por-casa\/","og_site_name":"Noticias Radio Reflejos","article_published_time":"2021-08-17T14:57:42+00:00","og_image":[{"url":"https:\/\/www.telam.com.ar\/advf\/imagenes\/2021\/08\/61128466c4ae0_1004x565.jpg","type":"","width":"","height":""}],"author":"Arnaldo Botto","twitter_card":"summary_large_image","schema":{"@context":"https:\/\/schema.org","@graph":[{"@type":"WebPage","@id":"https:\/\/www.noticiasradioreflejos.com.ar\/2021\/el-gobierno-bonaerense-anuncio-que-comenzara-la-vacunacion-casa-por-casa\/","url":"https:\/\/www.noticiasradioreflejos.com.ar\/2021\/el-gobierno-bonaerense-anuncio-que-comenzara-la-vacunacion-casa-por-casa\/","name":"El gobierno bonaerense anunci\u00f3 que comenzar\u00e1 la vacunaci\u00f3n \"casa por casa\" - Noticias Radio Reflejos","isPartOf":{"@id":"https:\/\/www.noticiasradioreflejos.com.ar\/2021\/#website"},"primaryImageOfPage":{"@id":"https:\/\/www.noticiasradioreflejos.com.ar\/2021\/el-gobierno-bonaerense-anuncio-que-comenzara-la-vacunacion-casa-por-casa\/#primaryimage"},"image":{"@id":"https:\/\/www.noticiasradioreflejos.com.ar\/2021\/el-gobierno-bonaerense-anuncio-que-comenzara-la-vacunacion-casa-por-casa\/#primaryimage"},"thumbnailUrl":"https:\/\/www.telam.com.ar\/advf\/imagenes\/2021\/08\/61128466c4ae0_1004x565.jpg","datePublished":"2021-08-17T14:57:42+00:00","author":{"@id":"https:\/\/www.noticiasradioreflejos.com.ar\/2021\/#\/schema\/person\/ad82545263dcc5ec0996818884fd5fb1"},"breadcrumb":{"@id":"https:\/\/www.noticiasradioreflejos.com.ar\/2021\/el-gobierno-bonaerense-anuncio-que-comenzara-la-vacunacion-casa-por-casa\/#breadcrumb"},"inLanguage":"es","potentialAction":[{"@type":"ReadAction","target":["https:\/\/www.noticiasradioreflejos.com.ar\/2021\/el-gobierno-bonaerense-anuncio-que-comenzara-la-vacunacion-casa-por-casa\/"]}]},{"@type":"ImageObject","inLanguage":"es","@id":"https:\/\/www.noticiasradioreflejos.com.ar\/2021\/el-gobierno-bonaerense-anuncio-que-comenzara-la-vacunacion-casa-por-casa\/#primaryimage","url":"https:\/\/www.telam.com.ar\/advf\/imagenes\/2021\/08\/61128466c4ae0_1004x565.jpg","contentUrl":"https:\/\/www.telam.com.ar\/advf\/imagenes\/2021\/08\/61128466c4ae0_1004x565.jpg"},{"@type":"BreadcrumbList","@id":"https:\/\/www.noticiasradioreflejos.com.ar\/2021\/el-gobierno-bonaerense-anuncio-que-comenzara-la-vacunacion-casa-por-casa\/#breadcrumb","itemListElement":[{"@type":"ListItem","position":1,"name":"Portada","item":"https:\/\/www.noticiasradioreflejos.com.ar\/2021\/"},{"@type":"ListItem","position":2,"name":"El gobierno bonaerense anunci\u00f3 que comenzar\u00e1 la vacunaci\u00f3n \u00abcasa por casa\u00bb"}]},{"@type":"WebSite","@id":"https:\/\/www.noticiasradioreflejos.com.ar\/2021\/#website","url":"https:\/\/www.noticiasradioreflejos.com.ar\/2021\/","name":"Noticias Radio Reflejos","description":"Las noticias de mi comarca","potentialAction":[{"@type":"SearchAction","target":{"@type":"EntryPoint","urlTemplate":"https:\/\/www.noticiasradioreflejos.com.ar\/2021\/?s={search_term_string}"},"query-input":{"@type":"PropertyValueSpecification","valueRequired":true,"valueName":"search_term_string"}}],"inLanguage":"es"},{"@type":"Person","@id":"https:\/\/www.noticiasradioreflejos.com.ar\/2021\/#\/schema\/person\/ad82545263dcc5ec0996818884fd5fb1","name":"Arnaldo Botto","image":{"@type":"ImageObject","inLanguage":"es","@id":"https:\/\/www.noticiasradioreflejos.com.ar\/2021\/#\/schema\/person\/image\/","url":"https:\/\/secure.gravatar.com\/avatar\/55cb5e37c1efa326397366e6974cb338056df65cb50e7d64d1cf314e87504837?s=96&d=mm&r=g","contentUrl":"https:\/\/secure.gravatar.com\/avatar\/55cb5e37c1efa326397366e6974cb338056df65cb50e7d64d1cf314e87504837?s=96&d=mm&r=g","caption":"Arnaldo Botto"},"url":"https:\/\/www.noticiasradioreflejos.com.ar\/2021\/author\/arnaldo\/"}]}},"_links":{"self":[{"href":"https:\/\/www.noticiasradioreflejos.com.ar\/2021\/wp-json\/wp\/v2\/posts\/61538","targetHints":{"allow":["GET"]}}],"collection":[{"href":"https:\/\/www.noticiasradioreflejos.com.ar\/2021\/wp-json\/wp\/v2\/posts"}],"about":[{"href":"https:\/\/www.noticiasradioreflejos.com.ar\/2021\/wp-json\/wp\/v2\/types\/post"}],"author":[{"embeddable":true,"href":"https:\/\/www.noticiasradioreflejos.com.ar\/2021\/wp-json\/wp\/v2\/users\/3"}],"replies":[{"embeddable":true,"href":"https:\/\/www.noticiasradioreflejos.com.ar\/2021\/wp-json\/wp\/v2\/comments?post=61538"}],"version-history":[{"count":1,"href":"https:\/\/www.noticiasradioreflejos.com.ar\/2021\/wp-json\/wp\/v2\/posts\/61538\/revisions"}],"predecessor-version":[{"id":61539,"href":"https:\/\/www.noticiasradioreflejos.com.ar\/2021\/wp-json\/wp\/v2\/posts\/61538\/revisions\/61539"}],"wp:attachment":[{"href":"https:\/\/www.noticiasradioreflejos.com.ar\/2021\/wp-json\/wp\/v2\/media?parent=61538"}],"wp:term":[{"taxonomy":"category","embeddable":true,"href":"https:\/\/www.noticiasradioreflejos.com.ar\/2021\/wp-json\/wp\/v2\/categories?post=61538"},{"taxonomy":"post_tag","embeddable":true,"href":"https:\/\/www.noticiasradioreflejos.com.ar\/2021\/wp-json\/wp\/v2\/tags?post=61538"}],"curies":[{"name":"wp","href":"https:\/\/api.w.org\/{rel}","templated":true}]}}